{"id":30869,"date":"2019-03-18T18:39:32","date_gmt":"2019-03-19T00:39:32","guid":{"rendered":"http:\/\/www.grieta.org.mx\/?p=30869"},"modified":"2019-03-18T18:40:05","modified_gmt":"2019-03-19T00:40:05","slug":"comunicadores-de-sinaloa-protestan-por-asesinato-del-periodista-santiago-barroso-alfaro","status":"publish","type":"post","link":"http:\/\/www.grieta.org.mx\/index.php\/2019\/03\/18\/comunicadores-de-sinaloa-protestan-por-asesinato-del-periodista-santiago-barroso-alfaro\/","title":{"rendered":"Comunicadores de Sinaloa protestan por asesinato del periodista Santiago Barroso Alfaro"},"content":{"rendered":"<p><img loading=\"lazy\" decoding=\"async\" data-attachment-id=\"30870\" data-permalink=\"http:\/\/www.grieta.org.mx\/index.php\/2019\/03\/18\/comunicadores-de-sinaloa-protestan-por-asesinato-del-periodista-santiago-barroso-alfaro\/periodistas-culichis\/\" data-orig-file=\"http:\/\/www.grieta.org.mx\/wp-content\/uploads\/2019\/03\/periodistas-culichis.jpg\" data-orig-size=\"651,400\" data-comments-opened=\"0\" data-image-meta=\"{&quot;aperture&quot;:&quot;0&quot;,&quot;credit&quot;:&quot;&quot;,&quot;camera&quot;:&quot;&quot;,&quot;caption&quot;:&quot;&quot;,&quot;created_timestamp&quot;:&quot;0&quot;,&quot;copyright&quot;:&quot;&quot;,&quot;focal_length&quot;:&quot;0&quot;,&quot;iso&quot;:&quot;0&quot;,&quot;shutter_speed&quot;:&quot;0&quot;,&quot;title&quot;:&quot;&quot;,&quot;orientation&quot;:&quot;0&quot;}\" data-image-title=\"periodistas culichis\" data-image-description=\"\" data-image-caption=\"\" data-medium-file=\"http:\/\/www.grieta.org.mx\/wp-content\/uploads\/2019\/03\/periodistas-culichis-300x184.jpg\" data-large-file=\"http:\/\/www.grieta.org.mx\/wp-content\/uploads\/2019\/03\/periodistas-culichis.jpg\" class=\"aligncenter size-medium wp-image-30870\" src=\"http:\/\/www.grieta.org.mx\/wp-content\/uploads\/2019\/03\/periodistas-culichis-300x184.jpg\" alt=\"\" width=\"400\" height=\"368\" \/><br \/>\nFOTO: Javier Cabrera\/EL UNIVERSAL<\/p>\n<blockquote><p>Durante la manifestaci\u00f3n recordaron los casos sin resolver de Javier Valdez C\u00e1rdenas, Humberto Mill\u00e1n Salazar, Rafael Mur\u00faa Manriquez y Jes\u00fas Ramos Rodr\u00edguez<\/p><\/blockquote>\n<p>Javier Cabrera Mart\u00ednez\/EL UNIVERSAL<br \/>\nCuliac\u00e1n.- Comunicadores de medios impresos, televisivos y electr\u00f3nicos protestaron en el exterior del atrio de catedral para que se esclarezca el reciente asesinato del periodista Santiago Barroso Alfaro de 47 a\u00f1os, quien fue atacado afuera de su hogar en San Luis R\u00edo Colorado, Sonora.<\/p>\n<p>Los trabajadores de los medios de comunicaci\u00f3n hicieron un recuento de los periodistas que han sido privados de la vida en forma violenta en los sexenios de Felipe Calder\u00f3n Hinojosa, Enrique Pe\u00f1a Nieto y en lo que va del gobierno de Andr\u00e9s Manuel L\u00f3pez Obrador.<\/p>\n<p>Con pancartas donde escribieron: \u201cNo al silencio\u201d, \u201cJusticia\u201d, \u201cAlto a la Impunidad\u201d los comunicadores de Sinaloa evocaron el caso de Javier Valdez C\u00e1rdenas, cofundador del semanario R\u00edo Doce y quien fue asesinado en mayo del 2017, cuyo caso a\u00fan no se esclarece.<\/p>\n<p>Tambi\u00e9n recordaron el asesinato del director del semanario A Discusi\u00f3n, Humberto Mill\u00e1n Salazar, registrado en 2011, entre otra larga lista de comunicadores que han sido silenciado por las balas, sin que sus casos hayan sido resueltos.<\/p>\n<p>El caso m\u00e1s reciente es el de Santiago Barroso Alfaro, quien era conductor del programa de radio \u201cSan Luis Hoy\u201d y con quien ya suman tres casos que se han presentado en distintos puntos del pa\u00eds.<\/p>\n<p>Durante la manifestaci\u00f3n se record\u00f3 que el primer periodista asesinado este a\u00f1o fue Rafael Mur\u00faa Manriquez, de 34 a\u00f1os de edad, en el estado de Baja California Sur. Al igual que la de Jes\u00fas Ramos Rodr\u00edguez, de 55 a\u00f1os de edad, periodista y locutor del programa de radio \u201cNuestra Regi\u00f3n Hoy\u201d.<\/p>\n<p><a href=\"https:\/\/www.eluniversal.com.mx\/estados\/comunicadores-de-sinaloa-protestan-por-asesinato-del-periodista-santiago-barroso-alfaro\" target=\"_blank\" rel=\"noopener noreferrer\">https:\/\/www.eluniversal.com.mx\/estados\/comunicadores-de-sinaloa-protestan-por-asesinato-del-periodista-santiago-barroso-alfaro<\/a><\/p>\n","protected":false},"excerpt":{"rendered":"<p>FOTO: Javier Cabrera\/EL UNIVERSAL Durante la manifestaci\u00f3n recordaron los casos sin resolver de Javier Valdez C\u00e1rdenas, Humberto Mill\u00e1n Salazar, Rafael Mur\u00faa Manriquez y Jes\u00fas Ramos Rodr\u00edguez Javier Cabrera Mart\u00ednez\/EL UNIVERSAL &hellip; <a href=\"http:\/\/www.grieta.org.mx\/index.php\/2019\/03\/18\/comunicadores-de-sinaloa-protestan-por-asesinato-del-periodista-santiago-barroso-alfaro\/\" class=\"more-link\">Leer m\u00e1s<\/a><\/p>\n","protected":false},"author":2,"featured_media":30870,"comment_status":"closed","ping_status":"closed","sticky":false,"template":"","format":"standard","meta":{"ngg_post_thumbnail":0,"_jetpack_newsletter_access":"","_jetpack_dont_email_post_to_subs":false,"_jetpack_newsletter_tier_id":0,"_jetpack_memberships_contains_paywalled_content":false,"_jetpack_memberships_contains_paid_content":false,"footnotes":""},"categories":[80,2,2326,30,31,83,88,2236],"tags":[1180,1310,120],"class_list":["post-30869","post","type-post","status-publish","format-standard","has-post-thumbnail","hentry","category-cintillo","category-noticias-nacionales","category-protestas-de-periodistas-en-sinaloa","category-sinaloa","category-sonora","category-temas-nacionales","category-violencia-contra-periodistas","category-violencia-contra-periodistas-en-sonora","tag-asesinato-de-periodistas","tag-protestas-contra-el-asesinato-de-periodistas","tag-violencia-contra-periodistas","entry"],"jetpack_featured_media_url":"http:\/\/www.grieta.org.mx\/wp-content\/uploads\/2019\/03\/periodistas-culichis.jpg","jetpack_sharing_enabled":true,"jetpack_shortlink":"https:\/\/wp.me\/p7ZJR4-81T","jetpack_likes_enabled":false,"jetpack-related-posts":[{"id":30856,"url":"http:\/\/www.grieta.org.mx\/index.php\/2019\/03\/17\/exigen-respuestas-prontas-sobre-asesinato-de-santiago-barroso-sonora\/","url_meta":{"origin":30869,"position":0},"title":"Exigen respuestas prontas sobre asesinato de Santiago Barroso (Sonora)","author":"grieta","date":"17 marzo, 2019","format":false,"excerpt":"OPINI\u00d3N SONORA.COM San Luis R\u00edo Colorado, Sonora.- \u201cLos periodistas de San Luis R\u00edo Colorado exigimos a las autoridades federales, estatales y municipales, una respuesta pronta por este hecho cobarde y reprobable a todas luces, un atentado a la libertad de expresi\u00f3n\u201d, expresaron ante el f\u00e9retro de su compa\u00f1ero Santiago Barroso\u2026","rel":"","context":"En &quot;NOTICIAS NACIONALES&quot;","block_context":{"text":"NOTICIAS NACIONALES","link":"http:\/\/www.grieta.org.mx\/index.php\/category\/noticias-nacionales\/"},"img":{"alt_text":"","src":"https:\/\/i0.wp.com\/www.grieta.org.mx\/wp-content\/uploads\/2019\/03\/Periodista-Barroso-asesinado.jpg?resize=350%2C200","width":350,"height":200,"srcset":"https:\/\/i0.wp.com\/www.grieta.org.mx\/wp-content\/uploads\/2019\/03\/Periodista-Barroso-asesinado.jpg?resize=350%2C200 1x, https:\/\/i0.wp.com\/www.grieta.org.mx\/wp-content\/uploads\/2019\/03\/Periodista-Barroso-asesinado.jpg?resize=525%2C300 1.5x, https:\/\/i0.wp.com\/www.grieta.org.mx\/wp-content\/uploads\/2019\/03\/Periodista-Barroso-asesinado.jpg?resize=700%2C400 2x"},"classes":[]},{"id":30866,"url":"http:\/\/www.grieta.org.mx\/index.php\/2019\/03\/18\/periodistas-exigen-a-autoridades-garantias-para-ejercer-su-trabajo-sonora\/","url_meta":{"origin":30869,"position":1},"title":"Periodistas exigen a autoridades garant\u00edas para ejercer su trabajo (Sonora)","author":"grieta","date":"18 marzo, 2019","format":false,"excerpt":"M\u00f3nica Miranda\/UNIRADIO NOTICIAS Hermosillo.- Colectivos de periodistas se manifestaron este lunes por fuera de Palacio de Gobierno y de las instalaciones de la Fiscal\u00eda General de la Rep\u00fablica para exigir justicia por el asesinato del periodista Santiago Barroso Alfaro. El homicidio de Barroso se convirti\u00f3 en el segundo que ocurre\u2026","rel":"","context":"En &quot;CINTILLO&quot;","block_context":{"text":"CINTILLO","link":"http:\/\/www.grieta.org.mx\/index.php\/category\/cintillo\/"},"img":{"alt_text":"","src":"https:\/\/i0.wp.com\/www.grieta.org.mx\/wp-content\/uploads\/2019\/03\/protesta-periodistas.jpg?resize=350%2C200","width":350,"height":200,"srcset":"https:\/\/i0.wp.com\/www.grieta.org.mx\/wp-content\/uploads\/2019\/03\/protesta-periodistas.jpg?resize=350%2C200 1x, https:\/\/i0.wp.com\/www.grieta.org.mx\/wp-content\/uploads\/2019\/03\/protesta-periodistas.jpg?resize=525%2C300 1.5x, https:\/\/i0.wp.com\/www.grieta.org.mx\/wp-content\/uploads\/2019\/03\/protesta-periodistas.jpg?resize=700%2C400 2x"},"classes":[]},{"id":33559,"url":"http:\/\/www.grieta.org.mx\/index.php\/2019\/05\/15\/periodistas-claman-justicia-para-javier-valdez-sinaloa\/","url_meta":{"origin":30869,"position":2},"title":"Periodistas claman justicia para Javier Valdez (Sinaloa)","author":"grieta","date":"15 mayo, 2019","format":false,"excerpt":"El d\u00eda de hoy se cumplieron dos a\u00f1os del cobarde asesinato del periodista Javier Valdez. Esmeralda Ivonne Ba\u00f1uelos Rodr\u00edguez \/ El Debate Guam\u00fachil,\u00a0Sinaloa.- A dos a\u00f1os del asesinato del periodista Javier Valdez, en la ciudad de Culiac\u00e1n, el club de periodistas de Guam\u00fachil se sum\u00f3 este 15 de mayo a\u2026","rel":"","context":"En &quot;CINTILLO&quot;","block_context":{"text":"CINTILLO","link":"http:\/\/www.grieta.org.mx\/index.php\/category\/cintillo\/"},"img":{"alt_text":"","src":"https:\/\/i0.wp.com\/www.grieta.org.mx\/wp-content\/uploads\/2019\/05\/img-20190515-wa0021.jpeg_749719311.jpeg?resize=350%2C200","width":350,"height":200,"srcset":"https:\/\/i0.wp.com\/www.grieta.org.mx\/wp-content\/uploads\/2019\/05\/img-20190515-wa0021.jpeg_749719311.jpeg?resize=350%2C200 1x, https:\/\/i0.wp.com\/www.grieta.org.mx\/wp-content\/uploads\/2019\/05\/img-20190515-wa0021.jpeg_749719311.jpeg?resize=525%2C300 1.5x, https:\/\/i0.wp.com\/www.grieta.org.mx\/wp-content\/uploads\/2019\/05\/img-20190515-wa0021.jpeg_749719311.jpeg?resize=700%2C400 2x"},"classes":[]},{"id":34429,"url":"http:\/\/www.grieta.org.mx\/index.php\/2019\/06\/07\/mensaje-a-la-feadle-en-sinaloa-los-periodistas-no-olvidamos-que-tenemos-una-cuenta-pendiente\/","url_meta":{"origin":30869,"position":3},"title":"Mensaje a la Feadle: \u201cEn Sinaloa, los periodistas no olvidamos que tenemos una cuenta pendiente\u201d","author":"grieta","date":"7 junio, 2019","format":false,"excerpt":"Redacci\u00f3n \/ Espejo \u201cEn Sinaloa, los periodistas no olvidamos que tenemos una cuenta pendiente\u201d, fue el mensaje\u00a0de la presidenta entrante de la Asociaci\u00f3n de Periodistas y Comunicadores 7 de Junio, Mar\u00eda de los \u00c1ngeles Moreno, hac\u00eda la\u00a0Fiscal\u00eda Especializada para la Atenci\u00f3n de Delitos Contra la Libertad de Expresi\u00f3n (Feadle) ante\u2026","rel":"","context":"En &quot;CINTILLO&quot;","block_context":{"text":"CINTILLO","link":"http:\/\/www.grieta.org.mx\/index.php\/category\/cintillo\/"},"img":{"alt_text":"","src":"https:\/\/i0.wp.com\/www.grieta.org.mx\/wp-content\/uploads\/2019\/06\/7-de-junio.jpg?resize=350%2C200","width":350,"height":200,"srcset":"https:\/\/i0.wp.com\/www.grieta.org.mx\/wp-content\/uploads\/2019\/06\/7-de-junio.jpg?resize=350%2C200 1x, https:\/\/i0.wp.com\/www.grieta.org.mx\/wp-content\/uploads\/2019\/06\/7-de-junio.jpg?resize=525%2C300 1.5x, https:\/\/i0.wp.com\/www.grieta.org.mx\/wp-content\/uploads\/2019\/06\/7-de-junio.jpg?resize=700%2C400 2x, https:\/\/i0.wp.com\/www.grieta.org.mx\/wp-content\/uploads\/2019\/06\/7-de-junio.jpg?resize=1050%2C600 3x"},"classes":[]},{"id":23176,"url":"http:\/\/www.grieta.org.mx\/index.php\/2018\/05\/15\/periodistas-del-edomex-exigen-justicia-a-un-ano-de-la-muerte-de-javier-valdez\/","url_meta":{"origin":30869,"position":4},"title":"Periodistas del Edomex exigen justicia a un a\u00f1o de la muerte de Javier Valdez","author":"grieta","date":"15 mayo, 2018","format":false,"excerpt":"Emilio Fern\u00e1ndez Reporteros de la zona oriente del Valle de M\u00e9xico acudieron a Teotihuac\u00e1n para exigir justicia por la muerte del periodista de La Jornada y por los cr\u00edmenes a otros comunicadores en los \u00faltimos meses Al cumplirse un a\u00f1o del asesinato del periodista Javier Valdez, ocurrido en Culiac\u00e1n, Sinaloa,\u2026","rel":"","context":"En &quot;CINTILLO&quot;","block_context":{"text":"CINTILLO","link":"http:\/\/www.grieta.org.mx\/index.php\/category\/cintillo\/"},"img":{"alt_text":"","src":"https:\/\/i0.wp.com\/www.grieta.org.mx\/wp-content\/uploads\/2018\/03\/14524434_1106112876131411_958039263622046936_o.jpg?resize=350%2C200","width":350,"height":200,"srcset":"https:\/\/i0.wp.com\/www.grieta.org.mx\/wp-content\/uploads\/2018\/03\/14524434_1106112876131411_958039263622046936_o.jpg?resize=350%2C200 1x, https:\/\/i0.wp.com\/www.grieta.org.mx\/wp-content\/uploads\/2018\/03\/14524434_1106112876131411_958039263622046936_o.jpg?resize=525%2C300 1.5x, https:\/\/i0.wp.com\/www.grieta.org.mx\/wp-content\/uploads\/2018\/03\/14524434_1106112876131411_958039263622046936_o.jpg?resize=700%2C400 2x"},"classes":[]},{"id":30760,"url":"http:\/\/www.grieta.org.mx\/index.php\/2019\/03\/16\/el-periodista-santiago-barroso-es-asesinado-a-tiros-en-su-domicilio-en-san-luis-rio-colorado-sonora\/","url_meta":{"origin":30869,"position":5},"title":"El periodista Santiago Barroso es asesinado a tiros en su domicilio en San Luis R\u00edo Colorado, Sonora","author":"grieta","date":"16 marzo, 2019","format":false,"excerpt":"Eduardo Villa Lugo\/Redacci\u00f3n SIN EMBARGO Seg\u00fan las primeras indagatorias, los desconocidos habr\u00edan llamado a la puerta del comunicador y dispararon contra la v\u00edctima, quien se desempe\u00f1aba como locutor del programa \u201cBuenos D\u00edas San Luis\u201d. Sonora\/Ciudad de M\u00e9xico, 16 de marzo (Zeta\/SinEmbargo).- Al menos tres impactos de proyectil de arma de\u2026","rel":"","context":"En &quot;CINTILLO&quot;","block_context":{"text":"CINTILLO","link":"http:\/\/www.grieta.org.mx\/index.php\/category\/cintillo\/"},"img":{"alt_text":"","src":"https:\/\/i0.wp.com\/www.grieta.org.mx\/wp-content\/uploads\/2019\/03\/santiago-periodista.jpg?resize=350%2C200","width":350,"height":200,"srcset":"https:\/\/i0.wp.com\/www.grieta.org.mx\/wp-content\/uploads\/2019\/03\/santiago-periodista.jpg?resize=350%2C200 1x, https:\/\/i0.wp.com\/www.grieta.org.mx\/wp-content\/uploads\/2019\/03\/santiago-periodista.jpg?resize=525%2C300 1.5x, https:\/\/i0.wp.com\/www.grieta.org.mx\/wp-content\/uploads\/2019\/03\/santiago-periodista.jpg?resize=700%2C400 2x, https:\/\/i0.wp.com\/www.grieta.org.mx\/wp-content\/uploads\/2019\/03\/santiago-periodista.jpg?resize=1050%2C600 3x"},"classes":[]}],"_links":{"self":[{"href":"http:\/\/www.grieta.org.mx\/index.php\/wp-json\/wp\/v2\/posts\/30869","targetHints":{"allow":["GET"]}}],"collection":[{"href":"http:\/\/www.grieta.org.mx\/index.php\/wp-json\/wp\/v2\/posts"}],"about":[{"href":"http:\/\/www.grieta.org.mx\/index.php\/wp-json\/wp\/v2\/types\/post"}],"author":[{"embeddable":true,"href":"http:\/\/www.grieta.org.mx\/index.php\/wp-json\/wp\/v2\/users\/2"}],"replies":[{"embeddable":true,"href":"http:\/\/www.grieta.org.mx\/index.php\/wp-json\/wp\/v2\/comments?post=30869"}],"version-history":[{"count":1,"href":"http:\/\/www.grieta.org.mx\/index.php\/wp-json\/wp\/v2\/posts\/30869\/revisions"}],"predecessor-version":[{"id":30871,"href":"http:\/\/www.grieta.org.mx\/index.php\/wp-json\/wp\/v2\/posts\/30869\/revisions\/30871"}],"wp:featuredmedia":[{"embeddable":true,"href":"http:\/\/www.grieta.org.mx\/index.php\/wp-json\/wp\/v2\/media\/30870"}],"wp:attachment":[{"href":"http:\/\/www.grieta.org.mx\/index.php\/wp-json\/wp\/v2\/media?parent=30869"}],"wp:term":[{"taxonomy":"category","embeddable":true,"href":"http:\/\/www.grieta.org.mx\/index.php\/wp-json\/wp\/v2\/categories?post=30869"},{"taxonomy":"post_tag","embeddable":true,"href":"http:\/\/www.grieta.org.mx\/index.php\/wp-json\/wp\/v2\/tags?post=30869"}],"curies":[{"name":"wp","href":"https:\/\/api.w.org\/{rel}","templated":true}]}}