{"id":30711,"date":"2019-03-13T19:28:24","date_gmt":"2019-03-14T01:28:24","guid":{"rendered":"http:\/\/www.grieta.org.mx\/?p=30711"},"modified":"2019-03-14T19:37:48","modified_gmt":"2019-03-15T01:37:48","slug":"en-el-gobierno-de-antonio-echevarria-garcia-aumentaron-las-agresiones-a-mujeres-nayarit","status":"publish","type":"post","link":"http:\/\/www.grieta.org.mx\/index.php\/2019\/03\/13\/en-el-gobierno-de-antonio-echevarria-garcia-aumentaron-las-agresiones-a-mujeres-nayarit\/","title":{"rendered":"En el gobierno de Antonio Echevarr\u00eda Garc\u00eda aumentaron las agresiones a mujeres (Nayarit)"},"content":{"rendered":"<p><img loading=\"lazy\" decoding=\"async\" data-attachment-id=\"30712\" data-permalink=\"http:\/\/www.grieta.org.mx\/index.php\/2019\/03\/13\/en-el-gobierno-de-antonio-echevarria-garcia-aumentaron-las-agresiones-a-mujeres-nayarit\/maxi\/\" data-orig-file=\"http:\/\/www.grieta.org.mx\/wp-content\/uploads\/2019\/03\/maxi.jpg\" data-orig-size=\"1280,720\" data-comments-opened=\"0\" data-image-meta=\"{&quot;aperture&quot;:&quot;0&quot;,&quot;credit&quot;:&quot;&quot;,&quot;camera&quot;:&quot;&quot;,&quot;caption&quot;:&quot;&quot;,&quot;created_timestamp&quot;:&quot;0&quot;,&quot;copyright&quot;:&quot;&quot;,&quot;focal_length&quot;:&quot;0&quot;,&quot;iso&quot;:&quot;0&quot;,&quot;shutter_speed&quot;:&quot;0&quot;,&quot;title&quot;:&quot;&quot;,&quot;orientation&quot;:&quot;0&quot;}\" data-image-title=\"maxi\" data-image-description=\"\" data-image-caption=\"\" data-medium-file=\"http:\/\/www.grieta.org.mx\/wp-content\/uploads\/2019\/03\/maxi-300x169.jpg\" data-large-file=\"http:\/\/www.grieta.org.mx\/wp-content\/uploads\/2019\/03\/maxi-1024x576.jpg\" class=\"aligncenter wp-image-30712\" src=\"http:\/\/www.grieta.org.mx\/wp-content\/uploads\/2019\/03\/maxi.jpg\" alt=\"\" width=\"763\" height=\"429\" srcset=\"http:\/\/www.grieta.org.mx\/wp-content\/uploads\/2019\/03\/maxi.jpg 1280w, http:\/\/www.grieta.org.mx\/wp-content\/uploads\/2019\/03\/maxi-300x169.jpg 300w, http:\/\/www.grieta.org.mx\/wp-content\/uploads\/2019\/03\/maxi-768x432.jpg 768w, http:\/\/www.grieta.org.mx\/wp-content\/uploads\/2019\/03\/maxi-1024x576.jpg 1024w, http:\/\/www.grieta.org.mx\/wp-content\/uploads\/2019\/03\/maxi-889x500.jpg 889w\" sizes=\"auto, (max-width: 763px) 100vw, 763px\" \/><\/p>\n<p><strong>Ver\u00f3nica Ram\u00edrez \/ Realidades de Nayarit<\/strong><\/p>\n<p>Tepic, Nayarit.- Mi\u00e9rcoles 13 de marzo del 2019.- P\u00e9simos resultados arrojan los trabajos de las \u00e1reas policiacas\u00a0 involucradas en el tema de prevenci\u00f3n contra la violencia intrafamiliar que padecen las mujeres de Nayarit. Las autoridades no pueden con el paquete tras dispararse los casos d\u00eda con d\u00eda.<\/p>\n<p>El pasado seis de febrero\u00a0 se dio a conocer que \u201cnunca en la historia\u201d se hab\u00eda presentado un \u00a0fin de semana tan violento hacia la mujer con 40 casos de agresiones intrafamiliares, esto informado durante las reuniones de Paz y Seguridad que llevan a cabo todas las corporaciones policiacas y dependencias involucradas en el tema.<\/p>\n<p>A poco m\u00e1s de un mes de esa fecha, la problem\u00e1tica en lugar de mejorar empeor\u00f3 pues este fin de semana se registraron 45 casos de mujeres violentadas por sus parejas.<\/p>\n<p>De poco o nada sirven las declaraciones,\u00a0 discursos pol\u00edticos, reuniones y mesas de trabajo\u00a0 para coordinar esfuerzos con el fin de disminuir las cifras entorno a este problema social.<\/p>\n<p>Las corporaciones casi se desgarran las vestiduras por la cifra tan elevada de un viernes negro a un domingo con iguales consecuencias. Se llam\u00f3 a todas las dependencias involucradas en el tema para asignarles una responsabilidad a cada una para que no vuelva a suceder pero, todo ha sido en vano.<\/p>\n<p>El presidente de la Comisi\u00f3n de Derechos Humanos en Nayarit, Maximino Mu\u00f1oz de la Cruz, lament\u00f3 que los esfuerzos no hayan dado frutos ante las nuevas cifras reportadas este fin de semana que acaba de concluir que asciende a 45 casos de violencia de este tipo.<\/p>\n<p>\u201cNos preocupa esta situaci\u00f3n porque lejos de ir disminuyendo \u00a0est\u00e1n aumentando las estad\u00edsticas y esto lo vemos porque los fines es donde m\u00e1s aumenta la violencia intrafamiliar\u201d.<\/p>\n<p>Dentro de mencionadas reuniones\u00a0 de Paz y Seguridad que se realizan todos los d\u00edas, y en la que participa la Fiscal\u00eda General del Estado, Seguridad P\u00fablica Estatal, Federal y Municipal, el Ej\u00e9rcito Mexicano, Secretar\u00eda de Desarrollo Social, y la CEDH, entre otras, se dio cuenta de la cifra r\u00e9cord de 45 casos de violencia intrafamiliar.<\/p>\n<p>El ombudsman Nayarita, reconoci\u00f3 adem\u00e1s que muchas mujeres se quejan de que los agentes del Ministerio P\u00fablico no les quieren recibir las denuncias o ahora con el nuevo sistema de justicia penal, los mismos elementos de la polic\u00eda tienen que recibir los testimonios, no los quieren hacer y hasta motivan a las mujeres a que \u201cconcilien\u201d porque luego van y retiran la denuncia y es trabajo \u201cperdido\u201d.<\/p>\n<p>\u201cNo tienen esa sensibilidad para que en el momento en que est\u00e1 la persona agredida o est\u00e1 sufriendo la violencia puedan ellos darles la atenci\u00f3n adecuada\u201d, subray\u00f3 Mu\u00f1oz de la Cruz.<\/p>\n<p>Derivado de esta situaci\u00f3n, se preparan dos recomendaciones entorno a este tema para poner l\u00edmites y marcar las actividades que ellos hacen y en las cuales se est\u00e1n violando los derechos humanos.<\/p>\n<p><a href=\"http:\/\/realidadesperiodico.com\/2019\/03\/14\/gobierno-de-tono-en-aumento-agresiones-a-mujeres\/\">http:\/\/realidadesperiodico.com\/2019\/03\/14\/gobierno-de-tono-en-aumento-agresiones-a-mujeres\/<\/a><\/p>\n","protected":false},"excerpt":{"rendered":"<p>Ver\u00f3nica Ram\u00edrez \/ Realidades de Nayarit Tepic, Nayarit.- Mi\u00e9rcoles 13 de marzo del 2019.- P\u00e9simos resultados arrojan los trabajos de las \u00e1reas policiacas\u00a0 involucradas en el tema de prevenci\u00f3n contra &hellip; <a href=\"http:\/\/www.grieta.org.mx\/index.php\/2019\/03\/13\/en-el-gobierno-de-antonio-echevarria-garcia-aumentaron-las-agresiones-a-mujeres-nayarit\/\" class=\"more-link\">Leer m\u00e1s<\/a><\/p>\n","protected":false},"author":2,"featured_media":21928,"comment_status":"closed","ping_status":"closed","sticky":false,"template":"","format":"standard","meta":{"ngg_post_thumbnail":0,"_jetpack_newsletter_access":"","_jetpack_dont_email_post_to_subs":false,"_jetpack_newsletter_tier_id":0,"_jetpack_memberships_contains_paywalled_content":false,"_jetpack_memberships_contains_paid_content":false,"footnotes":""},"categories":[80,23,2,2302],"tags":[],"class_list":["post-30711","post","type-post","status-publish","format-standard","has-post-thumbnail","hentry","category-cintillo","category-nayarit","category-noticias-nacionales","category-violencia-contra-las-mujeres-en-nayarit","entry"],"jetpack_featured_media_url":"http:\/\/www.grieta.org.mx\/wp-content\/uploads\/2018\/03\/14524434_1106112876131411_958039263622046936_o.jpg","jetpack_sharing_enabled":true,"jetpack_shortlink":"https:\/\/wp.me\/p7ZJR4-7Zl","jetpack_likes_enabled":false,"jetpack-related-posts":[{"id":49995,"url":"http:\/\/www.grieta.org.mx\/index.php\/2020\/05\/27\/a-inmunay-no-le-importan-agresiones-a-mujeres-nayarit\/","url_meta":{"origin":30711,"position":0},"title":"A INMUNAY no le importan agresiones a mujeres (Nayarit)","author":"grieta","date":"27 mayo, 2020","format":false,"excerpt":"Foto: Realidades de Nayarit A pesar de los dos feminicidios cometidos en menos de 24 horas, para la titular del INMUNAY es algo que no preocupa porque afirma que la violencia ha aumentado s\u00f3lo un poquito Ver\u00f3nica Ram\u00edrez \/ Realidades de Nayarit Tepic, Nayarit.- Mi\u00e9rcoles 27 de mayo del 2020.-\u2026","rel":"","context":"En &quot;CINTILLO&quot;","block_context":{"text":"CINTILLO","link":"http:\/\/www.grieta.org.mx\/index.php\/category\/cintillo\/"},"img":{"alt_text":"","src":"https:\/\/i0.wp.com\/www.grieta.org.mx\/wp-content\/uploads\/2020\/05\/lourdes-mercado.jpeg?resize=350%2C200","width":350,"height":200,"srcset":"https:\/\/i0.wp.com\/www.grieta.org.mx\/wp-content\/uploads\/2020\/05\/lourdes-mercado.jpeg?resize=350%2C200 1x, https:\/\/i0.wp.com\/www.grieta.org.mx\/wp-content\/uploads\/2020\/05\/lourdes-mercado.jpeg?resize=525%2C300 1.5x, https:\/\/i0.wp.com\/www.grieta.org.mx\/wp-content\/uploads\/2020\/05\/lourdes-mercado.jpeg?resize=700%2C400 2x, https:\/\/i0.wp.com\/www.grieta.org.mx\/wp-content\/uploads\/2020\/05\/lourdes-mercado.jpeg?resize=1050%2C600 3x"},"classes":[]},{"id":62695,"url":"http:\/\/www.grieta.org.mx\/index.php\/2021\/11\/17\/feministas-convocan-a-marcha-por-el-dia-internacional-de-la-eliminacion-de-la-violencia-contra-la-mujer-nayarit\/","url_meta":{"origin":30711,"position":1},"title":"Feministas convocan a marcha por el \u201cD\u00eda Internacional de la Eliminaci\u00f3n de la Violencia Contra la Mujer\u201d (Nayarit)","author":"grieta","date":"17 noviembre, 2021","format":false,"excerpt":"Foto: Realidades de Nayarit Mildra Ben\u00edtez Robledo \/ Realidades de Nayarit Tepic, Nayarit.- Mi\u00e9rcoles 17 de noviembre del 2021.- En el marco del \u201cD\u00eda Internacional de la Eliminaci\u00f3n de la Violencia Contra la Mujer\u201d, el 25 de noviembre, se llevar\u00e1 a cabo a las 16:30 horas una marcha en la\u2026","rel":"","context":"En &quot;CINTILLO&quot;","block_context":{"text":"CINTILLO","link":"http:\/\/www.grieta.org.mx\/index.php\/category\/cintillo\/"},"img":{"alt_text":"","src":"https:\/\/i0.wp.com\/www.grieta.org.mx\/wp-content\/uploads\/2021\/11\/violencia.jpg?resize=350%2C200","width":350,"height":200,"srcset":"https:\/\/i0.wp.com\/www.grieta.org.mx\/wp-content\/uploads\/2021\/11\/violencia.jpg?resize=350%2C200 1x, https:\/\/i0.wp.com\/www.grieta.org.mx\/wp-content\/uploads\/2021\/11\/violencia.jpg?resize=525%2C300 1.5x, https:\/\/i0.wp.com\/www.grieta.org.mx\/wp-content\/uploads\/2021\/11\/violencia.jpg?resize=700%2C400 2x"},"classes":[]},{"id":49975,"url":"http:\/\/www.grieta.org.mx\/index.php\/2020\/05\/24\/llenos-refugios-ante-alza-en-violencia-familiar-nayarit\/","url_meta":{"origin":30711,"position":2},"title":"Llenos refugios ante alza en violencia familiar (Nayarit)","author":"grieta","date":"24 mayo, 2020","format":false,"excerpt":"Foto: Realidades de Nayarit Los casos por violencia familiar se han incrementado en un 100 por ciento: INAPVI Mildra Ben\u00edtez Robledo \/ Realidades de Nayarit Tepic, Nayarit.- Domingo 24 de mayo del 2020.- Pese a que la pandemia debiera ser motivo de solidaridad y uni\u00f3n familiar, hay hogares en donde\u2026","rel":"","context":"En &quot;CINTILLO&quot;","block_context":{"text":"CINTILLO","link":"http:\/\/www.grieta.org.mx\/index.php\/category\/cintillo\/"},"img":{"alt_text":"","src":"https:\/\/i0.wp.com\/www.grieta.org.mx\/wp-content\/uploads\/2020\/05\/violencia.jpg?resize=350%2C200","width":350,"height":200,"srcset":"https:\/\/i0.wp.com\/www.grieta.org.mx\/wp-content\/uploads\/2020\/05\/violencia.jpg?resize=350%2C200 1x, https:\/\/i0.wp.com\/www.grieta.org.mx\/wp-content\/uploads\/2020\/05\/violencia.jpg?resize=525%2C300 1.5x, https:\/\/i0.wp.com\/www.grieta.org.mx\/wp-content\/uploads\/2020\/05\/violencia.jpg?resize=700%2C400 2x"},"classes":[]},{"id":11642,"url":"http:\/\/www.grieta.org.mx\/index.php\/2016\/04\/25\/movilizacion-contra-la-violencia-hacia-las-mujeres-en-nayarit\/","url_meta":{"origin":30711,"position":3},"title":"Movilizaci\u00f3n contra la violencia hacia las mujeres en Nayarit","author":"grieta","date":"25 abril, 2016","format":false,"excerpt":"25\/04\/16. \u00a1Vivas nos Queremos!, gritan mujeres ante la violencia machista Revista Perfiles 24\/04\/16. Pronunciamiento de la marcha \u00a1Vivas nos queremos! en Nayarit Mujeres en la mira","rel":"","context":"En &quot;Nayarit&quot;","block_context":{"text":"Nayarit","link":"http:\/\/www.grieta.org.mx\/index.php\/category\/noticias-nacionales\/nayarit\/"},"img":{"alt_text":"","src":"https:\/\/i0.wp.com\/www.grieta.org.mx\/wp-content\/uploads\/2018\/03\/14524434_1106112876131411_958039263622046936_o.jpg?resize=350%2C200","width":350,"height":200,"srcset":"https:\/\/i0.wp.com\/www.grieta.org.mx\/wp-content\/uploads\/2018\/03\/14524434_1106112876131411_958039263622046936_o.jpg?resize=350%2C200 1x, https:\/\/i0.wp.com\/www.grieta.org.mx\/wp-content\/uploads\/2018\/03\/14524434_1106112876131411_958039263622046936_o.jpg?resize=525%2C300 1.5x, https:\/\/i0.wp.com\/www.grieta.org.mx\/wp-content\/uploads\/2018\/03\/14524434_1106112876131411_958039263622046936_o.jpg?resize=700%2C400 2x"},"classes":[]},{"id":65817,"url":"http:\/\/www.grieta.org.mx\/index.php\/2022\/11\/24\/marcha-en-bahia-por-el-dia-de-erradicacion-de-violencia-contra-la-mujer-nayarit\/","url_meta":{"origin":30711,"position":4},"title":"Marcha en Bah\u00eda por el d\u00eda de Erradicaci\u00f3n de Violencia contra la Mujer (Nayarit)","author":"grieta","date":"24 noviembre, 2022","format":false,"excerpt":"Imagen: Tribuna de la Bah\u00eda Israel Torres \/ Tribuna de la Bah\u00eda Colectivos feministas y familiares de\u00a0mujeres desaparecidas\u00a0de\u00a0Bah\u00eda de Banderas, realizar\u00e1n este\u00a0viernes 25 de noviembre,\u00a0en punto de las 05:00 p.m, una\u00a0marcha conmemorativa al D\u00eda Internacional de la Eliminaci\u00f3n de la Violencia contra la Mujer, con el \u00e1nimo de visibilizar los\u2026","rel":"","context":"En &quot;CINTILLO&quot;","block_context":{"text":"CINTILLO","link":"http:\/\/www.grieta.org.mx\/index.php\/category\/cintillo\/"},"img":{"alt_text":"","src":"https:\/\/i0.wp.com\/www.grieta.org.mx\/wp-content\/uploads\/2022\/11\/marcha-bahia-violencia-cover.jpg?resize=350%2C200","width":350,"height":200,"srcset":"https:\/\/i0.wp.com\/www.grieta.org.mx\/wp-content\/uploads\/2022\/11\/marcha-bahia-violencia-cover.jpg?resize=350%2C200 1x, https:\/\/i0.wp.com\/www.grieta.org.mx\/wp-content\/uploads\/2022\/11\/marcha-bahia-violencia-cover.jpg?resize=525%2C300 1.5x, https:\/\/i0.wp.com\/www.grieta.org.mx\/wp-content\/uploads\/2022\/11\/marcha-bahia-violencia-cover.jpg?resize=700%2C400 2x"},"classes":[]},{"id":62797,"url":"http:\/\/www.grieta.org.mx\/index.php\/2021\/11\/25\/con-pintas-y-marcha-colectivos-se-manifiestan-en-el-dia-internacional-de-la-eliminacion-contra-la-violencia-nayarit\/","url_meta":{"origin":30711,"position":5},"title":"Con pintas y marcha colectivos se manifiestan en el \u201cD\u00eda Internacional de la Eliminaci\u00f3n Contra la Violencia\u201d (Nayarit)","author":"grieta","date":"25 noviembre, 2021","format":false,"excerpt":"Foto: El Sol de Nayarit marcha\u00a0 (Ilustrativa) Mildra Ben\u00edtez Robledo \/ Realidades de Nayarit Tepic, Nayarit.- En el marco del \u201cD\u00eda Internacional de la Eliminaci\u00f3n de la Violencia Contra la Mujer\u201d, tal y como lo hab\u00edan anunciado, diversos colectivos marcharon esta tarde de jueves en la capital nayarita desde la\u2026","rel":"","context":"En &quot;CINTILLO&quot;","block_context":{"text":"CINTILLO","link":"http:\/\/www.grieta.org.mx\/index.php\/category\/cintillo\/"},"img":{"alt_text":"","src":"https:\/\/i0.wp.com\/www.grieta.org.mx\/wp-content\/uploads\/2021\/12\/temp_nota_01_81372__20211125231900_117260482207_1623047564731640_8305806915757427746_n.jpg?resize=350%2C200","width":350,"height":200,"srcset":"https:\/\/i0.wp.com\/www.grieta.org.mx\/wp-content\/uploads\/2021\/12\/temp_nota_01_81372__20211125231900_117260482207_1623047564731640_8305806915757427746_n.jpg?resize=350%2C200 1x, https:\/\/i0.wp.com\/www.grieta.org.mx\/wp-content\/uploads\/2021\/12\/temp_nota_01_81372__20211125231900_117260482207_1623047564731640_8305806915757427746_n.jpg?resize=525%2C300 1.5x"},"classes":[]}],"_links":{"self":[{"href":"http:\/\/www.grieta.org.mx\/index.php\/wp-json\/wp\/v2\/posts\/30711","targetHints":{"allow":["GET"]}}],"collection":[{"href":"http:\/\/www.grieta.org.mx\/index.php\/wp-json\/wp\/v2\/posts"}],"about":[{"href":"http:\/\/www.grieta.org.mx\/index.php\/wp-json\/wp\/v2\/types\/post"}],"author":[{"embeddable":true,"href":"http:\/\/www.grieta.org.mx\/index.php\/wp-json\/wp\/v2\/users\/2"}],"replies":[{"embeddable":true,"href":"http:\/\/www.grieta.org.mx\/index.php\/wp-json\/wp\/v2\/comments?post=30711"}],"version-history":[{"count":1,"href":"http:\/\/www.grieta.org.mx\/index.php\/wp-json\/wp\/v2\/posts\/30711\/revisions"}],"predecessor-version":[{"id":30715,"href":"http:\/\/www.grieta.org.mx\/index.php\/wp-json\/wp\/v2\/posts\/30711\/revisions\/30715"}],"wp:featuredmedia":[{"embeddable":true,"href":"http:\/\/www.grieta.org.mx\/index.php\/wp-json\/wp\/v2\/media\/21928"}],"wp:attachment":[{"href":"http:\/\/www.grieta.org.mx\/index.php\/wp-json\/wp\/v2\/media?parent=30711"}],"wp:term":[{"taxonomy":"category","embeddable":true,"href":"http:\/\/www.grieta.org.mx\/index.php\/wp-json\/wp\/v2\/categories?post=30711"},{"taxonomy":"post_tag","embeddable":true,"href":"http:\/\/www.grieta.org.mx\/index.php\/wp-json\/wp\/v2\/tags?post=30711"}],"curies":[{"name":"wp","href":"https:\/\/api.w.org\/{rel}","templated":true}]}}