{"id":30644,"date":"2019-03-13T19:04:34","date_gmt":"2019-03-14T01:04:34","guid":{"rendered":"http:\/\/www.grieta.org.mx\/?p=30644"},"modified":"2019-03-13T19:04:34","modified_gmt":"2019-03-14T01:04:34","slug":"feminicidios-emergencia-nacional-por-crimen-organizado-lidera-edomex","status":"publish","type":"post","link":"http:\/\/www.grieta.org.mx\/index.php\/2019\/03\/13\/feminicidios-emergencia-nacional-por-crimen-organizado-lidera-edomex\/","title":{"rendered":"Feminicidios, emergencia nacional por crimen organizado; lidera Edomex"},"content":{"rendered":"<p><img loading=\"lazy\" decoding=\"async\" data-attachment-id=\"30646\" data-permalink=\"http:\/\/www.grieta.org.mx\/index.php\/2019\/03\/13\/feminicidios-emergencia-nacional-por-crimen-organizado-lidera-edomex\/femmex\/\" data-orig-file=\"http:\/\/www.grieta.org.mx\/wp-content\/uploads\/2019\/03\/femmex.jpg\" data-orig-size=\"1160,700\" data-comments-opened=\"0\" data-image-meta=\"{&quot;aperture&quot;:&quot;0&quot;,&quot;credit&quot;:&quot;&quot;,&quot;camera&quot;:&quot;&quot;,&quot;caption&quot;:&quot;&quot;,&quot;created_timestamp&quot;:&quot;0&quot;,&quot;copyright&quot;:&quot;&quot;,&quot;focal_length&quot;:&quot;0&quot;,&quot;iso&quot;:&quot;0&quot;,&quot;shutter_speed&quot;:&quot;0&quot;,&quot;title&quot;:&quot;&quot;,&quot;orientation&quot;:&quot;0&quot;}\" data-image-title=\"femmex\" data-image-description=\"\" data-image-caption=\"\" data-medium-file=\"http:\/\/www.grieta.org.mx\/wp-content\/uploads\/2019\/03\/femmex-300x181.jpg\" data-large-file=\"http:\/\/www.grieta.org.mx\/wp-content\/uploads\/2019\/03\/femmex-1024x618.jpg\" class=\"aligncenter wp-image-30646\" src=\"http:\/\/www.grieta.org.mx\/wp-content\/uploads\/2019\/03\/femmex-1024x618.jpg\" alt=\"\" width=\"764\" height=\"461\" srcset=\"http:\/\/www.grieta.org.mx\/wp-content\/uploads\/2019\/03\/femmex-1024x618.jpg 1024w, http:\/\/www.grieta.org.mx\/wp-content\/uploads\/2019\/03\/femmex-300x181.jpg 300w, http:\/\/www.grieta.org.mx\/wp-content\/uploads\/2019\/03\/femmex-768x463.jpg 768w, http:\/\/www.grieta.org.mx\/wp-content\/uploads\/2019\/03\/femmex-829x500.jpg 829w, http:\/\/www.grieta.org.mx\/wp-content\/uploads\/2019\/03\/femmex.jpg 1160w\" sizes=\"auto, (max-width: 764px) 100vw, 764px\" \/><\/p>\n<p><strong>Blanca Estela Santos \/ Quadrat\u00edn M\u00e9xico<\/strong><\/p>\n<p>CIUDAD DE M\u00c9XICO, 13 de marzo de 2019.- Luego de que en 2018 se tuviera el registro de tres mil 607 mujeres asesinadas, casi 10 diariamente, la investigadora y geof\u00edsica, Mar\u00eda Salguero present\u00f3 el Mapa de los Feminicidios en M\u00e9xico, trabajo que realiza desde 2016 y donde registra, de acuerdo a notas period\u00edsticas e informaci\u00f3n otorgada por las autoridades, los lugares con mayor incidencia en este delito.<\/p>\n<p>Al respecto, Salguero detall\u00f3 que de los tres mil 607 feminicidios que se registraron en 2018, la mayor incidencia la tuvo el Estado de M\u00e9xico con 400 casos; seguida por Guerrero con 362; Guanajuato, 326 mujeres asesinadas; Baja California, 304; Jalisco, 237; Chihuahua, 221; y Veracruz, 194.<\/p>\n<p>Sin embargo, sostuvo que otros estados del pa\u00eds que parecen estar inviables al momento de hablar de feminicidios, sin embargo, presentan una alta incidencia, como Colima con 22 asesinadas por cada 100 mil habitantes; Baja California, con 19 mujeres por cada 100 mil habitantes; Guerrero, con 15 mujeres por cada 100 mil habitantes; Chihuahua, con 13; Zacatecas, 11; y Quintana Roo, con 10.<\/p>\n<p>Afirm\u00f3 que de acuerdo a la Organizaci\u00f3n Mundial de la Salud (OMS), m\u00e1s de 10 personas asesinadas por cada 100 mil habitantes ya es considerada una epidemia de violencia.<\/p>\n<p>La violencia hacia las mujeres tiene diversos or\u00edgenes y motivos, desde la cotidiana, que persiste en los hogares, pasando por la violencia familiar, econ\u00f3mica, sicol\u00f3gica, f\u00edsica, en el \u00e1mbito privado y comunitario, hasta llegar a la expresi\u00f3n de violencia m\u00e1s extrema, el feminicidio.<\/p>\n<p>La incidencia del feminicidio que ocurr\u00eda generalmente a manos del esposo, novio o pareja sentimental, o que se daba en la calle y con violencia sexual, ha ido cambiando tr\u00e1gicamente con el entorno de inseguridad que vive el pa\u00eds, ahora tambi\u00e9n es provocada por el crimen organizado.<\/p>\n<p><strong>Feminicidios, otro blanco del crimen organizado <\/strong><\/p>\n<p>En la \u00faltima d\u00e9cada la violencia provocada por el crimen organizado se ha elevado gravemente en el pa\u00eds, y esta situaci\u00f3n ha provocado que ahora el nuevo blanco de los grupos criminales sean las mujeres.<\/p>\n<p>A este fen\u00f3meno, la creadora del mapa de feminicidio lo ha calificado como Feminicidio por pertenencia del enemigo, donde varios estados que viven esta problem\u00e1tica, han registrado un incremento importante en los asesinatos de mujeres.<\/p>\n<p>Al respecto, Mar\u00eda Salguero refiri\u00f3 que los estados donde se ha registrado un incremento en los feminicidios provocados por el crimen organizado, son Guanajuato, Colima, Guerrero, Baja California, Chihuahua, Zacatecas y Quintana Roo.<\/p>\n<p>Mientras que los grupos delictivos involucrados son los que\u00a0 pelean una plaza o matan por pertenecer al enemigo; entre estos se encuentran: los carteles Jalisco Nueva Generaci\u00f3n; el de Santa Rosa de Lima; el de Sinaloa; y el de Ju\u00e1rez, entre otros.<\/p>\n<p>\u201cUn patr\u00f3n nuevo que se est\u00e1 intensificando en este \u00faltimo a\u00f1o, es que las mujeres son asesinadas por pertenecer al enemigo, muchas son encontradas asesinadas al lado de su pareja sentimental, es un patr\u00f3n que Naciones Unidas ha venido detectando en Latinoam\u00e9rica en pa\u00edses como Colombia, a ra\u00edz de las guerrillas, y Centroam\u00e9rica, y se est\u00e1n intensificando en M\u00e9xico.<\/p>\n<p>Est\u00e1n incrementando los asesinatos de mujeres con armas de uso exclusivo del Ej\u00e9rcito, las encuentran maniatadas, amordazadas, muchas de ellas con mucha tortura\u201d, detall\u00f3 Selguero.<\/p>\n<p>Al respecto, destac\u00f3 el caso de Guanajuato que en el \u00faltimo a\u00f1o registr\u00f3 un aumento del 90 por ciento en los asesinatos de mujeres, y donde solo 13 fueron por violencia intrafamiliar, mientras que los dem\u00e1s se relacionan con el crimen organizado y las pugnas entre el C\u00e1rtel Jalisco Nueva Generaci\u00f3n y el C\u00e1rtel Santa Rosa de Lima, que tiene que ver con el robo de combustible o huachicoleo, problema que ha tomado mayor fuerza en los \u00faltimos meses.<\/p>\n<p>Sin embargo, esta entidad que en los \u00faltimos d\u00edas ha estado en la mira con el operativo de autoridades locales y federales en busca de desmembrar a este grupo delictivo controlador del huachicol en la zona, tambi\u00e9n se enfrenta a los c\u00e1rteles que est\u00e1n peleando la zona por el narcomenudeo y robo a transporte.<\/p>\n<p>Otro caso preocupante que detall\u00f3 la investigadora, es el de Tijuana, en Baja California, que concentran el 80 por ciento de los asesinato de mujeres en la entidad, y donde el 90 por ciento de estos casos tienen el sello el crimen organizado, ya que muchas de las v\u00edctimas son calcinadas o descuartizadas para evitar su identificaci\u00f3n.<\/p>\n<p>Y es que de acuerdo a las autoridades locales, las mujeres son utilizadas para vender cristal, y por cada paquete ganan un promedio de 20 pesos, sin embargo, esta zona es importante para los grupos delictivos pues es tener el control de la frontera, donde tienen el acceso al mercado m\u00e1s importante de drogas que es Estados Unidos.<\/p>\n<p>En tanto, refiri\u00f3 que en Guerrero varias de las mujeres asesinadas son comerciantes, lo que hace que el tema de feminicidio se relacione al\u00a0 cobro de derecho de piso, adem\u00e1s del tema del trasiego de droga donde se ha detectado, dijo, 20 grupos delictivos que est\u00e1n peleando el control del estado.<\/p>\n<p>El caso de Zacatecas, explic\u00f3 que ah\u00ed est\u00e1n aumentando los secuestros, el asalto a carreteras, adem\u00e1s de que resulta atractivo para el crimen organizado ya que esa entidad lleva a las fronteras de cinco estados del Golfo de M\u00e9xico y tambi\u00e9n al Pac\u00edfico.<\/p>\n<p>Otra entidad importante para los grupos delincuenciales es Quintana Roo, que por ser zona tur\u00edstica prolifera el narcomenudeo, adem\u00e1s, el aeropuerto que tiene conexi\u00f3n con Europa, es una importante v\u00eda para traficar con coca\u00edna y otras drogas, mientras tras que por su frontera en Chetumal entran mercanc\u00edas il\u00edcitas, principalmente fayuca, todos esos factores ha provocado un incremento delictivo.<\/p>\n<p>La especialista e investigadora, se\u00f1al\u00f3 que los feminicidios son asesinatos que deben investigarse con perspectiva de g\u00e9nero y no criminalizar a las v\u00edctimas; sostuvo que se tiene que conocer las situaciones de desigualdad que las llevan a involucrarse en el crimen organizado, ya que muchas veces son obligadas.<\/p>\n<p>\u201cHay que hacer un an\u00e1lisis del contexto del lugar, m\u00e1s un an\u00e1lisis del contexto individual de cada v\u00edctima, creo que con ello se podr\u00edan hacer pol\u00edticas p\u00fablicas efectivas para evitar que las mujeres caigan en estas redes de delincuencia organizada o que sean afectadas por \u00e9stas\u201d, asever\u00f3.<\/p>\n<p><a href=\"https:\/\/mexico.quadratin.com.mx\/feminicidios-emergencia-nacional-por-crimen-organizado-lidera-edomex\/\">https:\/\/mexico.quadratin.com.mx\/feminicidios-emergencia-nacional-por-crimen-organizado-lidera-edomex\/<\/a><\/p>\n","protected":false},"excerpt":{"rendered":"<p>Blanca Estela Santos \/ Quadrat\u00edn M\u00e9xico CIUDAD DE M\u00c9XICO, 13 de marzo de 2019.- Luego de que en 2018 se tuviera el registro de tres mil 607 mujeres asesinadas, casi &hellip; <a href=\"http:\/\/www.grieta.org.mx\/index.php\/2019\/03\/13\/feminicidios-emergencia-nacional-por-crimen-organizado-lidera-edomex\/\" class=\"more-link\">Leer m\u00e1s<\/a><\/p>\n","protected":false},"author":2,"featured_media":30646,"comment_status":"closed","ping_status":"closed","sticky":false,"template":"","format":"standard","meta":{"ngg_post_thumbnail":0,"_jetpack_newsletter_access":"","_jetpack_dont_email_post_to_subs":false,"_jetpack_newsletter_tier_id":0,"_jetpack_memberships_contains_paywalled_content":false,"_jetpack_memberships_contains_paid_content":false,"footnotes":""},"categories":[5,12,80,13,16,367,2206,1918,1016,1013,2106,1130,2107,1340,1902,1104,17,18,20,2,28,83,35,76],"tags":[],"class_list":["post-30644","post","type-post","status-publish","format-standard","has-post-thumbnail","hentry","category-baja-california","category-chihuahua","category-cintillo","category-colima","category-estado-de-mexico","category-feminicidios-analisis","category-feminicidios-en-baja-california","category-feminicidios-en-chihuahua","category-feminicidios-en-colima","category-feminicios-en-el-estado-de-mexico","category-feminicidios-en-guanajuato","category-feminicidios-en-guerrero","category-feminicidios-en-jalisco","category-feminicidios-en-quintana-roo","category-feminicidios-en-veracruz","category-feminicidios-en-zacatecas","category-guanajuato","category-guerrero","category-jalisco","category-noticias-nacionales","category-quintana-roo","category-temas-nacionales","category-veracruz","category-zacatecas","entry"],"jetpack_featured_media_url":"http:\/\/www.grieta.org.mx\/wp-content\/uploads\/2019\/03\/femmex.jpg","jetpack_sharing_enabled":true,"jetpack_shortlink":"https:\/\/wp.me\/p7ZJR4-7Yg","jetpack_likes_enabled":false,"jetpack-related-posts":[{"id":23476,"url":"http:\/\/www.grieta.org.mx\/index.php\/2018\/05\/29\/colima-ya-ocupa-el-primer-lugar-en-asesinatos-de-mujeres-alerta-el-snsp\/","url_meta":{"origin":30644,"position":0},"title":"Colima ya ocupa el primer lugar en asesinatos de mujeres, alerta el SNSP","author":"grieta","date":"29 mayo, 2018","format":false,"excerpt":"POR PEDRO ZAMORA BRISE\u00d1O COLIMA, Col. (apro).- En el primer tercio del a\u00f1o, esta entidad ocup\u00f3 el primer lugar nacional en asesinatos de mujeres, tanto en los catalogados como homicidios dolosos y los reconocidos como feminicidios, de acuerdo con las cifras del Secretariado Ejecutivo del Sistema Nacional de Seguridad P\u00fablica\u2026","rel":"","context":"En &quot;CINTILLO&quot;","block_context":{"text":"CINTILLO","link":"http:\/\/www.grieta.org.mx\/index.php\/category\/cintillo\/"},"img":{"alt_text":"","src":"https:\/\/i0.wp.com\/www.grieta.org.mx\/wp-content\/uploads\/2018\/06\/Cifras-Pedro-Zamora-702x432.jpg?resize=350%2C200","width":350,"height":200,"srcset":"https:\/\/i0.wp.com\/www.grieta.org.mx\/wp-content\/uploads\/2018\/06\/Cifras-Pedro-Zamora-702x432.jpg?resize=350%2C200 1x, https:\/\/i0.wp.com\/www.grieta.org.mx\/wp-content\/uploads\/2018\/06\/Cifras-Pedro-Zamora-702x432.jpg?resize=525%2C300 1.5x, https:\/\/i0.wp.com\/www.grieta.org.mx\/wp-content\/uploads\/2018\/06\/Cifras-Pedro-Zamora-702x432.jpg?resize=700%2C400 2x"},"classes":[]},{"id":47174,"url":"http:\/\/www.grieta.org.mx\/index.php\/2020\/03\/29\/continuan-al-alza-los-asesinatos-de-mujeres-en-colima\/","url_meta":{"origin":30644,"position":1},"title":"Contin\u00faan al alza los asesinatos de mujeres en Colima","author":"grieta","date":"29 marzo, 2020","format":false,"excerpt":"Foto: Diario Avanzada Redacci\u00f3n \/ Diario Avanzada Colima, M\u00e9xico, Avanzada (29\/03\/2020).- Con 18 asesinatos de mujeres tan s\u00f3lo en el primer bimestre de 2020, el estado de Colima se mantiene en el primer lugar nacional en la incidencia de este delito, con una tasa de 3.8 casos por cada cien\u2026","rel":"","context":"En &quot;CINTILLO&quot;","block_context":{"text":"CINTILLO","link":"http:\/\/www.grieta.org.mx\/index.php\/category\/cintillo\/"},"img":{"alt_text":"","src":"https:\/\/i0.wp.com\/www.grieta.org.mx\/wp-content\/uploads\/2020\/04\/Mujer.jpg?resize=350%2C200","width":350,"height":200,"srcset":"https:\/\/i0.wp.com\/www.grieta.org.mx\/wp-content\/uploads\/2020\/04\/Mujer.jpg?resize=350%2C200 1x, https:\/\/i0.wp.com\/www.grieta.org.mx\/wp-content\/uploads\/2020\/04\/Mujer.jpg?resize=525%2C300 1.5x, https:\/\/i0.wp.com\/www.grieta.org.mx\/wp-content\/uploads\/2020\/04\/Mujer.jpg?resize=700%2C400 2x"},"classes":[]},{"id":52644,"url":"http:\/\/www.grieta.org.mx\/index.php\/2020\/08\/11\/en-cinco-anos-y-medio-colima-ha-registrado-380-feminicidios\/","url_meta":{"origin":30644,"position":2},"title":"En cinco a\u00f1os y medio Colima ha registrado 380 feminicidios","author":"grieta","date":"11 agosto, 2020","format":false,"excerpt":"Imagen: Colima Noticias Alfredo Aquiles \/ Colima Noticias Colima, Col.-\u00a0\u00a0Seg\u00fan datos estad\u00edsticos del Secretariado Ejecutivo del Sistema Nacional de Seguridad P\u00fablica, del 2015 a junio del 2020, esto es 5 a\u00f1os y medio, en Colima se han registrado 380 asesinatos de mujeres, los cuales est\u00e1n clasificados como feminicidios. La dependencia\u2026","rel":"","context":"En &quot;CINTILLO&quot;","block_context":{"text":"CINTILLO","link":"http:\/\/www.grieta.org.mx\/index.php\/category\/cintillo\/"},"img":{"alt_text":"","src":"https:\/\/i0.wp.com\/www.grieta.org.mx\/wp-content\/uploads\/2020\/08\/feminicidio-1-696x432.jpeg?resize=350%2C200","width":350,"height":200,"srcset":"https:\/\/i0.wp.com\/www.grieta.org.mx\/wp-content\/uploads\/2020\/08\/feminicidio-1-696x432.jpeg?resize=350%2C200 1x, https:\/\/i0.wp.com\/www.grieta.org.mx\/wp-content\/uploads\/2020\/08\/feminicidio-1-696x432.jpeg?resize=525%2C300 1.5x"},"classes":[]},{"id":21906,"url":"http:\/\/www.grieta.org.mx\/index.php\/2018\/02\/26\/colima-y-guerrero-encabezaron-incidencia-de-homicidios-de-mujeres-en-enero-snsp\/","url_meta":{"origin":30644,"position":3},"title":"Colima y Guerrero encabezaron incidencia de homicidios de mujeres en enero: SNSP","author":"grieta","date":"26 febrero, 2018","format":false,"excerpt":"POR PEDRO ZAMORA BRISE\u00d1O COLIMA, Col. (apro).- Durante el pasado mes de enero, los estados de Colima y Guerrero encabezaron la incidencia de homicidios dolosos de mujeres en el pa\u00eds, de acuerdo con el documento \u201cInformaci\u00f3n delictiva y de emergencias con perspectiva de g\u00e9nero\u201d, dado a conocer por el Secretariado\u2026","rel":"","context":"En &quot;CINTILLO&quot;","block_context":{"text":"CINTILLO","link":"http:\/\/www.grieta.org.mx\/index.php\/category\/cintillo\/"},"img":{"alt_text":"","src":"https:\/\/i0.wp.com\/www.grieta.org.mx\/wp-content\/uploads\/2018\/03\/51a9ac4132ba093e3b-160630_ejecutado_jlc-C-702x468.jpg?resize=350%2C200","width":350,"height":200,"srcset":"https:\/\/i0.wp.com\/www.grieta.org.mx\/wp-content\/uploads\/2018\/03\/51a9ac4132ba093e3b-160630_ejecutado_jlc-C-702x468.jpg?resize=350%2C200 1x, https:\/\/i0.wp.com\/www.grieta.org.mx\/wp-content\/uploads\/2018\/03\/51a9ac4132ba093e3b-160630_ejecutado_jlc-C-702x468.jpg?resize=525%2C300 1.5x, https:\/\/i0.wp.com\/www.grieta.org.mx\/wp-content\/uploads\/2018\/03\/51a9ac4132ba093e3b-160630_ejecutado_jlc-C-702x468.jpg?resize=700%2C400 2x"},"classes":[]},{"id":28985,"url":"http:\/\/www.grieta.org.mx\/index.php\/2019\/02\/06\/de-manera-dramatica-aumentan-feminicidios-en-la-mitad-del-pais\/","url_meta":{"origin":30644,"position":4},"title":"De manera dram\u00e1tica, aumentan feminicidios en la mitad del pa\u00eds","author":"grieta","date":"6 febrero, 2019","format":false,"excerpt":"Lau Almaraz\/ CCNews Guanajuato, Jalisco y Quintana Roo son las entidades que m\u00e1s se ven afectadas por los feminicidios en cuanto a aumento de cifras se refiere. Gritan clamando justicia, exigiendo que se acabe la violencia de g\u00e9nero. Marchan porque ya no pueden m\u00e1s, porque no quieren que haya menos\u2026","rel":"","context":"En &quot;Campeche&quot;","block_context":{"text":"Campeche","link":"http:\/\/www.grieta.org.mx\/index.php\/category\/noticias-nacionales\/campeche\/"},"img":{"alt_text":"","src":"https:\/\/i0.wp.com\/www.grieta.org.mx\/wp-content\/uploads\/2019\/02\/aumentan-feminicidios-en-mexico-high.jpg?resize=350%2C200","width":350,"height":200,"srcset":"https:\/\/i0.wp.com\/www.grieta.org.mx\/wp-content\/uploads\/2019\/02\/aumentan-feminicidios-en-mexico-high.jpg?resize=350%2C200 1x, https:\/\/i0.wp.com\/www.grieta.org.mx\/wp-content\/uploads\/2019\/02\/aumentan-feminicidios-en-mexico-high.jpg?resize=525%2C300 1.5x, https:\/\/i0.wp.com\/www.grieta.org.mx\/wp-content\/uploads\/2019\/02\/aumentan-feminicidios-en-mexico-high.jpg?resize=700%2C400 2x"},"classes":[]},{"id":39522,"url":"http:\/\/www.grieta.org.mx\/index.php\/2019\/09\/21\/los-datos-a-agosto-2019-dicen-que-crece-violencia-feminicida-en-el-pais-y-mas-en-veracruz-edomex\/","url_meta":{"origin":30644,"position":5},"title":"Los datos a agosto 2019 dicen que crece violencia feminicida en el pa\u00eds y m\u00e1s en Veracruz, Edomex\u2026","author":"grieta","date":"21 septiembre, 2019","format":false,"excerpt":"Redacci\u00f3n \/ Sin Embargo De enero a agosto de 2019, las entidades en las que se registraron m\u00e1s feminicidios fueron Veracruz, el Estado de M\u00e9xico y Nuevo Le\u00f3n. Ciudad de M\u00e9xico, 21 de septiembre (SinEmbargo).\u2013 En los primeros ocho meses del 2019 se abrieron 638 carpetas de investigaci\u00f3n por el\u2026","rel":"","context":"En &quot;CINTILLO&quot;","block_context":{"text":"CINTILLO","link":"http:\/\/www.grieta.org.mx\/index.php\/category\/cintillo\/"},"img":{"alt_text":"","src":"https:\/\/i0.wp.com\/www.grieta.org.mx\/wp-content\/uploads\/2019\/09\/captura-de-pantalla-2019-09-21-a-las-17-49-22.png?resize=350%2C200","width":350,"height":200,"srcset":"https:\/\/i0.wp.com\/www.grieta.org.mx\/wp-content\/uploads\/2019\/09\/captura-de-pantalla-2019-09-21-a-las-17-49-22.png?resize=350%2C200 1x, https:\/\/i0.wp.com\/www.grieta.org.mx\/wp-content\/uploads\/2019\/09\/captura-de-pantalla-2019-09-21-a-las-17-49-22.png?resize=525%2C300 1.5x, https:\/\/i0.wp.com\/www.grieta.org.mx\/wp-content\/uploads\/2019\/09\/captura-de-pantalla-2019-09-21-a-las-17-49-22.png?resize=700%2C400 2x, https:\/\/i0.wp.com\/www.grieta.org.mx\/wp-content\/uploads\/2019\/09\/captura-de-pantalla-2019-09-21-a-las-17-49-22.png?resize=1050%2C600 3x"},"classes":[]}],"_links":{"self":[{"href":"http:\/\/www.grieta.org.mx\/index.php\/wp-json\/wp\/v2\/posts\/30644","targetHints":{"allow":["GET"]}}],"collection":[{"href":"http:\/\/www.grieta.org.mx\/index.php\/wp-json\/wp\/v2\/posts"}],"about":[{"href":"http:\/\/www.grieta.org.mx\/index.php\/wp-json\/wp\/v2\/types\/post"}],"author":[{"embeddable":true,"href":"http:\/\/www.grieta.org.mx\/index.php\/wp-json\/wp\/v2\/users\/2"}],"replies":[{"embeddable":true,"href":"http:\/\/www.grieta.org.mx\/index.php\/wp-json\/wp\/v2\/comments?post=30644"}],"version-history":[{"count":1,"href":"http:\/\/www.grieta.org.mx\/index.php\/wp-json\/wp\/v2\/posts\/30644\/revisions"}],"predecessor-version":[{"id":30648,"href":"http:\/\/www.grieta.org.mx\/index.php\/wp-json\/wp\/v2\/posts\/30644\/revisions\/30648"}],"wp:featuredmedia":[{"embeddable":true,"href":"http:\/\/www.grieta.org.mx\/index.php\/wp-json\/wp\/v2\/media\/30646"}],"wp:attachment":[{"href":"http:\/\/www.grieta.org.mx\/index.php\/wp-json\/wp\/v2\/media?parent=30644"}],"wp:term":[{"taxonomy":"category","embeddable":true,"href":"http:\/\/www.grieta.org.mx\/index.php\/wp-json\/wp\/v2\/categories?post=30644"},{"taxonomy":"post_tag","embeddable":true,"href":"http:\/\/www.grieta.org.mx\/index.php\/wp-json\/wp\/v2\/tags?post=30644"}],"curies":[{"name":"wp","href":"https:\/\/api.w.org\/{rel}","templated":true}]}}