{"id":30604,"date":"2019-03-04T13:14:39","date_gmt":"2019-03-04T19:14:39","guid":{"rendered":"http:\/\/www.grieta.org.mx\/?p=30604"},"modified":"2019-03-13T13:22:01","modified_gmt":"2019-03-13T19:22:01","slug":"pide-cuauhtemoc-blanco-a-congreso-de-morelos-aprobar-guardia-nacional","status":"publish","type":"post","link":"http:\/\/www.grieta.org.mx\/index.php\/2019\/03\/04\/pide-cuauhtemoc-blanco-a-congreso-de-morelos-aprobar-guardia-nacional\/","title":{"rendered":"Pide Cuauht\u00e9moc Blanco a Congreso de Morelos aprobar Guardia Nacional"},"content":{"rendered":"<figure id=\"attachment_30605\" aria-describedby=\"caption-attachment-30605\" style=\"width: 480px\" class=\"wp-caption aligncenter\"><img loading=\"lazy\" decoding=\"async\" data-attachment-id=\"30605\" data-permalink=\"http:\/\/www.grieta.org.mx\/index.php\/2019\/03\/04\/pide-cuauhtemoc-blanco-a-congreso-de-morelos-aprobar-guardia-nacional\/cuauhtemocblanco_1-focus-0-23-0-33-480-345\/\" data-orig-file=\"http:\/\/www.grieta.org.mx\/wp-content\/uploads\/2019\/03\/cuauhtemocblanco_1-focus-0.23-0.33-480-345.jpg\" data-orig-size=\"480,345\" data-comments-opened=\"0\" data-image-meta=\"{&quot;aperture&quot;:&quot;0&quot;,&quot;credit&quot;:&quot;&quot;,&quot;camera&quot;:&quot;&quot;,&quot;caption&quot;:&quot;&quot;,&quot;created_timestamp&quot;:&quot;0&quot;,&quot;copyright&quot;:&quot;&quot;,&quot;focal_length&quot;:&quot;0&quot;,&quot;iso&quot;:&quot;0&quot;,&quot;shutter_speed&quot;:&quot;0&quot;,&quot;title&quot;:&quot;&quot;,&quot;orientation&quot;:&quot;0&quot;}\" data-image-title=\"cuauhtemocblanco_1-focus-0.23-0.33-480-345\" data-image-description=\"\" data-image-caption=\"&lt;p&gt;Pidi\u00f3 al presidente env\u00edo de fuerzas federales para reforzar el combate al crimen en Morelos (Foto: Web)&lt;\/p&gt;\n\" data-medium-file=\"http:\/\/www.grieta.org.mx\/wp-content\/uploads\/2019\/03\/cuauhtemocblanco_1-focus-0.23-0.33-480-345-300x216.jpg\" data-large-file=\"http:\/\/www.grieta.org.mx\/wp-content\/uploads\/2019\/03\/cuauhtemocblanco_1-focus-0.23-0.33-480-345.jpg\" src=\"http:\/\/www.grieta.org.mx\/wp-content\/uploads\/2019\/03\/cuauhtemocblanco_1-focus-0.23-0.33-480-345.jpg\" alt=\"\" width=\"480\" height=\"345\" class=\"size-full wp-image-30605\" srcset=\"http:\/\/www.grieta.org.mx\/wp-content\/uploads\/2019\/03\/cuauhtemocblanco_1-focus-0.23-0.33-480-345.jpg 480w, http:\/\/www.grieta.org.mx\/wp-content\/uploads\/2019\/03\/cuauhtemocblanco_1-focus-0.23-0.33-480-345-300x216.jpg 300w\" sizes=\"auto, (max-width: 480px) 100vw, 480px\" \/><figcaption id=\"caption-attachment-30605\" class=\"wp-caption-text\">Pidi\u00f3 al presidente env\u00edo de fuerzas federales para reforzar el combate al crimen en Morelos (Foto: Web)<\/figcaption><\/figure>\n<p>H\u00e9ctor Gonz\u00e1lez \/ La silla Rota<\/p>\n<blockquote><p>\nEl Mandatario reconoci\u00f3 que en materia de seguridad es peor de lo que imaginaba, por lo que pidi\u00f3 aprobar la iniciativa de Guardia Nacional<\/p><\/blockquote>\n<p>Tras el incremento en los \u00edndices de violencia registrados en la entidad y tras los ataques registrados en bares de la capital del estado, el gobernador Cuauht\u00e9moc Blanco Bravo pidi\u00f3 al congreso local aprobar la operaci\u00f3n de la Guardia Nacional en Morelos.<\/p>\n<p>En conferencia de prensa, el Mandatario reconoci\u00f3 que la situaci\u00f3n en materia de seguridad p\u00fablica es peor de lo que imaginaba.<\/p>\n<p>&#8220;Se dej\u00f3 de combatir al crimen, se foment\u00f3 la complicidad y la impunidad. Los morelenses no merecemos seguir viviendo as\u00ed, haremos lo que tengamos que hacer&#8221;, expres\u00f3.<\/p>\n<p>Morelos, dijo, ha padecido inseguridad y violencia desde hace muchos a\u00f1os.<\/p>\n<p>&#8220;El abandono de las responsabilidades de gobierno, la corrupci\u00f3n y, hay que decirlo, la complicidad de las autoridades con el crimen han dado como resultado que nuestro Estado sea blanco del crimen.<\/p>\n<p>&#8220;Los \u00faltimos acontecimientos han lastimado profundamente la estabilidad de muchas familias, que de manera leg\u00edtima exigen resultados y justicia para las v\u00edctimas de la violencia. &#8220;La paz de los morelenses es uno de los principales objetivos de mi gobierno. No descansaremos hasta recuperar la tranquilidad en nuestras comunidades para que las mam\u00e1s est\u00e9n tranquilas cuando su familia sale al trabajo o a la escuela, para que los j\u00f3venes puedan hacer su vida y disfrutar de los lugares p\u00fablicos y de los espacios de recreaci\u00f3n, para que los trabajadores regresen a casa tranquilos&#8221;, expres\u00f3.<\/p>\n<p>El mandatario estatal pidi\u00f3 a los diputados del congreso local aprobar a la brevedad la iniciativa de la creaci\u00f3n de  la Guardia Nacional.<\/p>\n<p>&#8220;Quiero pedir de manera respetuosa  al Congreso de Morelos, en su autonom\u00eda y en el pleno ejercicio de la divisi\u00f3n de poderes, valore votar a favor la iniciativa que ha mandado el Congreso Federal para la aprobaci\u00f3n de la Guardia Nacional , y que \u00e9sta entre en operaci\u00f3n  lo antes posible en la entidad.<\/p>\n<p>&#8220;Tambi\u00e9n quiero pedir al presidente de la Rep\u00fablica, Andr\u00e9s L\u00f3pez Obrador, el env\u00edo de fuerzas federales para reforzar el combate al crimen y que de manera conjunta se trabaje  en la coordinaci\u00f3n de una mesa con la Comisi\u00f3n Estatal de Seguridad P\u00fablica para hacer que prevalezca el estado de derecho y la paz. No podemos permitir que los delincuentes cometan sus cr\u00edmenes y queden impunes, debemos enfrentar con decisi\u00f3n este problema&#8221;, expres\u00f3.<\/p>\n<p>Blanco pidi\u00f3 a la Fiscal\u00eda General de la Rep\u00fablica atraer la investigaci\u00f3n de los cr\u00edmenes de alto impacto y del orden Federal cometidos en territorio morelense, as\u00ed como ejecutar las \u00f3rdenes de aprehensi\u00f3n vigentes giradas en contra de los jefes de grupos delictivos que operan en Morelos.<\/p>\n<p>Finalmente el gobernador pidi\u00f3 a los morelenses denunciar a quienes cometan actos il\u00edcitos.<\/p>\n<p>y que en el uso de sus atribuciones ejecuten las ordenes de aprehensi\u00f3n que sin duda tienen de los principales delincuentes que se encuentran en este maravilloso estado. <\/p>\n<p>&#8220;Les pido que nos apoyen con la denuncia an\u00f3nima que se convertir\u00e1 en el arma de mayor poder con que podemos contar. Si t\u00fa sabes de alguien que est\u00e1 siendo extorsionado, denuncia; si t\u00fa sabes de alguien que est\u00e1 siendo amenazado, denuncia; si t\u00fa sabes de alguien a qui\u00e9n le est\u00e1n cobrando derecho de piso, denuncia; si t\u00fa sabes o conoces a alguien que tenga alg\u00fan v\u00ednculo delictivo, denuncia.<\/p>\n<p>&#8220;La cultura de la denuncia tiene que ser parte de la lucha diaria que debemos enfrentar todos contra la delincuencia. El trabajo conjunto de la ciudadan\u00eda, las fuerzas estatales con las federales permitir\u00e1 mostrar al crimen que vamos en serio, que Morelos no se va a dejar y que queremos recuperar la tranquilidad. Si en el pasado los criminales contaron con la complacencia de las autoridades, con nosotros tendr\u00e1n una respuesta contundente y eficaz, nadie por encima de la ley&#8221;, expres\u00f3.<\/p>\n<p><a href=\"https:\/\/lasillarota.com\/estados\/pide-cuauhtemoc-blanco-a-congreso-de-morelos-aprobar-guardia-nacional-morelos\/274078\">https:\/\/lasillarota.com\/estados\/pide-cuauhtemoc-blanco-a-congreso-de-morelos-aprobar-guardia-nacional-morelos\/274078<\/a><\/p>\n","protected":false},"excerpt":{"rendered":"<p>H\u00e9ctor Gonz\u00e1lez \/ La silla Rota El Mandatario reconoci\u00f3 que en materia de seguridad es peor de lo que imaginaba, por lo que pidi\u00f3 aprobar la iniciativa de Guardia Nacional &hellip; <a href=\"http:\/\/www.grieta.org.mx\/index.php\/2019\/03\/04\/pide-cuauhtemoc-blanco-a-congreso-de-morelos-aprobar-guardia-nacional\/\" class=\"more-link\">Leer m\u00e1s<\/a><\/p>\n","protected":false},"author":2,"featured_media":30605,"comment_status":"closed","ping_status":"closed","sticky":false,"template":"","format":"standard","meta":{"ngg_post_thumbnail":0,"_jetpack_newsletter_access":"","_jetpack_dont_email_post_to_subs":false,"_jetpack_newsletter_tier_id":0,"_jetpack_memberships_contains_paywalled_content":false,"_jetpack_memberships_contains_paid_content":false,"footnotes":""},"categories":[80,912,1901,22,2,83],"tags":[614],"class_list":["post-30604","post","type-post","status-publish","format-standard","has-post-thumbnail","hentry","category-cintillo","category-militarizacion","category-militarizacion-en-morelos","category-morelos","category-noticias-nacionales","category-temas-nacionales","tag-militarizacion","entry"],"jetpack_featured_media_url":"http:\/\/www.grieta.org.mx\/wp-content\/uploads\/2019\/03\/cuauhtemocblanco_1-focus-0.23-0.33-480-345.jpg","jetpack_sharing_enabled":true,"jetpack_shortlink":"https:\/\/wp.me\/p7ZJR4-7XC","jetpack_likes_enabled":false,"jetpack-related-posts":[{"id":31684,"url":"http:\/\/www.grieta.org.mx\/index.php\/2019\/03\/26\/establecera-guardia-nacional-27-bases-en-morelos\/","url_meta":{"origin":30604,"position":0},"title":"Establecer\u00e1 Guardia Nacional 27 bases en Morelos","author":"grieta","date":"26 marzo, 2019","format":false,"excerpt":"Guillermo Tapia \/ Diario de Morelos Cuautla, Morelos.- Se coordinar\u00e1 la Guardia Nacional con el Mando Coordinado en Morelos, ya que se establecer\u00e1n 27 bases de operaci\u00f3n en la entidad, se\u00f1al\u00f3 el secretario de Gobierno, Pablo Ojeda C\u00e1rdenas. La organizaci\u00f3n se dar\u00e1 luego de que entre en vigor la reforma\u2026","rel":"","context":"En &quot;CINTILLO&quot;","block_context":{"text":"CINTILLO","link":"http:\/\/www.grieta.org.mx\/index.php\/category\/cintillo\/"},"img":{"alt_text":"","src":"https:\/\/i0.wp.com\/www.grieta.org.mx\/wp-content\/uploads\/2019\/04\/27-bases-guardia-nacional-Morelos-260319.jpg?resize=350%2C200","width":350,"height":200,"srcset":"https:\/\/i0.wp.com\/www.grieta.org.mx\/wp-content\/uploads\/2019\/04\/27-bases-guardia-nacional-Morelos-260319.jpg?resize=350%2C200 1x, https:\/\/i0.wp.com\/www.grieta.org.mx\/wp-content\/uploads\/2019\/04\/27-bases-guardia-nacional-Morelos-260319.jpg?resize=525%2C300 1.5x, https:\/\/i0.wp.com\/www.grieta.org.mx\/wp-content\/uploads\/2019\/04\/27-bases-guardia-nacional-Morelos-260319.jpg?resize=700%2C400 2x"},"classes":[]},{"id":28515,"url":"http:\/\/www.grieta.org.mx\/index.php\/2019\/01\/08\/policias-de-transito-tambien-van-a-guardia-nacional-en-morelos\/","url_meta":{"origin":30604,"position":1},"title":"Polic\u00edas de Tr\u00e1nsito tambi\u00e9n van a Guardia Nacional en Morelos","author":"grieta","date":"8 enero, 2019","format":false,"excerpt":"H\u00e9ctor Gonz\u00e1lez \/ La silla rota CUERNAVACA, MORELOS.- La estrategia de seguridad aplicada en Morelos seguir\u00e1 la l\u00ednea establecida por el gobierno de Andr\u00e9s Manuel L\u00f3pez Obrador: Guardia Nacional y Polic\u00eda de Mando \u00danico, a la que adem\u00e1s se sumar\u00e1n los agentes de Tr\u00e1nsito y Vialidad, dijo Jos\u00e9 Manuel Sanz,\u2026","rel":"","context":"En &quot;CINTILLO&quot;","block_context":{"text":"CINTILLO","link":"http:\/\/www.grieta.org.mx\/index.php\/category\/cintillo\/"},"img":{"alt_text":"","src":"https:\/\/i0.wp.com\/www.grieta.org.mx\/wp-content\/uploads\/2019\/01\/mandounicomorelos-focus-0-0-480-345.jpg?resize=350%2C200","width":350,"height":200},"classes":[]},{"id":30607,"url":"http:\/\/www.grieta.org.mx\/index.php\/2019\/03\/07\/anuncian-arribo-de-fuerzas-federales-a-morelos\/","url_meta":{"origin":30604,"position":2},"title":"Anuncian arribo de fuerzas federales a Morelos","author":"grieta","date":"7 marzo, 2019","format":false,"excerpt":"H\u00e9ctor Ra\u00fal Gonz\u00e1lez \/ La silla rota Esta semana Blanco Bravo reconoci\u00f3 un incremento en la incidencia delictiva en la entidad que gobierna y solicit\u00f3 en consecuencia el apoyo del gobierno federal MORELOS (La Silla Rota).- El gobierno de Andr\u00e9s Manuel L\u00f3pez Obrador respondi\u00f3 a la solicitud del gobernador Cuauht\u00e9moc\u2026","rel":"","context":"En &quot;CINTILLO&quot;","block_context":{"text":"CINTILLO","link":"http:\/\/www.grieta.org.mx\/index.php\/category\/cintillo\/"},"img":{"alt_text":"","src":"https:\/\/i0.wp.com\/www.grieta.org.mx\/wp-content\/uploads\/2019\/03\/secretariogobiernomorelos-focus-min0.07-0.51-480-345.jpg?resize=350%2C200","width":350,"height":200},"classes":[]},{"id":27903,"url":"http:\/\/www.grieta.org.mx\/index.php\/2018\/12\/04\/blindan-morelos-con-900-soldados-y-30-policias-federales\/","url_meta":{"origin":30604,"position":3},"title":"Blindan Morelos con 900 soldados y 30 polic\u00edas federales","author":"grieta","date":"4 diciembre, 2018","format":false,"excerpt":"Redacci\u00f3n \/ Diario de Coahuila CUERNAVACA, Mor., diciembre 4 (EL UNIVERSAL).- Desde este fin de semana, 900 elementos del Ej\u00e9rcito y 30 de la Polic\u00eda Federal recorren la entidad en labores de seguridad y vigilancia en coordinaci\u00f3n con la Polic\u00eda de Mando \u00danico de Morelos. Los elementos de respaldo tienen\u2026","rel":"","context":"En &quot;Militarizaci\u00f3n&quot;","block_context":{"text":"Militarizaci\u00f3n","link":"http:\/\/www.grieta.org.mx\/index.php\/category\/temas-nacionales\/militarizacion\/"},"img":{"alt_text":"","src":"https:\/\/i0.wp.com\/www.grieta.org.mx\/wp-content\/uploads\/2018\/12\/f620x350-712051_743069_0.jpg?resize=350%2C200","width":350,"height":200,"srcset":"https:\/\/i0.wp.com\/www.grieta.org.mx\/wp-content\/uploads\/2018\/12\/f620x350-712051_743069_0.jpg?resize=350%2C200 1x, https:\/\/i0.wp.com\/www.grieta.org.mx\/wp-content\/uploads\/2018\/12\/f620x350-712051_743069_0.jpg?resize=525%2C300 1.5x"},"classes":[]},{"id":34161,"url":"http:\/\/www.grieta.org.mx\/index.php\/2019\/05\/29\/construiran-en-morelos-27-bases-de-operacion-para-la-guardia-nacional\/","url_meta":{"origin":30604,"position":4},"title":"Construir\u00e1n en Morelos 27 bases de operaci\u00f3n para la Guardia Nacional","author":"grieta","date":"29 mayo, 2019","format":false,"excerpt":"Jos\u00e9 Luis Brito \/ Proceso CUERNAVACA, Mor. (apro).- El secretario de Gobierno Pablo Ojeda C\u00e1rdenas inform\u00f3 que Morelos ser\u00e1 uno de los primeros estados en los que actuar\u00e1 la Guardia Nacional, y para ello se construir\u00e1n 27 bases de operaci\u00f3n y m\u00f3dulos de vigilancia. En entrevista, el funcionario asegur\u00f3 que\u2026","rel":"","context":"En &quot;CINTILLO&quot;","block_context":{"text":"CINTILLO","link":"http:\/\/www.grieta.org.mx\/index.php\/category\/cintillo\/"},"img":{"alt_text":"","src":"https:\/\/i0.wp.com\/www.grieta.org.mx\/wp-content\/uploads\/2019\/06\/01e4771ff2994be3fc-190502_militares_mpr2-1-1078x808.jpg?resize=350%2C200","width":350,"height":200,"srcset":"https:\/\/i0.wp.com\/www.grieta.org.mx\/wp-content\/uploads\/2019\/06\/01e4771ff2994be3fc-190502_militares_mpr2-1-1078x808.jpg?resize=350%2C200 1x, https:\/\/i0.wp.com\/www.grieta.org.mx\/wp-content\/uploads\/2019\/06\/01e4771ff2994be3fc-190502_militares_mpr2-1-1078x808.jpg?resize=525%2C300 1.5x, https:\/\/i0.wp.com\/www.grieta.org.mx\/wp-content\/uploads\/2019\/06\/01e4771ff2994be3fc-190502_militares_mpr2-1-1078x808.jpg?resize=700%2C400 2x, https:\/\/i0.wp.com\/www.grieta.org.mx\/wp-content\/uploads\/2019\/06\/01e4771ff2994be3fc-190502_militares_mpr2-1-1078x808.jpg?resize=1050%2C600 3x"},"classes":[]},{"id":29275,"url":"http:\/\/www.grieta.org.mx\/index.php\/2019\/02\/17\/mujeres-exigen-seguridad-al-gobierno-de-cuauhtemoc-blanco-morelos\/","url_meta":{"origin":30604,"position":5},"title":"Mujeres exigen seguridad al gobierno de Cuauht\u00e9moc Blanco, (Morelos)","author":"grieta","date":"17 febrero, 2019","format":false,"excerpt":"Jan Montes \/ Acustik Noticias Diversos contingentes en oposici\u00f3n a la violencia contra la mujer se han congregado alrededor de la rep\u00fablica, el d\u00eda de hoy Morelos, estado a cargo del gobernador Cuauht\u00e9moc Blanco Bravo, se manifest\u00f3 bajo el llamado colectivo \u2018Vivas Nos Queremos\u2019, a causa de la d\u00e9bil protecci\u00f3n\u2026","rel":"","context":"En &quot;CINTILLO&quot;","block_context":{"text":"CINTILLO","link":"http:\/\/www.grieta.org.mx\/index.php\/category\/cintillo\/"},"img":{"alt_text":"","src":"https:\/\/i0.wp.com\/www.grieta.org.mx\/wp-content\/uploads\/2019\/02\/contingente-mujeres-llegara-zocalo-cuernavaca_1_31_1164_724-750x430.jpeg?resize=350%2C200","width":350,"height":200,"srcset":"https:\/\/i0.wp.com\/www.grieta.org.mx\/wp-content\/uploads\/2019\/02\/contingente-mujeres-llegara-zocalo-cuernavaca_1_31_1164_724-750x430.jpeg?resize=350%2C200 1x, https:\/\/i0.wp.com\/www.grieta.org.mx\/wp-content\/uploads\/2019\/02\/contingente-mujeres-llegara-zocalo-cuernavaca_1_31_1164_724-750x430.jpeg?resize=525%2C300 1.5x, https:\/\/i0.wp.com\/www.grieta.org.mx\/wp-content\/uploads\/2019\/02\/contingente-mujeres-llegara-zocalo-cuernavaca_1_31_1164_724-750x430.jpeg?resize=700%2C400 2x"},"classes":[]}],"_links":{"self":[{"href":"http:\/\/www.grieta.org.mx\/index.php\/wp-json\/wp\/v2\/posts\/30604","targetHints":{"allow":["GET"]}}],"collection":[{"href":"http:\/\/www.grieta.org.mx\/index.php\/wp-json\/wp\/v2\/posts"}],"about":[{"href":"http:\/\/www.grieta.org.mx\/index.php\/wp-json\/wp\/v2\/types\/post"}],"author":[{"embeddable":true,"href":"http:\/\/www.grieta.org.mx\/index.php\/wp-json\/wp\/v2\/users\/2"}],"replies":[{"embeddable":true,"href":"http:\/\/www.grieta.org.mx\/index.php\/wp-json\/wp\/v2\/comments?post=30604"}],"version-history":[{"count":1,"href":"http:\/\/www.grieta.org.mx\/index.php\/wp-json\/wp\/v2\/posts\/30604\/revisions"}],"predecessor-version":[{"id":30606,"href":"http:\/\/www.grieta.org.mx\/index.php\/wp-json\/wp\/v2\/posts\/30604\/revisions\/30606"}],"wp:featuredmedia":[{"embeddable":true,"href":"http:\/\/www.grieta.org.mx\/index.php\/wp-json\/wp\/v2\/media\/30605"}],"wp:attachment":[{"href":"http:\/\/www.grieta.org.mx\/index.php\/wp-json\/wp\/v2\/media?parent=30604"}],"wp:term":[{"taxonomy":"category","embeddable":true,"href":"http:\/\/www.grieta.org.mx\/index.php\/wp-json\/wp\/v2\/categories?post=30604"},{"taxonomy":"post_tag","embeddable":true,"href":"http:\/\/www.grieta.org.mx\/index.php\/wp-json\/wp\/v2\/tags?post=30604"}],"curies":[{"name":"wp","href":"https:\/\/api.w.org\/{rel}","templated":true}]}}