{"id":30507,"date":"2019-03-11T12:37:47","date_gmt":"2019-03-11T18:37:47","guid":{"rendered":"http:\/\/www.grieta.org.mx\/?p=30507"},"modified":"2019-03-12T12:43:11","modified_gmt":"2019-03-12T18:43:11","slug":"garanticen-abasto-de-medicinas-o-renuncien-pide-doctor-a-silvano-y-a-titular-de-ssm-michoacan","status":"publish","type":"post","link":"http:\/\/www.grieta.org.mx\/index.php\/2019\/03\/11\/garanticen-abasto-de-medicinas-o-renuncien-pide-doctor-a-silvano-y-a-titular-de-ssm-michoacan\/","title":{"rendered":"Garanticen abasto de medicinas o renuncien, pide doctor a Silvano y a titular de SSM (Michoac\u00e1n)"},"content":{"rendered":"<p><img loading=\"lazy\" decoding=\"async\" data-attachment-id=\"30508\" data-permalink=\"http:\/\/www.grieta.org.mx\/index.php\/2019\/03\/11\/garanticen-abasto-de-medicinas-o-renuncien-pide-doctor-a-silvano-y-a-titular-de-ssm-michoacan\/17afc62f-ed30-43c1-a724-ba0fd295c473-960x500\/\" data-orig-file=\"http:\/\/www.grieta.org.mx\/wp-content\/uploads\/2019\/03\/17afc62f-ed30-43c1-a724-ba0fd295c473-960x500.jpg\" data-orig-size=\"960,500\" data-comments-opened=\"0\" data-image-meta=\"{&quot;aperture&quot;:&quot;0&quot;,&quot;credit&quot;:&quot;&quot;,&quot;camera&quot;:&quot;&quot;,&quot;caption&quot;:&quot;&quot;,&quot;created_timestamp&quot;:&quot;0&quot;,&quot;copyright&quot;:&quot;&quot;,&quot;focal_length&quot;:&quot;0&quot;,&quot;iso&quot;:&quot;0&quot;,&quot;shutter_speed&quot;:&quot;0&quot;,&quot;title&quot;:&quot;&quot;,&quot;orientation&quot;:&quot;0&quot;}\" data-image-title=\"17afc62f-ed30-43c1-a724-ba0fd295c473-960&amp;#215;500\" data-image-description=\"\" data-image-caption=\"\" data-medium-file=\"http:\/\/www.grieta.org.mx\/wp-content\/uploads\/2019\/03\/17afc62f-ed30-43c1-a724-ba0fd295c473-960x500-300x156.jpg\" data-large-file=\"http:\/\/www.grieta.org.mx\/wp-content\/uploads\/2019\/03\/17afc62f-ed30-43c1-a724-ba0fd295c473-960x500.jpg\" class=\"aligncenter size-full wp-image-30508\" src=\"http:\/\/www.grieta.org.mx\/wp-content\/uploads\/2019\/03\/17afc62f-ed30-43c1-a724-ba0fd295c473-960x500.jpg\" alt=\"\" width=\"960\" height=\"500\" srcset=\"http:\/\/www.grieta.org.mx\/wp-content\/uploads\/2019\/03\/17afc62f-ed30-43c1-a724-ba0fd295c473-960x500.jpg 960w, http:\/\/www.grieta.org.mx\/wp-content\/uploads\/2019\/03\/17afc62f-ed30-43c1-a724-ba0fd295c473-960x500-300x156.jpg 300w, http:\/\/www.grieta.org.mx\/wp-content\/uploads\/2019\/03\/17afc62f-ed30-43c1-a724-ba0fd295c473-960x500-768x400.jpg 768w\" sizes=\"auto, (max-width: 960px) 100vw, 960px\" \/><\/p>\n<p>Benjam\u00edn \u00c1lvarez \/ Contramuro, 11 de marzo de 2019<\/p>\n<p><strong>El m\u00e9dico se manifest\u00f3 en la plaza de Armas para exigir el abasto de medicamentos en el servicio de salud estatal<\/strong><\/p>\n<p>Morelia, Michoac\u00e1n. \u2013 El doctor Francisco del Toro Lugo se manifest\u00f3 en la plaza de Armas de Morelia con la exigencia al gobernador, Silvano Aureoles Conejo y la secretaria de Salud de Michoac\u00e1n (SSM), Diana Celia Carpio R\u00edos de que abastezcan de medicamentos el servicio de salud en el estado o en caso de incapacidad para lograrlo, que renuncien al cargo.<\/p>\n<p>Desde hace meses, el m\u00e9dico con 31 a\u00f1os de antig\u00fcedad al servicio en la SSM, ha denunciado constantemente el desabasto de medicamentos en los centros de salud del estado, as\u00ed como otras irregularidades.<\/p>\n<p>En esta ocasi\u00f3n, el galeno se coloc\u00f3 al centro de la avenida Madero, frente a Palacio de Gobierno, mostrando una pancarta en la que cuestion\u00f3 al gobernador y a la secretaria de salud atender el desabasto de medicamentos.<\/p>\n<p>La pancarta que port\u00f3 se\u00f1alaba textualmente, \u201cSr Goberndor Sra Secretaria de Salud En Michoac\u00e1n\u2026 No Hay Medicamentos! Atiendan! \u2026 o Renuncien! Dr Francisco del Toro Lugo\u201d, (Sic).<\/p>\n<p>Desde meses atr\u00e1s, el m\u00e9dico desminti\u00f3 las versiones del gobernador y la secretaria de Salud en torno al abastecimiento de medicamentos de alrededor de 85 o 90 por ciento.<\/p>\n<p>Ante ello, el doctor insisti\u00f3 en que, en caso de que el gobernador Silvano Aureoles y la secretaria de Salud no sean capaces de garantizar el abasto de medicamentos, deben renunciar al cargo.<\/p>\n<p><a href=\"https:\/\/www.contramuro.com\/garanticen-abasto-de-medicinas-o-renuncien-pide-doctor-a-silvano-y-a-titular-de-ssm\/\">https:\/\/www.contramuro.com\/garanticen-abasto-de-medicinas-o-renuncien-pide-doctor-a-silvano-y-a-titular-de-ssm\/<\/a><\/p>\n","protected":false},"excerpt":{"rendered":"<p>Benjam\u00edn \u00c1lvarez \/ Contramuro, 11 de marzo de 2019 El m\u00e9dico se manifest\u00f3 en la plaza de Armas para exigir el abasto de medicamentos en el servicio de salud estatal &hellip; <a href=\"http:\/\/www.grieta.org.mx\/index.php\/2019\/03\/11\/garanticen-abasto-de-medicinas-o-renuncien-pide-doctor-a-silvano-y-a-titular-de-ssm-michoacan\/\" class=\"more-link\">Leer m\u00e1s<\/a><\/p>\n","protected":false},"author":2,"featured_media":30508,"comment_status":"closed","ping_status":"closed","sticky":false,"template":"","format":"standard","meta":{"ngg_post_thumbnail":0,"_jetpack_newsletter_access":"","_jetpack_dont_email_post_to_subs":false,"_jetpack_newsletter_tier_id":0,"_jetpack_memberships_contains_paywalled_content":false,"_jetpack_memberships_contains_paid_content":false,"footnotes":""},"categories":[80,2278,21,82],"tags":[2279,1550],"class_list":{"0":"post-30507","1":"post","2":"type-post","3":"status-publish","4":"format-standard","5":"has-post-thumbnail","6":"hentry","7":"category-cintillo","8":"category-crisis-en-el-sistema-de-salud-de-michoacan","9":"category-michoacan","11":"tag-crisis-en-el-sistema-de-salud-de-michoacan","12":"tag-precariedad-presupuestal","13":"entry"},"jetpack_featured_media_url":"http:\/\/www.grieta.org.mx\/wp-content\/uploads\/2019\/03\/17afc62f-ed30-43c1-a724-ba0fd295c473-960x500.jpg","jetpack_sharing_enabled":true,"jetpack_shortlink":"https:\/\/wp.me\/p7ZJR4-7W3","jetpack_likes_enabled":false,"jetpack-related-posts":[{"id":51229,"url":"http:\/\/www.grieta.org.mx\/index.php\/2020\/06\/26\/freno-al-tren-maya-y-mayor-atencion-a-feminicidios-exigencias-para-amlo-en-morelia\/","url_meta":{"origin":30507,"position":0},"title":"Freno al Tren Maya y mayor atenci\u00f3n a feminicidios, exigencias para AMLO en Morelia","author":"grieta","date":"26 junio, 2020","format":false,"excerpt":"Cristian Ruiz \/ Monitor Expreso, 26 de junio de 2020 Morelia, Michoac\u00e1n.- Frenar el proyecto del Tren Maya, dar mayor atenci\u00f3n al tema de los feminicidios y apoyar a los micro y peque\u00f1os empresarios que tuvieron que cerrar su negocio por la contingencia sanitaria nacional por el coronavirus covid-19, fueron\u2026","rel":"","context":"En &quot;CINTILLO&quot;","block_context":{"text":"CINTILLO","link":"http:\/\/www.grieta.org.mx\/index.php\/category\/cintillo\/"},"img":{"alt_text":"","src":"https:\/\/i0.wp.com\/www.grieta.org.mx\/wp-content\/uploads\/2020\/06\/manifestantes-Zona.jpg?resize=350%2C200","width":350,"height":200,"srcset":"https:\/\/i0.wp.com\/www.grieta.org.mx\/wp-content\/uploads\/2020\/06\/manifestantes-Zona.jpg?resize=350%2C200 1x, https:\/\/i0.wp.com\/www.grieta.org.mx\/wp-content\/uploads\/2020\/06\/manifestantes-Zona.jpg?resize=525%2C300 1.5x, https:\/\/i0.wp.com\/www.grieta.org.mx\/wp-content\/uploads\/2020\/06\/manifestantes-Zona.jpg?resize=700%2C400 2x"},"classes":[]},{"id":64297,"url":"http:\/\/www.grieta.org.mx\/index.php\/2022\/05\/12\/enfermeras-en-michoacan-entre-la-precariedad-laboral-la-inestabilidad-y-la-falta-de-insumos-para-trabajar\/","url_meta":{"origin":30507,"position":1},"title":"Enfermeras en Michoac\u00e1n: entre la precariedad laboral, la inestabilidad y la falta de insumos para trabajar","author":"grieta","date":"12 mayo, 2022","format":false,"excerpt":"En el D\u00eda de la Enfermera, profesionales de esta \u00e1rea de la medicina marcharon en Morelia para externar sus demandas de mejores condiciones laborales Juan Bustos \/ La Voz de Michoac\u00e1n, 12 de mayo de 2022 Morelia, Michoac\u00e1n. Las condiciones de las enfermeras tras la pandemia de COVID-19 son iguales\u2026","rel":"","context":"En &quot;CINTILLO&quot;","block_context":{"text":"CINTILLO","link":"http:\/\/www.grieta.org.mx\/index.php\/category\/cintillo\/"},"img":{"alt_text":"","src":"https:\/\/i0.wp.com\/www.grieta.org.mx\/wp-content\/uploads\/2022\/05\/manifestacio%CC%81n-enfermeras-1.jpeg?resize=350%2C200","width":350,"height":200,"srcset":"https:\/\/i0.wp.com\/www.grieta.org.mx\/wp-content\/uploads\/2022\/05\/manifestacio%CC%81n-enfermeras-1.jpeg?resize=350%2C200 1x, https:\/\/i0.wp.com\/www.grieta.org.mx\/wp-content\/uploads\/2022\/05\/manifestacio%CC%81n-enfermeras-1.jpeg?resize=525%2C300 1.5x, https:\/\/i0.wp.com\/www.grieta.org.mx\/wp-content\/uploads\/2022\/05\/manifestacio%CC%81n-enfermeras-1.jpeg?resize=700%2C400 2x"},"classes":[]},{"id":46931,"url":"http:\/\/www.grieta.org.mx\/index.php\/2020\/03\/27\/pasantes-de-medicina-inician-paro-de-labores-en-michoacan\/","url_meta":{"origin":30507,"position":2},"title":"Pasantes de Medicina inician paro de labores en Michoac\u00e1n","author":"grieta","date":"27 marzo, 2020","format":false,"excerpt":"Acusan falta de equipo e insumos en centros de salud para enfrentar la pandemia Carlos Arrieta\/ El Universal, 27 de marzo de 2020 Morelia.\u2014 Cerca de 400 pasantes de Medicina del estado de Michoac\u00e1n iniciaron un paro indefinido de labores. Acusan que ante la pandemia, las autoridades no les han\u2026","rel":"","context":"En &quot;CINTILLO&quot;","block_context":{"text":"CINTILLO","link":"http:\/\/www.grieta.org.mx\/index.php\/category\/cintillo\/"},"img":{"alt_text":"","src":"https:\/\/i0.wp.com\/www.grieta.org.mx\/wp-content\/uploads\/2020\/03\/FotoPasantesMichoacan.jpg?resize=350%2C200","width":350,"height":200,"srcset":"https:\/\/i0.wp.com\/www.grieta.org.mx\/wp-content\/uploads\/2020\/03\/FotoPasantesMichoacan.jpg?resize=350%2C200 1x, https:\/\/i0.wp.com\/www.grieta.org.mx\/wp-content\/uploads\/2020\/03\/FotoPasantesMichoacan.jpg?resize=525%2C300 1.5x"},"classes":[]},{"id":31545,"url":"http:\/\/www.grieta.org.mx\/index.php\/2019\/03\/07\/sin-agua-operan-hospital-civil-y-hospital-infantil-en-morelia\/","url_meta":{"origin":30507,"position":3},"title":"Sin agua, operan Hospital Civil y Hospital Infantil en Morelia","author":"grieta","date":"7 marzo, 2019","format":false,"excerpt":"Revoluci\u00f3n 3.0, 7 de marzo de 2019 Morelia, Michoac\u00e1n.- El Hospital Civil y el Hospital Infantil, ambos de la ciudad de Morelia, reportan este jueves fallas en el servicio de agua potable, lo cual afect\u00f3 su operatividad cotidiana. Estos dos hospitales se encuentran en la zona centro de Morelia, una\u2026","rel":"","context":"En &quot;CINTILLO&quot;","block_context":{"text":"CINTILLO","link":"http:\/\/www.grieta.org.mx\/index.php\/category\/cintillo\/"},"img":{"alt_text":"","src":"https:\/\/i0.wp.com\/www.grieta.org.mx\/wp-content\/uploads\/2019\/04\/Hospital-Civil-8-1024x768.jpg?resize=350%2C200","width":350,"height":200,"srcset":"https:\/\/i0.wp.com\/www.grieta.org.mx\/wp-content\/uploads\/2019\/04\/Hospital-Civil-8-1024x768.jpg?resize=350%2C200 1x, https:\/\/i0.wp.com\/www.grieta.org.mx\/wp-content\/uploads\/2019\/04\/Hospital-Civil-8-1024x768.jpg?resize=525%2C300 1.5x, https:\/\/i0.wp.com\/www.grieta.org.mx\/wp-content\/uploads\/2019\/04\/Hospital-Civil-8-1024x768.jpg?resize=700%2C400 2x"},"classes":[]},{"id":50983,"url":"http:\/\/www.grieta.org.mx\/index.php\/2020\/06\/13\/a-punto-del-colapso-sistema-de-salud-en-michoacan\/","url_meta":{"origin":30507,"position":4},"title":"A punto del colapso, sistema de salud en Michoac\u00e1n","author":"grieta","date":"13 junio, 2020","format":false,"excerpt":"Morelia, Michoac\u00e1n \u2013 Juan Antonio Magall\u00e1n, Primera Plana noticias, 13 de junio de 2020 Al punto del colapso se encuentra el sistema de salud de Michoac\u00e1n por incremento de contagios de COVID-19; la gente sigue saliendo en las calles sin acatar medidas sanitarias. Los dos meses y medio de aislamiento\u2026","rel":"","context":"En &quot;CINTILLO&quot;","block_context":{"text":"CINTILLO","link":"http:\/\/www.grieta.org.mx\/index.php\/category\/cintillo\/"},"img":{"alt_text":"","src":"https:\/\/i0.wp.com\/www.grieta.org.mx\/wp-content\/uploads\/2020\/06\/MoreliaMedicos.jpg?resize=350%2C200","width":350,"height":200,"srcset":"https:\/\/i0.wp.com\/www.grieta.org.mx\/wp-content\/uploads\/2020\/06\/MoreliaMedicos.jpg?resize=350%2C200 1x, https:\/\/i0.wp.com\/www.grieta.org.mx\/wp-content\/uploads\/2020\/06\/MoreliaMedicos.jpg?resize=525%2C300 1.5x, https:\/\/i0.wp.com\/www.grieta.org.mx\/wp-content\/uploads\/2020\/06\/MoreliaMedicos.jpg?resize=700%2C400 2x"},"classes":[]},{"id":8974,"url":"http:\/\/www.grieta.org.mx\/index.php\/2015\/10\/26\/sindicalizados-del-sector-salud-se-manifiestan-en-morelia-y-en-michoacan\/","url_meta":{"origin":30507,"position":5},"title":"Sindicalizados del sector salud se manifiestan en Morelia y en Michoac\u00e1n","author":"Admin","date":"26 octubre, 2015","format":false,"excerpt":"Morelia, Mich., a 26 de octubre de 2015.- Trabajadores adscritos al Sindicato de Trabajadores Descentralizados de Servicios de Salud de Michoac\u00e1n (SDTSSM) \u201cL\u00e1zaro C\u00e1rdenas\u201d, realizan una manifestaci\u00f3n este lunes en la ciudad de Morelia y en diferentes puntos del estado, para exigir que sean cumplidos diversos acuerdos. Por una parte,\u2026","rel":"","context":"En &quot;CINTILLO&quot;","block_context":{"text":"CINTILLO","link":"http:\/\/www.grieta.org.mx\/index.php\/category\/cintillo\/"},"img":{"alt_text":"","src":"https:\/\/i0.wp.com\/www.grieta.org.mx\/wp-content\/uploads\/2018\/03\/14524434_1106112876131411_958039263622046936_o.jpg?resize=350%2C200","width":350,"height":200,"srcset":"https:\/\/i0.wp.com\/www.grieta.org.mx\/wp-content\/uploads\/2018\/03\/14524434_1106112876131411_958039263622046936_o.jpg?resize=350%2C200 1x, https:\/\/i0.wp.com\/www.grieta.org.mx\/wp-content\/uploads\/2018\/03\/14524434_1106112876131411_958039263622046936_o.jpg?resize=525%2C300 1.5x, https:\/\/i0.wp.com\/www.grieta.org.mx\/wp-content\/uploads\/2018\/03\/14524434_1106112876131411_958039263622046936_o.jpg?resize=700%2C400 2x"},"classes":[]}],"_links":{"self":[{"href":"http:\/\/www.grieta.org.mx\/index.php\/wp-json\/wp\/v2\/posts\/30507","targetHints":{"allow":["GET"]}}],"collection":[{"href":"http:\/\/www.grieta.org.mx\/index.php\/wp-json\/wp\/v2\/posts"}],"about":[{"href":"http:\/\/www.grieta.org.mx\/index.php\/wp-json\/wp\/v2\/types\/post"}],"author":[{"embeddable":true,"href":"http:\/\/www.grieta.org.mx\/index.php\/wp-json\/wp\/v2\/users\/2"}],"replies":[{"embeddable":true,"href":"http:\/\/www.grieta.org.mx\/index.php\/wp-json\/wp\/v2\/comments?post=30507"}],"version-history":[{"count":1,"href":"http:\/\/www.grieta.org.mx\/index.php\/wp-json\/wp\/v2\/posts\/30507\/revisions"}],"predecessor-version":[{"id":30509,"href":"http:\/\/www.grieta.org.mx\/index.php\/wp-json\/wp\/v2\/posts\/30507\/revisions\/30509"}],"wp:featuredmedia":[{"embeddable":true,"href":"http:\/\/www.grieta.org.mx\/index.php\/wp-json\/wp\/v2\/media\/30508"}],"wp:attachment":[{"href":"http:\/\/www.grieta.org.mx\/index.php\/wp-json\/wp\/v2\/media?parent=30507"}],"wp:term":[{"taxonomy":"category","embeddable":true,"href":"http:\/\/www.grieta.org.mx\/index.php\/wp-json\/wp\/v2\/categories?post=30507"},{"taxonomy":"post_tag","embeddable":true,"href":"http:\/\/www.grieta.org.mx\/index.php\/wp-json\/wp\/v2\/tags?post=30507"}],"curies":[{"name":"wp","href":"https:\/\/api.w.org\/{rel}","templated":true}]}}