{"id":30351,"date":"2019-03-09T14:45:47","date_gmt":"2019-03-09T20:45:47","guid":{"rendered":"http:\/\/www.grieta.org.mx\/?p=30351"},"modified":"2019-03-09T14:45:47","modified_gmt":"2019-03-09T20:45:47","slug":"ex-empleados-de-prospera-se-manifiestan-en-evento-de-lopez-obrador-jalisco","status":"publish","type":"post","link":"http:\/\/www.grieta.org.mx\/index.php\/2019\/03\/09\/ex-empleados-de-prospera-se-manifiestan-en-evento-de-lopez-obrador-jalisco\/","title":{"rendered":"Ex empleados de Prospera se manifiestan en evento de L\u00f3pez Obrador (Jalisco)"},"content":{"rendered":"<p><img loading=\"lazy\" decoding=\"async\" data-attachment-id=\"30352\" data-permalink=\"http:\/\/www.grieta.org.mx\/index.php\/2019\/03\/09\/ex-empleados-de-prospera-se-manifiestan-en-evento-de-lopez-obrador-jalisco\/whatsapp_image_2019-03-09_at_10_42_47_amj_crop1552150169071-jpeg_1970638775\/\" data-orig-file=\"http:\/\/www.grieta.org.mx\/wp-content\/uploads\/2019\/03\/whatsapp_image_2019-03-09_at_10_42_47_amj_crop1552150169071.jpeg_1970638775.jpeg\" data-orig-size=\"770,485\" data-comments-opened=\"0\" data-image-meta=\"{&quot;aperture&quot;:&quot;0&quot;,&quot;credit&quot;:&quot;&quot;,&quot;camera&quot;:&quot;&quot;,&quot;caption&quot;:&quot;&quot;,&quot;created_timestamp&quot;:&quot;0&quot;,&quot;copyright&quot;:&quot;&quot;,&quot;focal_length&quot;:&quot;0&quot;,&quot;iso&quot;:&quot;0&quot;,&quot;shutter_speed&quot;:&quot;0&quot;,&quot;title&quot;:&quot;&quot;,&quot;orientation&quot;:&quot;0&quot;}\" data-image-title=\"whatsapp_image_2019-03-09_at_10_42_47_amj_crop1552150169071.jpeg_1970638775\" data-image-description=\"\" data-image-caption=\"\" data-medium-file=\"http:\/\/www.grieta.org.mx\/wp-content\/uploads\/2019\/03\/whatsapp_image_2019-03-09_at_10_42_47_amj_crop1552150169071.jpeg_1970638775-300x189.jpeg\" data-large-file=\"http:\/\/www.grieta.org.mx\/wp-content\/uploads\/2019\/03\/whatsapp_image_2019-03-09_at_10_42_47_amj_crop1552150169071.jpeg_1970638775.jpeg\" class=\"aligncenter wp-image-30352\" src=\"http:\/\/www.grieta.org.mx\/wp-content\/uploads\/2019\/03\/whatsapp_image_2019-03-09_at_10_42_47_amj_crop1552150169071.jpeg_1970638775-300x189.jpeg\" alt=\"\" width=\"770\" height=\"485\" srcset=\"http:\/\/www.grieta.org.mx\/wp-content\/uploads\/2019\/03\/whatsapp_image_2019-03-09_at_10_42_47_amj_crop1552150169071.jpeg_1970638775-300x189.jpeg 300w, http:\/\/www.grieta.org.mx\/wp-content\/uploads\/2019\/03\/whatsapp_image_2019-03-09_at_10_42_47_amj_crop1552150169071.jpeg_1970638775-768x484.jpeg 768w, http:\/\/www.grieta.org.mx\/wp-content\/uploads\/2019\/03\/whatsapp_image_2019-03-09_at_10_42_47_amj_crop1552150169071.jpeg_1970638775.jpeg 770w\" sizes=\"auto, (max-width: 770px) 100vw, 770px\" \/><\/p>\n<p><em>Protestan en Encarnaci\u00f3n de D\u00edaz por el despido de 246 personas por la desaparici\u00f3n del programa de salud para pasar el recurso a educaci\u00f3n<\/em><\/p>\n<p><strong>Y. Mora \/ El Informador<\/strong><\/p>\n<p>Durante el evento del Presidente Andr\u00e9s Manuel L\u00f3pez Obrador en el municipio de Encarnaci\u00f3n de D\u00edaz, desempleados del programa Prospera en Jalisco se manifiestan por el despido de 246 personas desde el 28 de febrero, cuando eliminaron el programa de salud para pasar el recurso a educaci\u00f3n que ahora se llama Becas Benito Ju\u00e1rez.<\/p>\n<p>&#8221;Exigimos la reinstalaci\u00f3n del personal a nivel nacional&#8221;, dijo Israel Hern\u00e1ndez, m\u00e9dico del programa.<\/p>\n<p>Adem\u00e1s, advirtieron que en el evento de las 16:00 horas se manifestar\u00e1n otros tantos.<\/p>\n<p>Los manifestantes asisten de municipios como San Juan de los Lagos, Uni\u00f3n de San Antonio, Teocaltiche, Lagos de Moreno, Guadalajara, Villa Hidalgo, entre otros.<\/p>\n<p>El Gobierno Federal prometi\u00f3 recontratarlos en el Instituto Mexicano del Seguro Social (IMSS), sin embargo, seg\u00fan dijeron &#8221;Son puras palabras&#8221;.<\/p>\n<p>&#8221;Vamos por un M\u00e9xico de Justicia: Grupo de Salud Prospera&#8221; se les en las pancartas. Mientras &#8221;trabajo s\u00ed, desempleo no&#8221; se escucha antes de la llegada de AMLO.<\/p>\n<p>Por decisi\u00f3n del Gobierno Federal, el programa Prospera lleg\u00f3 a su fin el pasado 31 de diciembre, seg\u00fan una misiva enviada a la Secretar\u00eda de Salud por parte de la Federaci\u00f3n; esto se debe a que se ha decidido desaparecer el programa y crear las becas Benito Ju\u00e1rez, no obstante, en este nuevo proyecto no est\u00e1 incluido el componente salud. Por ello, los Servicios de Salud Jalisco (SSJ) despidieron a 246 empleados que trabajaban dentro de dicho programa en la Entidad.<\/p>\n<p>Consuelo Robles Sierra, directora general de los SSJ, detall\u00f3 que entre los despedidos se encuentran m\u00e9dicos, enfermeras, nutricionistas y personal tanto de promoci\u00f3n como administrativo.<\/p>\n<p><a href=\"https:\/\/www.informador.mx\/jalisco\/Ex-empleados-de-Prospera-se-manifiestan-en-evento-de-Lopez-Obrador-20190309-0043.html\">https:\/\/www.informador.mx\/jalisco\/Ex-empleados-de-Prospera-se-manifiestan-en-evento-de-Lopez-Obrador-20190309-0043.html<\/a><\/p>\n","protected":false},"excerpt":{"rendered":"<p>Protestan en Encarnaci\u00f3n de D\u00edaz por el despido de 246 personas por la desaparici\u00f3n del programa de salud para pasar el recurso a educaci\u00f3n Y. Mora \/ El Informador Durante &hellip; <a href=\"http:\/\/www.grieta.org.mx\/index.php\/2019\/03\/09\/ex-empleados-de-prospera-se-manifiestan-en-evento-de-lopez-obrador-jalisco\/\" class=\"more-link\">Leer m\u00e1s<\/a><\/p>\n","protected":false},"author":2,"featured_media":21928,"comment_status":"closed","ping_status":"closed","sticky":false,"template":"","format":"standard","meta":{"ngg_post_thumbnail":0,"_jetpack_newsletter_access":"","_jetpack_dont_email_post_to_subs":false,"_jetpack_newsletter_tier_id":0,"_jetpack_memberships_contains_paywalled_content":false,"_jetpack_memberships_contains_paid_content":false,"footnotes":""},"categories":[80,1722,910,20,2,83],"tags":[],"class_list":["post-30351","post","type-post","status-publish","format-standard","has-post-thumbnail","hentry","category-cintillo","category-conflictos-laborales-de-trabajadores-del-estado-en-jalisco","category-explotacion-y-precariedad-laboral","category-jalisco","category-noticias-nacionales","category-temas-nacionales","entry"],"jetpack_featured_media_url":"http:\/\/www.grieta.org.mx\/wp-content\/uploads\/2018\/03\/14524434_1106112876131411_958039263622046936_o.jpg","jetpack_sharing_enabled":true,"jetpack_shortlink":"https:\/\/wp.me\/p7ZJR4-7Tx","jetpack_likes_enabled":false,"jetpack-related-posts":[{"id":59151,"url":"http:\/\/www.grieta.org.mx\/index.php\/2021\/04\/27\/trabajadores-de-hospitales-covid-19-se-manifiestan-en-casa-jalisco-por-despido\/","url_meta":{"origin":30351,"position":0},"title":"Trabajadores de hospitales covid-19 se manifiestan en Casa Jalisco por despido","author":"grieta","date":"27 abril, 2021","format":false,"excerpt":"Foto: Medios Roc\u00edo Fonseca \/ UDGTV Esta no es la primera vez que la secretar\u00eda de Salud prescinde de trabajadores que sacaron adelante las \u00e1reas covid-19 en el sector P\u00fablico. El 25 de noviembre una veintena de\u00a0trabajadores del Hospital \u00c1ngel Lea\u00f1o fueron dados de baja del servicio a pesar de\u2026","rel":"","context":"En &quot;CINTILLO&quot;","block_context":{"text":"CINTILLO","link":"http:\/\/www.grieta.org.mx\/index.php\/category\/cintillo\/"},"img":{"alt_text":"","src":"https:\/\/i0.wp.com\/www.grieta.org.mx\/wp-content\/uploads\/2021\/05\/Casa-Jalisco-medios.jpg?resize=350%2C200","width":350,"height":200,"srcset":"https:\/\/i0.wp.com\/www.grieta.org.mx\/wp-content\/uploads\/2021\/05\/Casa-Jalisco-medios.jpg?resize=350%2C200 1x, https:\/\/i0.wp.com\/www.grieta.org.mx\/wp-content\/uploads\/2021\/05\/Casa-Jalisco-medios.jpg?resize=525%2C300 1.5x, https:\/\/i0.wp.com\/www.grieta.org.mx\/wp-content\/uploads\/2021\/05\/Casa-Jalisco-medios.jpg?resize=700%2C400 2x"},"classes":[]},{"id":34359,"url":"http:\/\/www.grieta.org.mx\/index.php\/2019\/05\/28\/trabajadores-del-issste-se-manifiestan-ante-despido-de-personal-de-turissste-jalisco\/","url_meta":{"origin":30351,"position":1},"title":"Trabajadores del ISSSTE se manifiestan ante despido de personal de TURISSSTE (Jalisco)","author":"grieta","date":"28 mayo, 2019","format":false,"excerpt":"El secretario General de SITISSSTE, Enrique Vera Sioria, denunci\u00f3 que a nivel nacional se est\u00e1n llevando a cabo los despidos iniciando con la agencia tur\u00edstica Isaura L\u00f3pez \/\u00a0 El Occidental Ante despidos del personal de Turismo del Instituto de Seguridad y Servicios Sociales de los Trabajadores del Estado (TURISSSTE) a\u2026","rel":"","context":"En &quot;CINTILLO&quot;","block_context":{"text":"CINTILLO","link":"http:\/\/www.grieta.org.mx\/index.php\/category\/cintillo\/"},"img":{"alt_text":"","src":"https:\/\/i0.wp.com\/www.grieta.org.mx\/wp-content\/uploads\/2018\/03\/14524434_1106112876131411_958039263622046936_o.jpg?resize=350%2C200","width":350,"height":200,"srcset":"https:\/\/i0.wp.com\/www.grieta.org.mx\/wp-content\/uploads\/2018\/03\/14524434_1106112876131411_958039263622046936_o.jpg?resize=350%2C200 1x, https:\/\/i0.wp.com\/www.grieta.org.mx\/wp-content\/uploads\/2018\/03\/14524434_1106112876131411_958039263622046936_o.jpg?resize=525%2C300 1.5x, https:\/\/i0.wp.com\/www.grieta.org.mx\/wp-content\/uploads\/2018\/03\/14524434_1106112876131411_958039263622046936_o.jpg?resize=700%2C400 2x"},"classes":[]},{"id":54712,"url":"http:\/\/www.grieta.org.mx\/index.php\/2020\/08\/17\/inicia-caravana-de-familiares-de-desaparecidos-de-aguascalientes-en-puerto-vallarta\/","url_meta":{"origin":30351,"position":2},"title":"Inicia caravana de familiares de desaparecidos de Aguascalientes en Puerto Vallarta","author":"grieta","date":"17 agosto, 2020","format":false,"excerpt":"Alejandro Romo\/Newsweek Aguascalientes 17 agosto 2020 Este lunes comenz\u00f3 la caravana de b\u00fasqueda organizada por el Colectivo Buscando Personas, Verdad y Justicia y el Observatorio de Violencia Social y de G\u00e9nero (OVSG) y familiares de personas desaparecidas de Aguascalientes en municipios de Jalisco. La caravana inici\u00f3 en Puerto Vallarta, Jalisco,\u2026","rel":"","context":"En &quot;Aguascalientes&quot;","block_context":{"text":"Aguascalientes","link":"http:\/\/www.grieta.org.mx\/index.php\/category\/noticias-nacionales\/aguascalientes\/"},"img":{"alt_text":"","src":"https:\/\/i0.wp.com\/www.grieta.org.mx\/wp-content\/uploads\/2020\/11\/WhatsApp-Image-2020-08-17-at-1.48.32-PM.jpeg?resize=350%2C200","width":350,"height":200,"srcset":"https:\/\/i0.wp.com\/www.grieta.org.mx\/wp-content\/uploads\/2020\/11\/WhatsApp-Image-2020-08-17-at-1.48.32-PM.jpeg?resize=350%2C200 1x, https:\/\/i0.wp.com\/www.grieta.org.mx\/wp-content\/uploads\/2020\/11\/WhatsApp-Image-2020-08-17-at-1.48.32-PM.jpeg?resize=525%2C300 1.5x"},"classes":[]},{"id":57703,"url":"http:\/\/www.grieta.org.mx\/index.php\/2021\/03\/10\/trabajadores-del-imss-se-manifiestan-y-piden-vacunas-jalisco\/","url_meta":{"origin":30351,"position":3},"title":"Trabajadores del IMSS se manifiestan y piden vacunas (Jalisco)","author":"grieta","date":"10 marzo, 2021","format":false,"excerpt":"Foto: Cortes\u00eda V\u00edctor Ch\u00e1vez \/ El Occidental Al grito de \u201cqueremos vacunas, queremos vacunas\u201d, personal m\u00e9dico de la cl\u00ednica 53 del IMSS situada por avenidas Juan Pablo II, Centro, 45100 Zapopan, Jalisco, se manifest\u00f3 la ma\u00f1ana de este mi\u00e9rcoles. Ellos siguen arriesg\u00e1ndose, dicen, y solo ven pasar las vacunas para\u2026","rel":"","context":"En &quot;CINTILLO&quot;","block_context":{"text":"CINTILLO","link":"http:\/\/www.grieta.org.mx\/index.php\/category\/cintillo\/"},"img":{"alt_text":"","src":"https:\/\/i0.wp.com\/www.grieta.org.mx\/wp-content\/uploads\/2021\/03\/Personal-me%CC%81dico1.jpg?resize=350%2C200","width":350,"height":200,"srcset":"https:\/\/i0.wp.com\/www.grieta.org.mx\/wp-content\/uploads\/2021\/03\/Personal-me%CC%81dico1.jpg?resize=350%2C200 1x, https:\/\/i0.wp.com\/www.grieta.org.mx\/wp-content\/uploads\/2021\/03\/Personal-me%CC%81dico1.jpg?resize=525%2C300 1.5x, https:\/\/i0.wp.com\/www.grieta.org.mx\/wp-content\/uploads\/2021\/03\/Personal-me%CC%81dico1.jpg?resize=700%2C400 2x"},"classes":[]},{"id":32562,"url":"http:\/\/www.grieta.org.mx\/index.php\/2019\/04\/26\/se-manifiestan-afuera-de-casa-jalisco-luego-del-asesinato-de-vannesa\/","url_meta":{"origin":30351,"position":4},"title":"Se manifiestan afuera de Casa Jalisco, luego del asesinato de Vannesa","author":"grieta","date":"26 abril, 2019","format":false,"excerpt":"Redacci\u00f3n \/ El Occidental Se manfiestan en los alrededores de Casa Jalisco esta tarde, luego del lamentable hecho de ayer, en donde una mujer fue atacada por su marido, primero atropell\u00e1ndola y despu\u00e9s dej\u00e1ndole una lesi\u00f3n con la que perdi\u00f3 la vida. Vanessa Gait\u00e1n lleg\u00f3 en un taxi ejecutivo a\u2026","rel":"","context":"En &quot;CINTILLO&quot;","block_context":{"text":"CINTILLO","link":"http:\/\/www.grieta.org.mx\/index.php\/category\/cintillo\/"},"img":{"alt_text":"","src":"https:\/\/i0.wp.com\/www.grieta.org.mx\/wp-content\/uploads\/2019\/04\/Casa-Jalisco_Francisco_D%C3%ADa2.jpg?resize=350%2C200","width":350,"height":200,"srcset":"https:\/\/i0.wp.com\/www.grieta.org.mx\/wp-content\/uploads\/2019\/04\/Casa-Jalisco_Francisco_D%C3%ADa2.jpg?resize=350%2C200 1x, https:\/\/i0.wp.com\/www.grieta.org.mx\/wp-content\/uploads\/2019\/04\/Casa-Jalisco_Francisco_D%C3%ADa2.jpg?resize=525%2C300 1.5x, https:\/\/i0.wp.com\/www.grieta.org.mx\/wp-content\/uploads\/2019\/04\/Casa-Jalisco_Francisco_D%C3%ADa2.jpg?resize=700%2C400 2x"},"classes":[]},{"id":40637,"url":"http:\/\/www.grieta.org.mx\/index.php\/2019\/10\/20\/crisis-interna-en-salud-jalisco-ocasiono-epidemia-de-dengue-sin-control-guadalupe-martinez-jalisco\/","url_meta":{"origin":30351,"position":5},"title":"Crisis interna en Salud Jalisco ocasion\u00f3 epidemia de dengue sin control: Guadalupe Mart\u00ednez (Jalisco)","author":"grieta","date":"20 octubre, 2019","format":false,"excerpt":"Foto: Isaura L\u00f3pez Villalobos La crisis interna en el sistema de salud del Gobierno de Jalisco ocasion\u00f3 una epidemia sin control en la Zona Metropolitana de Guadalajara Isaura L\u00f3pez Villalobos \/ UDGTV Guadalajara, Jalisco. La crisis interna en el sistema de salud del Gobierno de Jalisco ocasion\u00f3 una epidemia sin\u2026","rel":"","context":"En &quot;CINTILLO&quot;","block_context":{"text":"CINTILLO","link":"http:\/\/www.grieta.org.mx\/index.php\/category\/cintillo\/"},"img":{"alt_text":"","src":"https:\/\/i0.wp.com\/www.grieta.org.mx\/wp-content\/uploads\/2018\/03\/14524434_1106112876131411_958039263622046936_o.jpg?resize=350%2C200","width":350,"height":200,"srcset":"https:\/\/i0.wp.com\/www.grieta.org.mx\/wp-content\/uploads\/2018\/03\/14524434_1106112876131411_958039263622046936_o.jpg?resize=350%2C200 1x, https:\/\/i0.wp.com\/www.grieta.org.mx\/wp-content\/uploads\/2018\/03\/14524434_1106112876131411_958039263622046936_o.jpg?resize=525%2C300 1.5x, https:\/\/i0.wp.com\/www.grieta.org.mx\/wp-content\/uploads\/2018\/03\/14524434_1106112876131411_958039263622046936_o.jpg?resize=700%2C400 2x"},"classes":[]}],"_links":{"self":[{"href":"http:\/\/www.grieta.org.mx\/index.php\/wp-json\/wp\/v2\/posts\/30351","targetHints":{"allow":["GET"]}}],"collection":[{"href":"http:\/\/www.grieta.org.mx\/index.php\/wp-json\/wp\/v2\/posts"}],"about":[{"href":"http:\/\/www.grieta.org.mx\/index.php\/wp-json\/wp\/v2\/types\/post"}],"author":[{"embeddable":true,"href":"http:\/\/www.grieta.org.mx\/index.php\/wp-json\/wp\/v2\/users\/2"}],"replies":[{"embeddable":true,"href":"http:\/\/www.grieta.org.mx\/index.php\/wp-json\/wp\/v2\/comments?post=30351"}],"version-history":[{"count":1,"href":"http:\/\/www.grieta.org.mx\/index.php\/wp-json\/wp\/v2\/posts\/30351\/revisions"}],"predecessor-version":[{"id":30355,"href":"http:\/\/www.grieta.org.mx\/index.php\/wp-json\/wp\/v2\/posts\/30351\/revisions\/30355"}],"wp:featuredmedia":[{"embeddable":true,"href":"http:\/\/www.grieta.org.mx\/index.php\/wp-json\/wp\/v2\/media\/21928"}],"wp:attachment":[{"href":"http:\/\/www.grieta.org.mx\/index.php\/wp-json\/wp\/v2\/media?parent=30351"}],"wp:term":[{"taxonomy":"category","embeddable":true,"href":"http:\/\/www.grieta.org.mx\/index.php\/wp-json\/wp\/v2\/categories?post=30351"},{"taxonomy":"post_tag","embeddable":true,"href":"http:\/\/www.grieta.org.mx\/index.php\/wp-json\/wp\/v2\/tags?post=30351"}],"curies":[{"name":"wp","href":"https:\/\/api.w.org\/{rel}","templated":true}]}}