{"id":3020,"date":"2015-03-23T23:15:29","date_gmt":"2015-03-23T23:15:29","guid":{"rendered":"http:\/\/50.22.11.12\/~grietaor\/?p=3020"},"modified":"2016-03-14T01:33:34","modified_gmt":"2016-03-14T01:33:34","slug":"manifestacion-en-valladolid-rechazan-venta-de-tierras-ejidales-en-punta-laguna-presuntamente-al-grupo-xcaret","status":"publish","type":"post","link":"http:\/\/www.grieta.org.mx\/index.php\/2015\/03\/23\/manifestacion-en-valladolid-rechazan-venta-de-tierras-ejidales-en-punta-laguna-presuntamente-al-grupo-xcaret\/","title":{"rendered":"Manifestaci\u00f3n en Valladolid: Rechazan venta de tierras ejidales en Punta Laguna presuntamente al Grupo Xcaret"},"content":{"rendered":"<p>VALLADOLID, MX.- Ejidatarios se manifestaron en el centro de Valladolid para rechazar la venta de tierras ejidales en Punta Laguna. Al grito \u201cde fuera Rafael Acosta Sol\u00eds\u201d (ex Subprocurador de Justicia del Estado) y de \u201cno a la venta\u201d de sus tierras, los ejidatarios se manifestaron pac\u00edficamente en la plaza central de Valladolid llevando cartulinas de color verde en las que se pod\u00eda leer: \u201c\u00danete a nuestra lucha de defensa del ejido (comit\u00e9 de defensa ejidal)\u201d y \u201cNo a la venta de Punta Laguna\u201d.<\/p>\n<p>Unos 30 ejidatarios dieron vueltas a la plaza de Valladolid mostrando sus cartulinas y escoltados por polic\u00edas municipales y estatales.<\/p>\n<p>Seg\u00fan lo que comentaron a infolliteras. com pol\u00edticos locales del Partido Revolucionario Institucional as\u00ed como algunos conocidos empresarios y abogados est\u00e1n tratando de \u201cconvencer\u201d a los ejidatarios, con el objetivo de que se logre vender Punta Laguna presuntamente a Xcaret.<\/p>\n<p>Tambi\u00e9n comentaron que el actual alcalde Roger Alcocer y algunos regidores (como Juan Villanueva y Teresa Loria Mac) est\u00e1n metidos de lleno en el negocio y en el despojo en el que para variar opera ex subprocurador.<\/p>\n<p>Los ejidatarios no van a aceptar y mucho menos permitir que un grupo de abusivos quieran enriquecerse a sus costillas, dijeron a Infolliteras, entre gritos y consignas.<\/p>\n<p>Cabe puntualizar que al parecer hay divisi\u00f3n entre los ejidatarios, para variar, ya que algunos han sucumbido a la tentaci\u00f3n del dinero prometido, mientras que otro grupo no quiere que las tierras de sus antepasados se vendan ni caigan en manos de extranjeros o fuere\u00f1os.<\/p>\n<p>Para variar el timo consiste en tentar con dinero a los ejidatarios los que recibir\u00e1n un miserable porcentaje de la venta de sus tierras, comentaron a Infolliteras.<\/p>\n<p>Como se recordar\u00e1, en a\u00f1os pasados se desat\u00f3 la pol\u00e9mica y lucha pol\u00edtica en Valladolid por la intenci\u00f3n de vender el cenote Zac\u00ed al grupo Xcaret. Ahora es Punta Laguna. (Fuente: Infolliteras)<\/p>\n<p><a href=\"http:\/\/noticaribe.com.mx\/2015\/03\/23\/manifestacion-en-valladolid-rechazan-venta-de-tierras-ejidales-en-punta-laguna-presuntamente-al-grupo-xcaret\/\" target=\"_blank\">noticaribe.com.mx\/2015\/03\/23\/manifestacion-en-valladolid-rechazan-venta-de-tierras-ejidales-en-punta-laguna-presuntamente-al-grupo-xcaret\/<\/a><\/p>\n","protected":false},"excerpt":{"rendered":"<p>VALLADOLID, MX.- Ejidatarios se manifestaron en el centro de Valladolid para rechazar la venta de tierras ejidales en Punta Laguna. Al grito \u201cde fuera Rafael Acosta Sol\u00eds\u201d (ex Subprocurador de &hellip; <a href=\"http:\/\/www.grieta.org.mx\/index.php\/2015\/03\/23\/manifestacion-en-valladolid-rechazan-venta-de-tierras-ejidales-en-punta-laguna-presuntamente-al-grupo-xcaret\/\" class=\"more-link\">Leer m\u00e1s<\/a><\/p>\n","protected":false},"author":2,"featured_media":21928,"comment_status":"closed","ping_status":"open","sticky":false,"template":"","format":"standard","meta":{"ngg_post_thumbnail":0,"_jetpack_newsletter_access":"","_jetpack_dont_email_post_to_subs":false,"_jetpack_newsletter_tier_id":0,"_jetpack_memberships_contains_paywalled_content":false,"_jetpack_memberships_contains_paid_content":false,"footnotes":""},"categories":[80,153],"tags":[184,293],"class_list":["post-3020","post","type-post","status-publish","format-standard","has-post-thumbnail","hentry","category-cintillo","category-yucatan","tag-despojo","tag-punta-laguna","entry"],"jetpack_featured_media_url":"http:\/\/www.grieta.org.mx\/wp-content\/uploads\/2018\/03\/14524434_1106112876131411_958039263622046936_o.jpg","jetpack_sharing_enabled":true,"jetpack_shortlink":"https:\/\/wp.me\/p7ZJR4-MI","jetpack_likes_enabled":false,"jetpack-related-posts":[{"id":3019,"url":"http:\/\/www.grieta.org.mx\/index.php\/2015\/11\/26\/protestan-contra-venta-de-tierras-ejidales-al-turismo\/","url_meta":{"origin":3020,"position":0},"title":"Protestan contra venta de tierras ejidales al turismo","author":"grieta","date":"26 noviembre, 2015","format":false,"excerpt":"26\/11\/15. Intentos de despojo en Punta Laguna Proceso 04\/10\/15. Protestan comuneros por venta de reserva natural en Yucat\u00e1n Proceso 03\/10\/15. Planean megadesarrollo tur\u00edstico en \u00e1rea natural protegida en Yucat\u00e1n Proceso 23\/03\/15. Rechazan venta de tierras ejidales en Punta Laguna presuntamente al Grupo XcaretNoticaribe","rel":"","context":"En &quot;NOTICIAS NACIONALES&quot;","block_context":{"text":"NOTICIAS NACIONALES","link":"http:\/\/www.grieta.org.mx\/index.php\/category\/noticias-nacionales\/"},"img":{"alt_text":"","src":"https:\/\/i0.wp.com\/www.grieta.org.mx\/wp-content\/uploads\/2018\/03\/14524434_1106112876131411_958039263622046936_o.jpg?resize=350%2C200","width":350,"height":200,"srcset":"https:\/\/i0.wp.com\/www.grieta.org.mx\/wp-content\/uploads\/2018\/03\/14524434_1106112876131411_958039263622046936_o.jpg?resize=350%2C200 1x, https:\/\/i0.wp.com\/www.grieta.org.mx\/wp-content\/uploads\/2018\/03\/14524434_1106112876131411_958039263622046936_o.jpg?resize=525%2C300 1.5x, https:\/\/i0.wp.com\/www.grieta.org.mx\/wp-content\/uploads\/2018\/03\/14524434_1106112876131411_958039263622046936_o.jpg?resize=700%2C400 2x"},"classes":[]},{"id":3414,"url":"http:\/\/www.grieta.org.mx\/index.php\/2015\/11\/26\/intentos-de-despojo-en-punta-laguna\/","url_meta":{"origin":3020,"position":1},"title":"Intentos de despojo en Punta Laguna","author":"grieta","date":"26 noviembre, 2015","format":false,"excerpt":"Sergio Caballero 26 de noviembre de 2015 Reportaje Especial El \u00e1rea protegida de Punta Laguna ha sido defendida con denuedo por los ejidatarios de Valladolid, en el estado de Yucat\u00e1n. Desde hace a\u00f1os han sido despojados de grandes cantidades de tierras, los han hecho v\u00edctimas de sanciones y \u201crasuramientos\u201d para\u2026","rel":"","context":"En &quot;CINTILLO&quot;","block_context":{"text":"CINTILLO","link":"http:\/\/www.grieta.org.mx\/index.php\/category\/cintillo\/"},"img":{"alt_text":"","src":"https:\/\/i0.wp.com\/www.grieta.org.mx\/wp-content\/uploads\/2018\/03\/14524434_1106112876131411_958039263622046936_o.jpg?resize=350%2C200","width":350,"height":200,"srcset":"https:\/\/i0.wp.com\/www.grieta.org.mx\/wp-content\/uploads\/2018\/03\/14524434_1106112876131411_958039263622046936_o.jpg?resize=350%2C200 1x, https:\/\/i0.wp.com\/www.grieta.org.mx\/wp-content\/uploads\/2018\/03\/14524434_1106112876131411_958039263622046936_o.jpg?resize=525%2C300 1.5x, https:\/\/i0.wp.com\/www.grieta.org.mx\/wp-content\/uploads\/2018\/03\/14524434_1106112876131411_958039263622046936_o.jpg?resize=700%2C400 2x"},"classes":[]},{"id":3417,"url":"http:\/\/www.grieta.org.mx\/index.php\/2015\/10\/04\/protestan-comuneros-por-venta-de-reserva-natural-en-yucatan\/","url_meta":{"origin":3020,"position":2},"title":"Protestan comuneros por venta de reserva natural en Yucat\u00e1n","author":"grieta","date":"4 octubre, 2015","format":false,"excerpt":"NUEVO XCAN (proceso. com.mx).- Elementos de la Polic\u00eda Estatal de Yucat\u00e1n (PEY) impidieron el acceso a la asamblea del ejido de Valladolid a comuneros que se oponen a la parcelaci\u00f3n de Punta Laguna, que es el primer paso para un megadesarrollo tur\u00edstico en esta zona que comprende el \u00c1rea de\u2026","rel":"","context":"En &quot;CINTILLO&quot;","block_context":{"text":"CINTILLO","link":"http:\/\/www.grieta.org.mx\/index.php\/category\/cintillo\/"},"img":{"alt_text":"","src":"https:\/\/i0.wp.com\/www.grieta.org.mx\/wp-content\/uploads\/2018\/03\/14524434_1106112876131411_958039263622046936_o.jpg?resize=350%2C200","width":350,"height":200,"srcset":"https:\/\/i0.wp.com\/www.grieta.org.mx\/wp-content\/uploads\/2018\/03\/14524434_1106112876131411_958039263622046936_o.jpg?resize=350%2C200 1x, https:\/\/i0.wp.com\/www.grieta.org.mx\/wp-content\/uploads\/2018\/03\/14524434_1106112876131411_958039263622046936_o.jpg?resize=525%2C300 1.5x, https:\/\/i0.wp.com\/www.grieta.org.mx\/wp-content\/uploads\/2018\/03\/14524434_1106112876131411_958039263622046936_o.jpg?resize=700%2C400 2x"},"classes":[]},{"id":56989,"url":"http:\/\/www.grieta.org.mx\/index.php\/2021\/02\/11\/ejidatarios-protestan-por-venta-ilegal-de-tierras-en-muxupip-yucatan\/","url_meta":{"origin":3020,"position":3},"title":"Ejidatarios protestan por venta ilegal de tierras en Muxupip (Yucat\u00e1n)","author":"grieta","date":"11 febrero, 2021","format":false,"excerpt":"Reporteros Hoy M\u00e9rida, Yucat\u00e1n; 11 de febrero de 2021 (ACOM).- Unos 80 ejidatarios del municipio de Muxupip se manifestaron en el Tribunal Agrario Unitario de M\u00e9rida para exigir la devoluci\u00f3n de mil 600 hect\u00e1reas de terreno que habr\u00edan sido vendidas de manera ilegal a 3 empresarios. Los quejosos, quienes gritaban\u2026","rel":"","context":"En &quot;CINTILLO&quot;","block_context":{"text":"CINTILLO","link":"http:\/\/www.grieta.org.mx\/index.php\/category\/cintillo\/"},"img":{"alt_text":"","src":"https:\/\/i0.wp.com\/www.grieta.org.mx\/wp-content\/uploads\/2021\/02\/Ejidatarios-de-Muxupip-scaled-1.jpg?resize=350%2C200","width":350,"height":200,"srcset":"https:\/\/i0.wp.com\/www.grieta.org.mx\/wp-content\/uploads\/2021\/02\/Ejidatarios-de-Muxupip-scaled-1.jpg?resize=350%2C200 1x, https:\/\/i0.wp.com\/www.grieta.org.mx\/wp-content\/uploads\/2021\/02\/Ejidatarios-de-Muxupip-scaled-1.jpg?resize=525%2C300 1.5x, https:\/\/i0.wp.com\/www.grieta.org.mx\/wp-content\/uploads\/2021\/02\/Ejidatarios-de-Muxupip-scaled-1.jpg?resize=700%2C400 2x"},"classes":[]},{"id":53695,"url":"http:\/\/www.grieta.org.mx\/index.php\/2020\/09\/17\/levantan-bloqueo-en-carretera-carrillo-puerto-valladolid\/","url_meta":{"origin":3020,"position":4},"title":"Levantan bloqueo en carretera Carrillo Puerto-Valladolid","author":"grieta","date":"17 septiembre, 2020","format":false,"excerpt":"La Verdad Luego de siete horas, fue liberado el paso en la carretera Felipe Carrillo Puerto-Valladolid, que ejidatarios de Tihosuco manten\u00edan bloqueada en exigencia a la indemnizaci\u00f3n de 145 hect\u00e1reas expropiadas por la SCT hace 56 a\u00f1os. El pr\u00f3ximo martes una comisi\u00f3n de ejidatarios sostendr\u00e1 una reuni\u00f3n en Chetumal con\u2026","rel":"","context":"En &quot;CINTILLO&quot;","block_context":{"text":"CINTILLO","link":"http:\/\/www.grieta.org.mx\/index.php\/category\/cintillo\/"},"img":{"alt_text":"","src":"https:\/\/i0.wp.com\/www.grieta.org.mx\/wp-content\/uploads\/2020\/09\/BloqueoTihosuco.png?resize=350%2C200","width":350,"height":200,"srcset":"https:\/\/i0.wp.com\/www.grieta.org.mx\/wp-content\/uploads\/2020\/09\/BloqueoTihosuco.png?resize=350%2C200 1x, https:\/\/i0.wp.com\/www.grieta.org.mx\/wp-content\/uploads\/2020\/09\/BloqueoTihosuco.png?resize=525%2C300 1.5x"},"classes":[]},{"id":3420,"url":"http:\/\/www.grieta.org.mx\/index.php\/2015\/10\/03\/planean-megadesarrollo-turistico-en-area-natural-protegida-en-yucatan\/","url_meta":{"origin":3020,"position":5},"title":"Planean megadesarrollo tur\u00edstico en \u00e1rea natural protegida en Yucat\u00e1n","author":"grieta","date":"3 octubre, 2015","format":false,"excerpt":"Sergio Caballero NUEVO XCAN (proceso.com.mx).- Pobladores de la comunidad de Nueva Laguna advirtieron que el abogado Rafael Acosta Sol\u00eds, vinculado a la exgobernadora de Yucat\u00e1n, Ivonne Ortega Pacheco, en complicidad con el presidente del comisariado ejidal de Valladolid, Jos\u00e9 Matilde Jos\u00e9 Matilde Cervera Chan, preparan una asamblea este domingo para\u2026","rel":"","context":"En &quot;CINTILLO&quot;","block_context":{"text":"CINTILLO","link":"http:\/\/www.grieta.org.mx\/index.php\/category\/cintillo\/"},"img":{"alt_text":"","src":"https:\/\/i0.wp.com\/www.grieta.org.mx\/wp-content\/uploads\/2018\/03\/14524434_1106112876131411_958039263622046936_o.jpg?resize=350%2C200","width":350,"height":200,"srcset":"https:\/\/i0.wp.com\/www.grieta.org.mx\/wp-content\/uploads\/2018\/03\/14524434_1106112876131411_958039263622046936_o.jpg?resize=350%2C200 1x, https:\/\/i0.wp.com\/www.grieta.org.mx\/wp-content\/uploads\/2018\/03\/14524434_1106112876131411_958039263622046936_o.jpg?resize=525%2C300 1.5x, https:\/\/i0.wp.com\/www.grieta.org.mx\/wp-content\/uploads\/2018\/03\/14524434_1106112876131411_958039263622046936_o.jpg?resize=700%2C400 2x"},"classes":[]}],"_links":{"self":[{"href":"http:\/\/www.grieta.org.mx\/index.php\/wp-json\/wp\/v2\/posts\/3020","targetHints":{"allow":["GET"]}}],"collection":[{"href":"http:\/\/www.grieta.org.mx\/index.php\/wp-json\/wp\/v2\/posts"}],"about":[{"href":"http:\/\/www.grieta.org.mx\/index.php\/wp-json\/wp\/v2\/types\/post"}],"author":[{"embeddable":true,"href":"http:\/\/www.grieta.org.mx\/index.php\/wp-json\/wp\/v2\/users\/2"}],"replies":[{"embeddable":true,"href":"http:\/\/www.grieta.org.mx\/index.php\/wp-json\/wp\/v2\/comments?post=3020"}],"version-history":[{"count":1,"href":"http:\/\/www.grieta.org.mx\/index.php\/wp-json\/wp\/v2\/posts\/3020\/revisions"}],"predecessor-version":[{"id":3021,"href":"http:\/\/www.grieta.org.mx\/index.php\/wp-json\/wp\/v2\/posts\/3020\/revisions\/3021"}],"wp:featuredmedia":[{"embeddable":true,"href":"http:\/\/www.grieta.org.mx\/index.php\/wp-json\/wp\/v2\/media\/21928"}],"wp:attachment":[{"href":"http:\/\/www.grieta.org.mx\/index.php\/wp-json\/wp\/v2\/media?parent=3020"}],"wp:term":[{"taxonomy":"category","embeddable":true,"href":"http:\/\/www.grieta.org.mx\/index.php\/wp-json\/wp\/v2\/categories?post=3020"},{"taxonomy":"post_tag","embeddable":true,"href":"http:\/\/www.grieta.org.mx\/index.php\/wp-json\/wp\/v2\/tags?post=3020"}],"curies":[{"name":"wp","href":"https:\/\/api.w.org\/{rel}","templated":true}]}}