{"id":3019,"date":"2015-11-26T23:15:24","date_gmt":"2015-11-26T23:15:24","guid":{"rendered":"http:\/\/50.22.11.12\/~grietaor\/?p=3019"},"modified":"2016-03-14T23:00:38","modified_gmt":"2016-03-14T23:00:38","slug":"protestan-contra-venta-de-tierras-ejidales-al-turismo","status":"publish","type":"post","link":"http:\/\/www.grieta.org.mx\/index.php\/2015\/11\/26\/protestan-contra-venta-de-tierras-ejidales-al-turismo\/","title":{"rendered":"Protestan contra venta de tierras ejidales al turismo"},"content":{"rendered":"<p><strong>26\/11\/15.<\/strong> <a href=\"http:\/\/grieta.org.mx\/index.php\/2015\/11\/26\/intentos-de-despojo-en-punta-laguna\/\">Intentos de despojo en Punta Laguna<\/a><br \/>\n<em>Proceso<\/em><\/p>\n<p><strong>04\/10\/15.<\/strong> <a href=\"http:\/\/grieta.org.mx\/index.php\/2015\/10\/04\/protestan-comuneros-por-venta-de-reserva-natural-en-yucatan\/\">Protestan comuneros por venta de reserva natural en Yucat\u00e1n<\/a><br \/>\n<em>Proceso<\/em><\/p>\n<p><strong>03\/10\/15.<\/strong> <a href=\"http:\/\/grieta.org.mx\/index.php\/2015\/10\/03\/planean-megadesarrollo-turistico-en-area-natural-protegida-en-yucatan\/\">Planean megadesarrollo tur\u00edstico en \u00e1rea natural protegida en Yucat\u00e1n<\/a><br \/>\n<em>Proceso<\/em><\/p>\n<p><strong>23\/03\/15. <\/strong><a href=\"http:\/\/grieta.org.mx\/index.php\/2015\/03\/23\/manifestacion-en-valladolid-rechazan-venta-de-tierras-ejidales-en-punta-laguna-presuntamente-al-grupo-xcaret\/\">Rechazan venta de tierras ejidales en Punta Laguna presuntamente al Grupo Xcaret<\/a><br \/><em>Noticaribe<\/em><\/p>\n","protected":false},"excerpt":{"rendered":"<p>26\/11\/15. Intentos de despojo en Punta Laguna Proceso 04\/10\/15. Protestan comuneros por venta de reserva natural en Yucat\u00e1n Proceso 03\/10\/15. Planean megadesarrollo tur\u00edstico en \u00e1rea natural protegida en Yucat\u00e1n Proceso &hellip; <a href=\"http:\/\/www.grieta.org.mx\/index.php\/2015\/11\/26\/protestan-contra-venta-de-tierras-ejidales-al-turismo\/\" class=\"more-link\">Leer m\u00e1s<\/a><\/p>\n","protected":false},"author":2,"featured_media":21928,"comment_status":"closed","ping_status":"open","sticky":false,"template":"","format":"standard","meta":{"ngg_post_thumbnail":0,"_jetpack_newsletter_access":"","_jetpack_dont_email_post_to_subs":false,"_jetpack_newsletter_tier_id":0,"_jetpack_memberships_contains_paywalled_content":false,"_jetpack_memberships_contains_paid_content":false,"footnotes":""},"categories":[2,36],"tags":[],"class_list":["post-3019","post","type-post","status-publish","format-standard","has-post-thumbnail","hentry","category-noticias-nacionales","category-yucatan","entry"],"jetpack_featured_media_url":"http:\/\/www.grieta.org.mx\/wp-content\/uploads\/2018\/03\/14524434_1106112876131411_958039263622046936_o.jpg","jetpack_sharing_enabled":true,"jetpack_shortlink":"https:\/\/wp.me\/p7ZJR4-MH","jetpack_likes_enabled":false,"jetpack-related-posts":[{"id":56989,"url":"http:\/\/www.grieta.org.mx\/index.php\/2021\/02\/11\/ejidatarios-protestan-por-venta-ilegal-de-tierras-en-muxupip-yucatan\/","url_meta":{"origin":3019,"position":0},"title":"Ejidatarios protestan por venta ilegal de tierras en Muxupip (Yucat\u00e1n)","author":"grieta","date":"11 febrero, 2021","format":false,"excerpt":"Reporteros Hoy M\u00e9rida, Yucat\u00e1n; 11 de febrero de 2021 (ACOM).- Unos 80 ejidatarios del municipio de Muxupip se manifestaron en el Tribunal Agrario Unitario de M\u00e9rida para exigir la devoluci\u00f3n de mil 600 hect\u00e1reas de terreno que habr\u00edan sido vendidas de manera ilegal a 3 empresarios. Los quejosos, quienes gritaban\u2026","rel":"","context":"En &quot;CINTILLO&quot;","block_context":{"text":"CINTILLO","link":"http:\/\/www.grieta.org.mx\/index.php\/category\/cintillo\/"},"img":{"alt_text":"","src":"https:\/\/i0.wp.com\/www.grieta.org.mx\/wp-content\/uploads\/2021\/02\/Ejidatarios-de-Muxupip-scaled-1.jpg?resize=350%2C200","width":350,"height":200,"srcset":"https:\/\/i0.wp.com\/www.grieta.org.mx\/wp-content\/uploads\/2021\/02\/Ejidatarios-de-Muxupip-scaled-1.jpg?resize=350%2C200 1x, https:\/\/i0.wp.com\/www.grieta.org.mx\/wp-content\/uploads\/2021\/02\/Ejidatarios-de-Muxupip-scaled-1.jpg?resize=525%2C300 1.5x, https:\/\/i0.wp.com\/www.grieta.org.mx\/wp-content\/uploads\/2021\/02\/Ejidatarios-de-Muxupip-scaled-1.jpg?resize=700%2C400 2x"},"classes":[]},{"id":3020,"url":"http:\/\/www.grieta.org.mx\/index.php\/2015\/03\/23\/manifestacion-en-valladolid-rechazan-venta-de-tierras-ejidales-en-punta-laguna-presuntamente-al-grupo-xcaret\/","url_meta":{"origin":3019,"position":1},"title":"Manifestaci\u00f3n en Valladolid: Rechazan venta de tierras ejidales en Punta Laguna presuntamente al Grupo Xcaret","author":"grieta","date":"23 marzo, 2015","format":false,"excerpt":"VALLADOLID, MX.- Ejidatarios se manifestaron en el centro de Valladolid para rechazar la venta de tierras ejidales en Punta Laguna. Al grito \u201cde fuera Rafael Acosta Sol\u00eds\u201d (ex Subprocurador de Justicia del Estado) y de \u201cno a la venta\u201d de sus tierras, los ejidatarios se manifestaron pac\u00edficamente en la plaza\u2026","rel":"","context":"En &quot;CINTILLO&quot;","block_context":{"text":"CINTILLO","link":"http:\/\/www.grieta.org.mx\/index.php\/category\/cintillo\/"},"img":{"alt_text":"","src":"https:\/\/i0.wp.com\/www.grieta.org.mx\/wp-content\/uploads\/2018\/03\/14524434_1106112876131411_958039263622046936_o.jpg?resize=350%2C200","width":350,"height":200,"srcset":"https:\/\/i0.wp.com\/www.grieta.org.mx\/wp-content\/uploads\/2018\/03\/14524434_1106112876131411_958039263622046936_o.jpg?resize=350%2C200 1x, https:\/\/i0.wp.com\/www.grieta.org.mx\/wp-content\/uploads\/2018\/03\/14524434_1106112876131411_958039263622046936_o.jpg?resize=525%2C300 1.5x, https:\/\/i0.wp.com\/www.grieta.org.mx\/wp-content\/uploads\/2018\/03\/14524434_1106112876131411_958039263622046936_o.jpg?resize=700%2C400 2x"},"classes":[]},{"id":3417,"url":"http:\/\/www.grieta.org.mx\/index.php\/2015\/10\/04\/protestan-comuneros-por-venta-de-reserva-natural-en-yucatan\/","url_meta":{"origin":3019,"position":2},"title":"Protestan comuneros por venta de reserva natural en Yucat\u00e1n","author":"grieta","date":"4 octubre, 2015","format":false,"excerpt":"NUEVO XCAN (proceso. com.mx).- Elementos de la Polic\u00eda Estatal de Yucat\u00e1n (PEY) impidieron el acceso a la asamblea del ejido de Valladolid a comuneros que se oponen a la parcelaci\u00f3n de Punta Laguna, que es el primer paso para un megadesarrollo tur\u00edstico en esta zona que comprende el \u00c1rea de\u2026","rel":"","context":"En &quot;CINTILLO&quot;","block_context":{"text":"CINTILLO","link":"http:\/\/www.grieta.org.mx\/index.php\/category\/cintillo\/"},"img":{"alt_text":"","src":"https:\/\/i0.wp.com\/www.grieta.org.mx\/wp-content\/uploads\/2018\/03\/14524434_1106112876131411_958039263622046936_o.jpg?resize=350%2C200","width":350,"height":200,"srcset":"https:\/\/i0.wp.com\/www.grieta.org.mx\/wp-content\/uploads\/2018\/03\/14524434_1106112876131411_958039263622046936_o.jpg?resize=350%2C200 1x, https:\/\/i0.wp.com\/www.grieta.org.mx\/wp-content\/uploads\/2018\/03\/14524434_1106112876131411_958039263622046936_o.jpg?resize=525%2C300 1.5x, https:\/\/i0.wp.com\/www.grieta.org.mx\/wp-content\/uploads\/2018\/03\/14524434_1106112876131411_958039263622046936_o.jpg?resize=700%2C400 2x"},"classes":[]},{"id":43351,"url":"http:\/\/www.grieta.org.mx\/index.php\/2020\/01\/21\/dan-marcha-atras-presunta-venta-de-tierras-ejidales-en-kimbila-yucatan\/","url_meta":{"origin":3019,"position":3},"title":"Dan marcha atr\u00e1s presunta venta de tierras ejidales en Kimbil\u00e1 (Yucat\u00e1n)","author":"grieta","date":"21 enero, 2020","format":false,"excerpt":"Reporteros Hoy Izamal, Yucat\u00e1n; (ACOM).- Unas 100 personas fueron a buscar a su casa al comisario Ejidal Casiano Pat May a fin de que d\u00e9 explicaciones sobre la presunta venta de tierras ejidales que se encuentran dentro de la reserva de terrenos para el crecimiento urbano de la localidad. El\u2026","rel":"","context":"En &quot;CINTILLO&quot;","block_context":{"text":"CINTILLO","link":"http:\/\/www.grieta.org.mx\/index.php\/category\/cintillo\/"},"img":{"alt_text":"","src":"https:\/\/i0.wp.com\/www.grieta.org.mx\/wp-content\/uploads\/2020\/01\/Kimbila1.jpg?resize=350%2C200","width":350,"height":200,"srcset":"https:\/\/i0.wp.com\/www.grieta.org.mx\/wp-content\/uploads\/2020\/01\/Kimbila1.jpg?resize=350%2C200 1x, https:\/\/i0.wp.com\/www.grieta.org.mx\/wp-content\/uploads\/2020\/01\/Kimbila1.jpg?resize=525%2C300 1.5x, https:\/\/i0.wp.com\/www.grieta.org.mx\/wp-content\/uploads\/2020\/01\/Kimbila1.jpg?resize=700%2C400 2x"},"classes":[]},{"id":56920,"url":"http:\/\/www.grieta.org.mx\/index.php\/2021\/02\/10\/detectan-privatizacion-de-mas-de-500-mil-hectareas-de-tierras-ejidales-en-la-peninsula-de-yucatan\/","url_meta":{"origin":3019,"position":4},"title":"Detectan privatizaci\u00f3n de m\u00e1s de 500 mil hect\u00e1reas de tierras ejidales en la Pen\u00ednsula de Yucat\u00e1n","author":"grieta","date":"10 febrero, 2021","format":false,"excerpt":"Pablo Puerto \/ Yucat\u00e1n a la Mano En por lo menos 30 a\u00f1os, m\u00e1s de 500 mil hect\u00e1reas de tierras ejidales han pasado a manos privadas en Campeche, Yucat\u00e1n y Quintana Roo, revela el informe \u201cTres d\u00e9cadas de privatizaci\u00f3n y despojo de la propiedad social en la Pen\u00ednsula de Yucat\u00e1n\u201d,\u2026","rel":"","context":"En &quot;Campeche&quot;","block_context":{"text":"Campeche","link":"http:\/\/www.grieta.org.mx\/index.php\/category\/noticias-nacionales\/campeche\/"},"img":{"alt_text":"","src":"https:\/\/i0.wp.com\/www.grieta.org.mx\/wp-content\/uploads\/2021\/02\/Privatizacion500-e1613070823855.png?resize=350%2C200","width":350,"height":200,"srcset":"https:\/\/i0.wp.com\/www.grieta.org.mx\/wp-content\/uploads\/2021\/02\/Privatizacion500-e1613070823855.png?resize=350%2C200 1x, https:\/\/i0.wp.com\/www.grieta.org.mx\/wp-content\/uploads\/2021\/02\/Privatizacion500-e1613070823855.png?resize=525%2C300 1.5x, https:\/\/i0.wp.com\/www.grieta.org.mx\/wp-content\/uploads\/2021\/02\/Privatizacion500-e1613070823855.png?resize=700%2C400 2x"},"classes":[]},{"id":41030,"url":"http:\/\/www.grieta.org.mx\/index.php\/2019\/11\/08\/demandan-por-tierras-ejidales-yucatan\/","url_meta":{"origin":3019,"position":5},"title":"Demandan por tierras ejidales (Yucat\u00e1n)","author":"grieta","date":"8 noviembre, 2019","format":false,"excerpt":"Gabriel Chan Uicab\/Diario de Yucat\u00e1n En Chablekal se acusa a exl\u00edderes de ventas ilegales Habitantes de Chablekal e integrantes de la Uni\u00f3n de Pobladores y Pobladoras anunciaron ayer los recursos jur\u00eddicos que presentaron ante autoridades en contra del ejido por la violaci\u00f3n a las medidas precautorias que dict\u00f3 un juez\u2026","rel":"","context":"En &quot;CINTILLO&quot;","block_context":{"text":"CINTILLO","link":"http:\/\/www.grieta.org.mx\/index.php\/category\/cintillo\/"},"img":{"alt_text":"","src":"https:\/\/i0.wp.com\/www.grieta.org.mx\/wp-content\/uploads\/2019\/11\/IMG-30267115.jpg?resize=350%2C200","width":350,"height":200,"srcset":"https:\/\/i0.wp.com\/www.grieta.org.mx\/wp-content\/uploads\/2019\/11\/IMG-30267115.jpg?resize=350%2C200 1x, https:\/\/i0.wp.com\/www.grieta.org.mx\/wp-content\/uploads\/2019\/11\/IMG-30267115.jpg?resize=525%2C300 1.5x, https:\/\/i0.wp.com\/www.grieta.org.mx\/wp-content\/uploads\/2019\/11\/IMG-30267115.jpg?resize=700%2C400 2x"},"classes":[]}],"_links":{"self":[{"href":"http:\/\/www.grieta.org.mx\/index.php\/wp-json\/wp\/v2\/posts\/3019","targetHints":{"allow":["GET"]}}],"collection":[{"href":"http:\/\/www.grieta.org.mx\/index.php\/wp-json\/wp\/v2\/posts"}],"about":[{"href":"http:\/\/www.grieta.org.mx\/index.php\/wp-json\/wp\/v2\/types\/post"}],"author":[{"embeddable":true,"href":"http:\/\/www.grieta.org.mx\/index.php\/wp-json\/wp\/v2\/users\/2"}],"replies":[{"embeddable":true,"href":"http:\/\/www.grieta.org.mx\/index.php\/wp-json\/wp\/v2\/comments?post=3019"}],"version-history":[{"count":1,"href":"http:\/\/www.grieta.org.mx\/index.php\/wp-json\/wp\/v2\/posts\/3019\/revisions"}],"predecessor-version":[{"id":3426,"href":"http:\/\/www.grieta.org.mx\/index.php\/wp-json\/wp\/v2\/posts\/3019\/revisions\/3426"}],"wp:featuredmedia":[{"embeddable":true,"href":"http:\/\/www.grieta.org.mx\/index.php\/wp-json\/wp\/v2\/media\/21928"}],"wp:attachment":[{"href":"http:\/\/www.grieta.org.mx\/index.php\/wp-json\/wp\/v2\/media?parent=3019"}],"wp:term":[{"taxonomy":"category","embeddable":true,"href":"http:\/\/www.grieta.org.mx\/index.php\/wp-json\/wp\/v2\/categories?post=3019"},{"taxonomy":"post_tag","embeddable":true,"href":"http:\/\/www.grieta.org.mx\/index.php\/wp-json\/wp\/v2\/tags?post=3019"}],"curies":[{"name":"wp","href":"https:\/\/api.w.org\/{rel}","templated":true}]}}