{"id":30180,"date":"2019-03-04T21:52:05","date_gmt":"2019-03-05T03:52:05","guid":{"rendered":"http:\/\/www.grieta.org.mx\/?p=30180"},"modified":"2019-03-05T22:04:33","modified_gmt":"2019-03-06T04:04:33","slug":"adeuda-see-4-mdp-a-126-trabajadores-del-telebachillerato-comunitario-de-michoacan","status":"publish","type":"post","link":"http:\/\/www.grieta.org.mx\/index.php\/2019\/03\/04\/adeuda-see-4-mdp-a-126-trabajadores-del-telebachillerato-comunitario-de-michoacan\/","title":{"rendered":"Adeuda SEE 4 mdp a 126 trabajadores del Telebachillerato Comunitario de Michoac\u00e1n"},"content":{"rendered":"<p>Ernesto Hern\u00e1ndez Doblas \/Cambio de Michoac\u00e1n<br \/>\nMorelia, Michoac\u00e1n, 04 de marzo de 2019.- Poco m\u00e1s de cuatro millones de pesos se les debe a 126 trabajadores del Telebachillerato Comunitario de Michoac\u00e1n. Esto, por salarios que desde comienzos del 2019 no se les han pagado adem\u00e1s del incremento salarial retroactivo del a\u00f1o pasado. Desde hace diez d\u00edas las autoridades de la Secretar\u00eda de Educaci\u00f3n en el Estado (SEE) les aseguraron que ya estaban los recursos exigidos sin que hasta la fecha esto se haya visto reflejado en los hechos.<\/p>\n<figure id=\"attachment_30181\" aria-describedby=\"caption-attachment-30181\" style=\"width: 1024px\" class=\"wp-caption aligncenter\"><img loading=\"lazy\" decoding=\"async\" data-attachment-id=\"30181\" data-permalink=\"http:\/\/www.grieta.org.mx\/index.php\/2019\/03\/04\/adeuda-see-4-mdp-a-126-trabajadores-del-telebachillerato-comunitario-de-michoacan\/_9a89105cdbaba3b2156f1cfc6a3c47d7webb\/\" data-orig-file=\"http:\/\/www.grieta.org.mx\/wp-content\/uploads\/2019\/03\/9a89105cdbaba3b2156f1cfc6a3c47d7webb.jpg\" data-orig-size=\"1280,853\" data-comments-opened=\"0\" data-image-meta=\"{&quot;aperture&quot;:&quot;0&quot;,&quot;credit&quot;:&quot;&quot;,&quot;camera&quot;:&quot;&quot;,&quot;caption&quot;:&quot;&quot;,&quot;created_timestamp&quot;:&quot;0&quot;,&quot;copyright&quot;:&quot;&quot;,&quot;focal_length&quot;:&quot;0&quot;,&quot;iso&quot;:&quot;0&quot;,&quot;shutter_speed&quot;:&quot;0&quot;,&quot;title&quot;:&quot;&quot;,&quot;orientation&quot;:&quot;0&quot;}\" data-image-title=\"_9a89105cdbaba3b2156f1cfc6a3c47d7,webb\" data-image-description=\"\" data-image-caption=\"&lt;p&gt;Profesores de Telebachillerato Comunitario se manifiestan a las afueras de Subsecretaria de Educaci\u00f3n Media Superior. (Foto: ACG)&lt;\/p&gt;\n\" data-medium-file=\"http:\/\/www.grieta.org.mx\/wp-content\/uploads\/2019\/03\/9a89105cdbaba3b2156f1cfc6a3c47d7webb-300x200.jpg\" data-large-file=\"http:\/\/www.grieta.org.mx\/wp-content\/uploads\/2019\/03\/9a89105cdbaba3b2156f1cfc6a3c47d7webb-1024x682.jpg\" class=\"wp-image-30181 size-large\" src=\"http:\/\/www.grieta.org.mx\/wp-content\/uploads\/2019\/03\/9a89105cdbaba3b2156f1cfc6a3c47d7webb-1024x682.jpg\" alt=\"\" width=\"1024\" height=\"682\" srcset=\"http:\/\/www.grieta.org.mx\/wp-content\/uploads\/2019\/03\/9a89105cdbaba3b2156f1cfc6a3c47d7webb-1024x682.jpg 1024w, http:\/\/www.grieta.org.mx\/wp-content\/uploads\/2019\/03\/9a89105cdbaba3b2156f1cfc6a3c47d7webb-300x200.jpg 300w, http:\/\/www.grieta.org.mx\/wp-content\/uploads\/2019\/03\/9a89105cdbaba3b2156f1cfc6a3c47d7webb-768x512.jpg 768w, http:\/\/www.grieta.org.mx\/wp-content\/uploads\/2019\/03\/9a89105cdbaba3b2156f1cfc6a3c47d7webb-750x500.jpg 750w, http:\/\/www.grieta.org.mx\/wp-content\/uploads\/2019\/03\/9a89105cdbaba3b2156f1cfc6a3c47d7webb.jpg 1280w\" sizes=\"auto, (max-width: 1024px) 100vw, 1024px\" \/><figcaption id=\"caption-attachment-30181\" class=\"wp-caption-text\">Profesores de Telebachillerato Comunitario se manifiestan a las afueras de Subsecretaria de Educaci\u00f3n Media Superior. (Foto: ACG)<\/figcaption><\/figure>\n<p>Por ello, determinaron este lunes tomar las instalaciones de la oficinas de la Subsecretar\u00eda de Educaci\u00f3n Media Superior y Superior. David Su\u00e1rez Plancarte, representante de los inconformes, detall\u00f3 que el gobierno estatal adeuda un mill\u00f3n 094 mil pesos a los profesores por cuestiones del aumento salarial. Pero tambi\u00e9n tres millones 800 mil pesos por la n\u00f3mina de los meses de enero y febrero de este a\u00f1o. De acuerdo a sus palabras, esperan cobrar en lo inmediato los cuatro millones 894 mil pesos, de lo contrario las medidas de protesta y presi\u00f3n continuar\u00e1n. Y es que tambi\u00e9n existe la necesidad de dar certidumbre a los docentes del subsistema, que suman alrededor de cinco a\u00f1os bajo contratos con vigencia de cuatro meses y medio meses acceso a prestaciones laborales ni seguridad social. Su\u00e1rez Plancarte mencion\u00f3 que en esta situaci\u00f3n est\u00e1n 126 profesores pertenecientes a 42 centros acad\u00e9micos en 33 municipios. \u201cNosotros tenemos la voluntad para en cuanto nos paguen por lo menos el incremento salarial del a\u00f1o pasado y nos digan cu\u00e1ndo nos entregar\u00e1n las quincenas de enero y febrero regresar a las aulas, esperamos que el gobierno del estado tambi\u00e9n se encuentre en este \u00e1nimo\u201d. Es de apuntar que el programa de Telebachillerato Comunitario es nacional y trabaja con aportaciones de las entidades y la federaci\u00f3n a partes iguales. La situaci\u00f3n de penuria la viven tambi\u00e9n Quer\u00e9taro, Sinaloa y San Luis Potos\u00ed.<\/p>\n<p><a href=\"http:\/\/www.cambiodemichoacan.com.mx\/nota-n51280\">http:\/\/www.cambiodemichoacan.com.mx\/nota-n51280<\/a><\/p>\n","protected":false},"excerpt":{"rendered":"<p>Ernesto Hern\u00e1ndez Doblas \/Cambio de Michoac\u00e1n Morelia, Michoac\u00e1n, 04 de marzo de 2019.- Poco m\u00e1s de cuatro millones de pesos se les debe a 126 trabajadores del Telebachillerato Comunitario de &hellip; <a href=\"http:\/\/www.grieta.org.mx\/index.php\/2019\/03\/04\/adeuda-see-4-mdp-a-126-trabajadores-del-telebachillerato-comunitario-de-michoacan\/\" class=\"more-link\">Leer m\u00e1s<\/a><\/p>\n","protected":false},"author":2,"featured_media":30181,"comment_status":"closed","ping_status":"closed","sticky":false,"template":"","format":"standard","meta":{"ngg_post_thumbnail":0,"_jetpack_newsletter_access":"","_jetpack_dont_email_post_to_subs":false,"_jetpack_newsletter_tier_id":0,"_jetpack_memberships_contains_paywalled_content":false,"_jetpack_memberships_contains_paid_content":false,"footnotes":""},"categories":[80,999,2210,82,21],"tags":[1681,1290,1550],"class_list":{"0":"post-30180","1":"post","2":"type-post","3":"status-publish","4":"format-standard","5":"has-post-thumbnail","6":"hentry","7":"category-cintillo","8":"category-conflictos-laborales-en-michoacan","9":"category-crisis-en-el-sistema-educativo-de-michoacan","10":"category-michoacan","12":"tag-precariedad-de-planteles-educativos","13":"tag-precariedad-laboral","14":"tag-precariedad-presupuestal","15":"entry"},"jetpack_featured_media_url":"http:\/\/www.grieta.org.mx\/wp-content\/uploads\/2019\/03\/9a89105cdbaba3b2156f1cfc6a3c47d7webb.jpg","jetpack_sharing_enabled":true,"jetpack_shortlink":"https:\/\/wp.me\/p7ZJR4-7QM","jetpack_likes_enabled":false,"jetpack-related-posts":[{"id":30183,"url":"http:\/\/www.grieta.org.mx\/index.php\/2019\/03\/04\/telebachillerato-comunitario-protesta-en-el-centro-de-morelia\/","url_meta":{"origin":30180,"position":0},"title":"Telebachillerato Comunitario protesta en el Centro de Morelia","author":"grieta","date":"4 marzo, 2019","format":false,"excerpt":"Octavio Ortiz Garc\u00eda \/ diario ABC de Michoac\u00e1n MORELIA, MICH, 04 de marzo de 2019.- Los docentes del Telebachillerato Comunitario protestan a las afueras de la Subsecrerar\u00eda de Educaci\u00f3n Media Superior de la Secretar\u00eda de Educaci\u00f3n, en la calle Andr\u00e9s Quintana Roo del centro de la capital del estado. Los\u2026","rel":"","context":"En &quot;CINTILLO&quot;","block_context":{"text":"CINTILLO","link":"http:\/\/www.grieta.org.mx\/index.php\/category\/cintillo\/"},"img":{"alt_text":"","src":"https:\/\/i0.wp.com\/www.grieta.org.mx\/wp-content\/uploads\/2019\/03\/tel-780x600.jpg?resize=350%2C200","width":350,"height":200,"srcset":"https:\/\/i0.wp.com\/www.grieta.org.mx\/wp-content\/uploads\/2019\/03\/tel-780x600.jpg?resize=350%2C200 1x, https:\/\/i0.wp.com\/www.grieta.org.mx\/wp-content\/uploads\/2019\/03\/tel-780x600.jpg?resize=525%2C300 1.5x, https:\/\/i0.wp.com\/www.grieta.org.mx\/wp-content\/uploads\/2019\/03\/tel-780x600.jpg?resize=700%2C400 2x"},"classes":[]},{"id":30510,"url":"http:\/\/www.grieta.org.mx\/index.php\/2019\/03\/04\/adeuda-gobierno-de-michoacan-mas-de-4-mdp-a-maestros-de-telebachillerato\/","url_meta":{"origin":30180,"position":1},"title":"Adeuda gobierno de Michoac\u00e1n m\u00e1s de 4 mdp a maestros de Telebachillerato","author":"grieta","date":"4 marzo, 2019","format":false,"excerpt":"Javier Vel\u00e1zquez \/ Contramuro, 04 de marzo de 2019 1 mill\u00f3n 94 mil pesos por concepto de incremento salarial y 3 millones 800 mil pesos por las cuatro primeras quincenas es lo que el estado les adeuda a dichos profesores Morelia, Michoac\u00e1n.-Profesores de Telebachillerato comunitario en el estado, tomaron esta\u2026","rel":"","context":"En &quot;CINTILLO&quot;","block_context":{"text":"CINTILLO","link":"http:\/\/www.grieta.org.mx\/index.php\/category\/cintillo\/"},"img":{"alt_text":"","src":"https:\/\/i0.wp.com\/www.grieta.org.mx\/wp-content\/uploads\/2019\/03\/Telebachillerato.jpg?resize=350%2C200","width":350,"height":200,"srcset":"https:\/\/i0.wp.com\/www.grieta.org.mx\/wp-content\/uploads\/2019\/03\/Telebachillerato.jpg?resize=350%2C200 1x, https:\/\/i0.wp.com\/www.grieta.org.mx\/wp-content\/uploads\/2019\/03\/Telebachillerato.jpg?resize=525%2C300 1.5x, https:\/\/i0.wp.com\/www.grieta.org.mx\/wp-content\/uploads\/2019\/03\/Telebachillerato.jpg?resize=700%2C400 2x"},"classes":[]},{"id":31412,"url":"http:\/\/www.grieta.org.mx\/index.php\/2019\/03\/29\/extiende-suttebam-cierre-de-calles-en-centro-de-morelia\/","url_meta":{"origin":30180,"position":2},"title":"Extiende Suttebam cierre de calles en Centro de Morelia","author":"grieta","date":"29 marzo, 2019","format":false,"excerpt":"Uriel Morales P\u00e9rez\/Quadrat\u00edn Este contenido se encuentra protegido por la ley. Si lo cita, por favor mencione la fuente y haga un enlace a la nota original de donde usted lo ha tomado. Agencia Quadrat\u00edn. Todos los Derechos Reservados \u00a9 2018. MORELIA, Mich., 29 de marzo de 2019.- Personal del\u2026","rel":"","context":"En &quot;CINTILLO&quot;","block_context":{"text":"CINTILLO","link":"http:\/\/www.grieta.org.mx\/index.php\/category\/cintillo\/"},"img":{"alt_text":"","src":"https:\/\/i0.wp.com\/www.grieta.org.mx\/wp-content\/uploads\/2019\/03\/telebachillerato-sat-29-mar1.jpg?resize=350%2C200","width":350,"height":200,"srcset":"https:\/\/i0.wp.com\/www.grieta.org.mx\/wp-content\/uploads\/2019\/03\/telebachillerato-sat-29-mar1.jpg?resize=350%2C200 1x, https:\/\/i0.wp.com\/www.grieta.org.mx\/wp-content\/uploads\/2019\/03\/telebachillerato-sat-29-mar1.jpg?resize=525%2C300 1.5x, https:\/\/i0.wp.com\/www.grieta.org.mx\/wp-content\/uploads\/2019\/03\/telebachillerato-sat-29-mar1.jpg?resize=700%2C400 2x"},"classes":[]},{"id":47061,"url":"http:\/\/www.grieta.org.mx\/index.php\/2020\/03\/30\/protestan-por-no-tener-insumos-ni-equipo-para-atender-a-pacientes-de-covid-19-michoacan\/","url_meta":{"origin":30180,"position":3},"title":"Protestan por no tener insumos ni equipo para atender a pacientes de COVID-19 (Michoac\u00e1n)","author":"grieta","date":"30 marzo, 2020","format":false,"excerpt":"El Hospital N\u00famero Ocho del IMSS no cuenta con el equipo necesario para el coronavirus. TELEDIARIO Multimedios Digital\/ Lunes de 30 Marzo de 2020 MICHOAC\u00c1N.- Protestan por no tener los equipos necesarios ni insumos para atender a los pacientes enfermos por el COVID-19 los empleados del Instituto Mexicano del Seguro\u2026","rel":"","context":"En &quot;CINTILLO&quot;","block_context":{"text":"CINTILLO","link":"http:\/\/www.grieta.org.mx\/index.php\/category\/cintillo\/"},"img":{"alt_text":"","src":"https:\/\/i0.wp.com\/www.grieta.org.mx\/wp-content\/uploads\/2020\/04\/ma_1.jpg?resize=350%2C200","width":350,"height":200,"srcset":"https:\/\/i0.wp.com\/www.grieta.org.mx\/wp-content\/uploads\/2020\/04\/ma_1.jpg?resize=350%2C200 1x, https:\/\/i0.wp.com\/www.grieta.org.mx\/wp-content\/uploads\/2020\/04\/ma_1.jpg?resize=525%2C300 1.5x, https:\/\/i0.wp.com\/www.grieta.org.mx\/wp-content\/uploads\/2020\/04\/ma_1.jpg?resize=700%2C400 2x"},"classes":[]},{"id":35442,"url":"http:\/\/www.grieta.org.mx\/index.php\/2019\/06\/24\/se-agudiza-crisis-en-sector-educativo-de-michoacan\/","url_meta":{"origin":30180,"position":4},"title":"Se agudiza crisis en sector educativo de Michoac\u00e1n","author":"grieta","date":"24 junio, 2019","format":false,"excerpt":"Desde este mes ya no habr\u00e1 recursos para el pago de salarios de profesores; UMSNH con una situaci\u00f3n similar Ireri Pi\u00f1a \/Contramuro, 24 de junio de 2019 Morelia, Michoac\u00e1n.- La crisis en el sector educativo de Michoac\u00e1n estaba prevista desde el principio de a\u00f1o, incluso, el magisterio michoacano pidi\u00f3 al\u2026","rel":"","context":"En &quot;CINTILLO&quot;","block_context":{"text":"CINTILLO","link":"http:\/\/www.grieta.org.mx\/index.php\/category\/cintillo\/"},"img":{"alt_text":"","src":"https:\/\/i0.wp.com\/www.grieta.org.mx\/wp-content\/uploads\/2019\/06\/533990b4-d945-4393-91ca-19347a4e7e92.jpg?resize=350%2C200","width":350,"height":200,"srcset":"https:\/\/i0.wp.com\/www.grieta.org.mx\/wp-content\/uploads\/2019\/06\/533990b4-d945-4393-91ca-19347a4e7e92.jpg?resize=350%2C200 1x, https:\/\/i0.wp.com\/www.grieta.org.mx\/wp-content\/uploads\/2019\/06\/533990b4-d945-4393-91ca-19347a4e7e92.jpg?resize=525%2C300 1.5x, https:\/\/i0.wp.com\/www.grieta.org.mx\/wp-content\/uploads\/2019\/06\/533990b4-d945-4393-91ca-19347a4e7e92.jpg?resize=700%2C400 2x, https:\/\/i0.wp.com\/www.grieta.org.mx\/wp-content\/uploads\/2019\/06\/533990b4-d945-4393-91ca-19347a4e7e92.jpg?resize=1050%2C600 3x"},"classes":[]},{"id":39031,"url":"http:\/\/www.grieta.org.mx\/index.php\/2019\/09\/09\/cnte-inicia-paro-de-72-horas-en-michoacan\/","url_meta":{"origin":30180,"position":5},"title":"CNTE inicia paro de 72 horas en Michoac\u00e1n","author":"grieta","date":"9 septiembre, 2019","format":false,"excerpt":"Los maestros de la Secci\u00f3n 18 de la CNTE demandan el pago de quincenas y prestaciones atrasadas Exc\u00e9lsior, 09 de septiembre de 2019 Integrantes de la Coordinadora Nacional de Trabajadores de la Educaci\u00f3n (CNTE) comenzaron un paro de labores de 72 horas en Michoac\u00e1n, ante la demanda del pago de\u2026","rel":"","context":"En &quot;CINTILLO&quot;","block_context":{"text":"CINTILLO","link":"http:\/\/www.grieta.org.mx\/index.php\/category\/cintillo\/"},"img":{"alt_text":"","src":"https:\/\/i0.wp.com\/www.grieta.org.mx\/wp-content\/uploads\/2019\/09\/2215678.jpg?resize=350%2C200","width":350,"height":200,"srcset":"https:\/\/i0.wp.com\/www.grieta.org.mx\/wp-content\/uploads\/2019\/09\/2215678.jpg?resize=350%2C200 1x, https:\/\/i0.wp.com\/www.grieta.org.mx\/wp-content\/uploads\/2019\/09\/2215678.jpg?resize=525%2C300 1.5x"},"classes":[]}],"_links":{"self":[{"href":"http:\/\/www.grieta.org.mx\/index.php\/wp-json\/wp\/v2\/posts\/30180","targetHints":{"allow":["GET"]}}],"collection":[{"href":"http:\/\/www.grieta.org.mx\/index.php\/wp-json\/wp\/v2\/posts"}],"about":[{"href":"http:\/\/www.grieta.org.mx\/index.php\/wp-json\/wp\/v2\/types\/post"}],"author":[{"embeddable":true,"href":"http:\/\/www.grieta.org.mx\/index.php\/wp-json\/wp\/v2\/users\/2"}],"replies":[{"embeddable":true,"href":"http:\/\/www.grieta.org.mx\/index.php\/wp-json\/wp\/v2\/comments?post=30180"}],"version-history":[{"count":1,"href":"http:\/\/www.grieta.org.mx\/index.php\/wp-json\/wp\/v2\/posts\/30180\/revisions"}],"predecessor-version":[{"id":30182,"href":"http:\/\/www.grieta.org.mx\/index.php\/wp-json\/wp\/v2\/posts\/30180\/revisions\/30182"}],"wp:featuredmedia":[{"embeddable":true,"href":"http:\/\/www.grieta.org.mx\/index.php\/wp-json\/wp\/v2\/media\/30181"}],"wp:attachment":[{"href":"http:\/\/www.grieta.org.mx\/index.php\/wp-json\/wp\/v2\/media?parent=30180"}],"wp:term":[{"taxonomy":"category","embeddable":true,"href":"http:\/\/www.grieta.org.mx\/index.php\/wp-json\/wp\/v2\/categories?post=30180"},{"taxonomy":"post_tag","embeddable":true,"href":"http:\/\/www.grieta.org.mx\/index.php\/wp-json\/wp\/v2\/tags?post=30180"}],"curies":[{"name":"wp","href":"https:\/\/api.w.org\/{rel}","templated":true}]}}