{"id":30156,"date":"2019-03-02T19:42:52","date_gmt":"2019-03-03T01:42:52","guid":{"rendered":"http:\/\/www.grieta.org.mx\/?p=30156"},"modified":"2019-03-04T20:00:05","modified_gmt":"2019-03-05T02:00:05","slug":"despojos-a-pueblo-maya-yucatan","status":"publish","type":"post","link":"http:\/\/www.grieta.org.mx\/index.php\/2019\/03\/02\/despojos-a-pueblo-maya-yucatan\/","title":{"rendered":"\u201cDespojos a pueblo maya\u201d (Yucat\u00e1n)"},"content":{"rendered":"<p><img loading=\"lazy\" decoding=\"async\" data-attachment-id=\"30157\" data-permalink=\"http:\/\/www.grieta.org.mx\/index.php\/2019\/03\/02\/despojos-a-pueblo-maya-yucatan\/sanjosetipcehdiscriminacion\/\" data-orig-file=\"http:\/\/www.grieta.org.mx\/wp-content\/uploads\/2019\/03\/SanJoseTipcehDiscriminacion.png\" data-orig-size=\"642,396\" data-comments-opened=\"0\" data-image-meta=\"{&quot;aperture&quot;:&quot;0&quot;,&quot;credit&quot;:&quot;&quot;,&quot;camera&quot;:&quot;&quot;,&quot;caption&quot;:&quot;&quot;,&quot;created_timestamp&quot;:&quot;0&quot;,&quot;copyright&quot;:&quot;&quot;,&quot;focal_length&quot;:&quot;0&quot;,&quot;iso&quot;:&quot;0&quot;,&quot;shutter_speed&quot;:&quot;0&quot;,&quot;title&quot;:&quot;&quot;,&quot;orientation&quot;:&quot;0&quot;}\" data-image-title=\"SanJoseTipcehDiscriminacion\" data-image-description=\"\" data-image-caption=\"\" data-medium-file=\"http:\/\/www.grieta.org.mx\/wp-content\/uploads\/2019\/03\/SanJoseTipcehDiscriminacion-300x185.png\" data-large-file=\"http:\/\/www.grieta.org.mx\/wp-content\/uploads\/2019\/03\/SanJoseTipcehDiscriminacion.png\" src=\"http:\/\/www.grieta.org.mx\/wp-content\/uploads\/2019\/03\/SanJoseTipcehDiscriminacion.png\" alt=\"\" width=\"642\" height=\"396\" class=\"aligncenter size-full wp-image-30157\" srcset=\"http:\/\/www.grieta.org.mx\/wp-content\/uploads\/2019\/03\/SanJoseTipcehDiscriminacion.png 642w, http:\/\/www.grieta.org.mx\/wp-content\/uploads\/2019\/03\/SanJoseTipcehDiscriminacion-300x185.png 300w\" sizes=\"auto, (max-width: 642px) 100vw, 642px\" \/><br \/>\nIntegrantes de \u201cM\u00fauch\u2019 X\u00cdinbal\u201d y la Red de Resistencia y Rebeld\u00eda Jo\u2019 acompa\u00f1an a ejidatarios de San Jos\u00e9 Tipceh que demandan a Vega Solar<\/p>\n<p>Diario de Yucat\u00e1n<br \/>\nPiden traductor y juez exige prueba de ser ind\u00edgenas<\/p>\n<p>La Asamblea de Defensores del Territorio Maya \u201cMu?uch\u2019 Xi?inbal\u201d denuncia que la multinacional extranjera SunPower, a trav\u00e9s de la empresa Vega Solar, busca desconocer los derechos ind\u00edgenas del pueblo maya de San Jos\u00e9 Tipceh, Muna, y que un magistrado agrario dio a los habitantes de esa comunidad un plazo de tres d\u00edas para demostrar que son mayas.<\/p>\n<p>Indica que eso ocurre en pleno proceso de despojo de tierras ejidales, para la construcci\u00f3n de megaproyectos fotovoltaicos que implicar\u00edan el desmonte de m\u00e1s de 500 hect\u00e1reas de selva y la instalaci\u00f3n de m\u00e1s de un mill\u00f3n de paneles solares a solo 200 metros de la comunidad, siendo este uno de los proyectos fotovoltaicos m\u00e1s grandes del pa\u00eds.<\/p>\n<p>Relata que el lunes 25 de febrero se hizo una audiencia de ley en el Tribunal Unitario Agrario Distrito 34, con sede en M\u00e9rida, para tratar temas relacionados con el despojo de tierras ejidales al pueblo maya de San Jos\u00e9 Tipceh para la construcci\u00f3n de los megaproyectos solares Vega Solar 1 y Vega Solar 2, de la empresa Vega Solar, con relaci\u00f3n a actas de asambleas y contratos con irregularidades.<\/p>\n<p>Al empezar la audiencia, el representante legal de los demandantes opositores al megaproyecto pidi\u00f3 la participaci\u00f3n de un traductor certificado, derecho constitucional que debe ser garantizado y al cual buscaban acceder los ejidatarios quienes requieren un traductor de espa\u00f1ol a lengua maya.<\/p>\n<p>\u201cMu?uch\u2019 Xi?inbal\u201d se\u00f1ala que en respuesta a la solicitud, y en un acto de clara discriminaci\u00f3n, la empresa puso en duda la identidad de los demandantes y pidi\u00f3 al juez cuestionarlos sobre su nivel de entendimiento del espa\u00f1ol, alegando que \u201cno basta autoadscribirse como ind\u00edgena, pues esa conciencia de identidad debe estar ligada a la comprobaci\u00f3n de la existencia de la comunidad a la que pertenece\u201d.<\/p>\n<p>A\u00f1ade que la misma empresa apunta, en su Evaluaci\u00f3n de Impacto Social, la existencia de la comunidad maya de San Jos\u00e9 Tipceh en Muna, y que, seg\u00fan la Encuesta Intercensal de 2015, el 80.54% de la poblaci\u00f3n se autoadscribe como maya y siendo suficiente la autoadscripci\u00f3n para ser reconocido como tal, estando claramente se\u00f1alado en el art\u00edculo 2 constitucional: \u201cLa conciencia de su identidad ind\u00edgena deber\u00e1 ser criterio fundamental para determinar a qui\u00e9nes se aplican las disposiciones sobre pueblos ind\u00edgenas\u2019.<\/p>\n<p>Abunda que la Ley para la Protecci\u00f3n de los Derechos de la Comunidad Maya del Estado De Yucat\u00e1n (Decreto N\u00famero 407) en el art\u00edculo 2, fracci\u00f3n 3, cuando se\u00f1ala que ind\u00edgena maya es \u201cla persona que habita en poblaciones del Estado de Yucat\u00e1?n o descienda del pueblo maya, y conserva en todo o en parte rasgos \u00e9tnicos, culturales, ling\u00fc\u00edsticos y sociales de la cultura maya\u201d.<\/p>\n<p>Adem\u00e1s, subraya, en la Ley General de Derechos Ling\u00fc\u00edsticos de los Pueblos Ind\u00edgenas, Cap\u00edtulo II, arti?culo10, se se\u00f1ala que \u201cel Estado garantizara? el derecho de los pueblos y comunidades ind\u00edgenas el acceso a la jurisdicci\u00f3n del Estado en la lengua ind\u00edgena nacional de que sean hablantes. Para garantizar ese derecho, en todos los juicios y procedimientos en que sean parte, individual o colectivamente, se deber\u00e1n tomar en cuenta sus costumbres y especificidades culturales respetando los preceptos de la Constituci\u00f3n Pol\u00edtica de los Estados Unidos Mexicanos\u201d.<\/p>\n<p>Pese a todos los antecedentes jur\u00eddicos mencionados, el magistrado Antonio Luis Betancourt S\u00e1nchez, quien presidi\u00f3 la audiencia, en un acto de claro beneficio a la empresa Vega Solar, cuestion\u00f3 como fue solicitado a los demandantes mayas, quienes respondieron que, aunque entienden espa\u00f1ol, su lengua original es la maya y quieren entender bien todo lo que ocurra en el juicio, as\u00ed que solicitan un int\u00e9rprete.<\/p>\n<p>Pero el magistrado determin\u00f3 dar a los demandantes tres d\u00edas h\u00e1biles para exhibir constancia de pertenecer a una comunidad ind\u00edgena maya para reconocerles el derecho a un traductor, acto que claramente viola la Constituci\u00f3n del pa\u00eds.<\/p>\n<p>Advirti\u00f3 que en el caso de no poder otorgar la evidencia en ese plazo, no podr\u00eda hacerse en un futuro, as\u00ed que quedar\u00eda fuera la posibilidad de tener un int\u00e9rprete en su lengua materna el resto del juicio. En esta forma arbitraria fue reprogramada la sesi\u00f3n para el 15 de abril de 2019 a las 13 horas.<\/p>\n<p>Por ello, con gran indignaci\u00f3n denunciamos estos actos ante la comunidad internacional por ser un atentado contra los derechos ind\u00edgenas y representar un insulto al pueblo maya, siendo un intento m\u00e1s por beneficiar a las grandes empresas multinacionales a costa de la violaci\u00f3n a los derechos de las comunidades ind\u00edgenas de este pa\u00eds.<\/p>\n<p>Denunciamos de igual manera las amenazas efectuadas directamente contra los demandantes, antes y despu\u00e9s de la mencionada audiencia, por Adrien Pierre Mallet, identificado con pasaporte extendido por el gobierno de Francia y apoderado legal de la citada multinacional, la cual ha mantenido un doble discurso con sus inversionistas y la comunidad internacional ante los cuales se dice suscriptora de los derechos ind\u00edgenas mientras que en los hechos niega el derecho m\u00e1s b\u00e1sico a las comunidades.<\/p>\n<p>La agrupaci\u00f3n dice que en su p\u00e1gina web la propia empresa manifiesta: \u201cSunPower es consciente de la necesidad espec\u00edfica de proteger los derechos de las personas ind\u00edgenas y de las minor\u00edas en los pa\u00edses donde operamos; como tal, SunPower respeta los derechos de las comunidades y culturas locales e intenta reducir los impactos en sus formas de vida\u201d.<\/p>\n<p>Sin embargo, las repetidas y graves violaciones a los derechos de la comunidad ind\u00edgena de San Jos\u00e9 Tipceh ya han llegado a los o\u00eddos del mundo causando alarma en la comunidad internacional, como consta en el informe de la Relatora Especial de la ONU, Victoria Tauli-Corpuz, en su reciente Informe de la Visita al pa\u00eds sobre \u201cSituaci\u00f3n de los derechos de los pueblos ind\u00edgenas en M\u00e9xico\u201d donde manifiesta que \u201cen el municipio de Muna, Yucat\u00e1n, las autoridades ejidales y ambientales autorizaron un parque solar que implicar\u00eda la construcci\u00f3n de m\u00e1s de un mill\u00f3n de paneles solares en territorios ind\u00edgenas, sin consultar previamente a las comunidades mayas afectadas. Se alega que los contratos previos firmados entre el ejido y la empresa han afectado el car\u00e1cter libre de la consulta y causado divisiones y conflictividad en la comunidad. Comuneros ind\u00edgenas que han cuestionado irregularidades en el proceso han sufrido amenazas, difamaciones y agresiones.\u201d<\/p>\n<p>De esta form, la Asamblea de Defensores del Territorio Maya \u201cMu?uch\u2019 Xi?inbal\u201d exigimos el respeto a las leyes fundamentales que defienden nuestros derechos como comunidades ind\u00edgenas mayas vivas y el alto inmediato a las amenazas ejercidas a los compa\u00f1eros opositores a los megaproyectos solares Vega Solar 1 y Vega Solar 2.<\/p>\n<p>Invitamos tambi\u00e9n a la sociedad a acompa\u00f1ar a los ejidatarios defensores del territorio en este proceso de defensa de la tierra y cultura, principalmente el judicial que se llevar\u00e1 a cabo el 15 de abril de 2019 a las 13 horas.<\/p>\n<p>Ofensa<\/p>\n<p>\u201cM\u00fauch\u2019 X\u00edinbal\u201d dice que con gran indignaci\u00f3n denunciamos ante la comunidad internacional este atentado contra los derechos ind\u00edgenas e insulto al pueblo maya, en un intento m\u00e1s por beneficiar a empresas multinacionales a costa de la violaci\u00f3n a los derechos de las comunidades ind\u00edgenas del pa\u00eds.<\/p>\n<p>\u201cDoble discurso\u201d<\/p>\n<p>Igual denuncia las amenazas hechas a los demandantes, antes y despu\u00e9s de la audiencia, por Adrien Pierre Mallet, identificado con pasaporte de Francia y apoderado legal de la multinacional SunPower, que tiene un doble discurso con sus inversionistas y la comunidad mundial ante los cuales se dice suscriptora de los derechos ind\u00edgenas mientras que en los hechos niega el derecho m\u00e1s b\u00e1sico a las comunidades.<\/p>\n<p><a href=\"https:\/\/www.yucatan.com.mx\/yucatan\/despojos-a-pueblo-maya\" rel=\"noopener\" target=\"_blank\">https:\/\/www.yucatan.com.mx\/yucatan\/despojos-a-pueblo-maya<\/a><\/p>\n","protected":false},"excerpt":{"rendered":"<p>Integrantes de \u201cM\u00fauch\u2019 X\u00cdinbal\u201d y la Red de Resistencia y Rebeld\u00eda Jo\u2019 acompa\u00f1an a ejidatarios de San Jos\u00e9 Tipceh que demandan a Vega Solar Diario de Yucat\u00e1n Piden traductor y &hellip; <a href=\"http:\/\/www.grieta.org.mx\/index.php\/2019\/03\/02\/despojos-a-pueblo-maya-yucatan\/\" class=\"more-link\">Leer m\u00e1s<\/a><\/p>\n","protected":false},"author":2,"featured_media":30157,"comment_status":"closed","ping_status":"closed","sticky":false,"template":"","format":"standard","meta":{"ngg_post_thumbnail":0,"_jetpack_newsletter_access":"","_jetpack_dont_email_post_to_subs":false,"_jetpack_newsletter_tier_id":0,"_jetpack_memberships_contains_paywalled_content":false,"_jetpack_memberships_contains_paid_content":false,"footnotes":""},"categories":[60,80,984,1,954,3,922,952,2,1051,1058,420,1071,36],"tags":[275,1717,262,1596],"class_list":["post-30156","post","type-post","status-publish","format-standard","has-post-thumbnail","hentry","category-16-pueblo-maya","category-cintillo","category-esp-yucatan","category-espejos-de-la-resistencia","category-espejos-estados","category-megaproyectos","category-megaproyectos-estados","category-mp-yucatan","category-noticias-nacionales","category-parques-eolicos-y-solares-en-yucatan","category-parques-eolicos-y-solares-en-yucatan-mp-yucatan","category-parques-solares","category-resistencia-al-despojo-de-tierras-ejidales-en-yucatan","category-yucatan","tag-consulta-publica-previa-libre-e-informada","tag-discriminacion-contra-indigenas","tag-parque-solar","tag-pueblos-originarios","entry"],"jetpack_featured_media_url":"http:\/\/www.grieta.org.mx\/wp-content\/uploads\/2019\/03\/SanJoseTipcehDiscriminacion.png","jetpack_sharing_enabled":true,"jetpack_shortlink":"https:\/\/wp.me\/p7ZJR4-7Qo","jetpack_likes_enabled":false,"jetpack-related-posts":[{"id":25003,"url":"http:\/\/www.grieta.org.mx\/index.php\/2018\/07\/21\/a-traves-de-la-violencia-fisica-amenazas-y-de-maniobras-legaloides-de-burocratas-federales-pretenden-imponer-parque-solar-en-muna-denuncian\/","url_meta":{"origin":30156,"position":0},"title":"A trav\u00e9s de la violencia f\u00edsica, amenazas y de maniobras legaloides de bur\u00f3cratas federales pretenden imponer parque solar en Muna, denuncian","author":"grieta","date":"21 julio, 2018","format":false,"excerpt":"Micaela Mag\u00f3n\/Infolliteras A trav\u00e9s del uso de la violencia f\u00edsica, de las amenazas y de las maniobras legaloides de bur\u00f3cratas federales y empresarios ambiciosos se pretende imponer un mega parque solar de 718 hect\u00e1reas en la comisar\u00eda de San Jos\u00e9 Tipceh. Se trata de los proyectos energ\u00e9ticos Parque Solar Ticul\u2026","rel":"","context":"En &quot;16. Pueblo Maya&quot;","block_context":{"text":"16. Pueblo Maya","link":"http:\/\/www.grieta.org.mx\/index.php\/category\/espejos-de-la-resistencia\/16-pueblo-maya\/"},"img":{"alt_text":"","src":"https:\/\/i0.wp.com\/www.grieta.org.mx\/wp-content\/uploads\/2018\/07\/solar5344-yjbfe5hbjh.jpg?resize=350%2C200","width":350,"height":200,"srcset":"https:\/\/i0.wp.com\/www.grieta.org.mx\/wp-content\/uploads\/2018\/07\/solar5344-yjbfe5hbjh.jpg?resize=350%2C200 1x, https:\/\/i0.wp.com\/www.grieta.org.mx\/wp-content\/uploads\/2018\/07\/solar5344-yjbfe5hbjh.jpg?resize=525%2C300 1.5x, https:\/\/i0.wp.com\/www.grieta.org.mx\/wp-content\/uploads\/2018\/07\/solar5344-yjbfe5hbjh.jpg?resize=700%2C400 2x"},"classes":[]},{"id":35945,"url":"http:\/\/www.grieta.org.mx\/index.php\/2019\/07\/05\/expansion-de-megaproyectos-en-la-peninsula-de-yucatan-video\/","url_meta":{"origin":30156,"position":1},"title":"Expansi\u00f3n de Megaproyectos en la Pen\u00ednsula de Yucat\u00e1n (Video)","author":"grieta","date":"5 julio, 2019","format":false,"excerpt":"https:\/\/youtu.be\/qLBARIAaBsI","rel":"","context":"En &quot;Campeche&quot;","block_context":{"text":"Campeche","link":"http:\/\/www.grieta.org.mx\/index.php\/category\/noticias-nacionales\/campeche\/"},"img":{"alt_text":"","src":"https:\/\/i0.wp.com\/img.youtube.com\/vi\/qLBARIAaBsI\/0.jpg?resize=350%2C200","width":350,"height":200},"classes":[]},{"id":58003,"url":"http:\/\/www.grieta.org.mx\/index.php\/2021\/03\/27\/son-proyectos-que-no-estan-siendo-consultados-por-tren-maya-se-harian-10-parques-solares-activistas-de-yucatan-no-quieren-mas-despojo-de-tierras\/","url_meta":{"origin":30156,"position":2},"title":"\u201cSon proyectos que no est\u00e1n siendo consultados\u201d: Por Tren Maya, se har\u00edan 10 parques solares; activistas de Yucat\u00e1n no quieren m\u00e1s despojo de tierras","author":"grieta","date":"27 marzo, 2021","format":false,"excerpt":"Itzel Chan \/ Noticaribe M\u00c9RIDA, MX.- Ante el anuncio relacionado con la construcci\u00f3n de 10 parques de energ\u00eda solar para abastecer los tramos electrificados del Tren Maya, integrantes de la Asamblea de Defensores del Territorio Maya M\u00fauch\u2019 X\u00edinbal, se pronuncian desde ahora que se oponen a m\u00e1s despojo de tierras.\u2026","rel":"","context":"En &quot;Campeche&quot;","block_context":{"text":"Campeche","link":"http:\/\/www.grieta.org.mx\/index.php\/category\/noticias-nacionales\/campeche\/"},"img":{"alt_text":"","src":"https:\/\/i0.wp.com\/www.grieta.org.mx\/wp-content\/uploads\/2021\/03\/ParquesSolaresTrenMalla-e1616978369383.png?resize=350%2C200","width":350,"height":200,"srcset":"https:\/\/i0.wp.com\/www.grieta.org.mx\/wp-content\/uploads\/2021\/03\/ParquesSolaresTrenMalla-e1616978369383.png?resize=350%2C200 1x, https:\/\/i0.wp.com\/www.grieta.org.mx\/wp-content\/uploads\/2021\/03\/ParquesSolaresTrenMalla-e1616978369383.png?resize=525%2C300 1.5x, https:\/\/i0.wp.com\/www.grieta.org.mx\/wp-content\/uploads\/2021\/03\/ParquesSolaresTrenMalla-e1616978369383.png?resize=700%2C400 2x"},"classes":[]},{"id":30641,"url":"http:\/\/www.grieta.org.mx\/index.php\/2019\/03\/11\/energias-limpias-con-procedimientos-puercos-en-yucatan\/","url_meta":{"origin":30156,"position":3},"title":"\u2018Energ\u00edas limpias\u2019 con procedimientos puercos en Yucat\u00e1n","author":"grieta","date":"11 marzo, 2019","format":false,"excerpt":"Yucat\u00e1n Ahora Representantes ejidales de Valladolid, Sinanch\u00e9, Muna e Ixil declararon que promotores de empresas fotovoltaicas y e\u00f3licas que pretenden instalarse en Yucat\u00e1n los han despojado de sus tierras bajo enga\u00f1os. En conferencia de prensa, los afectados informaron que han este estos hechos han interpuesto demandas ante el Tribunal Agrario\u2026","rel":"","context":"En &quot;16. Pueblo Maya&quot;","block_context":{"text":"16. Pueblo Maya","link":"http:\/\/www.grieta.org.mx\/index.php\/category\/espejos-de-la-resistencia\/16-pueblo-maya\/"},"img":{"alt_text":"","src":"https:\/\/i0.wp.com\/www.grieta.org.mx\/wp-content\/uploads\/2019\/03\/EnergiasLimpiasProcedimientosPuercos.png?resize=350%2C200","width":350,"height":200,"srcset":"https:\/\/i0.wp.com\/www.grieta.org.mx\/wp-content\/uploads\/2019\/03\/EnergiasLimpiasProcedimientosPuercos.png?resize=350%2C200 1x, https:\/\/i0.wp.com\/www.grieta.org.mx\/wp-content\/uploads\/2019\/03\/EnergiasLimpiasProcedimientosPuercos.png?resize=525%2C300 1.5x, https:\/\/i0.wp.com\/www.grieta.org.mx\/wp-content\/uploads\/2019\/03\/EnergiasLimpiasProcedimientosPuercos.png?resize=700%2C400 2x, https:\/\/i0.wp.com\/www.grieta.org.mx\/wp-content\/uploads\/2019\/03\/EnergiasLimpiasProcedimientosPuercos.png?resize=1050%2C600 3x"},"classes":[]},{"id":25360,"url":"http:\/\/www.grieta.org.mx\/index.php\/2018\/07\/31\/en-la-ilegalidad-los-20-proyectos-de-energia-renovable-en-yucatan\/","url_meta":{"origin":30156,"position":4},"title":"En la ilegalidad los 20 proyectos de energ\u00eda renovable en Yucat\u00e1n","author":"grieta","date":"31 julio, 2018","format":false,"excerpt":"Yucat\u00e1n Ahora Bajo la ilegalidad se desarrollan los 20 megaproyectos de energ\u00eda renovable en Yucat\u00e1n, ya que ninguno ha hecho la Evaluaci\u00f3n Ambiental Estrat\u00e9gica (EAE) y s\u00f3lo dos ya efectuaron una Consulta Ind\u00edgena pero ambas s\u00f3lo benefician al sector empresarial, afirm\u00f3 el especialista de la Unidad M\u00e9rida del Centro de\u2026","rel":"","context":"En &quot;16. Pueblo Maya&quot;","block_context":{"text":"16. Pueblo Maya","link":"http:\/\/www.grieta.org.mx\/index.php\/category\/espejos-de-la-resistencia\/16-pueblo-maya\/"},"img":{"alt_text":"","src":"https:\/\/i0.wp.com\/www.grieta.org.mx\/wp-content\/uploads\/2018\/08\/Eolicas.png?resize=350%2C200","width":350,"height":200,"srcset":"https:\/\/i0.wp.com\/www.grieta.org.mx\/wp-content\/uploads\/2018\/08\/Eolicas.png?resize=350%2C200 1x, https:\/\/i0.wp.com\/www.grieta.org.mx\/wp-content\/uploads\/2018\/08\/Eolicas.png?resize=525%2C300 1.5x, https:\/\/i0.wp.com\/www.grieta.org.mx\/wp-content\/uploads\/2018\/08\/Eolicas.png?resize=700%2C400 2x"},"classes":[]},{"id":27851,"url":"http:\/\/www.grieta.org.mx\/index.php\/2018\/12\/02\/mayas-de-la-peninsula-de-yucatan-refrendan-su-compromiso-de-defender-su-territorio\/","url_meta":{"origin":30156,"position":5},"title":"Mayas de la Pen\u00ednsula de Yucat\u00e1n refrendan su compromiso de defender su territorio","author":"grieta","date":"2 diciembre, 2018","format":false,"excerpt":"MayaPolitikon Dziuch\u00e9, Quintana Roo .\u00ad\u2013 Representantes de pueblos mayas de la Pen\u00ednsula de Yucat\u00e1n refrendaron su compromiso de trabajar juntos en la protecci\u00f3n de su territorio, sus tierras y su manera de vivir. Reunidos hoy en Dziuch\u00e9, Quintana Roo, expresaron asimismo su profunda desconfianza en los gobiernos de los tres\u2026","rel":"","context":"En &quot;16. Pueblo Maya&quot;","block_context":{"text":"16. Pueblo Maya","link":"http:\/\/www.grieta.org.mx\/index.php\/category\/espejos-de-la-resistencia\/16-pueblo-maya\/"},"img":{"alt_text":"","src":"https:\/\/i0.wp.com\/www.grieta.org.mx\/wp-content\/uploads\/2018\/12\/abejas.jpg?resize=350%2C200","width":350,"height":200,"srcset":"https:\/\/i0.wp.com\/www.grieta.org.mx\/wp-content\/uploads\/2018\/12\/abejas.jpg?resize=350%2C200 1x, https:\/\/i0.wp.com\/www.grieta.org.mx\/wp-content\/uploads\/2018\/12\/abejas.jpg?resize=525%2C300 1.5x, https:\/\/i0.wp.com\/www.grieta.org.mx\/wp-content\/uploads\/2018\/12\/abejas.jpg?resize=700%2C400 2x"},"classes":[]}],"_links":{"self":[{"href":"http:\/\/www.grieta.org.mx\/index.php\/wp-json\/wp\/v2\/posts\/30156","targetHints":{"allow":["GET"]}}],"collection":[{"href":"http:\/\/www.grieta.org.mx\/index.php\/wp-json\/wp\/v2\/posts"}],"about":[{"href":"http:\/\/www.grieta.org.mx\/index.php\/wp-json\/wp\/v2\/types\/post"}],"author":[{"embeddable":true,"href":"http:\/\/www.grieta.org.mx\/index.php\/wp-json\/wp\/v2\/users\/2"}],"replies":[{"embeddable":true,"href":"http:\/\/www.grieta.org.mx\/index.php\/wp-json\/wp\/v2\/comments?post=30156"}],"version-history":[{"count":1,"href":"http:\/\/www.grieta.org.mx\/index.php\/wp-json\/wp\/v2\/posts\/30156\/revisions"}],"predecessor-version":[{"id":30160,"href":"http:\/\/www.grieta.org.mx\/index.php\/wp-json\/wp\/v2\/posts\/30156\/revisions\/30160"}],"wp:featuredmedia":[{"embeddable":true,"href":"http:\/\/www.grieta.org.mx\/index.php\/wp-json\/wp\/v2\/media\/30157"}],"wp:attachment":[{"href":"http:\/\/www.grieta.org.mx\/index.php\/wp-json\/wp\/v2\/media?parent=30156"}],"wp:term":[{"taxonomy":"category","embeddable":true,"href":"http:\/\/www.grieta.org.mx\/index.php\/wp-json\/wp\/v2\/categories?post=30156"},{"taxonomy":"post_tag","embeddable":true,"href":"http:\/\/www.grieta.org.mx\/index.php\/wp-json\/wp\/v2\/tags?post=30156"}],"curies":[{"name":"wp","href":"https:\/\/api.w.org\/{rel}","templated":true}]}}