{"id":3014,"date":"2015-02-21T23:04:05","date_gmt":"2015-02-21T23:04:05","guid":{"rendered":"http:\/\/50.22.11.12\/~grietaor\/?p=3014"},"modified":"2016-03-13T23:08:46","modified_gmt":"2016-03-13T23:08:46","slug":"bacalar-recaban-firmas-para-cancelar-el-nuevo-uso-horario","status":"publish","type":"post","link":"http:\/\/www.grieta.org.mx\/index.php\/2015\/02\/21\/bacalar-recaban-firmas-para-cancelar-el-nuevo-uso-horario\/","title":{"rendered":"Bacalar, recaban firmas para cancelar el nuevo uso horario"},"content":{"rendered":"<p>Por las redes sociales, Facebook principalmente, bacalarenses opositores al nuevo uso horario del Estado de Quintana roo convocaron a los ciudadanos del d\u00e9cimo municipio a firmar en contra de esa disposici\u00f3n.<\/p>\n<p>La invitaci\u00f3n indicaba el d\u00eda s\u00e1bado 21 de febrero\/2015 en el parque central para plasmar su firma en contra del nuevo uso horario. Desde las 9 de la ma\u00f1ana hasta las 4 pm alrededor de 200 bacalarenses firmaron en contra del horario. Posteriormente se continu\u00f3 con las firmas pero en un local particular en la calle 22 entre avenida 11 y 13.<\/p>\n<p>La mayor\u00eda de los firmantes fueron padres de familia con hijos que estudian en el turno matutino, argumentan que sus hijos se han enfermado de las v\u00edas respiratorias debido a que entran a la escuela cuando a\u00fan no est\u00e1 completamente claro. Tambi\u00e9n indican que temen por su seguridad debido a que los rateros y asaltantes pueden aprovechar la oscuridad para cometer sus fechor\u00edas.<\/p>\n<p><a href=\"http:\/\/www.bacalarnews.com\/index.php\/quintana-roo\/item\/1644-bacalar-recaban-firmas-para-cancelar-el-nuevo-uso-horario\" target=\"_blank\">www.bacalarnews.com\/index.php\/quintana-roo\/item\/1644-bacalar-recaban-firmas-para-cancelar-el-nuevo-uso-horario<\/a><\/p>\n","protected":false},"excerpt":{"rendered":"<p>Por las redes sociales, Facebook principalmente, bacalarenses opositores al nuevo uso horario del Estado de Quintana roo convocaron a los ciudadanos del d\u00e9cimo municipio a firmar en contra de esa &hellip; <a href=\"http:\/\/www.grieta.org.mx\/index.php\/2015\/02\/21\/bacalar-recaban-firmas-para-cancelar-el-nuevo-uso-horario\/\" class=\"more-link\">Leer m\u00e1s<\/a><\/p>\n","protected":false},"author":2,"featured_media":21928,"comment_status":"closed","ping_status":"open","sticky":false,"template":"","format":"standard","meta":{"ngg_post_thumbnail":0,"_jetpack_newsletter_access":"","_jetpack_dont_email_post_to_subs":false,"_jetpack_newsletter_tier_id":0,"_jetpack_memberships_contains_paywalled_content":false,"_jetpack_memberships_contains_paid_content":false,"footnotes":""},"categories":[80,151],"tags":[],"class_list":["post-3014","post","type-post","status-publish","format-standard","has-post-thumbnail","hentry","category-cintillo","category-quintana-roo","entry"],"jetpack_featured_media_url":"http:\/\/www.grieta.org.mx\/wp-content\/uploads\/2018\/03\/14524434_1106112876131411_958039263622046936_o.jpg","jetpack_sharing_enabled":true,"jetpack_shortlink":"https:\/\/wp.me\/p7ZJR4-MC","jetpack_likes_enabled":false,"jetpack-related-posts":[{"id":3010,"url":"http:\/\/www.grieta.org.mx\/index.php\/2015\/03\/11\/protestan-contra-cambio-de-horario-en-quintana-roo\/","url_meta":{"origin":3014,"position":0},"title":"Protestan contra cambio de horario en Quintana Roo","author":"grieta","date":"11 marzo, 2015","format":false,"excerpt":"11\/03\/15. Padres de familia se oponen a otro cambio de horarioNovedadedes Quintana Roo (Sipse) 21\/02\/15. Bacalar, recaban firmas para cancelar el nuevo uso horarioBacalar News 19\/02\/15. Promueven amparos masivos contra el cambio de horario en Quintana RooProceso","rel":"","context":"En &quot;NOTICIAS NACIONALES&quot;","block_context":{"text":"NOTICIAS NACIONALES","link":"http:\/\/www.grieta.org.mx\/index.php\/category\/noticias-nacionales\/"},"img":{"alt_text":"","src":"https:\/\/i0.wp.com\/www.grieta.org.mx\/wp-content\/uploads\/2018\/03\/14524434_1106112876131411_958039263622046936_o.jpg?resize=350%2C200","width":350,"height":200,"srcset":"https:\/\/i0.wp.com\/www.grieta.org.mx\/wp-content\/uploads\/2018\/03\/14524434_1106112876131411_958039263622046936_o.jpg?resize=350%2C200 1x, https:\/\/i0.wp.com\/www.grieta.org.mx\/wp-content\/uploads\/2018\/03\/14524434_1106112876131411_958039263622046936_o.jpg?resize=525%2C300 1.5x, https:\/\/i0.wp.com\/www.grieta.org.mx\/wp-content\/uploads\/2018\/03\/14524434_1106112876131411_958039263622046936_o.jpg?resize=700%2C400 2x"},"classes":[]},{"id":3016,"url":"http:\/\/www.grieta.org.mx\/index.php\/2015\/02\/19\/promueven-amparos-masivos-contra-el-cambio-de-horario-en-quintana-roo\/","url_meta":{"origin":3014,"position":1},"title":"Promueven amparos masivos contra el cambio de horario en Quintana Roo","author":"grieta","date":"19 febrero, 2015","format":false,"excerpt":"CANC\u00daN, MX.- La organizaci\u00f3n \u201cNo al Cambio de Horario en Quintana Roo\u201d public\u00f3 en su sitio web formatos de amparo a efecto de que los padres de familia que se oponen a la aplicaci\u00f3n de la zona horaria del estado inicien a partir de hoy los juicios de garant\u00edas para\u2026","rel":"","context":"En &quot;CINTILLO&quot;","block_context":{"text":"CINTILLO","link":"http:\/\/www.grieta.org.mx\/index.php\/category\/cintillo\/"},"img":{"alt_text":"","src":"https:\/\/i0.wp.com\/www.grieta.org.mx\/wp-content\/uploads\/2018\/03\/14524434_1106112876131411_958039263622046936_o.jpg?resize=350%2C200","width":350,"height":200,"srcset":"https:\/\/i0.wp.com\/www.grieta.org.mx\/wp-content\/uploads\/2018\/03\/14524434_1106112876131411_958039263622046936_o.jpg?resize=350%2C200 1x, https:\/\/i0.wp.com\/www.grieta.org.mx\/wp-content\/uploads\/2018\/03\/14524434_1106112876131411_958039263622046936_o.jpg?resize=525%2C300 1.5x, https:\/\/i0.wp.com\/www.grieta.org.mx\/wp-content\/uploads\/2018\/03\/14524434_1106112876131411_958039263622046936_o.jpg?resize=700%2C400 2x"},"classes":[]},{"id":25968,"url":"http:\/\/www.grieta.org.mx\/index.php\/2018\/08\/30\/asesinan-a-camarografo-de-televisora-local-de-quintana-roo\/","url_meta":{"origin":3014,"position":2},"title":"Asesinan a camar\u00f3grafo de televisora local de Quintana Roo","author":"grieta","date":"30 agosto, 2018","format":false,"excerpt":"Proceso CIUDAD DE M\u00c9XICO (apro).- La Fiscal\u00eda General de Quintana Roo inform\u00f3 del asesinato la tarde del mi\u00e9rcoles pasado de un camar\u00f3grafo de un canal local y una persona m\u00e1s que no ha sido identificada. La Fiscal\u00eda refiri\u00f3 en un comunicado, que el camar\u00f3grafo se encontraba fuera de su horario\u2026","rel":"","context":"En &quot;CINTILLO&quot;","block_context":{"text":"CINTILLO","link":"http:\/\/www.grieta.org.mx\/index.php\/category\/cintillo\/"},"img":{"alt_text":"","src":"https:\/\/i0.wp.com\/www.grieta.org.mx\/wp-content\/uploads\/2018\/08\/javier-1078x750.jpg?resize=350%2C200","width":350,"height":200,"srcset":"https:\/\/i0.wp.com\/www.grieta.org.mx\/wp-content\/uploads\/2018\/08\/javier-1078x750.jpg?resize=350%2C200 1x, https:\/\/i0.wp.com\/www.grieta.org.mx\/wp-content\/uploads\/2018\/08\/javier-1078x750.jpg?resize=525%2C300 1.5x, https:\/\/i0.wp.com\/www.grieta.org.mx\/wp-content\/uploads\/2018\/08\/javier-1078x750.jpg?resize=700%2C400 2x, https:\/\/i0.wp.com\/www.grieta.org.mx\/wp-content\/uploads\/2018\/08\/javier-1078x750.jpg?resize=1050%2C600 3x"},"classes":[]},{"id":17435,"url":"http:\/\/www.grieta.org.mx\/index.php\/2016\/07\/20\/firmas-contra-transgenicos-campeche\/","url_meta":{"origin":3014,"position":3},"title":"Firmas contra transg\u00e9nicos (Campeche)","author":"grieta","date":"20 julio, 2016","format":false,"excerpt":"Ejidatarios de Iturbide, Hopelch\u00e9n, entregaron ayer documento con 540 firmas a la Comisi\u00f3n de Derechos Humanos del Estado de Campeche (Codhecam), en que rechazan la siembra de soya transg\u00e9nica, ya que la consideran da\u00f1ina para la salud y de inter\u00e9s exclusivo de menonitas. Los comisarios ejidal y municipal Abelardo Brice\u00f1o\u2026","rel":"","context":"En &quot;16. Pueblo Maya&quot;","block_context":{"text":"16. Pueblo Maya","link":"http:\/\/www.grieta.org.mx\/index.php\/category\/espejos-de-la-resistencia\/16-pueblo-maya\/"},"img":{"alt_text":"","src":"https:\/\/i0.wp.com\/www.grieta.org.mx\/wp-content\/uploads\/2018\/03\/14524434_1106112876131411_958039263622046936_o.jpg?resize=350%2C200","width":350,"height":200,"srcset":"https:\/\/i0.wp.com\/www.grieta.org.mx\/wp-content\/uploads\/2018\/03\/14524434_1106112876131411_958039263622046936_o.jpg?resize=350%2C200 1x, https:\/\/i0.wp.com\/www.grieta.org.mx\/wp-content\/uploads\/2018\/03\/14524434_1106112876131411_958039263622046936_o.jpg?resize=525%2C300 1.5x, https:\/\/i0.wp.com\/www.grieta.org.mx\/wp-content\/uploads\/2018\/03\/14524434_1106112876131411_958039263622046936_o.jpg?resize=700%2C400 2x"},"classes":[]},{"id":3012,"url":"http:\/\/www.grieta.org.mx\/index.php\/2015\/03\/11\/padres-de-familia-se-oponen-a-otro-cambio-de-horario\/","url_meta":{"origin":3014,"position":4},"title":"Padres de familia se oponen a otro cambio de horario","author":"grieta","date":"11 marzo, 2015","format":false,"excerpt":"PLAYA DEL CARMEN, Q. Roo.- Padres de familia difieren de la propuesta de adelantar una hora m\u00e1s el reloj pues prev\u00e9n que ser\u00eda contraproducente para el desarrollo y aprendizaje \u00f3ptimo de sus hijos, debido al trastorno del sue\u00f1o que sufrir\u00edan; mientras que la senadora Luz Mar\u00eda Beristain Navarrete dijo que\u2026","rel":"","context":"En &quot;CINTILLO&quot;","block_context":{"text":"CINTILLO","link":"http:\/\/www.grieta.org.mx\/index.php\/category\/cintillo\/"},"img":{"alt_text":"","src":"https:\/\/i0.wp.com\/www.grieta.org.mx\/wp-content\/uploads\/2018\/03\/14524434_1106112876131411_958039263622046936_o.jpg?resize=350%2C200","width":350,"height":200,"srcset":"https:\/\/i0.wp.com\/www.grieta.org.mx\/wp-content\/uploads\/2018\/03\/14524434_1106112876131411_958039263622046936_o.jpg?resize=350%2C200 1x, https:\/\/i0.wp.com\/www.grieta.org.mx\/wp-content\/uploads\/2018\/03\/14524434_1106112876131411_958039263622046936_o.jpg?resize=525%2C300 1.5x, https:\/\/i0.wp.com\/www.grieta.org.mx\/wp-content\/uploads\/2018\/03\/14524434_1106112876131411_958039263622046936_o.jpg?resize=700%2C400 2x"},"classes":[]},{"id":65993,"url":"http:\/\/www.grieta.org.mx\/index.php\/2022\/12\/17\/habitantes-de-colonias-irregulares-protestan-de-nuevo-contra-cfe-en-cancun-quintana-roo\/","url_meta":{"origin":3014,"position":5},"title":"Habitantes de colonias irregulares protestan de nuevo contra CFE en Canc\u00fan (Quintana Roo)","author":"grieta","date":"17 diciembre, 2022","format":false,"excerpt":"Eduardo del Valle \/ Novedades Quintana Roo M\u00e1s de 30 personas de al menos una treintena de colonias irregulares de Canc\u00fan bloquearon la carretera Canc\u00fan-M\u00e9rida por varias horas, en protesta por la negativa de la Comisi\u00f3n Federal de Electricidad (CFE) de instalar medidores para que cuenten con el servicio de\u2026","rel":"","context":"En &quot;CINTILLO&quot;","block_context":{"text":"CINTILLO","link":"http:\/\/www.grieta.org.mx\/index.php\/category\/cintillo\/"},"img":{"alt_text":"","src":"https:\/\/i0.wp.com\/www.grieta.org.mx\/wp-content\/uploads\/2022\/12\/BloqueoCancun-e1672005474302.jpg?resize=350%2C200","width":350,"height":200,"srcset":"https:\/\/i0.wp.com\/www.grieta.org.mx\/wp-content\/uploads\/2022\/12\/BloqueoCancun-e1672005474302.jpg?resize=350%2C200 1x, https:\/\/i0.wp.com\/www.grieta.org.mx\/wp-content\/uploads\/2022\/12\/BloqueoCancun-e1672005474302.jpg?resize=525%2C300 1.5x, https:\/\/i0.wp.com\/www.grieta.org.mx\/wp-content\/uploads\/2022\/12\/BloqueoCancun-e1672005474302.jpg?resize=700%2C400 2x"},"classes":[]}],"_links":{"self":[{"href":"http:\/\/www.grieta.org.mx\/index.php\/wp-json\/wp\/v2\/posts\/3014","targetHints":{"allow":["GET"]}}],"collection":[{"href":"http:\/\/www.grieta.org.mx\/index.php\/wp-json\/wp\/v2\/posts"}],"about":[{"href":"http:\/\/www.grieta.org.mx\/index.php\/wp-json\/wp\/v2\/types\/post"}],"author":[{"embeddable":true,"href":"http:\/\/www.grieta.org.mx\/index.php\/wp-json\/wp\/v2\/users\/2"}],"replies":[{"embeddable":true,"href":"http:\/\/www.grieta.org.mx\/index.php\/wp-json\/wp\/v2\/comments?post=3014"}],"version-history":[{"count":1,"href":"http:\/\/www.grieta.org.mx\/index.php\/wp-json\/wp\/v2\/posts\/3014\/revisions"}],"predecessor-version":[{"id":3015,"href":"http:\/\/www.grieta.org.mx\/index.php\/wp-json\/wp\/v2\/posts\/3014\/revisions\/3015"}],"wp:featuredmedia":[{"embeddable":true,"href":"http:\/\/www.grieta.org.mx\/index.php\/wp-json\/wp\/v2\/media\/21928"}],"wp:attachment":[{"href":"http:\/\/www.grieta.org.mx\/index.php\/wp-json\/wp\/v2\/media?parent=3014"}],"wp:term":[{"taxonomy":"category","embeddable":true,"href":"http:\/\/www.grieta.org.mx\/index.php\/wp-json\/wp\/v2\/categories?post=3014"},{"taxonomy":"post_tag","embeddable":true,"href":"http:\/\/www.grieta.org.mx\/index.php\/wp-json\/wp\/v2\/tags?post=3014"}],"curies":[{"name":"wp","href":"https:\/\/api.w.org\/{rel}","templated":true}]}}