{"id":3012,"date":"2015-03-11T22:57:50","date_gmt":"2015-03-11T22:57:50","guid":{"rendered":"http:\/\/50.22.11.12\/~grietaor\/?p=3012"},"modified":"2016-03-13T23:03:23","modified_gmt":"2016-03-13T23:03:23","slug":"padres-de-familia-se-oponen-a-otro-cambio-de-horario","status":"publish","type":"post","link":"http:\/\/www.grieta.org.mx\/index.php\/2015\/03\/11\/padres-de-familia-se-oponen-a-otro-cambio-de-horario\/","title":{"rendered":"Padres de familia se oponen a otro cambio de horario"},"content":{"rendered":"<p>PLAYA DEL CARMEN, Q. Roo.- Padres de familia difieren de la propuesta de adelantar una hora m\u00e1s el reloj pues prev\u00e9n que ser\u00eda contraproducente para el desarrollo y aprendizaje \u00f3ptimo de sus hijos, debido al trastorno del sue\u00f1o que sufrir\u00edan; mientras que la senadora Luz Mar\u00eda Beristain Navarrete dijo que los turistas deber\u00edan acoplarse a las costumbres y la hora en que sale el sol en Quintana Roo.<\/p>\n<p>\u201cCreo que ser\u00eda cambiar ya mayormente el reloj biol\u00f3gico de todos, especialmente de los ni\u00f1os y podr\u00eda afectar directamente a su aprovechamiento escolar\u201d, dijo Andr\u00e9s Peralta, padre de familia.<\/p>\n<p>En el mismo sentido se pronunci\u00f3 Mario Arsique Pech, presidente de la Asociaci\u00f3n de Padres de Familia, quien consider\u00f3 que el beneficio que pudieran tener las empresas por la medida de adelantar el reloj no deber\u00eda ser en detrimento de la ciudadan\u00eda que tiene establecidas sus rutinas.<br \/>\n\u201cEso de levantarse de madrugada para ir a la escuela al final va a afectar a todos los alumnos pero tambi\u00e9n a los pap\u00e1s\u201d<\/p>\n<p>\u201cEso de levantarse de madrugada para ir a la escuela al final va a afectar a todos los alumnos pero tambi\u00e9n a los pap\u00e1s, porque tambi\u00e9n tienen que adelantar sus actividades\u201d, coment\u00f3.<br \/>\nLa propuesta<\/p>\n<p>Laura Fern\u00e1ndez Pi\u00f1a, secretaria de Turismo estatal, anunci\u00f3 que para el a\u00f1o 2016 se buscar\u00e1 homologar por completo el horario de Quintana Roo con el de la costa este de Estados Unidos, de manera que en verano este Estado adelantar\u00eda una hora adicional a la que se aplica desde febrero.<\/p>\n<p>Por su parte, Beristain Navarrete declar\u00f3: \u201ces lamentable que se est\u00e9 generando esta serie de cambios cuando el turista lo que quiere es una experiencia de viaje y en ello est\u00e1 inmerso el horario. Todos los viajeros tienen que adaptarse a los horarios de los pa\u00edses donde viaja, eso no lo est\u00e1n viendo en la propuesta que busca el beneficio de unos cuantos\u201d.<\/p>\n<p><a href=\"http:\/\/sipse.com\/novedades\/padres-de-familia-se-oponen-a-otro-cambio-de-horario-141491.html\" target=\"_blank\">sipse.com\/novedades\/padres-de-familia-se-oponen-a-otro-cambio-de-horario-141491.html<\/a><\/p>\n","protected":false},"excerpt":{"rendered":"<p>PLAYA DEL CARMEN, Q. Roo.- Padres de familia difieren de la propuesta de adelantar una hora m\u00e1s el reloj pues prev\u00e9n que ser\u00eda contraproducente para el desarrollo y aprendizaje \u00f3ptimo &hellip; <a href=\"http:\/\/www.grieta.org.mx\/index.php\/2015\/03\/11\/padres-de-familia-se-oponen-a-otro-cambio-de-horario\/\" class=\"more-link\">Leer m\u00e1s<\/a><\/p>\n","protected":false},"author":2,"featured_media":21928,"comment_status":"closed","ping_status":"open","sticky":false,"template":"","format":"standard","meta":{"ngg_post_thumbnail":0,"_jetpack_newsletter_access":"","_jetpack_dont_email_post_to_subs":false,"_jetpack_newsletter_tier_id":0,"_jetpack_memberships_contains_paywalled_content":false,"_jetpack_memberships_contains_paid_content":false,"footnotes":""},"categories":[80,151],"tags":[],"class_list":["post-3012","post","type-post","status-publish","format-standard","has-post-thumbnail","hentry","category-cintillo","category-quintana-roo","entry"],"jetpack_featured_media_url":"http:\/\/www.grieta.org.mx\/wp-content\/uploads\/2018\/03\/14524434_1106112876131411_958039263622046936_o.jpg","jetpack_sharing_enabled":true,"jetpack_shortlink":"https:\/\/wp.me\/p7ZJR4-MA","jetpack_likes_enabled":false,"jetpack-related-posts":[{"id":3010,"url":"http:\/\/www.grieta.org.mx\/index.php\/2015\/03\/11\/protestan-contra-cambio-de-horario-en-quintana-roo\/","url_meta":{"origin":3012,"position":0},"title":"Protestan contra cambio de horario en Quintana Roo","author":"grieta","date":"11 marzo, 2015","format":false,"excerpt":"11\/03\/15. Padres de familia se oponen a otro cambio de horarioNovedadedes Quintana Roo (Sipse) 21\/02\/15. Bacalar, recaban firmas para cancelar el nuevo uso horarioBacalar News 19\/02\/15. Promueven amparos masivos contra el cambio de horario en Quintana RooProceso","rel":"","context":"En &quot;NOTICIAS NACIONALES&quot;","block_context":{"text":"NOTICIAS NACIONALES","link":"http:\/\/www.grieta.org.mx\/index.php\/category\/noticias-nacionales\/"},"img":{"alt_text":"","src":"https:\/\/i0.wp.com\/www.grieta.org.mx\/wp-content\/uploads\/2018\/03\/14524434_1106112876131411_958039263622046936_o.jpg?resize=350%2C200","width":350,"height":200,"srcset":"https:\/\/i0.wp.com\/www.grieta.org.mx\/wp-content\/uploads\/2018\/03\/14524434_1106112876131411_958039263622046936_o.jpg?resize=350%2C200 1x, https:\/\/i0.wp.com\/www.grieta.org.mx\/wp-content\/uploads\/2018\/03\/14524434_1106112876131411_958039263622046936_o.jpg?resize=525%2C300 1.5x, https:\/\/i0.wp.com\/www.grieta.org.mx\/wp-content\/uploads\/2018\/03\/14524434_1106112876131411_958039263622046936_o.jpg?resize=700%2C400 2x"},"classes":[]},{"id":3016,"url":"http:\/\/www.grieta.org.mx\/index.php\/2015\/02\/19\/promueven-amparos-masivos-contra-el-cambio-de-horario-en-quintana-roo\/","url_meta":{"origin":3012,"position":1},"title":"Promueven amparos masivos contra el cambio de horario en Quintana Roo","author":"grieta","date":"19 febrero, 2015","format":false,"excerpt":"CANC\u00daN, MX.- La organizaci\u00f3n \u201cNo al Cambio de Horario en Quintana Roo\u201d public\u00f3 en su sitio web formatos de amparo a efecto de que los padres de familia que se oponen a la aplicaci\u00f3n de la zona horaria del estado inicien a partir de hoy los juicios de garant\u00edas para\u2026","rel":"","context":"En &quot;CINTILLO&quot;","block_context":{"text":"CINTILLO","link":"http:\/\/www.grieta.org.mx\/index.php\/category\/cintillo\/"},"img":{"alt_text":"","src":"https:\/\/i0.wp.com\/www.grieta.org.mx\/wp-content\/uploads\/2018\/03\/14524434_1106112876131411_958039263622046936_o.jpg?resize=350%2C200","width":350,"height":200,"srcset":"https:\/\/i0.wp.com\/www.grieta.org.mx\/wp-content\/uploads\/2018\/03\/14524434_1106112876131411_958039263622046936_o.jpg?resize=350%2C200 1x, https:\/\/i0.wp.com\/www.grieta.org.mx\/wp-content\/uploads\/2018\/03\/14524434_1106112876131411_958039263622046936_o.jpg?resize=525%2C300 1.5x, https:\/\/i0.wp.com\/www.grieta.org.mx\/wp-content\/uploads\/2018\/03\/14524434_1106112876131411_958039263622046936_o.jpg?resize=700%2C400 2x"},"classes":[]},{"id":3590,"url":"http:\/\/www.grieta.org.mx\/index.php\/2016\/06\/20\/maestros-protestan-contra-la-evaluacion-del-magisterio-en-quintana-roo\/","url_meta":{"origin":3012,"position":2},"title":"Movilizaciones contra la Reforma Educativa y la evaluaci\u00f3n magisterial en Quintana Roo","author":"grieta","date":"20 junio, 2016","format":false,"excerpt":"20\/06\/16. Condenan colectivos y magisterio de Canc\u00fan represi\u00f3n en OaxacaIQ Canc\u00fan 16\/06\/16. Padres de familia cierran escuela primaria en Chetumal; no reconocen calificaciones de maestro cesado y los ni\u00f1os pierdenNoticaribe 14\/04\/16. Presentan queja formal contra intimidaci\u00f3n a ni\u00f1osSipse 14\/04\/16. Maestros despedidos pondr\u00e1n demanda contra la SEyCSipse 18\/03\/16. Padres de familia\u2026","rel":"","context":"En &quot;NOTICIAS NACIONALES&quot;","block_context":{"text":"NOTICIAS NACIONALES","link":"http:\/\/www.grieta.org.mx\/index.php\/category\/noticias-nacionales\/"},"img":{"alt_text":"","src":"https:\/\/i0.wp.com\/www.grieta.org.mx\/wp-content\/uploads\/2018\/03\/14524434_1106112876131411_958039263622046936_o.jpg?resize=350%2C200","width":350,"height":200,"srcset":"https:\/\/i0.wp.com\/www.grieta.org.mx\/wp-content\/uploads\/2018\/03\/14524434_1106112876131411_958039263622046936_o.jpg?resize=350%2C200 1x, https:\/\/i0.wp.com\/www.grieta.org.mx\/wp-content\/uploads\/2018\/03\/14524434_1106112876131411_958039263622046936_o.jpg?resize=525%2C300 1.5x, https:\/\/i0.wp.com\/www.grieta.org.mx\/wp-content\/uploads\/2018\/03\/14524434_1106112876131411_958039263622046936_o.jpg?resize=700%2C400 2x"},"classes":[]},{"id":69537,"url":"http:\/\/www.grieta.org.mx\/index.php\/2024\/08\/29\/protestan-padres-de-comunidad-de-bacalar-ante-la-seq-exigen-prestamo-de-aula-de-telesecundaria-quintana-roo\/","url_meta":{"origin":3012,"position":3},"title":"Protestan padres de comunidad de Bacalar ante la SEQ; exigen pr\u00e9stamo de aula de telesecundaria (Quintana Roo)","author":"grieta","date":"29 agosto, 2024","format":false,"excerpt":"Noticaribe CHETUMAL, MX.- Un grupo de 79 padres de familia se manifestaron ante las instalaciones de la Secretar\u00eda de Educaci\u00f3n (SEQ) para exigir que el director de la telesecundaria de Huatusco, en Bacalar, cumpla con su compromiso de prestar un sal\u00f3n para los estudiantes de bachillerato. Los inconformes portaron pancartas\u2026","rel":"","context":"En &quot;CINTILLO&quot;","block_context":{"text":"CINTILLO","link":"http:\/\/www.grieta.org.mx\/index.php\/category\/cintillo\/"},"img":{"alt_text":"","src":"https:\/\/i0.wp.com\/www.grieta.org.mx\/wp-content\/uploads\/2024\/08\/BacalarPadres-e1725140497750.jpg?resize=350%2C200","width":350,"height":200,"srcset":"https:\/\/i0.wp.com\/www.grieta.org.mx\/wp-content\/uploads\/2024\/08\/BacalarPadres-e1725140497750.jpg?resize=350%2C200 1x, https:\/\/i0.wp.com\/www.grieta.org.mx\/wp-content\/uploads\/2024\/08\/BacalarPadres-e1725140497750.jpg?resize=525%2C300 1.5x, https:\/\/i0.wp.com\/www.grieta.org.mx\/wp-content\/uploads\/2024\/08\/BacalarPadres-e1725140497750.jpg?resize=700%2C400 2x"},"classes":[]},{"id":71288,"url":"http:\/\/www.grieta.org.mx\/index.php\/2025\/03\/11\/maestros-no-estan-solos-en-su-lucha-se-manifiestan-padres-de-familia-de-escuelas-rurales-en-solidaridad-con-docentes-que-buscan-modificar-propuesta-original-de-reforma-a-ley-del-issste\/","url_meta":{"origin":3012,"position":4},"title":"&#8220;Maestros, no est\u00e1n solos en su lucha&#8221;: Se manifiestan padres de familia de escuelas rurales en solidaridad con docentes que buscan modificar propuesta original de reforma a Ley del ISSSTE","author":"grieta","date":"11 marzo, 2025","format":false,"excerpt":"Rafael Brice\u00f1o \/ Noticaribe CHETUMAL, MX.- Con benepl\u00e1cito porque no se lo esperaban, maestros que se encuentran en plant\u00f3n frente al palacio de gobierno en su lucha por la modificaci\u00f3n de la propuesta original de reforma a la Ley del ISSSTE -que promueve el gobierno federal- recibieron el apoyo espont\u00e1neo\u2026","rel":"","context":"En &quot;CINTILLO&quot;","block_context":{"text":"CINTILLO","link":"http:\/\/www.grieta.org.mx\/index.php\/category\/cintillo\/"},"img":{"alt_text":"","src":"https:\/\/i0.wp.com\/www.grieta.org.mx\/wp-content\/uploads\/2025\/03\/Padres-e1741917306829.jpg?resize=350%2C200","width":350,"height":200,"srcset":"https:\/\/i0.wp.com\/www.grieta.org.mx\/wp-content\/uploads\/2025\/03\/Padres-e1741917306829.jpg?resize=350%2C200 1x, https:\/\/i0.wp.com\/www.grieta.org.mx\/wp-content\/uploads\/2025\/03\/Padres-e1741917306829.jpg?resize=525%2C300 1.5x, https:\/\/i0.wp.com\/www.grieta.org.mx\/wp-content\/uploads\/2025\/03\/Padres-e1741917306829.jpg?resize=700%2C400 2x"},"classes":[]},{"id":14549,"url":"http:\/\/www.grieta.org.mx\/index.php\/2016\/06\/16\/padres-de-familia-cierran-escuela-primaria-en-chetumal-no-reconocen-calificaciones-de-maestro-cesado-y-los-ninos-pierden\/","url_meta":{"origin":3012,"position":5},"title":"Padres de familia cierran escuela primaria en Chetumal; no reconocen calificaciones de maestro cesado y los ni\u00f1os pierden","author":"grieta","date":"16 junio, 2016","format":false,"excerpt":"CHETUMAL, MX.- Ante el rechazo de la Secretar\u00eda de Educaci\u00f3n y Cultura del Estado de validar las calificaciones a los alumnos del docente Daniel Castro Casta\u00f1eda, quien fue dado de baja del sistema educativo por no presentar la evaluaci\u00f3n magisterial, padres de familias de la escuela primaria Fidel Vel\u00e1zquez de\u2026","rel":"","context":"En &quot;CINTILLO&quot;","block_context":{"text":"CINTILLO","link":"http:\/\/www.grieta.org.mx\/index.php\/category\/cintillo\/"},"img":{"alt_text":"","src":"https:\/\/i0.wp.com\/www.grieta.org.mx\/wp-content\/uploads\/2018\/03\/14524434_1106112876131411_958039263622046936_o.jpg?resize=350%2C200","width":350,"height":200,"srcset":"https:\/\/i0.wp.com\/www.grieta.org.mx\/wp-content\/uploads\/2018\/03\/14524434_1106112876131411_958039263622046936_o.jpg?resize=350%2C200 1x, https:\/\/i0.wp.com\/www.grieta.org.mx\/wp-content\/uploads\/2018\/03\/14524434_1106112876131411_958039263622046936_o.jpg?resize=525%2C300 1.5x, https:\/\/i0.wp.com\/www.grieta.org.mx\/wp-content\/uploads\/2018\/03\/14524434_1106112876131411_958039263622046936_o.jpg?resize=700%2C400 2x"},"classes":[]}],"_links":{"self":[{"href":"http:\/\/www.grieta.org.mx\/index.php\/wp-json\/wp\/v2\/posts\/3012","targetHints":{"allow":["GET"]}}],"collection":[{"href":"http:\/\/www.grieta.org.mx\/index.php\/wp-json\/wp\/v2\/posts"}],"about":[{"href":"http:\/\/www.grieta.org.mx\/index.php\/wp-json\/wp\/v2\/types\/post"}],"author":[{"embeddable":true,"href":"http:\/\/www.grieta.org.mx\/index.php\/wp-json\/wp\/v2\/users\/2"}],"replies":[{"embeddable":true,"href":"http:\/\/www.grieta.org.mx\/index.php\/wp-json\/wp\/v2\/comments?post=3012"}],"version-history":[{"count":1,"href":"http:\/\/www.grieta.org.mx\/index.php\/wp-json\/wp\/v2\/posts\/3012\/revisions"}],"predecessor-version":[{"id":3013,"href":"http:\/\/www.grieta.org.mx\/index.php\/wp-json\/wp\/v2\/posts\/3012\/revisions\/3013"}],"wp:featuredmedia":[{"embeddable":true,"href":"http:\/\/www.grieta.org.mx\/index.php\/wp-json\/wp\/v2\/media\/21928"}],"wp:attachment":[{"href":"http:\/\/www.grieta.org.mx\/index.php\/wp-json\/wp\/v2\/media?parent=3012"}],"wp:term":[{"taxonomy":"category","embeddable":true,"href":"http:\/\/www.grieta.org.mx\/index.php\/wp-json\/wp\/v2\/categories?post=3012"},{"taxonomy":"post_tag","embeddable":true,"href":"http:\/\/www.grieta.org.mx\/index.php\/wp-json\/wp\/v2\/tags?post=3012"}],"curies":[{"name":"wp","href":"https:\/\/api.w.org\/{rel}","templated":true}]}}