{"id":3010,"date":"2015-03-11T22:55:18","date_gmt":"2015-03-11T22:55:18","guid":{"rendered":"http:\/\/50.22.11.12\/~grietaor\/?p=3010"},"modified":"2016-03-13T23:15:01","modified_gmt":"2016-03-13T23:15:01","slug":"protestan-contra-cambio-de-horario-en-quintana-roo","status":"publish","type":"post","link":"http:\/\/www.grieta.org.mx\/index.php\/2015\/03\/11\/protestan-contra-cambio-de-horario-en-quintana-roo\/","title":{"rendered":"Protestan contra cambio de horario en Quintana Roo"},"content":{"rendered":"<p><strong>11\/03\/15. <\/strong><a href=\"http:\/\/grieta.org.mx\/index.php\/2015\/03\/11\/padres-de-familia-se-oponen-a-otro-cambio-de-horario\/\">Padres de familia se oponen a otro cambio de horario<\/a><br \/><em>Novedadedes Quintana Roo (Sipse)<\/em><br \/>\n<br \/>\n<strong>21\/02\/15. <\/strong><a href=\"http:\/\/grieta.org.mx\/index.php\/2015\/02\/21\/bacalar-recaban-firmas-para-cancelar-el-nuevo-uso-horario\/\">Bacalar, recaban firmas para cancelar el nuevo uso horario<\/a><br \/><em>Bacalar News<\/em><br \/>\n<br \/>\n<strong>19\/02\/15. <\/strong><a href=\"http:\/\/grieta.org.mx\/index.php\/2015\/02\/19\/promueven-amparos-masivos-contra-el-cambio-de-horario-en-quintana-roo\/\">Promueven amparos masivos contra el cambio de horario en Quintana Roo<\/a><br \/><em>Proceso<\/em><br \/><\/p>\n","protected":false},"excerpt":{"rendered":"<p>11\/03\/15. Padres de familia se oponen a otro cambio de horarioNovedadedes Quintana Roo (Sipse) 21\/02\/15. Bacalar, recaban firmas para cancelar el nuevo uso horarioBacalar News 19\/02\/15. Promueven amparos masivos contra &hellip; <a href=\"http:\/\/www.grieta.org.mx\/index.php\/2015\/03\/11\/protestan-contra-cambio-de-horario-en-quintana-roo\/\" class=\"more-link\">Leer m\u00e1s<\/a><\/p>\n","protected":false},"author":2,"featured_media":21928,"comment_status":"closed","ping_status":"open","sticky":false,"template":"","format":"standard","meta":{"ngg_post_thumbnail":0,"_jetpack_newsletter_access":"","_jetpack_dont_email_post_to_subs":false,"_jetpack_newsletter_tier_id":0,"_jetpack_memberships_contains_paywalled_content":false,"_jetpack_memberships_contains_paid_content":false,"footnotes":""},"categories":[2,28],"tags":[],"class_list":["post-3010","post","type-post","status-publish","format-standard","has-post-thumbnail","hentry","category-noticias-nacionales","category-quintana-roo","entry"],"jetpack_featured_media_url":"http:\/\/www.grieta.org.mx\/wp-content\/uploads\/2018\/03\/14524434_1106112876131411_958039263622046936_o.jpg","jetpack_sharing_enabled":true,"jetpack_shortlink":"https:\/\/wp.me\/p7ZJR4-My","jetpack_likes_enabled":false,"jetpack-related-posts":[{"id":3016,"url":"http:\/\/www.grieta.org.mx\/index.php\/2015\/02\/19\/promueven-amparos-masivos-contra-el-cambio-de-horario-en-quintana-roo\/","url_meta":{"origin":3010,"position":0},"title":"Promueven amparos masivos contra el cambio de horario en Quintana Roo","author":"grieta","date":"19 febrero, 2015","format":false,"excerpt":"CANC\u00daN, MX.- La organizaci\u00f3n \u201cNo al Cambio de Horario en Quintana Roo\u201d public\u00f3 en su sitio web formatos de amparo a efecto de que los padres de familia que se oponen a la aplicaci\u00f3n de la zona horaria del estado inicien a partir de hoy los juicios de garant\u00edas para\u2026","rel":"","context":"En &quot;CINTILLO&quot;","block_context":{"text":"CINTILLO","link":"http:\/\/www.grieta.org.mx\/index.php\/category\/cintillo\/"},"img":{"alt_text":"","src":"https:\/\/i0.wp.com\/www.grieta.org.mx\/wp-content\/uploads\/2018\/03\/14524434_1106112876131411_958039263622046936_o.jpg?resize=350%2C200","width":350,"height":200,"srcset":"https:\/\/i0.wp.com\/www.grieta.org.mx\/wp-content\/uploads\/2018\/03\/14524434_1106112876131411_958039263622046936_o.jpg?resize=350%2C200 1x, https:\/\/i0.wp.com\/www.grieta.org.mx\/wp-content\/uploads\/2018\/03\/14524434_1106112876131411_958039263622046936_o.jpg?resize=525%2C300 1.5x, https:\/\/i0.wp.com\/www.grieta.org.mx\/wp-content\/uploads\/2018\/03\/14524434_1106112876131411_958039263622046936_o.jpg?resize=700%2C400 2x"},"classes":[]},{"id":3649,"url":"http:\/\/www.grieta.org.mx\/index.php\/2015\/09\/15\/ejidatarios-cierran-carretera-en-protesta-contra-la-cfe-en-quintana-roo\/","url_meta":{"origin":3010,"position":1},"title":"Ejidatarios cierran carretera en protesta contra la CFE en Quintana Roo","author":"grieta","date":"15 septiembre, 2015","format":false,"excerpt":"15\/09\/15. Cierran ejidatarios carretera en Quintana Roo: bloquean v\u00eda a JMM en la zona Maya por reclamo contra CFE por afectaci\u00f3n de tierrasNoticaribe","rel":"","context":"En &quot;NOTICIAS NACIONALES&quot;","block_context":{"text":"NOTICIAS NACIONALES","link":"http:\/\/www.grieta.org.mx\/index.php\/category\/noticias-nacionales\/"},"img":{"alt_text":"","src":"https:\/\/i0.wp.com\/www.grieta.org.mx\/wp-content\/uploads\/2018\/03\/14524434_1106112876131411_958039263622046936_o.jpg?resize=350%2C200","width":350,"height":200,"srcset":"https:\/\/i0.wp.com\/www.grieta.org.mx\/wp-content\/uploads\/2018\/03\/14524434_1106112876131411_958039263622046936_o.jpg?resize=350%2C200 1x, https:\/\/i0.wp.com\/www.grieta.org.mx\/wp-content\/uploads\/2018\/03\/14524434_1106112876131411_958039263622046936_o.jpg?resize=525%2C300 1.5x, https:\/\/i0.wp.com\/www.grieta.org.mx\/wp-content\/uploads\/2018\/03\/14524434_1106112876131411_958039263622046936_o.jpg?resize=700%2C400 2x"},"classes":[]},{"id":3655,"url":"http:\/\/www.grieta.org.mx\/index.php\/2015\/09\/21\/se-movilizan-contra-nuevos-impuestos-provocados-por-intereses-turisticos-en-bacalar-quintana-roo\/","url_meta":{"origin":3010,"position":2},"title":"Se movilizan contra nuevos impuestos provocados por intereses tur\u00edsticos en Bacalar, Quintana Roo","author":"grieta","date":"21 septiembre, 2015","format":false,"excerpt":"21\/09\/15. Nuevos impuestos para predios costeros en Bacalar, Quintana RooLuces del Siglo","rel":"","context":"En &quot;NOTICIAS NACIONALES&quot;","block_context":{"text":"NOTICIAS NACIONALES","link":"http:\/\/www.grieta.org.mx\/index.php\/category\/noticias-nacionales\/"},"img":{"alt_text":"","src":"https:\/\/i0.wp.com\/www.grieta.org.mx\/wp-content\/uploads\/2018\/03\/14524434_1106112876131411_958039263622046936_o.jpg?resize=350%2C200","width":350,"height":200,"srcset":"https:\/\/i0.wp.com\/www.grieta.org.mx\/wp-content\/uploads\/2018\/03\/14524434_1106112876131411_958039263622046936_o.jpg?resize=350%2C200 1x, https:\/\/i0.wp.com\/www.grieta.org.mx\/wp-content\/uploads\/2018\/03\/14524434_1106112876131411_958039263622046936_o.jpg?resize=525%2C300 1.5x, https:\/\/i0.wp.com\/www.grieta.org.mx\/wp-content\/uploads\/2018\/03\/14524434_1106112876131411_958039263622046936_o.jpg?resize=700%2C400 2x"},"classes":[]},{"id":3688,"url":"http:\/\/www.grieta.org.mx\/index.php\/2015\/10\/04\/represion-contra-periodistas-en-quintana-roo\/","url_meta":{"origin":3010,"position":3},"title":"Violencia contra periodistas en Quintana Roo","author":"grieta","date":"4 octubre, 2015","format":false,"excerpt":"04\/10\/15. En 4 a\u00f1os, Borge convirti\u00f3 a QRoo en una entidad de alto riesgo para la libertad de expresi\u00f3n Sinembargo 29\/09\/15. Impugna CNDH la ley Borge contra la libertad de expresi\u00f3n en Quintana Roo Proceso 16\/08\/15. La herencia represora de Borge: Leyes \u2018a modo\u2019 y ataques a periodistas en m\u00e1s\u2026","rel":"","context":"En &quot;NOTICIAS NACIONALES&quot;","block_context":{"text":"NOTICIAS NACIONALES","link":"http:\/\/www.grieta.org.mx\/index.php\/category\/noticias-nacionales\/"},"img":{"alt_text":"","src":"https:\/\/i0.wp.com\/www.grieta.org.mx\/wp-content\/uploads\/2018\/03\/14524434_1106112876131411_958039263622046936_o.jpg?resize=350%2C200","width":350,"height":200,"srcset":"https:\/\/i0.wp.com\/www.grieta.org.mx\/wp-content\/uploads\/2018\/03\/14524434_1106112876131411_958039263622046936_o.jpg?resize=350%2C200 1x, https:\/\/i0.wp.com\/www.grieta.org.mx\/wp-content\/uploads\/2018\/03\/14524434_1106112876131411_958039263622046936_o.jpg?resize=525%2C300 1.5x, https:\/\/i0.wp.com\/www.grieta.org.mx\/wp-content\/uploads\/2018\/03\/14524434_1106112876131411_958039263622046936_o.jpg?resize=700%2C400 2x"},"classes":[]},{"id":25968,"url":"http:\/\/www.grieta.org.mx\/index.php\/2018\/08\/30\/asesinan-a-camarografo-de-televisora-local-de-quintana-roo\/","url_meta":{"origin":3010,"position":4},"title":"Asesinan a camar\u00f3grafo de televisora local de Quintana Roo","author":"grieta","date":"30 agosto, 2018","format":false,"excerpt":"Proceso CIUDAD DE M\u00c9XICO (apro).- La Fiscal\u00eda General de Quintana Roo inform\u00f3 del asesinato la tarde del mi\u00e9rcoles pasado de un camar\u00f3grafo de un canal local y una persona m\u00e1s que no ha sido identificada. La Fiscal\u00eda refiri\u00f3 en un comunicado, que el camar\u00f3grafo se encontraba fuera de su horario\u2026","rel":"","context":"En &quot;CINTILLO&quot;","block_context":{"text":"CINTILLO","link":"http:\/\/www.grieta.org.mx\/index.php\/category\/cintillo\/"},"img":{"alt_text":"","src":"https:\/\/i0.wp.com\/www.grieta.org.mx\/wp-content\/uploads\/2018\/08\/javier-1078x750.jpg?resize=350%2C200","width":350,"height":200,"srcset":"https:\/\/i0.wp.com\/www.grieta.org.mx\/wp-content\/uploads\/2018\/08\/javier-1078x750.jpg?resize=350%2C200 1x, https:\/\/i0.wp.com\/www.grieta.org.mx\/wp-content\/uploads\/2018\/08\/javier-1078x750.jpg?resize=525%2C300 1.5x, https:\/\/i0.wp.com\/www.grieta.org.mx\/wp-content\/uploads\/2018\/08\/javier-1078x750.jpg?resize=700%2C400 2x, https:\/\/i0.wp.com\/www.grieta.org.mx\/wp-content\/uploads\/2018\/08\/javier-1078x750.jpg?resize=1050%2C600 3x"},"classes":[]},{"id":15447,"url":"http:\/\/www.grieta.org.mx\/index.php\/2016\/06\/22\/movilizaciones-contra-la-reforma-al-sector-salud-en-quintana-roo\/","url_meta":{"origin":3010,"position":5},"title":"Movilizaciones contra la reforma al sector salud en Quintana Roo","author":"grieta","date":"22 junio, 2016","format":false,"excerpt":"22\/06\/16. Movimiento #YoSoyM\u00e9dico17 en la Zona Maya, exige mejores condiciones en el hospital Forum","rel":"","context":"En &quot;NOTICIAS NACIONALES&quot;","block_context":{"text":"NOTICIAS NACIONALES","link":"http:\/\/www.grieta.org.mx\/index.php\/category\/noticias-nacionales\/"},"img":{"alt_text":"","src":"https:\/\/i0.wp.com\/www.grieta.org.mx\/wp-content\/uploads\/2018\/03\/14524434_1106112876131411_958039263622046936_o.jpg?resize=350%2C200","width":350,"height":200,"srcset":"https:\/\/i0.wp.com\/www.grieta.org.mx\/wp-content\/uploads\/2018\/03\/14524434_1106112876131411_958039263622046936_o.jpg?resize=350%2C200 1x, https:\/\/i0.wp.com\/www.grieta.org.mx\/wp-content\/uploads\/2018\/03\/14524434_1106112876131411_958039263622046936_o.jpg?resize=525%2C300 1.5x, https:\/\/i0.wp.com\/www.grieta.org.mx\/wp-content\/uploads\/2018\/03\/14524434_1106112876131411_958039263622046936_o.jpg?resize=700%2C400 2x"},"classes":[]}],"_links":{"self":[{"href":"http:\/\/www.grieta.org.mx\/index.php\/wp-json\/wp\/v2\/posts\/3010","targetHints":{"allow":["GET"]}}],"collection":[{"href":"http:\/\/www.grieta.org.mx\/index.php\/wp-json\/wp\/v2\/posts"}],"about":[{"href":"http:\/\/www.grieta.org.mx\/index.php\/wp-json\/wp\/v2\/types\/post"}],"author":[{"embeddable":true,"href":"http:\/\/www.grieta.org.mx\/index.php\/wp-json\/wp\/v2\/users\/2"}],"replies":[{"embeddable":true,"href":"http:\/\/www.grieta.org.mx\/index.php\/wp-json\/wp\/v2\/comments?post=3010"}],"version-history":[{"count":1,"href":"http:\/\/www.grieta.org.mx\/index.php\/wp-json\/wp\/v2\/posts\/3010\/revisions"}],"predecessor-version":[{"id":3018,"href":"http:\/\/www.grieta.org.mx\/index.php\/wp-json\/wp\/v2\/posts\/3010\/revisions\/3018"}],"wp:featuredmedia":[{"embeddable":true,"href":"http:\/\/www.grieta.org.mx\/index.php\/wp-json\/wp\/v2\/media\/21928"}],"wp:attachment":[{"href":"http:\/\/www.grieta.org.mx\/index.php\/wp-json\/wp\/v2\/media?parent=3010"}],"wp:term":[{"taxonomy":"category","embeddable":true,"href":"http:\/\/www.grieta.org.mx\/index.php\/wp-json\/wp\/v2\/categories?post=3010"},{"taxonomy":"post_tag","embeddable":true,"href":"http:\/\/www.grieta.org.mx\/index.php\/wp-json\/wp\/v2\/tags?post=3010"}],"curies":[{"name":"wp","href":"https:\/\/api.w.org\/{rel}","templated":true}]}}