{"id":3004,"date":"2015-02-19T22:40:07","date_gmt":"2015-02-19T22:40:07","guid":{"rendered":"http:\/\/50.22.11.12\/~grietaor\/?p=3004"},"modified":"2016-03-30T20:22:43","modified_gmt":"2016-03-30T20:22:43","slug":"pgr-y-sedena-vigilan-calakmul-contra-invasion-de-predios","status":"publish","type":"post","link":"http:\/\/www.grieta.org.mx\/index.php\/2015\/02\/19\/pgr-y-sedena-vigilan-calakmul-contra-invasion-de-predios\/","title":{"rendered":"PGR y SEDENA vigilan Calakmul contra invasi\u00f3n de predios"},"content":{"rendered":"<p><strong>19\/02\/15. <\/strong><a href=\"http:\/\/grieta.org.mx\/index.php\/2015\/02\/19\/pgr-participa-en-vigilancia-por-aire-y-tierra-en-biosfera-de-calakmul\/\">PGR participa en vigilancia por aire y tierra en Biosfera de Calakmul<\/a><br \/><em>Sin embargo<\/em><br \/>\n<br \/>\n<strong>13\/02\/15. <\/strong><a href=\"http:\/\/grieta.org.mx\/index.php\/2015\/02\/13\/ningun-predio-invadido-en-biosfera-de-calakmul\/\">Ning\u00fan predio invadido en Bi\u00f3sfera de Calakmul <\/a><br \/><em>Tribuna<\/em><br \/><\/p>\n","protected":false},"excerpt":{"rendered":"<p>19\/02\/15. PGR participa en vigilancia por aire y tierra en Biosfera de CalakmulSin embargo 13\/02\/15. Ning\u00fan predio invadido en Bi\u00f3sfera de Calakmul Tribuna<\/p>\n","protected":false},"author":2,"featured_media":21928,"comment_status":"closed","ping_status":"open","sticky":false,"template":"","format":"standard","meta":{"ngg_post_thumbnail":0,"_jetpack_newsletter_access":"","_jetpack_dont_email_post_to_subs":false,"_jetpack_newsletter_tier_id":0,"_jetpack_memberships_contains_paywalled_content":false,"_jetpack_memberships_contains_paid_content":false,"footnotes":""},"categories":[69,11,2],"tags":[],"class_list":["post-3004","post","type-post","status-publish","format-standard","has-post-thumbnail","hentry","category-25-xpujil","category-campeche","category-noticias-nacionales","entry"],"jetpack_featured_media_url":"http:\/\/www.grieta.org.mx\/wp-content\/uploads\/2018\/03\/14524434_1106112876131411_958039263622046936_o.jpg","jetpack_sharing_enabled":true,"jetpack_shortlink":"https:\/\/wp.me\/p7ZJR4-Ms","jetpack_likes_enabled":false,"jetpack-related-posts":[{"id":3003,"url":"http:\/\/www.grieta.org.mx\/index.php\/2015\/02\/19\/pgr-participa-en-vigilancia-por-aire-y-tierra-en-biosfera-de-calakmul\/","url_meta":{"origin":3004,"position":0},"title":"PGR participa en vigilancia por aire y tierra en Biosfera de Calakmul","author":"grieta","date":"19 febrero, 2015","format":false,"excerpt":"Campeche, 19 Feb (Notimex).- Personal de la delegaci\u00f3n de la Procuradur\u00eda General de la Rep\u00fablica (PGR) particip\u00f3 en recorridos por aire y tierra, como parte de diligencias para la protecci\u00f3n de la Biosfera de Calakmul. En un comunicado, la dependencia federal dio a conocer que esas acciones se llevaron al\u2026","rel":"","context":"En &quot;campeche&quot;","block_context":{"text":"campeche","link":"http:\/\/www.grieta.org.mx\/index.php\/category\/campeche\/"},"img":{"alt_text":"","src":"https:\/\/i0.wp.com\/www.grieta.org.mx\/wp-content\/uploads\/2018\/03\/14524434_1106112876131411_958039263622046936_o.jpg?resize=350%2C200","width":350,"height":200,"srcset":"https:\/\/i0.wp.com\/www.grieta.org.mx\/wp-content\/uploads\/2018\/03\/14524434_1106112876131411_958039263622046936_o.jpg?resize=350%2C200 1x, https:\/\/i0.wp.com\/www.grieta.org.mx\/wp-content\/uploads\/2018\/03\/14524434_1106112876131411_958039263622046936_o.jpg?resize=525%2C300 1.5x, https:\/\/i0.wp.com\/www.grieta.org.mx\/wp-content\/uploads\/2018\/03\/14524434_1106112876131411_958039263622046936_o.jpg?resize=700%2C400 2x"},"classes":[]},{"id":3006,"url":"http:\/\/www.grieta.org.mx\/index.php\/2015\/02\/13\/ningun-predio-invadido-en-biosfera-de-calakmul\/","url_meta":{"origin":3004,"position":1},"title":"Ning\u00fan predio invadido en Biosfera de Calakmul","author":"grieta","date":"13 febrero, 2015","format":false,"excerpt":"Supervisados por Maribel Acu\u00f1a Gonz\u00e1lez, agente del Ministerio P\u00fablico de la Federaci\u00f3n, adscrita a la Subdelegaci\u00f3n de la PGR de Esc\u00e1rcega, los elementos asignados al operativo recorrieron esa regi\u00f3n del municipio y verificaron que no hab\u00eda invasi\u00f3n alguna. Supervisaron los predios conocidos como Los Cajeros, Aguas Margas y La Aguda,\u2026","rel":"","context":"En &quot;campeche&quot;","block_context":{"text":"campeche","link":"http:\/\/www.grieta.org.mx\/index.php\/category\/campeche\/"},"img":{"alt_text":"","src":"https:\/\/i0.wp.com\/www.grieta.org.mx\/wp-content\/uploads\/2018\/03\/14524434_1106112876131411_958039263622046936_o.jpg?resize=350%2C200","width":350,"height":200,"srcset":"https:\/\/i0.wp.com\/www.grieta.org.mx\/wp-content\/uploads\/2018\/03\/14524434_1106112876131411_958039263622046936_o.jpg?resize=350%2C200 1x, https:\/\/i0.wp.com\/www.grieta.org.mx\/wp-content\/uploads\/2018\/03\/14524434_1106112876131411_958039263622046936_o.jpg?resize=525%2C300 1.5x, https:\/\/i0.wp.com\/www.grieta.org.mx\/wp-content\/uploads\/2018\/03\/14524434_1106112876131411_958039263622046936_o.jpg?resize=700%2C400 2x"},"classes":[]},{"id":42576,"url":"http:\/\/www.grieta.org.mx\/index.php\/2019\/12\/23\/alertan-que-construccion-del-tren-maya-matara-a-calakmul\/","url_meta":{"origin":3004,"position":2},"title":"Alertan que construcci\u00f3n del Tren Maya &#8216;matar\u00e1&#8217; a Calakmul","author":"grieta","date":"23 diciembre, 2019","format":false,"excerpt":"Diario de M\u00e9xico M\u00e9xico.- La Reserva de la Biosfera de Calakmul, considerada Patrimonio Mixto de la Humanidad por la Unesco, estar\u00eda en grave riesgo de perderse al construirse el Tren Maya y dise\u00f1arse un \u201ctren interior\u201d en la zona n\u00facleo del \u00e1rea protegida. Con las consignas #NOAlTrenMayaEsEcocidio + Despojos +\u2026","rel":"","context":"En &quot;Campeche&quot;","block_context":{"text":"Campeche","link":"http:\/\/www.grieta.org.mx\/index.php\/category\/noticias-nacionales\/campeche\/"},"img":{"alt_text":"","src":"https:\/\/i0.wp.com\/www.grieta.org.mx\/wp-content\/uploads\/2019\/12\/calakmul-e1577656275525.jpg?resize=350%2C200","width":350,"height":200,"srcset":"https:\/\/i0.wp.com\/www.grieta.org.mx\/wp-content\/uploads\/2019\/12\/calakmul-e1577656275525.jpg?resize=350%2C200 1x, https:\/\/i0.wp.com\/www.grieta.org.mx\/wp-content\/uploads\/2019\/12\/calakmul-e1577656275525.jpg?resize=525%2C300 1.5x, https:\/\/i0.wp.com\/www.grieta.org.mx\/wp-content\/uploads\/2019\/12\/calakmul-e1577656275525.jpg?resize=700%2C400 2x"},"classes":[]},{"id":3408,"url":"http:\/\/www.grieta.org.mx\/index.php\/2016\/03\/13\/cripx-exige-respeto-a-compromisos-en-reserva-de-calakmul\/","url_meta":{"origin":3004,"position":3},"title":"CRIPX exige respeto a compromisos en Reserva de Calakmul","author":"grieta","date":"13 marzo, 2016","format":false,"excerpt":"El dirigente del CRIPX, Ram\u00f3n L\u00f3pez, demanda que se reconozca nuevas propiedades a las 3 comunidades desalojadas cuando se cre\u00f3 la Reserva de la Bi\u00f3sfera de Calakmul, y que sean tomadas en cuenta en proyectos tur\u00edsticos. Por Ronny Aguilar XPUJIL, CALAKMUL, Cam. 13 de marzo del 2016.- Comunidades ind\u00edgenas del\u2026","rel":"","context":"En &quot;campeche&quot;","block_context":{"text":"campeche","link":"http:\/\/www.grieta.org.mx\/index.php\/category\/campeche\/"},"img":{"alt_text":"","src":"https:\/\/i0.wp.com\/www.grieta.org.mx\/wp-content\/uploads\/2018\/03\/14524434_1106112876131411_958039263622046936_o.jpg?resize=350%2C200","width":350,"height":200,"srcset":"https:\/\/i0.wp.com\/www.grieta.org.mx\/wp-content\/uploads\/2018\/03\/14524434_1106112876131411_958039263622046936_o.jpg?resize=350%2C200 1x, https:\/\/i0.wp.com\/www.grieta.org.mx\/wp-content\/uploads\/2018\/03\/14524434_1106112876131411_958039263622046936_o.jpg?resize=525%2C300 1.5x, https:\/\/i0.wp.com\/www.grieta.org.mx\/wp-content\/uploads\/2018\/03\/14524434_1106112876131411_958039263622046936_o.jpg?resize=700%2C400 2x"},"classes":[]},{"id":67055,"url":"http:\/\/www.grieta.org.mx\/index.php\/2023\/06\/22\/sedena-continua-construccion-de-hotel-en-calakmul-pese-a-denuncias-de-ambientalistas-campeche\/","url_meta":{"origin":3004,"position":4},"title":"Sedena Contin\u00faa Construcci\u00f3n de Hotel en Calakmul, Pese a Denuncias de Ambientalistas (Campeche)","author":"grieta","date":"22 junio, 2023","format":false,"excerpt":"Cambio 22 CHETUMAL, 22 de junio.- La construcci\u00f3n de un hotel casino en asociado al Tren Maya medio de la Reserva de la Bi\u00f3sfera de Calakmul, en Campeche, contin\u00faa, pese a que ambientalistas han intensificado sus denuncias contra la Secretar\u00eda de la Defensa Nacional (Sedena), a la que acusan de\u2026","rel":"","context":"En &quot;25. Xpujil&quot;","block_context":{"text":"25. Xpujil","link":"http:\/\/www.grieta.org.mx\/index.php\/category\/espejos-de-la-resistencia\/25-xpujil\/"},"img":{"alt_text":"","src":"https:\/\/i0.wp.com\/www.grieta.org.mx\/wp-content\/uploads\/2023\/06\/Calakmul-e1687522585268.jpg?resize=350%2C200","width":350,"height":200,"srcset":"https:\/\/i0.wp.com\/www.grieta.org.mx\/wp-content\/uploads\/2023\/06\/Calakmul-e1687522585268.jpg?resize=350%2C200 1x, https:\/\/i0.wp.com\/www.grieta.org.mx\/wp-content\/uploads\/2023\/06\/Calakmul-e1687522585268.jpg?resize=525%2C300 1.5x, https:\/\/i0.wp.com\/www.grieta.org.mx\/wp-content\/uploads\/2023\/06\/Calakmul-e1687522585268.jpg?resize=700%2C400 2x"},"classes":[]},{"id":67545,"url":"http:\/\/www.grieta.org.mx\/index.php\/2023\/08\/17\/reserva-de-calakmul-recibira-mas-de-6-mil-autobuses-al-ano-campeche\/","url_meta":{"origin":3004,"position":5},"title":"Reserva de Calakmul recibir\u00e1 m\u00e1s de 6 mil autobuses al a\u00f1o (Campeche)","author":"grieta","date":"17 agosto, 2023","format":false,"excerpt":"Santiago Navarro F \/ Avispa Midia En portada: Fauna al interior de la Reserva de la Biosfera de Calakmul, Campeche. Foto: Santiago Navarro F La majestuosa armon\u00eda de los cantos de las aves, los monos saltando de un \u00e1rbol a otro, el viento marcando el paso; as\u00ed se va pintando\u2026","rel":"","context":"En &quot;25. Xpujil&quot;","block_context":{"text":"25. Xpujil","link":"http:\/\/www.grieta.org.mx\/index.php\/category\/espejos-de-la-resistencia\/25-xpujil\/"},"img":{"alt_text":"","src":"https:\/\/i0.wp.com\/www.grieta.org.mx\/wp-content\/uploads\/2023\/08\/Calakmul-scaled-e1692661866185.jpg?resize=350%2C200","width":350,"height":200,"srcset":"https:\/\/i0.wp.com\/www.grieta.org.mx\/wp-content\/uploads\/2023\/08\/Calakmul-scaled-e1692661866185.jpg?resize=350%2C200 1x, https:\/\/i0.wp.com\/www.grieta.org.mx\/wp-content\/uploads\/2023\/08\/Calakmul-scaled-e1692661866185.jpg?resize=525%2C300 1.5x, https:\/\/i0.wp.com\/www.grieta.org.mx\/wp-content\/uploads\/2023\/08\/Calakmul-scaled-e1692661866185.jpg?resize=700%2C400 2x"},"classes":[]}],"_links":{"self":[{"href":"http:\/\/www.grieta.org.mx\/index.php\/wp-json\/wp\/v2\/posts\/3004","targetHints":{"allow":["GET"]}}],"collection":[{"href":"http:\/\/www.grieta.org.mx\/index.php\/wp-json\/wp\/v2\/posts"}],"about":[{"href":"http:\/\/www.grieta.org.mx\/index.php\/wp-json\/wp\/v2\/types\/post"}],"author":[{"embeddable":true,"href":"http:\/\/www.grieta.org.mx\/index.php\/wp-json\/wp\/v2\/users\/2"}],"replies":[{"embeddable":true,"href":"http:\/\/www.grieta.org.mx\/index.php\/wp-json\/wp\/v2\/comments?post=3004"}],"version-history":[{"count":1,"href":"http:\/\/www.grieta.org.mx\/index.php\/wp-json\/wp\/v2\/posts\/3004\/revisions"}],"predecessor-version":[{"id":3008,"href":"http:\/\/www.grieta.org.mx\/index.php\/wp-json\/wp\/v2\/posts\/3004\/revisions\/3008"}],"wp:featuredmedia":[{"embeddable":true,"href":"http:\/\/www.grieta.org.mx\/index.php\/wp-json\/wp\/v2\/media\/21928"}],"wp:attachment":[{"href":"http:\/\/www.grieta.org.mx\/index.php\/wp-json\/wp\/v2\/media?parent=3004"}],"wp:term":[{"taxonomy":"category","embeddable":true,"href":"http:\/\/www.grieta.org.mx\/index.php\/wp-json\/wp\/v2\/categories?post=3004"},{"taxonomy":"post_tag","embeddable":true,"href":"http:\/\/www.grieta.org.mx\/index.php\/wp-json\/wp\/v2\/tags?post=3004"}],"curies":[{"name":"wp","href":"https:\/\/api.w.org\/{rel}","templated":true}]}}