{"id":29964,"date":"2019-02-26T22:18:59","date_gmt":"2019-02-27T04:18:59","guid":{"rendered":"http:\/\/www.grieta.org.mx\/?p=29964"},"modified":"2019-03-02T22:26:37","modified_gmt":"2019-03-03T04:26:37","slug":"como-ilegal-e-ilegitima-califica-el-consejo-indigena-de-michoacan-la-consulta-de-la-termoelectrica","status":"publish","type":"post","link":"http:\/\/www.grieta.org.mx\/index.php\/2019\/02\/26\/como-ilegal-e-ilegitima-califica-el-consejo-indigena-de-michoacan-la-consulta-de-la-termoelectrica\/","title":{"rendered":"Como ilegal e ileg\u00edtima, califica el Consejo Ind\u00edgena de Michoac\u00e1n la consulta de la termoel\u00e9ctrica"},"content":{"rendered":"<p><img loading=\"lazy\" decoding=\"async\" data-attachment-id=\"29965\" data-permalink=\"http:\/\/www.grieta.org.mx\/index.php\/2019\/02\/26\/como-ilegal-e-ilegitima-califica-el-consejo-indigena-de-michoacan-la-consulta-de-la-termoelectrica\/consejo-supremo-indigena-de-michoacan2\/\" data-orig-file=\"http:\/\/www.grieta.org.mx\/wp-content\/uploads\/2019\/03\/consejo-supremo-indigena-de-Michoacan2.jpg\" data-orig-size=\"1173,684\" data-comments-opened=\"0\" data-image-meta=\"{&quot;aperture&quot;:&quot;0&quot;,&quot;credit&quot;:&quot;&quot;,&quot;camera&quot;:&quot;&quot;,&quot;caption&quot;:&quot;&quot;,&quot;created_timestamp&quot;:&quot;0&quot;,&quot;copyright&quot;:&quot;&quot;,&quot;focal_length&quot;:&quot;0&quot;,&quot;iso&quot;:&quot;0&quot;,&quot;shutter_speed&quot;:&quot;0&quot;,&quot;title&quot;:&quot;&quot;,&quot;orientation&quot;:&quot;0&quot;}\" data-image-title=\"consejo-supremo-indigena-de-Michoacan2\" data-image-description=\"\" data-image-caption=\"\" data-medium-file=\"http:\/\/www.grieta.org.mx\/wp-content\/uploads\/2019\/03\/consejo-supremo-indigena-de-Michoacan2-300x175.jpg\" data-large-file=\"http:\/\/www.grieta.org.mx\/wp-content\/uploads\/2019\/03\/consejo-supremo-indigena-de-Michoacan2-1024x597.jpg\" class=\"aligncenter wp-image-29965 size-large\" src=\"http:\/\/www.grieta.org.mx\/wp-content\/uploads\/2019\/03\/consejo-supremo-indigena-de-Michoacan2-1024x597.jpg\" alt=\"\" width=\"1024\" height=\"597\" srcset=\"http:\/\/www.grieta.org.mx\/wp-content\/uploads\/2019\/03\/consejo-supremo-indigena-de-Michoacan2-1024x597.jpg 1024w, http:\/\/www.grieta.org.mx\/wp-content\/uploads\/2019\/03\/consejo-supremo-indigena-de-Michoacan2-300x175.jpg 300w, http:\/\/www.grieta.org.mx\/wp-content\/uploads\/2019\/03\/consejo-supremo-indigena-de-Michoacan2-768x448.jpg 768w, http:\/\/www.grieta.org.mx\/wp-content\/uploads\/2019\/03\/consejo-supremo-indigena-de-Michoacan2-857x500.jpg 857w, http:\/\/www.grieta.org.mx\/wp-content\/uploads\/2019\/03\/consejo-supremo-indigena-de-Michoacan2.jpg 1173w\" sizes=\"auto, (max-width: 1024px) 100vw, 1024px\" \/><br \/>\nRevoluci\u00f3n 3.0, 26 de febrero de 2019<br \/>\nComo ilegal e ileg\u00edtima, calificaron los integrantes del Consejo Ind\u00edgena de Michoac\u00e1n a la consulta ciudadana realizada por el gobierno federal para la construcci\u00f3n de la termoel\u00e9ctrica en Huexca, Morelos.<\/p>\n<p>A trav\u00e9s de un comunicado, 50 comunidades originarias mostraron su desacuerdo al proyecto de Andr\u00e9s Manuel L\u00f3pez Obrador, para el cual se pidi\u00f3 la opini\u00f3n de la ciudadan\u00eda, que llaman \u201cinequitativa, violatoria de derechos, subjetiva e inmoral\u201d.<\/p>\n<p>A continuaci\u00f3n, el comunicado completo:<\/p>\n<p>\u00a1MANIFIESTO ZAPATA VIVE, LA LUCHA SIGUE!<br \/>\n\u00a1NO AL MEGAPROYECTO NEOLIBERAL INTEGRAL MORELOS!<\/p>\n<p>A LAS COMUNIDADES Y PUEBLOS ORIGINARIOS<br \/>\nAL CONGRESO NACIONAL IND\u00cdGENA<br \/>\nA LOS MEDIOS DE COMUNICACI\u00d3N<br \/>\nAL PUEBLO DE MICHOAC\u00c1N<\/p>\n<p>Comunidades p\u00b4urh\u00e9pecha a 26 de febrero del 2019<\/p>\n<p>El Consejo Supremo Ind\u00edgena de Michoac\u00e1n, consejo aut\u00f3nomo e independiente de gobiernos, partidos pol\u00edticos y \u00f3rdenes religiosas, conformado por autoridades civiles, comunales y tradicionales de m\u00e1s de 50 comunidades originarias, que caminamos colectivamente en la b\u00fasqueda de nuestra autodeterminaci\u00f3n, autonom\u00eda y autogobierno, manifestamos conjuntamente lo siguiente:<\/p>\n<p>La consulta para la termoel\u00e9ctrica en Huexca, Morelos, que forma parte del Megaproyecto Neoliberal Integral Morelos, es una consulta ilegal, ilegitima, inequitativa, violatoria de derechos, subjetiva e inmoral; es ilegal, porque contraviene el art\u00edculo 35 constitucional, toda vez que la consulta no fue convocada como legalmente corresponde por el Congreso de la Uni\u00f3n; es ileg\u00edtima porque no fue consensuada con las comunidades de Morelos, Puebla y Tlaxcala, fue impuesta unilateralmente por el Estado mexicano; es inequitativa, porque no fueron consultadas todas las comunidades directamente afectadas; es violatoria de derechos porque viola el derecho a la consulta libre, previa, informada, culturalmente adecuada y vinculatoria as\u00ed como el derecho al territorio que tienen los pueblos ind\u00edgenas, derechos consagrados en tratados internacionales; es subjetiva porque fue organizada, desarrollada y supervisada por el mismo Gobierno de M\u00e9xico que impulsa el proyecto, es decir, no existi\u00f3 la imparcialidad y es inmoral por ser ejecutada sin importar el asesinato del activista comunitario y defensor de los derechos humanos Samir Flores, no importando la injusticia, el dolor y la indignaci\u00f3n de la comunidad de Amilcingo y de las comunidades que conforman el Frente de Pueblos en Defensa del Agua y de la Tierra de Morelos, Puebla y Tlaxcala.<\/p>\n<p>Desde aqu\u00ed, nos declaramos en contra de los megaproyectos neoliberales, nos manifestamos en contra del Megaproyecto Neoliberal Integral Morelos porque saquea y destruye recursos naturales de pueblos y comunidades. Desde aqu\u00ed mandamos un fraternal saludo a los pueblos que defienden sus derechos, recursos y territorio, \u00a1no est\u00e1n solos! Ratificamos la necesidad hist\u00f3rica de resistencia y lucha de los pueblos y comunidades originarias, con independencia de la coyuntura pol\u00edtica mantenemos la enorme responsabilidad de apoyar a las comunidades y pueblos que protejan sus territorios, continuando con el legado del General Emiliano Zapata.<\/p>\n<p>\u00a1Justicia para Samir Flores!<\/p>\n<p>\u00a1Zapata Vive la Lucha Sigue!<\/p>\n<p>\u00a1Zapata Ir\u00e9kaxatiteru Ku\u00e1jpekua Nit\u00e1maxatiteru!<\/p>\n<p>Tierra y Libertad<br \/>\nEcheri ka Jankorhekua<\/p>\n<p>Consejo Supremo Ind\u00edgena de Michoac\u00e1n<\/p>\n<p><img loading=\"lazy\" decoding=\"async\" data-attachment-id=\"29967\" data-permalink=\"http:\/\/www.grieta.org.mx\/index.php\/2019\/02\/26\/como-ilegal-e-ilegitima-califica-el-consejo-indigena-de-michoacan-la-consulta-de-la-termoelectrica\/comunicado\/\" data-orig-file=\"http:\/\/www.grieta.org.mx\/wp-content\/uploads\/2019\/02\/comunicado.jpeg\" data-orig-size=\"989,1280\" data-comments-opened=\"0\" data-image-meta=\"{&quot;aperture&quot;:&quot;0&quot;,&quot;credit&quot;:&quot;&quot;,&quot;camera&quot;:&quot;&quot;,&quot;caption&quot;:&quot;&quot;,&quot;created_timestamp&quot;:&quot;0&quot;,&quot;copyright&quot;:&quot;&quot;,&quot;focal_length&quot;:&quot;0&quot;,&quot;iso&quot;:&quot;0&quot;,&quot;shutter_speed&quot;:&quot;0&quot;,&quot;title&quot;:&quot;&quot;,&quot;orientation&quot;:&quot;0&quot;}\" data-image-title=\"comunicado\" data-image-description=\"\" data-image-caption=\"\" data-medium-file=\"http:\/\/www.grieta.org.mx\/wp-content\/uploads\/2019\/02\/comunicado-232x300.jpeg\" data-large-file=\"http:\/\/www.grieta.org.mx\/wp-content\/uploads\/2019\/02\/comunicado-791x1024.jpeg\" class=\"aligncenter wp-image-29967 size-large\" src=\"http:\/\/www.grieta.org.mx\/wp-content\/uploads\/2019\/02\/comunicado-791x1024.jpeg\" alt=\"\" width=\"791\" height=\"1024\" srcset=\"http:\/\/www.grieta.org.mx\/wp-content\/uploads\/2019\/02\/comunicado-791x1024.jpeg 791w, http:\/\/www.grieta.org.mx\/wp-content\/uploads\/2019\/02\/comunicado-232x300.jpeg 232w, http:\/\/www.grieta.org.mx\/wp-content\/uploads\/2019\/02\/comunicado-768x994.jpeg 768w, http:\/\/www.grieta.org.mx\/wp-content\/uploads\/2019\/02\/comunicado-386x500.jpeg 386w, http:\/\/www.grieta.org.mx\/wp-content\/uploads\/2019\/02\/comunicado.jpeg 989w\" sizes=\"auto, (max-width: 791px) 100vw, 791px\" \/><\/p>\n<p><a href=\"http:\/\/michoacantrespuntocero.com\/como-ilegal-e-ilegitima-califica-el-consejo-indigena-de-michoacan-la-consulta-de-la-termoelectrica\/\">http:\/\/michoacantrespuntocero.com\/como-ilegal-e-ilegitima-califica-el-consejo-indigena-de-michoacan-la-consulta-de-la-termoelectrica\/<\/a><\/p>\n","protected":false},"excerpt":{"rendered":"<p>Revoluci\u00f3n 3.0, 26 de febrero de 2019 Como ilegal e ileg\u00edtima, calificaron los integrantes del Consejo Ind\u00edgena de Michoac\u00e1n a la consulta ciudadana realizada por el gobierno federal para la &hellip; <a href=\"http:\/\/www.grieta.org.mx\/index.php\/2019\/02\/26\/como-ilegal-e-ilegitima-califica-el-consejo-indigena-de-michoacan-la-consulta-de-la-termoelectrica\/\" class=\"more-link\">Leer m\u00e1s<\/a><\/p>\n","protected":false},"author":2,"featured_media":29965,"comment_status":"closed","ping_status":"closed","sticky":false,"template":"","format":"standard","meta":{"ngg_post_thumbnail":0,"_jetpack_newsletter_access":"","_jetpack_dont_email_post_to_subs":false,"_jetpack_newsletter_tier_id":0,"_jetpack_memberships_contains_paywalled_content":false,"_jetpack_memberships_contains_paid_content":false,"footnotes":""},"categories":[80,82,21,482,22,1169,44,1171,995],"tags":[526,2088,2086],"class_list":{"0":"post-29964","1":"post","2":"type-post","3":"status-publish","4":"format-standard","5":"has-post-thumbnail","6":"hentry","7":"category-cintillo","8":"category-michoacan","10":"category-morelos","12":"category-organizacion-autonoma-del-consejo-supremos-indigena-de-michoacan","13":"category-proyecto-integral-morelos","14":"category-rechazo-al-proyecto-integral-morelos-pim-en-morelos","15":"category-resistencia-y-construccion-de-autonomia-de-las-comunidades-rurales-en-michoacan","16":"tag-consejo-supremo-indigena-de-michoacan","17":"tag-rechazo-a-la-consulta-simulada-del-gobierno-de-amlo","18":"tag-rechazo-al-proyecto-integral-morelos","19":"entry"},"jetpack_featured_media_url":"http:\/\/www.grieta.org.mx\/wp-content\/uploads\/2019\/03\/consejo-supremo-indigena-de-Michoacan2.jpg","jetpack_sharing_enabled":true,"jetpack_shortlink":"https:\/\/wp.me\/p7ZJR4-7Ni","jetpack_likes_enabled":false,"jetpack-related-posts":[{"id":28883,"url":"http:\/\/www.grieta.org.mx\/index.php\/2019\/02\/10\/comunicado-del-congreso-nacional-indigena-concejo-indigena-de-gobierno-en-contra-del-proyecto-integral-morelos-y-la-simulada-consulta-anunciada-por-el-presidente-de-la-republica\/","url_meta":{"origin":29964,"position":0},"title":"Comunicado del Congreso Nacional Ind\u00edgena \u2013 Concejo Ind\u00edgena de Gobierno en contra del Proyecto Integral Morelos y la simulada consulta anunciada por el presidente de la rep\u00fablica","author":"grieta","date":"10 febrero, 2019","format":false,"excerpt":"El Congreso Nacional Ind\u00edgena\u2013Concejo Ind\u00edgena de Gobierno exigimos la cancelaci\u00f3n del Proyecto Integral Morelos, que destruye y despoja a pueblos originarios, ejidos y comunidades en los estados de Morelos, Puebla y Tlaxcala; y configura el territorio para el funcionamiento del gran capital, que suficiente da\u00f1o ha hecho y sigue haciendo\u2026","rel":"","context":"En &quot;10. Huexca&quot;","block_context":{"text":"10. Huexca","link":"http:\/\/www.grieta.org.mx\/index.php\/category\/espejos-de-la-resistencia\/10-huexca\/"},"img":{"alt_text":"","src":"https:\/\/i0.wp.com\/www.grieta.org.mx\/wp-content\/uploads\/2018\/03\/14524434_1106112876131411_958039263622046936_o.jpg?resize=350%2C200","width":350,"height":200,"srcset":"https:\/\/i0.wp.com\/www.grieta.org.mx\/wp-content\/uploads\/2018\/03\/14524434_1106112876131411_958039263622046936_o.jpg?resize=350%2C200 1x, https:\/\/i0.wp.com\/www.grieta.org.mx\/wp-content\/uploads\/2018\/03\/14524434_1106112876131411_958039263622046936_o.jpg?resize=525%2C300 1.5x, https:\/\/i0.wp.com\/www.grieta.org.mx\/wp-content\/uploads\/2018\/03\/14524434_1106112876131411_958039263622046936_o.jpg?resize=700%2C400 2x"},"classes":[]},{"id":56863,"url":"http:\/\/www.grieta.org.mx\/index.php\/2021\/02\/01\/pobladores-y-ejidatarios-de-yecapixtla-acusan-traicion-total-de-amlo-por-continuar-obras-de-termoelectrica-de-huexca-video\/","url_meta":{"origin":29964,"position":1},"title":"Pobladores y ejidatarios de Yecapixtla acusan \u201ctraici\u00f3n total\u201d de AMLO por continuar obras de termoel\u00e9ctrica de Huexca (Video)","author":"grieta","date":"1 febrero, 2021","format":false,"excerpt":"Cecilia Reynoso \/ Latinus Ejidatarios y habitantes de la comunidad ind\u00edgena de Yecapixtla, Morelos, acusan que el presidente L\u00f3pez Obrador y su gobierno cometen una \u201ctraici\u00f3n total\u201d al continuar las obras de la termoel\u00e9ctrica de Huexca, construida por la Comisi\u00f3n Federal de Electricidad (CFE) de 2012 a 2017. La termoel\u00e9ctrica\u2026","rel":"","context":"En &quot;10. Huexca&quot;","block_context":{"text":"10. Huexca","link":"http:\/\/www.grieta.org.mx\/index.php\/category\/espejos-de-la-resistencia\/10-huexca\/"},"img":{"alt_text":"","src":"https:\/\/i0.wp.com\/www.grieta.org.mx\/wp-content\/uploads\/2021\/02\/Screenshot_2021-02-09-Pobladores-y-ejidatarios-de-Yecapixtla-acusan-traicion-total-de-AMLO-por-continuar-obras-de-termoel....png?resize=350%2C200","width":350,"height":200,"srcset":"https:\/\/i0.wp.com\/www.grieta.org.mx\/wp-content\/uploads\/2021\/02\/Screenshot_2021-02-09-Pobladores-y-ejidatarios-de-Yecapixtla-acusan-traicion-total-de-AMLO-por-continuar-obras-de-termoel....png?resize=350%2C200 1x, https:\/\/i0.wp.com\/www.grieta.org.mx\/wp-content\/uploads\/2021\/02\/Screenshot_2021-02-09-Pobladores-y-ejidatarios-de-Yecapixtla-acusan-traicion-total-de-AMLO-por-continuar-obras-de-termoel....png?resize=525%2C300 1.5x, https:\/\/i0.wp.com\/www.grieta.org.mx\/wp-content\/uploads\/2021\/02\/Screenshot_2021-02-09-Pobladores-y-ejidatarios-de-Yecapixtla-acusan-traicion-total-de-AMLO-por-continuar-obras-de-termoel....png?resize=700%2C400 2x"},"classes":[]},{"id":29984,"url":"http:\/\/www.grieta.org.mx\/index.php\/2019\/02\/27\/activistas-de-tehuacan-se-solidarizan-con-amilcingo-puebla\/","url_meta":{"origin":29964,"position":2},"title":"Activistas de Tehuac\u00e1n se solidarizan con Amilcingo (Puebla)","author":"grieta","date":"27 febrero, 2019","format":false,"excerpt":"Yomara Pacheco \/ El Popular El presidente del Movimiento Agrario Ind\u00edgena Zapatista (MAIZ), Omar Esparza indic\u00f3 que llama a las resistencias del pa\u00eds para apoyar a sus compa\u00f1eros de Amitcingo que est\u00e1n en contra del Proyecto Integral Morelos y la Termoel\u00e9ctrica Huexca, pues la consulta que se realiz\u00f3 fue ama\u00f1ada\u2026","rel":"","context":"En &quot;10. Huexca&quot;","block_context":{"text":"10. Huexca","link":"http:\/\/www.grieta.org.mx\/index.php\/category\/espejos-de-la-resistencia\/10-huexca\/"},"img":{"alt_text":"","src":"https:\/\/i0.wp.com\/www.grieta.org.mx\/wp-content\/uploads\/2019\/03\/activistas-de-tehuacan-se-solidarizan-con-amitcingo-56497d0703dd8a985dd4ee087be18581.jpg?resize=350%2C200","width":350,"height":200,"srcset":"https:\/\/i0.wp.com\/www.grieta.org.mx\/wp-content\/uploads\/2019\/03\/activistas-de-tehuacan-se-solidarizan-con-amitcingo-56497d0703dd8a985dd4ee087be18581.jpg?resize=350%2C200 1x, https:\/\/i0.wp.com\/www.grieta.org.mx\/wp-content\/uploads\/2019\/03\/activistas-de-tehuacan-se-solidarizan-con-amitcingo-56497d0703dd8a985dd4ee087be18581.jpg?resize=525%2C300 1.5x, https:\/\/i0.wp.com\/www.grieta.org.mx\/wp-content\/uploads\/2019\/03\/activistas-de-tehuacan-se-solidarizan-con-amitcingo-56497d0703dd8a985dd4ee087be18581.jpg?resize=700%2C400 2x"},"classes":[]},{"id":29755,"url":"http:\/\/www.grieta.org.mx\/index.php\/2019\/02\/25\/la-lucha-no-termina-aqui-activistas-sobre-termoelectrica-en-morelos\/","url_meta":{"origin":29964,"position":3},"title":"La lucha no termina aqu\u00ed: activistas sobre termoel\u00e9ctrica en Morelos","author":"grieta","date":"25 febrero, 2019","format":false,"excerpt":"Felipe Rodea, Ver\u00f3nica Bacaz \/ El Financiero Tras conocer el resultado de la consulta favorable a la construcci\u00f3n de la termoel\u00e9ctrica en Morelos, el Frente de Pueblos en Defensa de la Tierra y Agua Morelos, Puebla, Tlaxcala, advirti\u00f3 que la batalla por cancelar el proyecto apenas comienza. \"La lucha no\u2026","rel":"","context":"En &quot;10. Huexca&quot;","block_context":{"text":"10. Huexca","link":"http:\/\/www.grieta.org.mx\/index.php\/category\/espejos-de-la-resistencia\/10-huexca\/"},"img":{"alt_text":"","src":"https:\/\/i0.wp.com\/www.grieta.org.mx\/wp-content\/uploads\/2019\/02\/752d2c9ecf1550851348_standard_desktop_medium_retina.jpeg?resize=350%2C200","width":350,"height":200,"srcset":"https:\/\/i0.wp.com\/www.grieta.org.mx\/wp-content\/uploads\/2019\/02\/752d2c9ecf1550851348_standard_desktop_medium_retina.jpeg?resize=350%2C200 1x, https:\/\/i0.wp.com\/www.grieta.org.mx\/wp-content\/uploads\/2019\/02\/752d2c9ecf1550851348_standard_desktop_medium_retina.jpeg?resize=525%2C300 1.5x, https:\/\/i0.wp.com\/www.grieta.org.mx\/wp-content\/uploads\/2019\/02\/752d2c9ecf1550851348_standard_desktop_medium_retina.jpeg?resize=700%2C400 2x, https:\/\/i0.wp.com\/www.grieta.org.mx\/wp-content\/uploads\/2019\/02\/752d2c9ecf1550851348_standard_desktop_medium_retina.jpeg?resize=1050%2C600 3x"},"classes":[]},{"id":55860,"url":"http:\/\/www.grieta.org.mx\/index.php\/2020\/12\/04\/proyecto-integral-morelos-viola-10-amparos-promovidos-por-activistas\/","url_meta":{"origin":29964,"position":4},"title":"Proyecto Integral Morelos viola 10 amparos promovidos por activistas","author":"Admin","date":"4 diciembre, 2020","format":false,"excerpt":"Juan Aguilar \/ Contra R\u00e9plica La representante del Frente de Pueblos en Defensa de la Tierra y el Agua Puebla, Morelos, Tlaxcala y delegada del Consejo Nacional Ind\u00edgena (CNI) en Morelos, Teresa Castellanos, denuncia que el gobierno federal viola 10 amparos con suspensi\u00f3n definitiva al mantener la construcci\u00f3n del Proyecto\u2026","rel":"","context":"En &quot;CINTILLO&quot;","block_context":{"text":"CINTILLO","link":"http:\/\/www.grieta.org.mx\/index.php\/category\/cintillo\/"},"img":{"alt_text":"","src":"https:\/\/i0.wp.com\/www.grieta.org.mx\/wp-content\/uploads\/2020\/12\/b79e49fb80cfdd71690f5d8df1b05b67.jpg?resize=350%2C200","width":350,"height":200,"srcset":"https:\/\/i0.wp.com\/www.grieta.org.mx\/wp-content\/uploads\/2020\/12\/b79e49fb80cfdd71690f5d8df1b05b67.jpg?resize=350%2C200 1x, https:\/\/i0.wp.com\/www.grieta.org.mx\/wp-content\/uploads\/2020\/12\/b79e49fb80cfdd71690f5d8df1b05b67.jpg?resize=525%2C300 1.5x, https:\/\/i0.wp.com\/www.grieta.org.mx\/wp-content\/uploads\/2020\/12\/b79e49fb80cfdd71690f5d8df1b05b67.jpg?resize=700%2C400 2x"},"classes":[]},{"id":28909,"url":"http:\/\/www.grieta.org.mx\/index.php\/2019\/02\/10\/amlo-ofrece-desde-morelos-la-consulta-para-la-termoelectrica-concejo-indigena-le-dice-que-no-puebla-tlaxcala-morelos\/","url_meta":{"origin":29964,"position":5},"title":"AMLO ofrece desde Morelos la consulta para la termoel\u00e9ctrica; Concejo Ind\u00edgena le dice que no (Puebla, Tlaxcala, Morelos)","author":"grieta","date":"10 febrero, 2019","format":false,"excerpt":"Redacci\u00f3n \/ SinEmbargo El Congreso ind\u00edgena denunci\u00f3 que la consulta propuesta por el Presidente L\u00f3pez Obrador es \u201cracista y clasista\u201d porque no toma en cuenta los modos y formas propias de toma de decisiones de los pueblos ind\u00edgenas, campesinos y organizaciones populares. Dijo que \u201cprefiere despreciarles\u201d para \u201cpoder arrebatar lo\u2026","rel":"","context":"En &quot;26. Sierra Puebla&quot;","block_context":{"text":"26. Sierra Puebla","link":"http:\/\/www.grieta.org.mx\/index.php\/category\/espejos-de-la-resistencia\/26-sierra-puebla\/"},"img":{"alt_text":"","src":"https:\/\/i0.wp.com\/www.grieta.org.mx\/wp-content\/uploads\/2019\/02\/clausura-termo-700.jpg?resize=350%2C200","width":350,"height":200,"srcset":"https:\/\/i0.wp.com\/www.grieta.org.mx\/wp-content\/uploads\/2019\/02\/clausura-termo-700.jpg?resize=350%2C200 1x, https:\/\/i0.wp.com\/www.grieta.org.mx\/wp-content\/uploads\/2019\/02\/clausura-termo-700.jpg?resize=525%2C300 1.5x, https:\/\/i0.wp.com\/www.grieta.org.mx\/wp-content\/uploads\/2019\/02\/clausura-termo-700.jpg?resize=700%2C400 2x"},"classes":[]}],"_links":{"self":[{"href":"http:\/\/www.grieta.org.mx\/index.php\/wp-json\/wp\/v2\/posts\/29964","targetHints":{"allow":["GET"]}}],"collection":[{"href":"http:\/\/www.grieta.org.mx\/index.php\/wp-json\/wp\/v2\/posts"}],"about":[{"href":"http:\/\/www.grieta.org.mx\/index.php\/wp-json\/wp\/v2\/types\/post"}],"author":[{"embeddable":true,"href":"http:\/\/www.grieta.org.mx\/index.php\/wp-json\/wp\/v2\/users\/2"}],"replies":[{"embeddable":true,"href":"http:\/\/www.grieta.org.mx\/index.php\/wp-json\/wp\/v2\/comments?post=29964"}],"version-history":[{"count":1,"href":"http:\/\/www.grieta.org.mx\/index.php\/wp-json\/wp\/v2\/posts\/29964\/revisions"}],"predecessor-version":[{"id":29969,"href":"http:\/\/www.grieta.org.mx\/index.php\/wp-json\/wp\/v2\/posts\/29964\/revisions\/29969"}],"wp:featuredmedia":[{"embeddable":true,"href":"http:\/\/www.grieta.org.mx\/index.php\/wp-json\/wp\/v2\/media\/29965"}],"wp:attachment":[{"href":"http:\/\/www.grieta.org.mx\/index.php\/wp-json\/wp\/v2\/media?parent=29964"}],"wp:term":[{"taxonomy":"category","embeddable":true,"href":"http:\/\/www.grieta.org.mx\/index.php\/wp-json\/wp\/v2\/categories?post=29964"},{"taxonomy":"post_tag","embeddable":true,"href":"http:\/\/www.grieta.org.mx\/index.php\/wp-json\/wp\/v2\/tags?post=29964"}],"curies":[{"name":"wp","href":"https:\/\/api.w.org\/{rel}","templated":true}]}}