{"id":29918,"date":"2019-03-01T13:55:33","date_gmt":"2019-03-01T19:55:33","guid":{"rendered":"http:\/\/www.grieta.org.mx\/?p=29918"},"modified":"2019-03-02T14:22:25","modified_gmt":"2019-03-02T20:22:25","slug":"arranca-el-mes-de-marzo-con-5-ejecutados-en-la-zmg-jalisco","status":"publish","type":"post","link":"http:\/\/www.grieta.org.mx\/index.php\/2019\/03\/01\/arranca-el-mes-de-marzo-con-5-ejecutados-en-la-zmg-jalisco\/","title":{"rendered":"Arranca el mes de marzo con 5 ejecutados en la ZMG (Jalisco)"},"content":{"rendered":"<p><img loading=\"lazy\" decoding=\"async\" data-attachment-id=\"29919\" data-permalink=\"http:\/\/www.grieta.org.mx\/index.php\/2019\/03\/01\/arranca-el-mes-de-marzo-con-5-ejecutados-en-la-zmg-jalisco\/escena-del-crimen\/\" data-orig-file=\"http:\/\/www.grieta.org.mx\/wp-content\/uploads\/2019\/03\/Escena-del-crimen.jpg\" data-orig-size=\"768,479\" data-comments-opened=\"0\" data-image-meta=\"{&quot;aperture&quot;:&quot;0&quot;,&quot;credit&quot;:&quot;&quot;,&quot;camera&quot;:&quot;&quot;,&quot;caption&quot;:&quot;&quot;,&quot;created_timestamp&quot;:&quot;0&quot;,&quot;copyright&quot;:&quot;&quot;,&quot;focal_length&quot;:&quot;0&quot;,&quot;iso&quot;:&quot;0&quot;,&quot;shutter_speed&quot;:&quot;0&quot;,&quot;title&quot;:&quot;&quot;,&quot;orientation&quot;:&quot;0&quot;}\" data-image-title=\"Escena del crimen\" data-image-description=\"\" data-image-caption=\"\" data-medium-file=\"http:\/\/www.grieta.org.mx\/wp-content\/uploads\/2019\/03\/Escena-del-crimen-300x187.jpg\" data-large-file=\"http:\/\/www.grieta.org.mx\/wp-content\/uploads\/2019\/03\/Escena-del-crimen.jpg\" class=\"aligncenter wp-image-29919\" src=\"http:\/\/www.grieta.org.mx\/wp-content\/uploads\/2019\/03\/Escena-del-crimen-300x187.jpg\" alt=\"\" width=\"760\" height=\"474\" srcset=\"http:\/\/www.grieta.org.mx\/wp-content\/uploads\/2019\/03\/Escena-del-crimen-300x187.jpg 300w, http:\/\/www.grieta.org.mx\/wp-content\/uploads\/2019\/03\/Escena-del-crimen.jpg 768w\" sizes=\"auto, (max-width: 760px) 100vw, 760px\" \/><\/p>\n<p><strong>Rom\u00e1n Ortega \/ El Occidental<\/strong><\/p>\n<div class=\"content-body clearfix \">\n<div id=\"content-body-225-3130041\">\n<p>Los hechos violentos registrados este viernes primero de marzo, en la Zona Metropolitana de Guadalajara, cobraron la vida de cinco personas.<\/p>\n<p><b>Zapopan<\/b><\/p>\n<\/div>\n<\/div>\n<div id=\"smart-video\">El primer caso se dio cerca de las 07:30 horas, en un terreno de la calle Central al cruce con la calle \u00c1rnica, en la colonia El Tizante, en Zapopan.<\/div>\n<section class=\"content-continued-body clearfix \">\n<div id=\"content-body-226-3130041\">\n<p>Los polic\u00edas encontraron en su recorrido de vigilancia un hombre tirado boca arriba con sangre en la cabeza. El fallecido aparentaba 35 a 40 a\u00f1os, era de tez blanca y complexi\u00f3n delgada.<\/p>\n<p>Los oficiales no encontraron indicios por lo que estimaron que el hombre fue asesinado en otro punto, y los causantes solo lo tiraron en el lugar en el que lo hallaron con varias horas de evoluci\u00f3n cadav\u00e9rica .<\/p>\n<p><b>Tlaquepaque<\/b><\/p>\n<p>Poco m\u00e1s tarde, cerca de las 11:15 horas en Perif\u00e9rico y Carretera Chapala, en la colonia La Duraznera, en San Pedro Tlaquepaque.<\/p>\n<p>La v\u00edctima, un hombre de aproximadamente 40 a\u00f1os, se desplazaba en una camioneta Raptor en color negro, por carretera a Chapala y al tomar la salida hacia Perif\u00e9rico Sur, fue interceptado por unos desconocidos que le cerraron el paso y le dispararon con fusiles de asalto.<\/p>\n<p>El conductor de la camioneta se detuvo y se ech\u00f3 a correr, pero a unos 30 metros de su veh\u00edculo cay\u00f3 sin vida sobre la cinta asf\u00e1ltica al ser alcanzado por las balas. El cuerpo qued\u00f3 frente a un auto Focus ajeno a los hechos, el cual result\u00f3 con un impacto, sin que sus ocupantes, una mujer y su hija resultaran lesionadas.<\/p>\n<p>Las autoridades contabilizaron m\u00e1s de 40 casquillos percutidos de calibre 9 mil\u00edmetros y 7.62 para fusil de asalto AK47, conocido como &#8220;cuerno de chivo&#8221;.<\/p>\n<p><b>Tlajomulco<\/b><\/p>\n<p>A las 15:00 horas, un cuerpo fue localizado en bolsas negras de pl\u00e1stico en una brecha cercana al Camino a San Isidro Mazatepec, en el poblado de Santa Cruz de la Loma, en Tlajomulco de Z\u00fa\u00f1iga.<\/p>\n<p>Por las condiciones, en las que se encontraba los polic\u00edas no pudieron identificar sus caracter\u00edsticas.<\/p>\n<p><b>Loma Linda<\/b><\/p>\n<p>En el cuarto hecho, dos hombres fueron atacados a balazos cerca las 16:45 horas en el cruce de Rafael Lozada y Mezquitera, en la colonia Loma Linda, en Guadalajara. Uno de ellos muri\u00f3, el otro result\u00f3 herido.<\/p>\n<p>No hubo testigos que aportaran informaci\u00f3n sobre las caracter\u00edsticas de los agresores.<\/p>\n<p><b>El Vergel<\/b><\/p>\n<p>Con tan solo unos minutos de diferencia, un hombre fue encontrado en un predio despoblado cercano al cruce de V\u00eda Manzanillo y calle Sauces. El occiso solo vest\u00eda una trusa en color rojo y estaba atado de las manos por la espalda.<\/p>\n<p><a href=\"https:\/\/www.eloccidental.com.mx\/policiaca\/arranca-el-mes-de-marzo-con-5-ejecutados-en-la-zmg-3130041.html\">https:\/\/www.eloccidental.com.mx\/policiaca\/arranca-el-mes-de-marzo-con-5-ejecutados-en-la-zmg-3130041.html<\/a><\/p>\n<\/div>\n<\/section>\n","protected":false},"excerpt":{"rendered":"<p>Rom\u00e1n Ortega \/ El Occidental Los hechos violentos registrados este viernes primero de marzo, en la Zona Metropolitana de Guadalajara, cobraron la vida de cinco personas. Zapopan El primer caso &hellip; <a href=\"http:\/\/www.grieta.org.mx\/index.php\/2019\/03\/01\/arranca-el-mes-de-marzo-con-5-ejecutados-en-la-zmg-jalisco\/\" class=\"more-link\">Leer m\u00e1s<\/a><\/p>\n","protected":false},"author":2,"featured_media":29919,"comment_status":"closed","ping_status":"closed","sticky":false,"template":"","format":"standard","meta":{"ngg_post_thumbnail":0,"_jetpack_newsletter_access":"","_jetpack_dont_email_post_to_subs":false,"_jetpack_newsletter_tier_id":0,"_jetpack_memberships_contains_paywalled_content":false,"_jetpack_memberships_contains_paid_content":false,"footnotes":""},"categories":[80,1771,20,2],"tags":[],"class_list":["post-29918","post","type-post","status-publish","format-standard","has-post-thumbnail","hentry","category-cintillo","category-incremento-de-la-violencia-en-jalisco","category-jalisco","category-noticias-nacionales","entry"],"jetpack_featured_media_url":"http:\/\/www.grieta.org.mx\/wp-content\/uploads\/2019\/03\/Escena-del-crimen.jpg","jetpack_sharing_enabled":true,"jetpack_shortlink":"https:\/\/wp.me\/p7ZJR4-7My","jetpack_likes_enabled":false,"jetpack-related-posts":[{"id":59792,"url":"http:\/\/www.grieta.org.mx\/index.php\/2021\/06\/11\/vecinos-de-zapopan-toman-avenida-patria-ante-falta-de-agua-jalisco\/","url_meta":{"origin":29918,"position":0},"title":"Vecinos de Zapopan toman avenida Patria ante falta de agua (Jalisco)","author":"grieta","date":"11 junio, 2021","format":false,"excerpt":"Foto: Cortes\u00eda - An\u00f3nimo V\u00edctor Ch\u00e1vez \/ El Occidental Las pipas gratuitas no llegan, el negocio contin\u00faa y la ausencia del vital l\u00edquido en la tuber\u00eda de sus casas tambi\u00e9n, es por eso que vecinos de la colonia Santa Fe de Zapopan tomaron la avenida Patria a la altura de\u2026","rel":"","context":"En &quot;CINTILLO&quot;","block_context":{"text":"CINTILLO","link":"http:\/\/www.grieta.org.mx\/index.php\/category\/cintillo\/"},"img":{"alt_text":"","src":"https:\/\/i0.wp.com\/www.grieta.org.mx\/wp-content\/uploads\/2021\/06\/Manifestacion-servicio-de-agua-Zapopan.jpg?resize=350%2C200","width":350,"height":200,"srcset":"https:\/\/i0.wp.com\/www.grieta.org.mx\/wp-content\/uploads\/2021\/06\/Manifestacion-servicio-de-agua-Zapopan.jpg?resize=350%2C200 1x, https:\/\/i0.wp.com\/www.grieta.org.mx\/wp-content\/uploads\/2021\/06\/Manifestacion-servicio-de-agua-Zapopan.jpg?resize=525%2C300 1.5x, https:\/\/i0.wp.com\/www.grieta.org.mx\/wp-content\/uploads\/2021\/06\/Manifestacion-servicio-de-agua-Zapopan.jpg?resize=700%2C400 2x"},"classes":[]},{"id":43523,"url":"http:\/\/www.grieta.org.mx\/index.php\/2020\/01\/22\/sindicato-emplaza-a-dif-zapopan-a-huelga-para-el-26-de-enero-jalisco\/","url_meta":{"origin":29918,"position":1},"title":"Sindicato emplaza a DIF Zapopan a huelga para el 26 de enero (Jalisco)","author":"grieta","date":"22 enero, 2020","format":false,"excerpt":"Acusan de que Pablo Lemus Navarro no les ha dado la cara, nunca los atendi\u00f3, les mand\u00f3 funcionarios de segundo nivel, que adem\u00e1s los trataron \u201ccon enga\u00f1os, con mentiras\u201d Foto: Cortes\u00eda Sindicato de Empleados DIF Zapopan V\u00edctor Ch\u00e1vez \/ El Occidental Como un llamado de \u00faltima hora, trabajadores sindicalizados del\u2026","rel":"","context":"En &quot;CINTILLO&quot;","block_context":{"text":"CINTILLO","link":"http:\/\/www.grieta.org.mx\/index.php\/category\/cintillo\/"},"img":{"alt_text":"","src":"https:\/\/i0.wp.com\/www.grieta.org.mx\/wp-content\/uploads\/2020\/01\/Manifestaci%C3%B3n-DIF-Zapopan.jpg?resize=350%2C200","width":350,"height":200,"srcset":"https:\/\/i0.wp.com\/www.grieta.org.mx\/wp-content\/uploads\/2020\/01\/Manifestaci%C3%B3n-DIF-Zapopan.jpg?resize=350%2C200 1x, https:\/\/i0.wp.com\/www.grieta.org.mx\/wp-content\/uploads\/2020\/01\/Manifestaci%C3%B3n-DIF-Zapopan.jpg?resize=525%2C300 1.5x, https:\/\/i0.wp.com\/www.grieta.org.mx\/wp-content\/uploads\/2020\/01\/Manifestaci%C3%B3n-DIF-Zapopan.jpg?resize=700%2C400 2x"},"classes":[]},{"id":47168,"url":"http:\/\/www.grieta.org.mx\/index.php\/2020\/03\/30\/colonos-de-lomas-del-centinela-se-manifestaron-afuera-del-ayuntamiento-de-zapopan-jalisco\/","url_meta":{"origin":29918,"position":2},"title":"Colonos de Lomas del Centinela se manifestaron afuera del ayuntamiento de Zapopan (Jalisco)","author":"grieta","date":"30 marzo, 2020","format":false,"excerpt":"Foto: Pablo Toledo Seg\u00fan los manifestantes jam\u00e1s se han negado a pagar los servicios de la colonia, el problema, es que en este momento no han querido ver a Lomas del Centinela como una comunidad de Zapopan Pablo Toledo \/ UDGTV Guadalajara, Jalisco.\u00a0Habitantes de la colonia Lomas del Centinela se\u2026","rel":"","context":"En &quot;CINTILLO&quot;","block_context":{"text":"CINTILLO","link":"http:\/\/www.grieta.org.mx\/index.php\/category\/cintillo\/"},"img":{"alt_text":"","src":"https:\/\/i0.wp.com\/www.grieta.org.mx\/wp-content\/uploads\/2020\/04\/Centinela-PAbli-696x522.jpeg?resize=350%2C200","width":350,"height":200,"srcset":"https:\/\/i0.wp.com\/www.grieta.org.mx\/wp-content\/uploads\/2020\/04\/Centinela-PAbli-696x522.jpeg?resize=350%2C200 1x, https:\/\/i0.wp.com\/www.grieta.org.mx\/wp-content\/uploads\/2020\/04\/Centinela-PAbli-696x522.jpeg?resize=525%2C300 1.5x"},"classes":[]},{"id":30525,"url":"http:\/\/www.grieta.org.mx\/index.php\/2019\/03\/11\/guadalajara-y-zm-tienen-otro-fin-de-semana-violento-jalisco\/","url_meta":{"origin":29918,"position":3},"title":"Guadalajara y ZM tienen otro fin de semana violento (Jalisco)","author":"grieta","date":"11 marzo, 2019","format":false,"excerpt":"Marisela Mu\u00f1oz \/ Vallarta Opina La ma\u00f1ana de este domingo fueron localizados siete cuerpos de seis hombres y una mujer, sobre la carretera Uni\u00f3n de San Antonio hacia el municipio San Diego de Alejandr\u00eda, a la altura del Rancho San Ram\u00f3n, informaron autoridades. Los cad\u00e1veres estaban maniatados y amordazados, adem\u00e1s\u2026","rel":"","context":"En &quot;CINTILLO&quot;","block_context":{"text":"CINTILLO","link":"http:\/\/www.grieta.org.mx\/index.php\/category\/cintillo\/"},"img":{"alt_text":"","src":"https:\/\/i0.wp.com\/www.grieta.org.mx\/wp-content\/uploads\/2019\/03\/CALLE.jpg?resize=350%2C200","width":350,"height":200,"srcset":"https:\/\/i0.wp.com\/www.grieta.org.mx\/wp-content\/uploads\/2019\/03\/CALLE.jpg?resize=350%2C200 1x, https:\/\/i0.wp.com\/www.grieta.org.mx\/wp-content\/uploads\/2019\/03\/CALLE.jpg?resize=525%2C300 1.5x, https:\/\/i0.wp.com\/www.grieta.org.mx\/wp-content\/uploads\/2019\/03\/CALLE.jpg?resize=700%2C400 2x"},"classes":[]},{"id":58145,"url":"http:\/\/www.grieta.org.mx\/index.php\/2021\/04\/03\/vecinos-de-lomas-de-tabachines-y-agua-fria-ya-presentan-problemas-de-salud-como-diarrea-y-temperatura-por-falta-de-agua-en-zapopan-varias-colonias-mas-afectadas-jalisco\/","url_meta":{"origin":29918,"position":4},"title":"Vecinos de Lomas de Tabachines y Agua Fr\u00eda ya presentan problemas de salud como diarrea y temperatura por falta de agua en Zapopan, varias colonias m\u00e1s afectadas (Jalisco)","author":"grieta","date":"3 abril, 2021","format":false,"excerpt":"Foto: Jorge Alberto Mendoza Jorge Alberto Mendoza \/ El Diario NTR Desde hace m\u00e1s de un mes, habitantes de Lomas de Tabachines, Agua Fr\u00eda y otras colonias del norte de Zapopan padecen un calvario por los cortes de agua potable. Vecinos narraron a NTR Guadalajara que la falta de agua\u2026","rel":"","context":"En &quot;CINTILLO&quot;","block_context":{"text":"CINTILLO","link":"http:\/\/www.grieta.org.mx\/index.php\/category\/cintillo\/"},"img":{"alt_text":"","src":"https:\/\/i0.wp.com\/www.grieta.org.mx\/wp-content\/uploads\/2021\/04\/2021-04-02_09-04-26___3889.jpg?resize=350%2C200","width":350,"height":200,"srcset":"https:\/\/i0.wp.com\/www.grieta.org.mx\/wp-content\/uploads\/2021\/04\/2021-04-02_09-04-26___3889.jpg?resize=350%2C200 1x, https:\/\/i0.wp.com\/www.grieta.org.mx\/wp-content\/uploads\/2021\/04\/2021-04-02_09-04-26___3889.jpg?resize=525%2C300 1.5x, https:\/\/i0.wp.com\/www.grieta.org.mx\/wp-content\/uploads\/2021\/04\/2021-04-02_09-04-26___3889.jpg?resize=700%2C400 2x"},"classes":[]},{"id":55623,"url":"http:\/\/www.grieta.org.mx\/index.php\/2020\/12\/04\/denuncian-muerte-de-fauna-silvestre-a-causa-de-fraccionamientos-jalisco\/","url_meta":{"origin":29918,"position":5},"title":"Denuncian muerte de fauna silvestre a causa de fraccionamientos (Jalisco)","author":"grieta","date":"4 diciembre, 2020","format":false,"excerpt":"Foto: Twitter @bosqueixticuil Lauto Rodr\u00edguez \/ El Diario NTR Activistas del Comit\u00e9 en Defensa del Bosque del Nixticuil denunciaron en redes sociales que la construcci\u00f3n de nuevos fraccionamientos auspiciados por el gobierno municipal de Zapopan, provoca que la fauna silvestre tenga que desplazarse y se ponga en riesgo permanente. Justo\u2026","rel":"","context":"En &quot;CINTILLO&quot;","block_context":{"text":"CINTILLO","link":"http:\/\/www.grieta.org.mx\/index.php\/category\/cintillo\/"},"img":{"alt_text":"","src":"https:\/\/i0.wp.com\/www.grieta.org.mx\/wp-content\/uploads\/2020\/12\/2020-12-04_02-12-44___2968.jpg?resize=350%2C200","width":350,"height":200,"srcset":"https:\/\/i0.wp.com\/www.grieta.org.mx\/wp-content\/uploads\/2020\/12\/2020-12-04_02-12-44___2968.jpg?resize=350%2C200 1x, https:\/\/i0.wp.com\/www.grieta.org.mx\/wp-content\/uploads\/2020\/12\/2020-12-04_02-12-44___2968.jpg?resize=525%2C300 1.5x, https:\/\/i0.wp.com\/www.grieta.org.mx\/wp-content\/uploads\/2020\/12\/2020-12-04_02-12-44___2968.jpg?resize=700%2C400 2x"},"classes":[]}],"_links":{"self":[{"href":"http:\/\/www.grieta.org.mx\/index.php\/wp-json\/wp\/v2\/posts\/29918","targetHints":{"allow":["GET"]}}],"collection":[{"href":"http:\/\/www.grieta.org.mx\/index.php\/wp-json\/wp\/v2\/posts"}],"about":[{"href":"http:\/\/www.grieta.org.mx\/index.php\/wp-json\/wp\/v2\/types\/post"}],"author":[{"embeddable":true,"href":"http:\/\/www.grieta.org.mx\/index.php\/wp-json\/wp\/v2\/users\/2"}],"replies":[{"embeddable":true,"href":"http:\/\/www.grieta.org.mx\/index.php\/wp-json\/wp\/v2\/comments?post=29918"}],"version-history":[{"count":1,"href":"http:\/\/www.grieta.org.mx\/index.php\/wp-json\/wp\/v2\/posts\/29918\/revisions"}],"predecessor-version":[{"id":29921,"href":"http:\/\/www.grieta.org.mx\/index.php\/wp-json\/wp\/v2\/posts\/29918\/revisions\/29921"}],"wp:featuredmedia":[{"embeddable":true,"href":"http:\/\/www.grieta.org.mx\/index.php\/wp-json\/wp\/v2\/media\/29919"}],"wp:attachment":[{"href":"http:\/\/www.grieta.org.mx\/index.php\/wp-json\/wp\/v2\/media?parent=29918"}],"wp:term":[{"taxonomy":"category","embeddable":true,"href":"http:\/\/www.grieta.org.mx\/index.php\/wp-json\/wp\/v2\/categories?post=29918"},{"taxonomy":"post_tag","embeddable":true,"href":"http:\/\/www.grieta.org.mx\/index.php\/wp-json\/wp\/v2\/tags?post=29918"}],"curies":[{"name":"wp","href":"https:\/\/api.w.org\/{rel}","templated":true}]}}