{"id":29908,"date":"2019-03-01T13:01:44","date_gmt":"2019-03-01T19:01:44","guid":{"rendered":"http:\/\/www.grieta.org.mx\/?p=29908"},"modified":"2019-03-02T13:11:24","modified_gmt":"2019-03-02T19:11:24","slug":"realizaron-paro-120-maestros-de-ingles-en-escuelas-publicas-jalisco","status":"publish","type":"post","link":"http:\/\/www.grieta.org.mx\/index.php\/2019\/03\/01\/realizaron-paro-120-maestros-de-ingles-en-escuelas-publicas-jalisco\/","title":{"rendered":"Realizaron paro 120 maestros de ingl\u00e9s en escuelas p\u00fablicas (Jalisco)"},"content":{"rendered":"<p><img loading=\"lazy\" decoding=\"async\" data-attachment-id=\"29909\" data-permalink=\"http:\/\/www.grieta.org.mx\/index.php\/2019\/03\/01\/realizaron-paro-120-maestros-de-ingles-en-escuelas-publicas-jalisco\/jaltrab\/\" data-orig-file=\"http:\/\/www.grieta.org.mx\/wp-content\/uploads\/2019\/03\/jaltrab.jpg\" data-orig-size=\"486,600\" data-comments-opened=\"0\" data-image-meta=\"{&quot;aperture&quot;:&quot;0&quot;,&quot;credit&quot;:&quot;&quot;,&quot;camera&quot;:&quot;&quot;,&quot;caption&quot;:&quot;&quot;,&quot;created_timestamp&quot;:&quot;0&quot;,&quot;copyright&quot;:&quot;&quot;,&quot;focal_length&quot;:&quot;0&quot;,&quot;iso&quot;:&quot;0&quot;,&quot;shutter_speed&quot;:&quot;0&quot;,&quot;title&quot;:&quot;&quot;,&quot;orientation&quot;:&quot;0&quot;}\" data-image-title=\"jaltrab\" data-image-description=\"\" data-image-caption=\"\" data-medium-file=\"http:\/\/www.grieta.org.mx\/wp-content\/uploads\/2019\/03\/jaltrab-243x300.jpg\" data-large-file=\"http:\/\/www.grieta.org.mx\/wp-content\/uploads\/2019\/03\/jaltrab.jpg\" class=\"aligncenter  wp-image-29909\" src=\"http:\/\/www.grieta.org.mx\/wp-content\/uploads\/2019\/03\/jaltrab-243x300.jpg\" alt=\"\" width=\"594\" height=\"733\" srcset=\"http:\/\/www.grieta.org.mx\/wp-content\/uploads\/2019\/03\/jaltrab-243x300.jpg 243w, http:\/\/www.grieta.org.mx\/wp-content\/uploads\/2019\/03\/jaltrab-405x500.jpg 405w, http:\/\/www.grieta.org.mx\/wp-content\/uploads\/2019\/03\/jaltrab.jpg 486w\" sizes=\"auto, (max-width: 594px) 100vw, 594px\" \/><\/p>\n<p>&nbsp;<\/p>\n<p><strong>Ignacio P\u00e9rez Vega \/ Cr\u00f3nica Jalisco<\/strong><\/p>\n<p>Un grupo de 120 maestros que pertenecen al Programa Nacional de Ingl\u00e9s (Proni), que da clases de lengua extranjera en planteles p\u00fablicos a chicos de preescolar y primaria, realizaron un paro de actividades este jueves, luego de que durante dos meses no han recibido salario por parte de la Secretar\u00eda de Educaci\u00f3n.<\/p>\n<p>Algunos de ellos realizaron una protesta frente a la Torre de Educaci\u00f3n y exhibieron consignas en carteles sobre la falta de pago, en los meses de enero y febrero. Padres de familia acompa\u00f1aron a los docentes con el siguiente reclamo: \u201cPor una educaci\u00f3n que ense\u00f1e a nuestros hijos a pensar y mejorar: padres de familia apoyando a nuestros maestros\u201d.<\/p>\n<p>Eduardo M\u00e1rquez Castillo, representante de los profesores de ingl\u00e9s, se\u00f1al\u00f3 que algunos maestros no tienen dinero ni para pagar la gasolina o para cubrir los pasajes para ir a las escuelas donde dan clases.<\/p>\n<p>La Secretar\u00eda de Educaci\u00f3n estatal respondi\u00f3 que la falta de pagos se debe a que el gobierno federal no ha publicado las reglas de operaci\u00f3n del Proni y no existe certeza de que el programa vaya a tener continuidad.<\/p>\n<p>\u201cLes hicimos saber la problem\u00e1tica de que no tenemos dinero ni para ir a trabajar. Ellos nos avisan que hoy saldr\u00edan las reglas de operaci\u00f3n. De ah\u00ed, se tardan de 1 a 3 d\u00edas para revisarlas y nos dan fecha de pago. Yo quiero creerles, pero nos han dicho anteriormente lo mismo\u201d, explic\u00f3.<\/p>\n<p>Pese a la falta de pagos, los docentes de ingl\u00e9s resolvieron que este viernes regresar\u00e1n a dar clases, para no afectar a los alumnos.<\/p>\n<p>La \u00faltima vez que los 120 maestros del Proni recibieron pago fue el pasado 18 de diciembre, por lo que ya han transcurrido m\u00e1s de dos meses sin salario.<\/p>\n<p>En algunos estados de plano, el Proni fue suspendido ante la falta de certeza por parte de la Secretar\u00eda de Educaci\u00f3n P\u00fablica (SEP), relat\u00f3, Marquez Castillo.<\/p>\n<p>Los estados donde el Proni se suspendi\u00f3 son Zacatecas, Tlaxacala, Chiapas, Guanajuato, Oaxaca, Durango, San Luis Potos\u00ed y Yucat\u00e1n.<\/p>\n<p><a href=\"http:\/\/www.cronicajalisco.com\/notas\/2019\/92402.html\">http:\/\/www.cronicajalisco.com\/notas\/2019\/92402.html<\/a><\/p>\n","protected":false},"excerpt":{"rendered":"<p>&nbsp; Ignacio P\u00e9rez Vega \/ Cr\u00f3nica Jalisco Un grupo de 120 maestros que pertenecen al Programa Nacional de Ingl\u00e9s (Proni), que da clases de lengua extranjera en planteles p\u00fablicos a &hellip; <a href=\"http:\/\/www.grieta.org.mx\/index.php\/2019\/03\/01\/realizaron-paro-120-maestros-de-ingles-en-escuelas-publicas-jalisco\/\" class=\"more-link\">Leer m\u00e1s<\/a><\/p>\n","protected":false},"author":2,"featured_media":21928,"comment_status":"closed","ping_status":"closed","sticky":false,"template":"","format":"standard","meta":{"ngg_post_thumbnail":0,"_jetpack_newsletter_access":"","_jetpack_dont_email_post_to_subs":false,"_jetpack_newsletter_tier_id":0,"_jetpack_memberships_contains_paywalled_content":false,"_jetpack_memberships_contains_paid_content":false,"footnotes":""},"categories":[80,1722,20,2],"tags":[],"class_list":["post-29908","post","type-post","status-publish","format-standard","has-post-thumbnail","hentry","category-cintillo","category-conflictos-laborales-de-trabajadores-del-estado-en-jalisco","category-jalisco","category-noticias-nacionales","entry"],"jetpack_featured_media_url":"http:\/\/www.grieta.org.mx\/wp-content\/uploads\/2018\/03\/14524434_1106112876131411_958039263622046936_o.jpg","jetpack_sharing_enabled":true,"jetpack_shortlink":"https:\/\/wp.me\/p7ZJR4-7Mo","jetpack_likes_enabled":false,"jetpack-related-posts":[{"id":41475,"url":"http:\/\/www.grieta.org.mx\/index.php\/2019\/11\/22\/cerca-de-60-mil-maestros-de-la-seccion-16-del-snte-haran-paro-de-clases-el-proximo-lunes-jalisco\/","url_meta":{"origin":29908,"position":0},"title":"Cerca de 60 mil maestros de la secci\u00f3n 16 del SNTE, har\u00e1n paro de clases el pr\u00f3ximo lunes (Jalisco)","author":"grieta","date":"22 noviembre, 2019","format":false,"excerpt":"Foto: Ignacio P\u00e9rez Vega Sin clases se van a quedar cerca de 8 mil escuelas en Jalisco, por la falta de pagos a cientos de profesores Ignacio P\u00e9rez Vega \/ UDGTV Guadalajara, Jalisco. Alrededor de 8 mil escuelas de preescolar, primaria y secundaria, en los turnos matutino y vespertino, en\u2026","rel":"","context":"En &quot;CINTILLO&quot;","block_context":{"text":"CINTILLO","link":"http:\/\/www.grieta.org.mx\/index.php\/category\/cintillo\/"},"img":{"alt_text":"","src":"https:\/\/i0.wp.com\/www.grieta.org.mx\/wp-content\/uploads\/2019\/11\/Ya-pagame-SEJ-Cortes%C3%ADa-4-696x430.jpg?resize=350%2C200","width":350,"height":200,"srcset":"https:\/\/i0.wp.com\/www.grieta.org.mx\/wp-content\/uploads\/2019\/11\/Ya-pagame-SEJ-Cortes%C3%ADa-4-696x430.jpg?resize=350%2C200 1x, https:\/\/i0.wp.com\/www.grieta.org.mx\/wp-content\/uploads\/2019\/11\/Ya-pagame-SEJ-Cortes%C3%ADa-4-696x430.jpg?resize=525%2C300 1.5x"},"classes":[]},{"id":3171,"url":"http:\/\/www.grieta.org.mx\/index.php\/2016\/08\/23\/movilizaciones-contra-la-reforma-educativa-y-la-evaluacion-magisterial-en-jalisco\/","url_meta":{"origin":29908,"position":1},"title":"Movilizaciones contra la Reforma educativa y evaluaci\u00f3n magisterial en Jalisco","author":"grieta","date":"23 agosto, 2016","format":false,"excerpt":"23\/08\/16. Maestros se manifestaron en el Aeropuerto Internacional de Guadalajara contra la Reforma Educativa Canal 44 23\/08\/16. Maestros en la regi\u00f3n de Los Altos trabajan bajo protesta (Video)Canal 44 27\/07\/16. Bloquean maestros casetasAM Lagos de Moreno 17\/07\/16. Frente Magisterial advierte accionesNtr Guadalajara 04\/07\/16. Abuchean a Aurelio Nu\u00f1o en JaliscoProceso 23\/06\/16.\u2026","rel":"","context":"En &quot;Jalisco&quot;","block_context":{"text":"Jalisco","link":"http:\/\/www.grieta.org.mx\/index.php\/category\/noticias-nacionales\/jalisco\/"},"img":{"alt_text":"","src":"https:\/\/i0.wp.com\/www.grieta.org.mx\/wp-content\/uploads\/2018\/03\/14524434_1106112876131411_958039263622046936_o.jpg?resize=350%2C200","width":350,"height":200,"srcset":"https:\/\/i0.wp.com\/www.grieta.org.mx\/wp-content\/uploads\/2018\/03\/14524434_1106112876131411_958039263622046936_o.jpg?resize=350%2C200 1x, https:\/\/i0.wp.com\/www.grieta.org.mx\/wp-content\/uploads\/2018\/03\/14524434_1106112876131411_958039263622046936_o.jpg?resize=525%2C300 1.5x, https:\/\/i0.wp.com\/www.grieta.org.mx\/wp-content\/uploads\/2018\/03\/14524434_1106112876131411_958039263622046936_o.jpg?resize=700%2C400 2x"},"classes":[]},{"id":47153,"url":"http:\/\/www.grieta.org.mx\/index.php\/2020\/03\/31\/maestros-estan-desesperados-por-la-falta-de-pago-de-sus-salarios-y-realizan-protesta-jalisco\/","url_meta":{"origin":29908,"position":2},"title":"Maestros est\u00e1n desesperados por la falta de pago de sus salarios y realizan protesta (Jalisco)","author":"grieta","date":"31 marzo, 2020","format":false,"excerpt":"Foto: Ignacio P\u00e9rez Vega De persistir el problema de pagos, los maestros est\u00e1n considerando la posibilidad de que las siguientes protestas, est\u00e9n acompa\u00f1ados por padres de familia de las escuelas donde dan clases Ignacio P\u00e9rez Vega \/ UDGTV Guadalajara, Jalisco. Maestros de preescolar, primaria y secundaria se manifestaron en las\u2026","rel":"","context":"En &quot;CINTILLO&quot;","block_context":{"text":"CINTILLO","link":"http:\/\/www.grieta.org.mx\/index.php\/category\/cintillo\/"},"img":{"alt_text":"","src":"https:\/\/i0.wp.com\/www.grieta.org.mx\/wp-content\/uploads\/2020\/04\/Maestros-protesta-Ignacio-2-696x329.jpeg?resize=350%2C200","width":350,"height":200,"srcset":"https:\/\/i0.wp.com\/www.grieta.org.mx\/wp-content\/uploads\/2020\/04\/Maestros-protesta-Ignacio-2-696x329.jpeg?resize=350%2C200 1x, https:\/\/i0.wp.com\/www.grieta.org.mx\/wp-content\/uploads\/2020\/04\/Maestros-protesta-Ignacio-2-696x329.jpeg?resize=525%2C300 1.5x"},"classes":[]},{"id":26411,"url":"http:\/\/www.grieta.org.mx\/index.php\/2018\/09\/10\/cumplen-maestros-con-paro-en-8-mil-escuelas-en-jalisco\/","url_meta":{"origin":29908,"position":3},"title":"Cumplen maestros con paro en 8 mil escuelas en Jalisco","author":"grieta","date":"10 septiembre, 2018","format":false,"excerpt":"MARICARMEN RELLO Guadalajara \/ 10.09.2018 09:29:59 Maestros federalizados cumplieron este lunes con el paro del servicio educativo en cerca de ocho mil escuelas del estado de Jalisco, en reclamo por la falta de pago de sueldos o prestaciones a cientos de trabajadores acad\u00e9micos, administrativos y de apoyo a la educaci\u00f3n.\u2026","rel":"","context":"En &quot;CINTILLO&quot;","block_context":{"text":"CINTILLO","link":"http:\/\/www.grieta.org.mx\/index.php\/category\/cintillo\/"},"img":{"alt_text":"","src":"https:\/\/i0.wp.com\/www.grieta.org.mx\/wp-content\/uploads\/2018\/09\/maestros-cumplieron-hoy-con-el.jpg?resize=350%2C200","width":350,"height":200,"srcset":"https:\/\/i0.wp.com\/www.grieta.org.mx\/wp-content\/uploads\/2018\/09\/maestros-cumplieron-hoy-con-el.jpg?resize=350%2C200 1x, https:\/\/i0.wp.com\/www.grieta.org.mx\/wp-content\/uploads\/2018\/09\/maestros-cumplieron-hoy-con-el.jpg?resize=525%2C300 1.5x, https:\/\/i0.wp.com\/www.grieta.org.mx\/wp-content\/uploads\/2018\/09\/maestros-cumplieron-hoy-con-el.jpg?resize=700%2C400 2x"},"classes":[]},{"id":46908,"url":"http:\/\/www.grieta.org.mx\/index.php\/2020\/03\/26\/protestan-maestros-de-jalisco-por-falta-de-pagos\/","url_meta":{"origin":29908,"position":4},"title":"Protestan maestros de Jalisco por falta de pagos","author":"grieta","date":"26 marzo, 2020","format":false,"excerpt":"Foto: Violeta Mel\u00e9ndez Una veintena de maestros y personal administrativo de educaci\u00f3n b\u00e1sica protest\u00f3 este jueves a las afueras de Palacio de Gobierno para exigir el pago de salarios que la Secretar\u00eda de Educaci\u00f3n Jalisco les adeuda Violeta Mel\u00e9ndez \/ UDGTV Guadalajara Jalisco. Una veintena de maestros y personal administrativo\u2026","rel":"","context":"En &quot;CINTILLO&quot;","block_context":{"text":"CINTILLO","link":"http:\/\/www.grieta.org.mx\/index.php\/category\/cintillo\/"},"img":{"alt_text":"","src":"https:\/\/i0.wp.com\/www.grieta.org.mx\/wp-content\/uploads\/2020\/03\/WhatsApp-Image-2020-03-26-at-17.57.51-696x522.jpeg?resize=350%2C200","width":350,"height":200,"srcset":"https:\/\/i0.wp.com\/www.grieta.org.mx\/wp-content\/uploads\/2020\/03\/WhatsApp-Image-2020-03-26-at-17.57.51-696x522.jpeg?resize=350%2C200 1x, https:\/\/i0.wp.com\/www.grieta.org.mx\/wp-content\/uploads\/2020\/03\/WhatsApp-Image-2020-03-26-at-17.57.51-696x522.jpeg?resize=525%2C300 1.5x"},"classes":[]},{"id":10141,"url":"http:\/\/www.grieta.org.mx\/index.php\/2016\/04\/08\/padres-de-familia-dicen-impedir-clases-en-12-escuelas-sej-lo-rechaza\/","url_meta":{"origin":29908,"position":5},"title":"Padres de familia dicen impedir clases en 12 escuelas; SEJ lo rechaza","author":"grieta","date":"8 abril, 2016","format":false,"excerpt":"OMAR GARC\u00cdA Se manifiestan en apoyo a los maestros que fueron despedidos por no presentar la evaluaci\u00f3n docente GUADALAJARA, JALISCO (08\/ABR\/2016).- Martha Gonz\u00e1lez es madre de familia de una alumna de la escuela Roberto Quiroz, en la colonia Polanquito de Tlaquepaque. Durante el martes y mi\u00e9rcoles, ella junto con las\u2026","rel":"","context":"En &quot;CINTILLO&quot;","block_context":{"text":"CINTILLO","link":"http:\/\/www.grieta.org.mx\/index.php\/category\/cintillo\/"},"img":{"alt_text":"","src":"https:\/\/i0.wp.com\/www.grieta.org.mx\/wp-content\/uploads\/2018\/03\/14524434_1106112876131411_958039263622046936_o.jpg?resize=350%2C200","width":350,"height":200,"srcset":"https:\/\/i0.wp.com\/www.grieta.org.mx\/wp-content\/uploads\/2018\/03\/14524434_1106112876131411_958039263622046936_o.jpg?resize=350%2C200 1x, https:\/\/i0.wp.com\/www.grieta.org.mx\/wp-content\/uploads\/2018\/03\/14524434_1106112876131411_958039263622046936_o.jpg?resize=525%2C300 1.5x, https:\/\/i0.wp.com\/www.grieta.org.mx\/wp-content\/uploads\/2018\/03\/14524434_1106112876131411_958039263622046936_o.jpg?resize=700%2C400 2x"},"classes":[]}],"_links":{"self":[{"href":"http:\/\/www.grieta.org.mx\/index.php\/wp-json\/wp\/v2\/posts\/29908","targetHints":{"allow":["GET"]}}],"collection":[{"href":"http:\/\/www.grieta.org.mx\/index.php\/wp-json\/wp\/v2\/posts"}],"about":[{"href":"http:\/\/www.grieta.org.mx\/index.php\/wp-json\/wp\/v2\/types\/post"}],"author":[{"embeddable":true,"href":"http:\/\/www.grieta.org.mx\/index.php\/wp-json\/wp\/v2\/users\/2"}],"replies":[{"embeddable":true,"href":"http:\/\/www.grieta.org.mx\/index.php\/wp-json\/wp\/v2\/comments?post=29908"}],"version-history":[{"count":1,"href":"http:\/\/www.grieta.org.mx\/index.php\/wp-json\/wp\/v2\/posts\/29908\/revisions"}],"predecessor-version":[{"id":29912,"href":"http:\/\/www.grieta.org.mx\/index.php\/wp-json\/wp\/v2\/posts\/29908\/revisions\/29912"}],"wp:featuredmedia":[{"embeddable":true,"href":"http:\/\/www.grieta.org.mx\/index.php\/wp-json\/wp\/v2\/media\/21928"}],"wp:attachment":[{"href":"http:\/\/www.grieta.org.mx\/index.php\/wp-json\/wp\/v2\/media?parent=29908"}],"wp:term":[{"taxonomy":"category","embeddable":true,"href":"http:\/\/www.grieta.org.mx\/index.php\/wp-json\/wp\/v2\/categories?post=29908"},{"taxonomy":"post_tag","embeddable":true,"href":"http:\/\/www.grieta.org.mx\/index.php\/wp-json\/wp\/v2\/tags?post=29908"}],"curies":[{"name":"wp","href":"https:\/\/api.w.org\/{rel}","templated":true}]}}