{"id":29875,"date":"2019-02-28T23:32:00","date_gmt":"2019-03-01T05:32:00","guid":{"rendered":"http:\/\/www.grieta.org.mx\/?p=29875"},"modified":"2019-03-01T23:37:11","modified_gmt":"2019-03-02T05:37:11","slug":"sitcbem-protesta-en-el-sat-en-demanda-de-prestaciones-y-salarios-michoacan","status":"publish","type":"post","link":"http:\/\/www.grieta.org.mx\/index.php\/2019\/02\/28\/sitcbem-protesta-en-el-sat-en-demanda-de-prestaciones-y-salarios-michoacan\/","title":{"rendered":"Sitcbem protesta en el SAT en demanda de prestaciones y salarios  (Michoac\u00e1n)"},"content":{"rendered":"<p><img loading=\"lazy\" decoding=\"async\" data-attachment-id=\"29877\" data-permalink=\"http:\/\/www.grieta.org.mx\/index.php\/2019\/02\/28\/sitcbem-protesta-en-el-sat-en-demanda-de-prestaciones-y-salarios-michoacan\/sitcbem-protesta-en-el-sat-en-demanda-de-prestaciones-y-salarios-1160x700\/\" data-orig-file=\"http:\/\/www.grieta.org.mx\/wp-content\/uploads\/2019\/03\/Sitcbem-protesta-en-el-SAT-en-demanda-de-prestaciones-y-salarios-1160x700.jpg\" data-orig-size=\"1160,700\" data-comments-opened=\"0\" data-image-meta=\"{&quot;aperture&quot;:&quot;0&quot;,&quot;credit&quot;:&quot;&quot;,&quot;camera&quot;:&quot;&quot;,&quot;caption&quot;:&quot;&quot;,&quot;created_timestamp&quot;:&quot;0&quot;,&quot;copyright&quot;:&quot;&quot;,&quot;focal_length&quot;:&quot;0&quot;,&quot;iso&quot;:&quot;0&quot;,&quot;shutter_speed&quot;:&quot;0&quot;,&quot;title&quot;:&quot;&quot;,&quot;orientation&quot;:&quot;0&quot;}\" data-image-title=\"Sitcbem-protesta-en-el-SAT-en-demanda-de-prestaciones-y-salarios-1160&amp;#215;700\" data-image-description=\"&lt;p&gt;Foto: Leopoldo Hern\u00e1ndez, Quadratin&lt;\/p&gt;\n\" data-image-caption=\"\" data-medium-file=\"http:\/\/www.grieta.org.mx\/wp-content\/uploads\/2019\/03\/Sitcbem-protesta-en-el-SAT-en-demanda-de-prestaciones-y-salarios-1160x700-300x181.jpg\" data-large-file=\"http:\/\/www.grieta.org.mx\/wp-content\/uploads\/2019\/03\/Sitcbem-protesta-en-el-SAT-en-demanda-de-prestaciones-y-salarios-1160x700-1024x618.jpg\" class=\"aligncenter size-full wp-image-29877\" src=\"http:\/\/www.grieta.org.mx\/wp-content\/uploads\/2019\/03\/Sitcbem-protesta-en-el-SAT-en-demanda-de-prestaciones-y-salarios-1160x700.jpg\" alt=\"\" width=\"1160\" height=\"700\" srcset=\"http:\/\/www.grieta.org.mx\/wp-content\/uploads\/2019\/03\/Sitcbem-protesta-en-el-SAT-en-demanda-de-prestaciones-y-salarios-1160x700.jpg 1160w, http:\/\/www.grieta.org.mx\/wp-content\/uploads\/2019\/03\/Sitcbem-protesta-en-el-SAT-en-demanda-de-prestaciones-y-salarios-1160x700-300x181.jpg 300w, http:\/\/www.grieta.org.mx\/wp-content\/uploads\/2019\/03\/Sitcbem-protesta-en-el-SAT-en-demanda-de-prestaciones-y-salarios-1160x700-768x463.jpg 768w, http:\/\/www.grieta.org.mx\/wp-content\/uploads\/2019\/03\/Sitcbem-protesta-en-el-SAT-en-demanda-de-prestaciones-y-salarios-1160x700-1024x618.jpg 1024w, http:\/\/www.grieta.org.mx\/wp-content\/uploads\/2019\/03\/Sitcbem-protesta-en-el-SAT-en-demanda-de-prestaciones-y-salarios-1160x700-829x500.jpg 829w\" sizes=\"auto, (max-width: 1160px) 100vw, 1160px\" \/><\/p>\n<p>Uriel Morales P\u00e9rez\/ Quadratin, 28 de Febrero de 2019.<\/p>\n<div>\n<p>MORELIA, Mich., 28 de febrero de 2019.- Trabajadores agremiados al Sindicato Independiente de Trabajadores del Cobaem (Sitcbem) se manifiestan este jueves en las instalaciones del Servicio de Administraci\u00f3n Tributaria (SAT). Los inconformes se colocan inicialmente en las inmediaciones de dichas oficinas sin obstruir el paso vehicular, pero no descartan hacerlo en pr\u00f3ximos minutos. Demandan que la direcci\u00f3n del Colegio de Bachilleres del Estado de Michoac\u00e1n (Cobaem) cumpla con la entrega de pagos en conceptos como salarios y prestaciones que no han sido cubiertos. Asimismo, demandan concretar los procedimientos establecidos en las Condiciones Generales de Trabajo vigentes a la fecha. Apenas el pasado 18 de febrero, el sindicato anunci\u00f3 que se prorrogaba la huelga que se ten\u00eda prevista para ese jueves, luego de que se diera la instalaci\u00f3n de la mesa de trabajo con la Direcci\u00f3n General y el Gobierno del Estado.<\/p>\n<\/div>\n<p><a href=\"https:\/\/www.quadratin.com.mx\/educativas\/sitcbem-protesta-en-el-sat-en-demanda-de-prestaciones-y-salarios\/\">https:\/\/www.quadratin.com.mx\/educativas\/sitcbem-protesta-en-el-sat-en-demanda-de-prestaciones-y-salarios\/<\/a><\/p>\n","protected":false},"excerpt":{"rendered":"<p>Uriel Morales P\u00e9rez\/ Quadratin, 28 de Febrero de 2019. MORELIA, Mich., 28 de febrero de 2019.- Trabajadores agremiados al Sindicato Independiente de Trabajadores del Cobaem (Sitcbem) se manifiestan este jueves &hellip; <a href=\"http:\/\/www.grieta.org.mx\/index.php\/2019\/02\/28\/sitcbem-protesta-en-el-sat-en-demanda-de-prestaciones-y-salarios-michoacan\/\" class=\"more-link\">Leer m\u00e1s<\/a><\/p>\n","protected":false},"author":2,"featured_media":29877,"comment_status":"closed","ping_status":"closed","sticky":false,"template":"","format":"standard","meta":{"ngg_post_thumbnail":0,"_jetpack_newsletter_access":"","_jetpack_dont_email_post_to_subs":false,"_jetpack_newsletter_tier_id":0,"_jetpack_memberships_contains_paywalled_content":false,"_jetpack_memberships_contains_paid_content":false,"footnotes":""},"categories":[80,999,2210,21,82],"tags":[1681,1290],"class_list":{"0":"post-29875","1":"post","2":"type-post","3":"status-publish","4":"format-standard","5":"has-post-thumbnail","6":"hentry","7":"category-cintillo","8":"category-conflictos-laborales-en-michoacan","9":"category-crisis-en-el-sistema-educativo-de-michoacan","10":"category-michoacan","12":"tag-precariedad-de-planteles-educativos","13":"tag-precariedad-laboral","14":"entry"},"jetpack_featured_media_url":"http:\/\/www.grieta.org.mx\/wp-content\/uploads\/2019\/03\/Sitcbem-protesta-en-el-SAT-en-demanda-de-prestaciones-y-salarios-1160x700.jpg","jetpack_sharing_enabled":true,"jetpack_shortlink":"https:\/\/wp.me\/p7ZJR4-7LR","jetpack_likes_enabled":false,"jetpack-related-posts":[{"id":39031,"url":"http:\/\/www.grieta.org.mx\/index.php\/2019\/09\/09\/cnte-inicia-paro-de-72-horas-en-michoacan\/","url_meta":{"origin":29875,"position":0},"title":"CNTE inicia paro de 72 horas en Michoac\u00e1n","author":"grieta","date":"9 septiembre, 2019","format":false,"excerpt":"Los maestros de la Secci\u00f3n 18 de la CNTE demandan el pago de quincenas y prestaciones atrasadas Exc\u00e9lsior, 09 de septiembre de 2019 Integrantes de la Coordinadora Nacional de Trabajadores de la Educaci\u00f3n (CNTE) comenzaron un paro de labores de 72 horas en Michoac\u00e1n, ante la demanda del pago de\u2026","rel":"","context":"En &quot;CINTILLO&quot;","block_context":{"text":"CINTILLO","link":"http:\/\/www.grieta.org.mx\/index.php\/category\/cintillo\/"},"img":{"alt_text":"","src":"https:\/\/i0.wp.com\/www.grieta.org.mx\/wp-content\/uploads\/2019\/09\/2215678.jpg?resize=350%2C200","width":350,"height":200,"srcset":"https:\/\/i0.wp.com\/www.grieta.org.mx\/wp-content\/uploads\/2019\/09\/2215678.jpg?resize=350%2C200 1x, https:\/\/i0.wp.com\/www.grieta.org.mx\/wp-content\/uploads\/2019\/09\/2215678.jpg?resize=525%2C300 1.5x"},"classes":[]},{"id":30180,"url":"http:\/\/www.grieta.org.mx\/index.php\/2019\/03\/04\/adeuda-see-4-mdp-a-126-trabajadores-del-telebachillerato-comunitario-de-michoacan\/","url_meta":{"origin":29875,"position":1},"title":"Adeuda SEE 4 mdp a 126 trabajadores del Telebachillerato Comunitario de Michoac\u00e1n","author":"grieta","date":"4 marzo, 2019","format":false,"excerpt":"Ernesto Hern\u00e1ndez Doblas \/Cambio de Michoac\u00e1n Morelia, Michoac\u00e1n, 04 de marzo de 2019.- Poco m\u00e1s de cuatro millones de pesos se les debe a 126 trabajadores del Telebachillerato Comunitario de Michoac\u00e1n. Esto, por salarios que desde comienzos del 2019 no se les han pagado adem\u00e1s del incremento salarial retroactivo del\u2026","rel":"","context":"En &quot;CINTILLO&quot;","block_context":{"text":"CINTILLO","link":"http:\/\/www.grieta.org.mx\/index.php\/category\/cintillo\/"},"img":{"alt_text":"","src":"https:\/\/i0.wp.com\/www.grieta.org.mx\/wp-content\/uploads\/2019\/03\/9a89105cdbaba3b2156f1cfc6a3c47d7webb.jpg?resize=350%2C200","width":350,"height":200,"srcset":"https:\/\/i0.wp.com\/www.grieta.org.mx\/wp-content\/uploads\/2019\/03\/9a89105cdbaba3b2156f1cfc6a3c47d7webb.jpg?resize=350%2C200 1x, https:\/\/i0.wp.com\/www.grieta.org.mx\/wp-content\/uploads\/2019\/03\/9a89105cdbaba3b2156f1cfc6a3c47d7webb.jpg?resize=525%2C300 1.5x, https:\/\/i0.wp.com\/www.grieta.org.mx\/wp-content\/uploads\/2019\/03\/9a89105cdbaba3b2156f1cfc6a3c47d7webb.jpg?resize=700%2C400 2x, https:\/\/i0.wp.com\/www.grieta.org.mx\/wp-content\/uploads\/2019\/03\/9a89105cdbaba3b2156f1cfc6a3c47d7webb.jpg?resize=1050%2C600 3x"},"classes":[]},{"id":29798,"url":"http:\/\/www.grieta.org.mx\/index.php\/2019\/02\/28\/planteles-cobaem-de-lc-se-suman-a-paro-contra-recortes-al-presupuesto-lazaro-cardenas-michoacan\/","url_meta":{"origin":29875,"position":2},"title":"Planteles Cobaem de LC se suman a paro contra recortes al presupuesto (L\u00e1zaro C\u00e1rdenas, Michoac\u00e1n)","author":"grieta","date":"28 febrero, 2019","format":false,"excerpt":"Arnulfo Mora\/Quadrat\u00edn L\u00c1ZARO C\u00c1RDENAS, Mich., 28 de febrero de 2019.- En defensa de sus prestaciones, maestros de los planteles Cobaem de este municipio y de Arteaga se suman al paro estatal este jueves y viernes, adem\u00e1s de que tomar\u00e1n las oficinas del SAT, dieron a conocer fuentes del Sindicato de\u2026","rel":"","context":"En &quot;CINTILLO&quot;","block_context":{"text":"CINTILLO","link":"http:\/\/www.grieta.org.mx\/index.php\/category\/cintillo\/"},"img":{"alt_text":"","src":"https:\/\/i0.wp.com\/www.grieta.org.mx\/wp-content\/uploads\/2019\/02\/cobaem1-1160x700.jpg?resize=350%2C200","width":350,"height":200,"srcset":"https:\/\/i0.wp.com\/www.grieta.org.mx\/wp-content\/uploads\/2019\/02\/cobaem1-1160x700.jpg?resize=350%2C200 1x, https:\/\/i0.wp.com\/www.grieta.org.mx\/wp-content\/uploads\/2019\/02\/cobaem1-1160x700.jpg?resize=525%2C300 1.5x, https:\/\/i0.wp.com\/www.grieta.org.mx\/wp-content\/uploads\/2019\/02\/cobaem1-1160x700.jpg?resize=700%2C400 2x, https:\/\/i0.wp.com\/www.grieta.org.mx\/wp-content\/uploads\/2019\/02\/cobaem1-1160x700.jpg?resize=1050%2C600 3x"},"classes":[]},{"id":47014,"url":"http:\/\/www.grieta.org.mx\/index.php\/2020\/03\/26\/denuncia-sueum-falta-de-pagos-pese-a-acuerdo-michoacan\/","url_meta":{"origin":29875,"position":3},"title":"Denuncia SUEUM falta de pagos pese a acuerdo (Michoac\u00e1n)","author":"grieta","date":"26 marzo, 2020","format":false,"excerpt":"\u00a0 Los trabajadores aseguraron que con estas acciones se violan y violentan el estado de derecho y las leyes \u00a0 Yelitza Mendoza | El Sol de Zamora, 26 de marzo de 2020 Morelia, Michoac\u00e1n, (OEM-Infomex).- Pese a la firma de convenio realizada el pasado 18 de marzo con la Universidad\u2026","rel":"","context":"En &quot;CINTILLO&quot;","block_context":{"text":"CINTILLO","link":"http:\/\/www.grieta.org.mx\/index.php\/category\/cintillo\/"},"img":{"alt_text":"","src":"https:\/\/i0.wp.com\/www.grieta.org.mx\/wp-content\/uploads\/2020\/03\/Firma-convenio-SUEUM.jpg?resize=350%2C200","width":350,"height":200,"srcset":"https:\/\/i0.wp.com\/www.grieta.org.mx\/wp-content\/uploads\/2020\/03\/Firma-convenio-SUEUM.jpg?resize=350%2C200 1x, https:\/\/i0.wp.com\/www.grieta.org.mx\/wp-content\/uploads\/2020\/03\/Firma-convenio-SUEUM.jpg?resize=525%2C300 1.5x, https:\/\/i0.wp.com\/www.grieta.org.mx\/wp-content\/uploads\/2020\/03\/Firma-convenio-SUEUM.jpg?resize=700%2C400 2x"},"classes":[]},{"id":8963,"url":"http:\/\/www.grieta.org.mx\/index.php\/2015\/11\/12\/conflictos-laborales-en-michoacan\/","url_meta":{"origin":29875,"position":4},"title":"Conflictos laborales en Michoac\u00e1n","author":"Admin","date":"12 noviembre, 2015","format":false,"excerpt":"Sindicatos del sector salud se movilizan en Michoac\u00e1n por formalizaci\u00f3n laboral, el pago de salarios y la destituci\u00f3n del titular de la dependencia 12\/11\/15. Arriba manifestaci\u00f3n de trabajadores de Salud al Congreso de Michoac\u00e1n Quadrat\u00edn 26\/10\/15. Sindicatos de Salud hacen plant\u00f3n en Casa y Palacio de Gobierno Provincia 26\/10\/15. Sindicalizados\u2026","rel":"","context":"En &quot;Michoac\u00e1n&quot;","block_context":{"text":"Michoac\u00e1n","link":"http:\/\/www.grieta.org.mx\/index.php\/category\/noticias-nacionales\/michoacan\/"},"img":{"alt_text":"","src":"https:\/\/i0.wp.com\/www.grieta.org.mx\/wp-content\/uploads\/2018\/03\/14524434_1106112876131411_958039263622046936_o.jpg?resize=350%2C200","width":350,"height":200,"srcset":"https:\/\/i0.wp.com\/www.grieta.org.mx\/wp-content\/uploads\/2018\/03\/14524434_1106112876131411_958039263622046936_o.jpg?resize=350%2C200 1x, https:\/\/i0.wp.com\/www.grieta.org.mx\/wp-content\/uploads\/2018\/03\/14524434_1106112876131411_958039263622046936_o.jpg?resize=525%2C300 1.5x, https:\/\/i0.wp.com\/www.grieta.org.mx\/wp-content\/uploads\/2018\/03\/14524434_1106112876131411_958039263622046936_o.jpg?resize=700%2C400 2x"},"classes":[]},{"id":43781,"url":"http:\/\/www.grieta.org.mx\/index.php\/2020\/01\/28\/marchan-sindicados-en-morelia-en-demanda-de-sus-pagos-atrasados\/","url_meta":{"origin":29875,"position":5},"title":"Marchan sindicados en Morelia en demanda de sus pagos atrasados","author":"grieta","date":"28 enero, 2020","format":false,"excerpt":"Uriel Morales P\u00e9rez \/Quadrat\u00edn, 28 de enero de 2019 MORELIA, Mich., 28 de enero de 2020.- Trabajadores del sector educativo en Michoac\u00e1n participan en la marcha en calles de Morelia en demanda de cumplimiento a pliegos petitorios que por meses se arrastran como pendientes. En el contingente se encuentran integrantes\u2026","rel":"","context":"En &quot;CINTILLO&quot;","block_context":{"text":"CINTILLO","link":"http:\/\/www.grieta.org.mx\/index.php\/category\/cintillo\/"},"img":{"alt_text":"","src":"https:\/\/i0.wp.com\/www.grieta.org.mx\/wp-content\/uploads\/2020\/01\/images.jpg?resize=350%2C200","width":350,"height":200,"srcset":"https:\/\/i0.wp.com\/www.grieta.org.mx\/wp-content\/uploads\/2020\/01\/images.jpg?resize=350%2C200 1x, https:\/\/i0.wp.com\/www.grieta.org.mx\/wp-content\/uploads\/2020\/01\/images.jpg?resize=525%2C300 1.5x"},"classes":[]}],"_links":{"self":[{"href":"http:\/\/www.grieta.org.mx\/index.php\/wp-json\/wp\/v2\/posts\/29875","targetHints":{"allow":["GET"]}}],"collection":[{"href":"http:\/\/www.grieta.org.mx\/index.php\/wp-json\/wp\/v2\/posts"}],"about":[{"href":"http:\/\/www.grieta.org.mx\/index.php\/wp-json\/wp\/v2\/types\/post"}],"author":[{"embeddable":true,"href":"http:\/\/www.grieta.org.mx\/index.php\/wp-json\/wp\/v2\/users\/2"}],"replies":[{"embeddable":true,"href":"http:\/\/www.grieta.org.mx\/index.php\/wp-json\/wp\/v2\/comments?post=29875"}],"version-history":[{"count":1,"href":"http:\/\/www.grieta.org.mx\/index.php\/wp-json\/wp\/v2\/posts\/29875\/revisions"}],"predecessor-version":[{"id":29880,"href":"http:\/\/www.grieta.org.mx\/index.php\/wp-json\/wp\/v2\/posts\/29875\/revisions\/29880"}],"wp:featuredmedia":[{"embeddable":true,"href":"http:\/\/www.grieta.org.mx\/index.php\/wp-json\/wp\/v2\/media\/29877"}],"wp:attachment":[{"href":"http:\/\/www.grieta.org.mx\/index.php\/wp-json\/wp\/v2\/media?parent=29875"}],"wp:term":[{"taxonomy":"category","embeddable":true,"href":"http:\/\/www.grieta.org.mx\/index.php\/wp-json\/wp\/v2\/categories?post=29875"},{"taxonomy":"post_tag","embeddable":true,"href":"http:\/\/www.grieta.org.mx\/index.php\/wp-json\/wp\/v2\/tags?post=29875"}],"curies":[{"name":"wp","href":"https:\/\/api.w.org\/{rel}","templated":true}]}}