{"id":29872,"date":"2019-03-01T23:31:44","date_gmt":"2019-03-02T05:31:44","guid":{"rendered":"http:\/\/www.grieta.org.mx\/?p=29872"},"modified":"2019-03-01T23:31:44","modified_gmt":"2019-03-02T05:31:44","slug":"nuevamente-sindicato-de-bachilleres-protesta-en-sat-michoacan","status":"publish","type":"post","link":"http:\/\/www.grieta.org.mx\/index.php\/2019\/03\/01\/nuevamente-sindicato-de-bachilleres-protesta-en-sat-michoacan\/","title":{"rendered":"Nuevamente Sindicato de Bachilleres protesta en SAT (Michoac\u00e1n)"},"content":{"rendered":"<p><img loading=\"lazy\" decoding=\"async\" data-attachment-id=\"29873\" data-permalink=\"http:\/\/www.grieta.org.mx\/index.php\/2019\/03\/01\/nuevamente-sindicato-de-bachilleres-protesta-en-sat-michoacan\/o-1000x520\/\" data-orig-file=\"http:\/\/www.grieta.org.mx\/wp-content\/uploads\/2019\/03\/o-1000x520.jpg\" data-orig-size=\"1000,520\" data-comments-opened=\"0\" data-image-meta=\"{&quot;aperture&quot;:&quot;0&quot;,&quot;credit&quot;:&quot;&quot;,&quot;camera&quot;:&quot;&quot;,&quot;caption&quot;:&quot;&quot;,&quot;created_timestamp&quot;:&quot;0&quot;,&quot;copyright&quot;:&quot;&quot;,&quot;focal_length&quot;:&quot;0&quot;,&quot;iso&quot;:&quot;0&quot;,&quot;shutter_speed&quot;:&quot;0&quot;,&quot;title&quot;:&quot;&quot;,&quot;orientation&quot;:&quot;0&quot;}\" data-image-title=\"o-1000&amp;#215;520\" data-image-description=\"\" data-image-caption=\"\" data-medium-file=\"http:\/\/www.grieta.org.mx\/wp-content\/uploads\/2019\/03\/o-1000x520-300x156.jpg\" data-large-file=\"http:\/\/www.grieta.org.mx\/wp-content\/uploads\/2019\/03\/o-1000x520.jpg\" class=\"aligncenter size-full wp-image-29873\" src=\"http:\/\/www.grieta.org.mx\/wp-content\/uploads\/2019\/03\/o-1000x520.jpg\" alt=\"\" width=\"1000\" height=\"520\" srcset=\"http:\/\/www.grieta.org.mx\/wp-content\/uploads\/2019\/03\/o-1000x520.jpg 1000w, http:\/\/www.grieta.org.mx\/wp-content\/uploads\/2019\/03\/o-1000x520-300x156.jpg 300w, http:\/\/www.grieta.org.mx\/wp-content\/uploads\/2019\/03\/o-1000x520-768x399.jpg 768w, http:\/\/www.grieta.org.mx\/wp-content\/uploads\/2019\/03\/o-1000x520-962x500.jpg 962w\" sizes=\"auto, (max-width: 1000px) 100vw, 1000px\" \/><br \/>\nOctavio ORTIZ GARC\u00cdA \/ Abc Diario de Michoac\u00e1n<br \/>\nMORELIA, MICH, 1 de Marzo de 2019.\u2013 Nuevamente el Sindicato de Bachilleres protesta en SAT en Morelia ante el recorte de 98 millones de pesos que hizo la SEP al Colegio de Bachilleres de Michoac\u00e1n.<\/p>\n<p>Las cerca de dos centenas de integrantes del Sictbem bloquean el acceso a las instalaciones y la vialidad en la calle Abasolo, por lo que se pide tomar precauciones y elegir rutas alternas.<\/p>\n<p>Cabe se\u00f1alar que el director del Cobaem, Gaspar Romero, indic\u00f3 que los sindicatos tiene una reuni\u00f3n con la SEP el pr\u00f3ximo 6 de marzo para tratar dicho asunto.<\/p>\n<p><a href=\"http:\/\/diarioabc.mx\/noticias\/?p=77719\">http:\/\/diarioabc.mx\/noticias\/?p=77719<\/a><\/p>\n","protected":false},"excerpt":{"rendered":"<p>Octavio ORTIZ GARC\u00cdA \/ Abc Diario de Michoac\u00e1n MORELIA, MICH, 1 de Marzo de 2019.\u2013 Nuevamente el Sindicato de Bachilleres protesta en SAT en Morelia ante el recorte de 98 &hellip; <a href=\"http:\/\/www.grieta.org.mx\/index.php\/2019\/03\/01\/nuevamente-sindicato-de-bachilleres-protesta-en-sat-michoacan\/\" class=\"more-link\">Leer m\u00e1s<\/a><\/p>\n","protected":false},"author":2,"featured_media":29873,"comment_status":"closed","ping_status":"closed","sticky":false,"template":"","format":"standard","meta":{"ngg_post_thumbnail":0,"_jetpack_newsletter_access":"","_jetpack_dont_email_post_to_subs":false,"_jetpack_newsletter_tier_id":0,"_jetpack_memberships_contains_paywalled_content":false,"_jetpack_memberships_contains_paid_content":false,"footnotes":""},"categories":[80,999,2210,82,21],"tags":[113,1681],"class_list":{"0":"post-29872","1":"post","2":"type-post","3":"status-publish","4":"format-standard","5":"has-post-thumbnail","6":"hentry","7":"category-cintillo","8":"category-conflictos-laborales-en-michoacan","9":"category-crisis-en-el-sistema-educativo-de-michoacan","10":"category-michoacan","12":"tag-conflictos-laborales","13":"tag-precariedad-de-planteles-educativos","14":"entry"},"jetpack_featured_media_url":"http:\/\/www.grieta.org.mx\/wp-content\/uploads\/2019\/03\/o-1000x520.jpg","jetpack_sharing_enabled":true,"jetpack_shortlink":"https:\/\/wp.me\/p7ZJR4-7LO","jetpack_likes_enabled":false,"jetpack-related-posts":[{"id":29875,"url":"http:\/\/www.grieta.org.mx\/index.php\/2019\/02\/28\/sitcbem-protesta-en-el-sat-en-demanda-de-prestaciones-y-salarios-michoacan\/","url_meta":{"origin":29872,"position":0},"title":"Sitcbem protesta en el SAT en demanda de prestaciones y salarios  (Michoac\u00e1n)","author":"grieta","date":"28 febrero, 2019","format":false,"excerpt":"Uriel Morales P\u00e9rez\/ Quadratin, 28 de Febrero de 2019. MORELIA, Mich., 28 de febrero de 2019.- Trabajadores agremiados al Sindicato Independiente de Trabajadores del Cobaem (Sitcbem) se manifiestan este jueves en las instalaciones del Servicio de Administraci\u00f3n Tributaria (SAT). Los inconformes se colocan inicialmente en las inmediaciones de dichas oficinas\u2026","rel":"","context":"En &quot;CINTILLO&quot;","block_context":{"text":"CINTILLO","link":"http:\/\/www.grieta.org.mx\/index.php\/category\/cintillo\/"},"img":{"alt_text":"","src":"https:\/\/i0.wp.com\/www.grieta.org.mx\/wp-content\/uploads\/2019\/03\/Sitcbem-protesta-en-el-SAT-en-demanda-de-prestaciones-y-salarios-1160x700.jpg?resize=350%2C200","width":350,"height":200,"srcset":"https:\/\/i0.wp.com\/www.grieta.org.mx\/wp-content\/uploads\/2019\/03\/Sitcbem-protesta-en-el-SAT-en-demanda-de-prestaciones-y-salarios-1160x700.jpg?resize=350%2C200 1x, https:\/\/i0.wp.com\/www.grieta.org.mx\/wp-content\/uploads\/2019\/03\/Sitcbem-protesta-en-el-SAT-en-demanda-de-prestaciones-y-salarios-1160x700.jpg?resize=525%2C300 1.5x, https:\/\/i0.wp.com\/www.grieta.org.mx\/wp-content\/uploads\/2019\/03\/Sitcbem-protesta-en-el-SAT-en-demanda-de-prestaciones-y-salarios-1160x700.jpg?resize=700%2C400 2x, https:\/\/i0.wp.com\/www.grieta.org.mx\/wp-content\/uploads\/2019\/03\/Sitcbem-protesta-en-el-SAT-en-demanda-de-prestaciones-y-salarios-1160x700.jpg?resize=1050%2C600 3x"},"classes":[]},{"id":29798,"url":"http:\/\/www.grieta.org.mx\/index.php\/2019\/02\/28\/planteles-cobaem-de-lc-se-suman-a-paro-contra-recortes-al-presupuesto-lazaro-cardenas-michoacan\/","url_meta":{"origin":29872,"position":1},"title":"Planteles Cobaem de LC se suman a paro contra recortes al presupuesto (L\u00e1zaro C\u00e1rdenas, Michoac\u00e1n)","author":"grieta","date":"28 febrero, 2019","format":false,"excerpt":"Arnulfo Mora\/Quadrat\u00edn L\u00c1ZARO C\u00c1RDENAS, Mich., 28 de febrero de 2019.- En defensa de sus prestaciones, maestros de los planteles Cobaem de este municipio y de Arteaga se suman al paro estatal este jueves y viernes, adem\u00e1s de que tomar\u00e1n las oficinas del SAT, dieron a conocer fuentes del Sindicato de\u2026","rel":"","context":"En &quot;CINTILLO&quot;","block_context":{"text":"CINTILLO","link":"http:\/\/www.grieta.org.mx\/index.php\/category\/cintillo\/"},"img":{"alt_text":"","src":"https:\/\/i0.wp.com\/www.grieta.org.mx\/wp-content\/uploads\/2019\/02\/cobaem1-1160x700.jpg?resize=350%2C200","width":350,"height":200,"srcset":"https:\/\/i0.wp.com\/www.grieta.org.mx\/wp-content\/uploads\/2019\/02\/cobaem1-1160x700.jpg?resize=350%2C200 1x, https:\/\/i0.wp.com\/www.grieta.org.mx\/wp-content\/uploads\/2019\/02\/cobaem1-1160x700.jpg?resize=525%2C300 1.5x, https:\/\/i0.wp.com\/www.grieta.org.mx\/wp-content\/uploads\/2019\/02\/cobaem1-1160x700.jpg?resize=700%2C400 2x, https:\/\/i0.wp.com\/www.grieta.org.mx\/wp-content\/uploads\/2019\/02\/cobaem1-1160x700.jpg?resize=1050%2C600 3x"},"classes":[]},{"id":30183,"url":"http:\/\/www.grieta.org.mx\/index.php\/2019\/03\/04\/telebachillerato-comunitario-protesta-en-el-centro-de-morelia\/","url_meta":{"origin":29872,"position":2},"title":"Telebachillerato Comunitario protesta en el Centro de Morelia","author":"grieta","date":"4 marzo, 2019","format":false,"excerpt":"Octavio Ortiz Garc\u00eda \/ diario ABC de Michoac\u00e1n MORELIA, MICH, 04 de marzo de 2019.- Los docentes del Telebachillerato Comunitario protestan a las afueras de la Subsecrerar\u00eda de Educaci\u00f3n Media Superior de la Secretar\u00eda de Educaci\u00f3n, en la calle Andr\u00e9s Quintana Roo del centro de la capital del estado. Los\u2026","rel":"","context":"En &quot;CINTILLO&quot;","block_context":{"text":"CINTILLO","link":"http:\/\/www.grieta.org.mx\/index.php\/category\/cintillo\/"},"img":{"alt_text":"","src":"https:\/\/i0.wp.com\/www.grieta.org.mx\/wp-content\/uploads\/2019\/03\/tel-780x600.jpg?resize=350%2C200","width":350,"height":200,"srcset":"https:\/\/i0.wp.com\/www.grieta.org.mx\/wp-content\/uploads\/2019\/03\/tel-780x600.jpg?resize=350%2C200 1x, https:\/\/i0.wp.com\/www.grieta.org.mx\/wp-content\/uploads\/2019\/03\/tel-780x600.jpg?resize=525%2C300 1.5x, https:\/\/i0.wp.com\/www.grieta.org.mx\/wp-content\/uploads\/2019\/03\/tel-780x600.jpg?resize=700%2C400 2x"},"classes":[]},{"id":8970,"url":"http:\/\/www.grieta.org.mx\/index.php\/2015\/11\/12\/arriba-manifestacion-de-trabajadores-de-salud-al-congreso-de-michoacan\/","url_meta":{"origin":29872,"position":3},"title":"Arriba manifestaci\u00f3n de trabajadores de Salud al Congreso de Michoac\u00e1n","author":"Admin","date":"12 noviembre, 2015","format":false,"excerpt":"MORELIA, Mich., 12 de noviembre de 2015.- Los agremiados adheridos al Sindicato Estatal de Salud culminaron su marcha a las afuera de la sede del Congreso de Michoac\u00e1n. Con esta protesta los empleados del sector Salud exigen a los legisladores que se cubran el pago de los adeudos atrasados y\u2026","rel":"","context":"En &quot;CINTILLO&quot;","block_context":{"text":"CINTILLO","link":"http:\/\/www.grieta.org.mx\/index.php\/category\/cintillo\/"},"img":{"alt_text":"","src":"https:\/\/i0.wp.com\/www.grieta.org.mx\/wp-content\/uploads\/2018\/03\/14524434_1106112876131411_958039263622046936_o.jpg?resize=350%2C200","width":350,"height":200,"srcset":"https:\/\/i0.wp.com\/www.grieta.org.mx\/wp-content\/uploads\/2018\/03\/14524434_1106112876131411_958039263622046936_o.jpg?resize=350%2C200 1x, https:\/\/i0.wp.com\/www.grieta.org.mx\/wp-content\/uploads\/2018\/03\/14524434_1106112876131411_958039263622046936_o.jpg?resize=525%2C300 1.5x, https:\/\/i0.wp.com\/www.grieta.org.mx\/wp-content\/uploads\/2018\/03\/14524434_1106112876131411_958039263622046936_o.jpg?resize=700%2C400 2x"},"classes":[]},{"id":32041,"url":"http:\/\/www.grieta.org.mx\/index.php\/2019\/04\/10\/cnte-protesta-en-centro-historico-de-morelia-michoacan\/","url_meta":{"origin":29872,"position":4},"title":"CNTE protesta en Centro Hist\u00f3rico de Morelia, Michoac\u00e1n","author":"grieta","date":"10 abril, 2019","format":false,"excerpt":"Marco Antonio Duarte \/ MVS Noticias ?10\/Abr\/19 Un millar de profesores marcharon, en exigencia del pago de bonos y salarios para docentes con clave estatal. La Secci\u00f3n XVIII de la CNTE protesta este mi\u00e9rcoles en el Centro Hist\u00f3rico de Morelia, contra la Reforma Educativa y en exigencia del pago de\u2026","rel":"","context":"En &quot;CINTILLO&quot;","block_context":{"text":"CINTILLO","link":"http:\/\/www.grieta.org.mx\/index.php\/category\/cintillo\/"},"img":{"alt_text":"","src":"https:\/\/i0.wp.com\/www.grieta.org.mx\/wp-content\/uploads\/2019\/04\/cnte-michoacan.jpg?resize=350%2C200","width":350,"height":200,"srcset":"https:\/\/i0.wp.com\/www.grieta.org.mx\/wp-content\/uploads\/2019\/04\/cnte-michoacan.jpg?resize=350%2C200 1x, https:\/\/i0.wp.com\/www.grieta.org.mx\/wp-content\/uploads\/2019\/04\/cnte-michoacan.jpg?resize=525%2C300 1.5x, https:\/\/i0.wp.com\/www.grieta.org.mx\/wp-content\/uploads\/2019\/04\/cnte-michoacan.jpg?resize=700%2C400 2x"},"classes":[]},{"id":31412,"url":"http:\/\/www.grieta.org.mx\/index.php\/2019\/03\/29\/extiende-suttebam-cierre-de-calles-en-centro-de-morelia\/","url_meta":{"origin":29872,"position":5},"title":"Extiende Suttebam cierre de calles en Centro de Morelia","author":"grieta","date":"29 marzo, 2019","format":false,"excerpt":"Uriel Morales P\u00e9rez\/Quadrat\u00edn Este contenido se encuentra protegido por la ley. Si lo cita, por favor mencione la fuente y haga un enlace a la nota original de donde usted lo ha tomado. Agencia Quadrat\u00edn. Todos los Derechos Reservados \u00a9 2018. MORELIA, Mich., 29 de marzo de 2019.- Personal del\u2026","rel":"","context":"En &quot;CINTILLO&quot;","block_context":{"text":"CINTILLO","link":"http:\/\/www.grieta.org.mx\/index.php\/category\/cintillo\/"},"img":{"alt_text":"","src":"https:\/\/i0.wp.com\/www.grieta.org.mx\/wp-content\/uploads\/2019\/03\/telebachillerato-sat-29-mar1.jpg?resize=350%2C200","width":350,"height":200,"srcset":"https:\/\/i0.wp.com\/www.grieta.org.mx\/wp-content\/uploads\/2019\/03\/telebachillerato-sat-29-mar1.jpg?resize=350%2C200 1x, https:\/\/i0.wp.com\/www.grieta.org.mx\/wp-content\/uploads\/2019\/03\/telebachillerato-sat-29-mar1.jpg?resize=525%2C300 1.5x, https:\/\/i0.wp.com\/www.grieta.org.mx\/wp-content\/uploads\/2019\/03\/telebachillerato-sat-29-mar1.jpg?resize=700%2C400 2x"},"classes":[]}],"_links":{"self":[{"href":"http:\/\/www.grieta.org.mx\/index.php\/wp-json\/wp\/v2\/posts\/29872","targetHints":{"allow":["GET"]}}],"collection":[{"href":"http:\/\/www.grieta.org.mx\/index.php\/wp-json\/wp\/v2\/posts"}],"about":[{"href":"http:\/\/www.grieta.org.mx\/index.php\/wp-json\/wp\/v2\/types\/post"}],"author":[{"embeddable":true,"href":"http:\/\/www.grieta.org.mx\/index.php\/wp-json\/wp\/v2\/users\/2"}],"replies":[{"embeddable":true,"href":"http:\/\/www.grieta.org.mx\/index.php\/wp-json\/wp\/v2\/comments?post=29872"}],"version-history":[{"count":1,"href":"http:\/\/www.grieta.org.mx\/index.php\/wp-json\/wp\/v2\/posts\/29872\/revisions"}],"predecessor-version":[{"id":29874,"href":"http:\/\/www.grieta.org.mx\/index.php\/wp-json\/wp\/v2\/posts\/29872\/revisions\/29874"}],"wp:featuredmedia":[{"embeddable":true,"href":"http:\/\/www.grieta.org.mx\/index.php\/wp-json\/wp\/v2\/media\/29873"}],"wp:attachment":[{"href":"http:\/\/www.grieta.org.mx\/index.php\/wp-json\/wp\/v2\/media?parent=29872"}],"wp:term":[{"taxonomy":"category","embeddable":true,"href":"http:\/\/www.grieta.org.mx\/index.php\/wp-json\/wp\/v2\/categories?post=29872"},{"taxonomy":"post_tag","embeddable":true,"href":"http:\/\/www.grieta.org.mx\/index.php\/wp-json\/wp\/v2\/tags?post=29872"}],"curies":[{"name":"wp","href":"https:\/\/api.w.org\/{rel}","templated":true}]}}