{"id":29739,"date":"2019-02-26T22:25:02","date_gmt":"2019-02-27T04:25:02","guid":{"rendered":"http:\/\/www.grieta.org.mx\/?p=29739"},"modified":"2019-02-27T22:31:14","modified_gmt":"2019-02-28T04:31:14","slug":"militares-proponen-estrategia-de-seguridad-para-los-altos-de-morelos","status":"publish","type":"post","link":"http:\/\/www.grieta.org.mx\/index.php\/2019\/02\/26\/militares-proponen-estrategia-de-seguridad-para-los-altos-de-morelos\/","title":{"rendered":"Militares proponen estrategia de seguridad para los Altos de Morelos"},"content":{"rendered":"<p>H\u00e9ctor Ra\u00fal Gonz\u00e1lez \/ Bajo Palabra<\/p>\n<p><img loading=\"lazy\" decoding=\"async\" data-attachment-id=\"29740\" data-permalink=\"http:\/\/www.grieta.org.mx\/index.php\/2019\/02\/26\/militares-proponen-estrategia-de-seguridad-para-los-altos-de-morelos\/screenshot_2019-02-27-militares-proponen-estrategia-de-seguridad-para-los-altos-de-morelos\/\" data-orig-file=\"http:\/\/www.grieta.org.mx\/wp-content\/uploads\/2019\/02\/Screenshot_2019-02-27-Militares-proponen-estrategia-de-seguridad-para-los-Altos-de-Morelos.png\" data-orig-size=\"1386,500\" data-comments-opened=\"0\" data-image-meta=\"{&quot;aperture&quot;:&quot;0&quot;,&quot;credit&quot;:&quot;&quot;,&quot;camera&quot;:&quot;&quot;,&quot;caption&quot;:&quot;&quot;,&quot;created_timestamp&quot;:&quot;0&quot;,&quot;copyright&quot;:&quot;&quot;,&quot;focal_length&quot;:&quot;0&quot;,&quot;iso&quot;:&quot;0&quot;,&quot;shutter_speed&quot;:&quot;0&quot;,&quot;title&quot;:&quot;&quot;,&quot;orientation&quot;:&quot;0&quot;}\" data-image-title=\"Screenshot_2019-02-27 Militares proponen estrategia de seguridad para los Altos de Morelos\" data-image-description=\"\" data-image-caption=\"\" data-medium-file=\"http:\/\/www.grieta.org.mx\/wp-content\/uploads\/2019\/02\/Screenshot_2019-02-27-Militares-proponen-estrategia-de-seguridad-para-los-Altos-de-Morelos-300x108.png\" data-large-file=\"http:\/\/www.grieta.org.mx\/wp-content\/uploads\/2019\/02\/Screenshot_2019-02-27-Militares-proponen-estrategia-de-seguridad-para-los-Altos-de-Morelos-1024x369.png\" src=\"http:\/\/www.grieta.org.mx\/wp-content\/uploads\/2019\/02\/Screenshot_2019-02-27-Militares-proponen-estrategia-de-seguridad-para-los-Altos-de-Morelos-1024x369.png\" alt=\"\" width=\"819\" height=\"295\" class=\"aligncenter size-large wp-image-29740\" srcset=\"http:\/\/www.grieta.org.mx\/wp-content\/uploads\/2019\/02\/Screenshot_2019-02-27-Militares-proponen-estrategia-de-seguridad-para-los-Altos-de-Morelos-1024x369.png 1024w, http:\/\/www.grieta.org.mx\/wp-content\/uploads\/2019\/02\/Screenshot_2019-02-27-Militares-proponen-estrategia-de-seguridad-para-los-Altos-de-Morelos-300x108.png 300w, http:\/\/www.grieta.org.mx\/wp-content\/uploads\/2019\/02\/Screenshot_2019-02-27-Militares-proponen-estrategia-de-seguridad-para-los-Altos-de-Morelos-768x277.png 768w, http:\/\/www.grieta.org.mx\/wp-content\/uploads\/2019\/02\/Screenshot_2019-02-27-Militares-proponen-estrategia-de-seguridad-para-los-Altos-de-Morelos.png 1386w\" sizes=\"auto, (max-width: 819px) 100vw, 819px\" \/><\/p>\n<blockquote><p>Polic\u00edas de los cuatro municipios, encabezados por sus respectivos comandantes, implementar\u00edan operativos especiales en bares, hoteles.<\/p><\/blockquote>\n<p>M\u00e9xico.- Adem\u00e1s de los convenios de colaboraci\u00f3n en materia de operaci\u00f3n policiaca que existen entre los ayuntamientos y el gobierno de Morelos, el comandante de la 24 Zona Militar, Armando G\u00f3mez Mendoza, anunci\u00f3 la implementaci\u00f3n de un programa especial en cuatro municipios de la entidad. \u201cEstamos haciendo un programa con los presidentes municipales de Tlalnepantla, Tlayacapan, Totolapan y Atlatlahucan, en donde queremos que hagan un convenio intermunicipal, esto no quiere decir que el convenio que hicieron con el estado est\u00e9 mal, sino que es un complemento. \u201cPor la carencia de polic\u00edas que hay ah\u00ed, hay muy pocos polic\u00edas, queremos hacer que el polic\u00eda de un municipio, a trav\u00e9s de ese convenio, apoye a los polic\u00edas de otros municipios en ciertos momentos, no en todos los momentos\u201d, declar\u00f3 el comandante durante la reuni\u00f3n matutina de seguridad. A trav\u00e9s de este esquema, polic\u00edas de los cuatro municipios, encabezados por sus respectivos comandantes, implementar\u00edan operativos especiales en bares, hoteles, instalar\u00edan puestos de control y revisi\u00f3n vehicular, y llevar\u00edan a cabo acciones de barrido. \u201cQueremos que los cuatro comandantes de la polic\u00eda se junten y dise\u00f1en ciertas operaciones sobre colonias y poblaciones ya establecidas dentro de un municipio que son cr\u00edticas y realicen operaciones, puestos de revisi\u00f3n, puestos de control sobre esas colonias, en un tema de dos horas, tres horas, \u00bfpor qu\u00e9 no m\u00e1s? Porque en dos horas o tres horas los delincuentes saben que estamos ah\u00ed. \u201cY otro tema m\u00e1s es realizar operaciones que les denominamos de barrido, tambi\u00e9n en el mismo tenor, y vamos a llevar a cabo con polic\u00edas de los cuatro municipios, una operaci\u00f3n sobre algunos lugares espec\u00edficos, a parte de puestos de control se van a revisar bares, deshuesaderos, vigilancia afuera de los hoteles para el tema de tratantes de blancas, cumplimentar \u00f3rdenes de aprehensi\u00f3n, \u00f3rdenes de cateo, tambi\u00e9n son temas de dos o tres horas, eso es lo que queremos hacer\u201d, se\u00f1al\u00f3 G\u00f3mez Mendoza. Tanto el Ej\u00e9rcito Mexicano, como la polic\u00eda de la Comisi\u00f3n Estatal de Seguridad, acompa\u00f1ar\u00edan esos operativos. \u201cEn este tema se les va a hacer, no les puedo decir que en un mes o en dos meses, ahorita ya dimos el primer paso, ya tuvimos pl\u00e1ticas con los presidentes municipales donde les presentamos el programa y ellos ya est\u00e1n de acuerdo, \u00e9se es el primer paso, ellos est\u00e1n de acuerdo\u201d, afirm\u00f3 el mando.<\/p>\n<p><a href=\"https:\/\/bajopalabra.com.mx\/militares-proponen-estrategia-de-seguridad-para-los-altos-de-morelos\">https:\/\/bajopalabra.com.mx\/militares-proponen-estrategia-de-seguridad-para-los-altos-de-morelos<\/a><\/p>\n","protected":false},"excerpt":{"rendered":"<p>H\u00e9ctor Ra\u00fal Gonz\u00e1lez \/ Bajo Palabra Polic\u00edas de los cuatro municipios, encabezados por sus respectivos comandantes, implementar\u00edan operativos especiales en bares, hoteles. M\u00e9xico.- Adem\u00e1s de los convenios de colaboraci\u00f3n en &hellip; <a href=\"http:\/\/www.grieta.org.mx\/index.php\/2019\/02\/26\/militares-proponen-estrategia-de-seguridad-para-los-altos-de-morelos\/\" class=\"more-link\">Leer m\u00e1s<\/a><\/p>\n","protected":false},"author":2,"featured_media":29740,"comment_status":"closed","ping_status":"closed","sticky":false,"template":"","format":"standard","meta":{"ngg_post_thumbnail":0,"_jetpack_newsletter_access":"","_jetpack_dont_email_post_to_subs":false,"_jetpack_newsletter_tier_id":0,"_jetpack_memberships_contains_paywalled_content":false,"_jetpack_memberships_contains_paid_content":false,"footnotes":""},"categories":[80,912,1901,22,2,83],"tags":[614],"class_list":["post-29739","post","type-post","status-publish","format-standard","has-post-thumbnail","hentry","category-cintillo","category-militarizacion","category-militarizacion-en-morelos","category-morelos","category-noticias-nacionales","category-temas-nacionales","tag-militarizacion","entry"],"jetpack_featured_media_url":"http:\/\/www.grieta.org.mx\/wp-content\/uploads\/2019\/02\/Screenshot_2019-02-27-Militares-proponen-estrategia-de-seguridad-para-los-Altos-de-Morelos.png","jetpack_sharing_enabled":true,"jetpack_shortlink":"https:\/\/wp.me\/p7ZJR4-7JF","jetpack_likes_enabled":false,"jetpack-related-posts":[{"id":31684,"url":"http:\/\/www.grieta.org.mx\/index.php\/2019\/03\/26\/establecera-guardia-nacional-27-bases-en-morelos\/","url_meta":{"origin":29739,"position":0},"title":"Establecer\u00e1 Guardia Nacional 27 bases en Morelos","author":"grieta","date":"26 marzo, 2019","format":false,"excerpt":"Guillermo Tapia \/ Diario de Morelos Cuautla, Morelos.- Se coordinar\u00e1 la Guardia Nacional con el Mando Coordinado en Morelos, ya que se establecer\u00e1n 27 bases de operaci\u00f3n en la entidad, se\u00f1al\u00f3 el secretario de Gobierno, Pablo Ojeda C\u00e1rdenas. La organizaci\u00f3n se dar\u00e1 luego de que entre en vigor la reforma\u2026","rel":"","context":"En &quot;CINTILLO&quot;","block_context":{"text":"CINTILLO","link":"http:\/\/www.grieta.org.mx\/index.php\/category\/cintillo\/"},"img":{"alt_text":"","src":"https:\/\/i0.wp.com\/www.grieta.org.mx\/wp-content\/uploads\/2019\/04\/27-bases-guardia-nacional-Morelos-260319.jpg?resize=350%2C200","width":350,"height":200,"srcset":"https:\/\/i0.wp.com\/www.grieta.org.mx\/wp-content\/uploads\/2019\/04\/27-bases-guardia-nacional-Morelos-260319.jpg?resize=350%2C200 1x, https:\/\/i0.wp.com\/www.grieta.org.mx\/wp-content\/uploads\/2019\/04\/27-bases-guardia-nacional-Morelos-260319.jpg?resize=525%2C300 1.5x, https:\/\/i0.wp.com\/www.grieta.org.mx\/wp-content\/uploads\/2019\/04\/27-bases-guardia-nacional-Morelos-260319.jpg?resize=700%2C400 2x"},"classes":[]},{"id":34161,"url":"http:\/\/www.grieta.org.mx\/index.php\/2019\/05\/29\/construiran-en-morelos-27-bases-de-operacion-para-la-guardia-nacional\/","url_meta":{"origin":29739,"position":1},"title":"Construir\u00e1n en Morelos 27 bases de operaci\u00f3n para la Guardia Nacional","author":"grieta","date":"29 mayo, 2019","format":false,"excerpt":"Jos\u00e9 Luis Brito \/ Proceso CUERNAVACA, Mor. (apro).- El secretario de Gobierno Pablo Ojeda C\u00e1rdenas inform\u00f3 que Morelos ser\u00e1 uno de los primeros estados en los que actuar\u00e1 la Guardia Nacional, y para ello se construir\u00e1n 27 bases de operaci\u00f3n y m\u00f3dulos de vigilancia. En entrevista, el funcionario asegur\u00f3 que\u2026","rel":"","context":"En &quot;CINTILLO&quot;","block_context":{"text":"CINTILLO","link":"http:\/\/www.grieta.org.mx\/index.php\/category\/cintillo\/"},"img":{"alt_text":"","src":"https:\/\/i0.wp.com\/www.grieta.org.mx\/wp-content\/uploads\/2019\/06\/01e4771ff2994be3fc-190502_militares_mpr2-1-1078x808.jpg?resize=350%2C200","width":350,"height":200,"srcset":"https:\/\/i0.wp.com\/www.grieta.org.mx\/wp-content\/uploads\/2019\/06\/01e4771ff2994be3fc-190502_militares_mpr2-1-1078x808.jpg?resize=350%2C200 1x, https:\/\/i0.wp.com\/www.grieta.org.mx\/wp-content\/uploads\/2019\/06\/01e4771ff2994be3fc-190502_militares_mpr2-1-1078x808.jpg?resize=525%2C300 1.5x, https:\/\/i0.wp.com\/www.grieta.org.mx\/wp-content\/uploads\/2019\/06\/01e4771ff2994be3fc-190502_militares_mpr2-1-1078x808.jpg?resize=700%2C400 2x, https:\/\/i0.wp.com\/www.grieta.org.mx\/wp-content\/uploads\/2019\/06\/01e4771ff2994be3fc-190502_militares_mpr2-1-1078x808.jpg?resize=1050%2C600 3x"},"classes":[]},{"id":30607,"url":"http:\/\/www.grieta.org.mx\/index.php\/2019\/03\/07\/anuncian-arribo-de-fuerzas-federales-a-morelos\/","url_meta":{"origin":29739,"position":2},"title":"Anuncian arribo de fuerzas federales a Morelos","author":"grieta","date":"7 marzo, 2019","format":false,"excerpt":"H\u00e9ctor Ra\u00fal Gonz\u00e1lez \/ La silla rota Esta semana Blanco Bravo reconoci\u00f3 un incremento en la incidencia delictiva en la entidad que gobierna y solicit\u00f3 en consecuencia el apoyo del gobierno federal MORELOS (La Silla Rota).- El gobierno de Andr\u00e9s Manuel L\u00f3pez Obrador respondi\u00f3 a la solicitud del gobernador Cuauht\u00e9moc\u2026","rel":"","context":"En &quot;CINTILLO&quot;","block_context":{"text":"CINTILLO","link":"http:\/\/www.grieta.org.mx\/index.php\/category\/cintillo\/"},"img":{"alt_text":"","src":"https:\/\/i0.wp.com\/www.grieta.org.mx\/wp-content\/uploads\/2019\/03\/secretariogobiernomorelos-focus-min0.07-0.51-480-345.jpg?resize=350%2C200","width":350,"height":200},"classes":[]},{"id":27903,"url":"http:\/\/www.grieta.org.mx\/index.php\/2018\/12\/04\/blindan-morelos-con-900-soldados-y-30-policias-federales\/","url_meta":{"origin":29739,"position":3},"title":"Blindan Morelos con 900 soldados y 30 polic\u00edas federales","author":"grieta","date":"4 diciembre, 2018","format":false,"excerpt":"Redacci\u00f3n \/ Diario de Coahuila CUERNAVACA, Mor., diciembre 4 (EL UNIVERSAL).- Desde este fin de semana, 900 elementos del Ej\u00e9rcito y 30 de la Polic\u00eda Federal recorren la entidad en labores de seguridad y vigilancia en coordinaci\u00f3n con la Polic\u00eda de Mando \u00danico de Morelos. Los elementos de respaldo tienen\u2026","rel":"","context":"En &quot;Militarizaci\u00f3n&quot;","block_context":{"text":"Militarizaci\u00f3n","link":"http:\/\/www.grieta.org.mx\/index.php\/category\/temas-nacionales\/militarizacion\/"},"img":{"alt_text":"","src":"https:\/\/i0.wp.com\/www.grieta.org.mx\/wp-content\/uploads\/2018\/12\/f620x350-712051_743069_0.jpg?resize=350%2C200","width":350,"height":200,"srcset":"https:\/\/i0.wp.com\/www.grieta.org.mx\/wp-content\/uploads\/2018\/12\/f620x350-712051_743069_0.jpg?resize=350%2C200 1x, https:\/\/i0.wp.com\/www.grieta.org.mx\/wp-content\/uploads\/2018\/12\/f620x350-712051_743069_0.jpg?resize=525%2C300 1.5x"},"classes":[]},{"id":27892,"url":"http:\/\/www.grieta.org.mx\/index.php\/2018\/12\/08\/implementaran-de-nuevo-el-mando-unico\/","url_meta":{"origin":29739,"position":4},"title":"Implementar\u00e1n de nuevo el Mando \u00danico","author":"grieta","date":"8 diciembre, 2018","format":false,"excerpt":"Omar Romero \/ Diario de Morelos Cuernavaca, Morelos.- El Mando \u00danico se implementar\u00e1 de nueva cuenta en la entidad, adelant\u00f3 el comisionado estatal de Seguridad P\u00fablica, el Vicealmirante Jos\u00e9 Antonio Ortiz Guarneros, quien dijo que ahora s\u00ed ya no habr\u00e1 polic\u00edas municipales y todos ser\u00e1n elementos estatales. Explic\u00f3 que ayer\u2026","rel":"","context":"En &quot;Militarizaci\u00f3n&quot;","block_context":{"text":"Militarizaci\u00f3n","link":"http:\/\/www.grieta.org.mx\/index.php\/category\/temas-nacionales\/militarizacion\/"},"img":{"alt_text":"","src":"https:\/\/i0.wp.com\/www.grieta.org.mx\/wp-content\/uploads\/2018\/12\/Vicealmirante-Ortiz-Guarneros-2_result.jpg?resize=350%2C200","width":350,"height":200,"srcset":"https:\/\/i0.wp.com\/www.grieta.org.mx\/wp-content\/uploads\/2018\/12\/Vicealmirante-Ortiz-Guarneros-2_result.jpg?resize=350%2C200 1x, https:\/\/i0.wp.com\/www.grieta.org.mx\/wp-content\/uploads\/2018\/12\/Vicealmirante-Ortiz-Guarneros-2_result.jpg?resize=525%2C300 1.5x, https:\/\/i0.wp.com\/www.grieta.org.mx\/wp-content\/uploads\/2018\/12\/Vicealmirante-Ortiz-Guarneros-2_result.jpg?resize=700%2C400 2x, https:\/\/i0.wp.com\/www.grieta.org.mx\/wp-content\/uploads\/2018\/12\/Vicealmirante-Ortiz-Guarneros-2_result.jpg?resize=1050%2C600 3x"},"classes":[]},{"id":28515,"url":"http:\/\/www.grieta.org.mx\/index.php\/2019\/01\/08\/policias-de-transito-tambien-van-a-guardia-nacional-en-morelos\/","url_meta":{"origin":29739,"position":5},"title":"Polic\u00edas de Tr\u00e1nsito tambi\u00e9n van a Guardia Nacional en Morelos","author":"grieta","date":"8 enero, 2019","format":false,"excerpt":"H\u00e9ctor Gonz\u00e1lez \/ La silla rota CUERNAVACA, MORELOS.- La estrategia de seguridad aplicada en Morelos seguir\u00e1 la l\u00ednea establecida por el gobierno de Andr\u00e9s Manuel L\u00f3pez Obrador: Guardia Nacional y Polic\u00eda de Mando \u00danico, a la que adem\u00e1s se sumar\u00e1n los agentes de Tr\u00e1nsito y Vialidad, dijo Jos\u00e9 Manuel Sanz,\u2026","rel":"","context":"En &quot;CINTILLO&quot;","block_context":{"text":"CINTILLO","link":"http:\/\/www.grieta.org.mx\/index.php\/category\/cintillo\/"},"img":{"alt_text":"","src":"https:\/\/i0.wp.com\/www.grieta.org.mx\/wp-content\/uploads\/2019\/01\/mandounicomorelos-focus-0-0-480-345.jpg?resize=350%2C200","width":350,"height":200},"classes":[]}],"_links":{"self":[{"href":"http:\/\/www.grieta.org.mx\/index.php\/wp-json\/wp\/v2\/posts\/29739","targetHints":{"allow":["GET"]}}],"collection":[{"href":"http:\/\/www.grieta.org.mx\/index.php\/wp-json\/wp\/v2\/posts"}],"about":[{"href":"http:\/\/www.grieta.org.mx\/index.php\/wp-json\/wp\/v2\/types\/post"}],"author":[{"embeddable":true,"href":"http:\/\/www.grieta.org.mx\/index.php\/wp-json\/wp\/v2\/users\/2"}],"replies":[{"embeddable":true,"href":"http:\/\/www.grieta.org.mx\/index.php\/wp-json\/wp\/v2\/comments?post=29739"}],"version-history":[{"count":1,"href":"http:\/\/www.grieta.org.mx\/index.php\/wp-json\/wp\/v2\/posts\/29739\/revisions"}],"predecessor-version":[{"id":29741,"href":"http:\/\/www.grieta.org.mx\/index.php\/wp-json\/wp\/v2\/posts\/29739\/revisions\/29741"}],"wp:featuredmedia":[{"embeddable":true,"href":"http:\/\/www.grieta.org.mx\/index.php\/wp-json\/wp\/v2\/media\/29740"}],"wp:attachment":[{"href":"http:\/\/www.grieta.org.mx\/index.php\/wp-json\/wp\/v2\/media?parent=29739"}],"wp:term":[{"taxonomy":"category","embeddable":true,"href":"http:\/\/www.grieta.org.mx\/index.php\/wp-json\/wp\/v2\/categories?post=29739"},{"taxonomy":"post_tag","embeddable":true,"href":"http:\/\/www.grieta.org.mx\/index.php\/wp-json\/wp\/v2\/tags?post=29739"}],"curies":[{"name":"wp","href":"https:\/\/api.w.org\/{rel}","templated":true}]}}