{"id":29730,"date":"2019-02-27T18:20:32","date_gmt":"2019-02-28T00:20:32","guid":{"rendered":"http:\/\/www.grieta.org.mx\/?p=29730"},"modified":"2019-05-21T19:35:06","modified_gmt":"2019-05-22T00:35:06","slug":"wixarikas-reclaman-a-jalisco-dejar-pasividad","status":"publish","type":"post","link":"http:\/\/www.grieta.org.mx\/index.php\/2019\/02\/27\/wixarikas-reclaman-a-jalisco-dejar-pasividad\/","title":{"rendered":"Wix\u00e1rikas reclaman a Jalisco dejar pasividad"},"content":{"rendered":"<p><img loading=\"lazy\" decoding=\"async\" data-attachment-id=\"29731\" data-permalink=\"http:\/\/www.grieta.org.mx\/index.php\/2019\/02\/27\/wixarikas-reclaman-a-jalisco-dejar-pasividad\/wixarica\/\" data-orig-file=\"http:\/\/www.grieta.org.mx\/wp-content\/uploads\/2019\/02\/wixarica.jpg\" data-orig-size=\"750,500\" data-comments-opened=\"0\" data-image-meta=\"{&quot;aperture&quot;:&quot;0&quot;,&quot;credit&quot;:&quot;&quot;,&quot;camera&quot;:&quot;&quot;,&quot;caption&quot;:&quot;&quot;,&quot;created_timestamp&quot;:&quot;0&quot;,&quot;copyright&quot;:&quot;TODOS LOS DERECHOS RESERVADOS GRISEL REYES PAJARITO&quot;,&quot;focal_length&quot;:&quot;0&quot;,&quot;iso&quot;:&quot;0&quot;,&quot;shutter_speed&quot;:&quot;0&quot;,&quot;title&quot;:&quot;&quot;,&quot;orientation&quot;:&quot;0&quot;}\" data-image-title=\"wixarica\" data-image-description=\"\" data-image-caption=\"\" data-medium-file=\"http:\/\/www.grieta.org.mx\/wp-content\/uploads\/2019\/02\/wixarica-300x200.jpg\" data-large-file=\"http:\/\/www.grieta.org.mx\/wp-content\/uploads\/2019\/02\/wixarica.jpg\" class=\"aligncenter wp-image-29731\" src=\"http:\/\/www.grieta.org.mx\/wp-content\/uploads\/2019\/02\/wixarica-300x200.jpg\" alt=\"\" width=\"765\" height=\"510\" srcset=\"http:\/\/www.grieta.org.mx\/wp-content\/uploads\/2019\/02\/wixarica-300x200.jpg 300w, http:\/\/www.grieta.org.mx\/wp-content\/uploads\/2019\/02\/wixarica.jpg 750w\" sizes=\"auto, (max-width: 765px) 100vw, 765px\" \/><\/p>\n<p><strong>Agust\u00edn del Castillo \/ El Diario NTR<\/strong><\/p>\n<p>\u201cSi no vienen a decirnos que van a pagar por dejar nuestras tierras, no pierdan su tiempo\u201d, exclam\u00f3 Baltazar Herrera, uno de los peque\u00f1os propietarios afectados con las restituciones ordenadas por los tribunales agrarios a favor de la comunidad ind\u00edgena de Wuaut+a (San Sebasti\u00e1n Teponahuaxtl\u00e1n), asunto que mantiene envenenadas las relaciones entre los moradores de los l\u00edmites de Jalisco y Nayarit.<\/p>\n<p>Quienes escuchaban eran las comitivas de dos gobiernos estatales y el federal, citados en la ciudad de Tepic, el 7 de febrero, y como gobiernos de reciente asunci\u00f3n (caso de Jalisco y el de la Rep\u00fablica), reprochaban que no se hubieran puesto de acuerdo las partes en tantos a\u00f1os. Tambi\u00e9n hab\u00eda una delegaci\u00f3n de los comuneros. \u201cNo hay un acuerdo m\u00e1s que el pago de las tierras, los wixaritaris no est\u00e1n dispuestos a entregar un solo metro de tierra, y nosotros no estamos dispuestos a dejarlas si no nos pagan\u201d, sigui\u00f3 un parvifundista, frente a funcionarios de la Secretar\u00eda de Desarrollo Agrario, Territorial y Urbano (Sedatu).<\/p>\n<p>Hoy, autoridades de Wuaut+a se re\u00fanen nuevamente, en Guadalajara, con los responsables de Asuntos del Interior, que preside Manuel Romo Parra. Con la desaz\u00f3n de no ver que el cambio de gobierno haya sostenido el compromiso que se qued\u00f3 firme en 2018 para que la Sedatu, a trav\u00e9s del programa Conflictos Sociales en Medio Rural (Cosomer), pagara indemnizaciones para resolver el centenario enfrentamiento.<\/p>\n<p>Los wix\u00e1rikas lamentan el af\u00e1n de cada gobierno de administrar el conflicto y no resolverlo. Tienen a la mano diversos juicios agrarios que ya han ganado, bajo el principio de que el primero en tiempo es primero en derecho, y sus reivindicaciones datan de t\u00edtulos del siglo 18, antes de que se conformaran los estados de Jalisco (1824) y Nayarit (1917).<\/p>\n<p>\u201cPensamos exigir a los funcionarios de Jalisco que no se laven las manos, porque nos queda claro que este conflicto tiene como uno de sus componentes la pasividad de los gobiernos de este estado\u201d, indiferentes al progresivo empuje de la frontera nayarita, que ha despose\u00eddo a la soberan\u00eda estatal de casi 3 mil kil\u00f3metros cuadrados, una superficie muy cercana a la que tiene el estado de Tlaxcala, se\u00f1al\u00f3 a El Diario NTR Guadalajara un dirigente del poblado wix\u00e1rika.<\/p>\n<p><strong>MODIFICAR LOS L\u00cdMITES<\/strong><\/p>\n<p>En ese af\u00e1n de mover la frontera, vienen mezclados los afanes de los ganaderos por quedarse con tierras de la etnia de la Sierra Madre Occidental. Hubo procesos de venta de tierras y de protocolizaci\u00f3n de escrituras privadas avalados por los gobiernos implicados. \u201cEso significa que tanto Jalisco como Nayarit no se pueden lavar las manos\u201d, a\u00f1adi\u00f3.<\/p>\n<p>En octubre de 2017 se realiz\u00f3 la \u00faltima restituci\u00f3n pac\u00edfica de tierras. Pero de las 10 mil 400 hect\u00e1reas (ha) en disputa, permanecen en poder de los ganaderos alrededor de 10 mil ha.<\/p>\n<p>El decreto presidencial de restituci\u00f3n a favor de Wuaut+a data de 1953 y es base de las reclamaciones de las tierras que en su momento les fueron arrebatadas entre el siglo 19 y el periodo previo a la Revoluci\u00f3n de 1910, sobre todo, a prop\u00f3sito de las leyes de desamortizaci\u00f3n promovidas por el gobierno federal. Waut+a ha podido recuperar judicialmente m\u00e1s de 200 de 320 kil\u00f3metros cuadrados invadidos, pues los derechos agrarios no prescriben. Los derechos de los posesionarios datan aparentemente de una escritura de 1906.<\/p>\n<p>En 2018, la Sedatu se\u00f1al\u00f3 que exist\u00eda la posibilidad material de ejecutar catorce juicios agrarios para entregar 922 hect\u00e1reas. \u201cNos reunimos con las instituciones del gobierno federal, de Jalisco y de Nayarit, el 5 de julio en Tepic, y lo que nos plantearon fue que en dos meses tendr\u00edan integrados los expedientes, eso lo dijo el director de Ordenamiento de la Propiedad Rural, Mario Renter\u00eda, quien nos inform\u00f3 que por disposici\u00f3n de la secretaria (Rosario Robles, titular de la Sedatu) iba a tender este asunto, a trav\u00e9s del programa Conflictos Sociales en el Medio Rural (Cosomer), y si van las fechas como ellos dicen, a principios de septiembre deben estar ya integrados los expedientes\u201d, dijo en julio de ese a\u00f1o, el abogado de los comuneros, Carlos Gonz\u00e1lez Garc\u00eda. Pero acab\u00f3 el gobierno y no sucedi\u00f3 nada, pese a las protestas de los comuneros, que a partir del 30 de abril de 2018 cerraron el acceso a las 36 localidades de Wuaut+a, para impedir el proceso electoral; luego, en mayo, hubo cierre de escuelas y de centros de salud. En la jornada electoral dejaron de votar alrededor de 8 mil ciudadanos de la sierra.<\/p>\n<h3>Los casos inmediatos<\/h3>\n<ul>\n<li>\u00a0Los 14 predios que se deben restituir de forma m\u00e1s pr\u00f3xima corresponden los posesionarios Baltazar Herrera L\u00f3pez, con 53 ha; Ignacio Bugar\u00edn Arteaga, con 131 ha; Ignacio Quintanilla Montoya, con 14 ha; Ram\u00f3n Montoya Utreras, con dos predios por 29.3 y 8.7 ha, y a Teodoro Montoya Utreras, con dos predios por 79.6 y 13 ha, respectivamente<\/li>\n<li>\u00a0Tambi\u00e9n son ocupados por: Jos\u00e9 Quintanilla Medina, con 129.4 ha; Rafael Sandoval Mu\u00f1oz, con 265.2 ha; Pascual Bugar\u00edn Carlos, con dos predios por 86 y 93 ha, respectivamente; Fortino Montoya Urtreras, con 0.06 ha; Francisco Ba\u00f1uelos Garc\u00eda, con 4.2 ha; Alejandro Hern\u00e1ndez M\u00e1rquez, con 3.5 ha, y Arnulfo Pacheco, con 12.2 ha.<\/li>\n<li>\u00a0El total de superficie a ejecutarse es 922.17 ha. Esto significa que a finales de 2018 y comienzos de 2019, apenas se llegar\u00eda a 10 por ciento de la superficie de Huajimic pendiente<\/li>\n<\/ul>\n<p><a href=\"http:\/\/www.ntrguadalajara.com\/post.php?id_nota=120306\">http:\/\/www.ntrguadalajara.com\/post.php?id_nota=120306<\/a><\/p>\n","protected":false},"excerpt":{"rendered":"<p>Agust\u00edn del Castillo \/ El Diario NTR \u201cSi no vienen a decirnos que van a pagar por dejar nuestras tierras, no pierdan su tiempo\u201d, exclam\u00f3 Baltazar Herrera, uno de los &hellip; <a href=\"http:\/\/www.grieta.org.mx\/index.php\/2019\/02\/27\/wixarikas-reclaman-a-jalisco-dejar-pasividad\/\" class=\"more-link\">Leer m\u00e1s<\/a><\/p>\n","protected":false},"author":2,"featured_media":29731,"comment_status":"closed","ping_status":"closed","sticky":false,"template":"","format":"standard","meta":{"ngg_post_thumbnail":0,"_jetpack_newsletter_access":"","_jetpack_dont_email_post_to_subs":false,"_jetpack_newsletter_tier_id":0,"_jetpack_memberships_contains_paywalled_content":false,"_jetpack_memberships_contains_paid_content":false,"footnotes":""},"categories":[47,80,1736,968,971,1,954,1782,23,2],"tags":[628,2465],"class_list":["post-29730","post","type-post","status-publish","format-standard","has-post-thumbnail","hentry","category-3-wixarikas","category-cintillo","category-despojo-de-territorio-en-jalisco","category-esp-jalisco","category-esp-nayarit","category-espejos-de-la-resistencia","category-espejos-estados","category-lucha-y-resistencia-del-pueblo-en-jalisco","category-nayarit","category-noticias-nacionales","tag-defensa-del-territorio","tag-despojo-de-territorios-indigenas","entry"],"jetpack_featured_media_url":"http:\/\/www.grieta.org.mx\/wp-content\/uploads\/2019\/02\/wixarica.jpg","jetpack_sharing_enabled":true,"jetpack_shortlink":"https:\/\/wp.me\/p7ZJR4-7Jw","jetpack_likes_enabled":false,"jetpack-related-posts":[{"id":33773,"url":"http:\/\/www.grieta.org.mx\/index.php\/2019\/05\/07\/exigen-restitucion-de-tierras-para-wixarikas-jalisco\/","url_meta":{"origin":29730,"position":0},"title":"Exigen restituci\u00f3n de tierras para wix\u00e1rikas  (Jalisco)","author":"grieta","date":"7 mayo, 2019","format":false,"excerpt":"Martha Hern\u00e1ndez Fuentes \/ NTR noticias Aunque hay resoluciones legales a favor de las comunidades ind\u00edgenas de San Sebasti\u00e1n Teponahuaxtl\u00e1n y Tuxpan de Bola\u00f1os \u2013se ubican en Mezquitic y Bola\u00f1os, respectivamente\u2013 para que ganaderos del poblado de Huajimic, Nayarit, les restituyan tierras invadidas desde hace d\u00e9cadas, autoridades locales y federales\u2026","rel":"","context":"En &quot;3. Wix\u00e1rikas&quot;","block_context":{"text":"3. Wix\u00e1rikas","link":"http:\/\/www.grieta.org.mx\/index.php\/category\/espejos-de-la-resistencia\/3-wixarikas\/"},"img":{"alt_text":"","src":"https:\/\/i0.wp.com\/www.grieta.org.mx\/wp-content\/uploads\/2019\/05\/2019-05-06_11-05-05___4225.jpg?resize=350%2C200","width":350,"height":200,"srcset":"https:\/\/i0.wp.com\/www.grieta.org.mx\/wp-content\/uploads\/2019\/05\/2019-05-06_11-05-05___4225.jpg?resize=350%2C200 1x, https:\/\/i0.wp.com\/www.grieta.org.mx\/wp-content\/uploads\/2019\/05\/2019-05-06_11-05-05___4225.jpg?resize=525%2C300 1.5x, https:\/\/i0.wp.com\/www.grieta.org.mx\/wp-content\/uploads\/2019\/05\/2019-05-06_11-05-05___4225.jpg?resize=700%2C400 2x"},"classes":[]},{"id":64158,"url":"http:\/\/www.grieta.org.mx\/index.php\/2022\/05\/06\/la-caravana-wixarika-llego-a-guadalajara-despues-de-11-dias-de-caminata-pretenden-llegar-hasta-palacio-nacional-y-reunirse-con-lopez-obrador-jalisco\/","url_meta":{"origin":29730,"position":1},"title":"La caravana Wix\u00e1rika lleg\u00f3 a Guadalajara despu\u00e9s de 11 d\u00edas de caminata, pretenden llegar hasta Palacio Nacional y reunirse con L\u00f3pez Obrador (Jalisco)","author":"grieta","date":"6 mayo, 2022","format":false,"excerpt":"Foto: Antonio MIramontes \/ El Occidental Viridiana Saavera \/ EL Occidental Con la frente en alto y buen \u00e1nimo, lleg\u00f3 al\u00a0\u00c1rea Metropolitana de Guadalajara\u00a0la\u00a0Caravana de la Dignidad y la Conciencia Wix\u00e1rika, integrada por autoridades tradicionales y agrarias de San Sebasti\u00e1n Teponahuaxtl\u00e1n y Tuxpan de Bola\u00f1os, que desde hace 11 d\u00edas\u2026","rel":"","context":"En &quot;3. Wix\u00e1rikas&quot;","block_context":{"text":"3. Wix\u00e1rikas","link":"http:\/\/www.grieta.org.mx\/index.php\/category\/espejos-de-la-resistencia\/3-wixarikas\/"},"img":{"alt_text":"","src":"https:\/\/i0.wp.com\/www.grieta.org.mx\/wp-content\/uploads\/2022\/05\/Los-pueblos.jpg?resize=350%2C200","width":350,"height":200,"srcset":"https:\/\/i0.wp.com\/www.grieta.org.mx\/wp-content\/uploads\/2022\/05\/Los-pueblos.jpg?resize=350%2C200 1x, https:\/\/i0.wp.com\/www.grieta.org.mx\/wp-content\/uploads\/2022\/05\/Los-pueblos.jpg?resize=525%2C300 1.5x, https:\/\/i0.wp.com\/www.grieta.org.mx\/wp-content\/uploads\/2022\/05\/Los-pueblos.jpg?resize=700%2C400 2x"},"classes":[]},{"id":55172,"url":"http:\/\/www.grieta.org.mx\/index.php\/2020\/11\/11\/wixarikas-lanzan-ultimatum-a-amlo-jalisco\/","url_meta":{"origin":29730,"position":2},"title":"Wix\u00e1rikas lanzan ultim\u00e1tum a AMLO (Jalisco)","author":"grieta","date":"11 noviembre, 2020","format":false,"excerpt":"Foto: Jorge Alberto Mendoza Lauro Rodr\u00edguez \/ El Diario NTR El conflicto de tierras entre\u00a0wix\u00e1rikas\u00a0y ganaderos en el norte del estado, justo en sus l\u00edmites con Nayarit, contin\u00faa, por lo que ayer se lanz\u00f3 un ultim\u00e1tum al presidente de la Rep\u00fablica, Andr\u00e9s Manuel L\u00f3pez Obrador (AMLO), para que atienda el\u2026","rel":"","context":"En &quot;CINTILLO&quot;","block_context":{"text":"CINTILLO","link":"http:\/\/www.grieta.org.mx\/index.php\/category\/cintillo\/"},"img":{"alt_text":"","src":"https:\/\/i0.wp.com\/www.grieta.org.mx\/wp-content\/uploads\/2018\/03\/14524434_1106112876131411_958039263622046936_o.jpg?resize=350%2C200","width":350,"height":200,"srcset":"https:\/\/i0.wp.com\/www.grieta.org.mx\/wp-content\/uploads\/2018\/03\/14524434_1106112876131411_958039263622046936_o.jpg?resize=350%2C200 1x, https:\/\/i0.wp.com\/www.grieta.org.mx\/wp-content\/uploads\/2018\/03\/14524434_1106112876131411_958039263622046936_o.jpg?resize=525%2C300 1.5x, https:\/\/i0.wp.com\/www.grieta.org.mx\/wp-content\/uploads\/2018\/03\/14524434_1106112876131411_958039263622046936_o.jpg?resize=700%2C400 2x"},"classes":[]},{"id":38390,"url":"http:\/\/www.grieta.org.mx\/index.php\/2019\/07\/26\/reiteran-wixarikas-lucha-contra-mineria-jalisco-san-luis-potosi\/","url_meta":{"origin":29730,"position":3},"title":"Reiteran wix\u00e1rikas lucha contra miner\u00eda (Jalisco, San Luis Potos\u00ed)","author":"grieta","date":"26 julio, 2019","format":false,"excerpt":"Dario Pereira \/ El Diario NTR No habr\u00e1 marcha atr\u00e1s en el amparo interpuesto por autoridades tradicionales de San Sebasti\u00e1n Teponahuaxtl\u00e1n, comunidad wix\u00e1rika enclavada en Mezquitic, Jalisco, mediante el que se busca frenar la intervenci\u00f3n de mineras en su territorio sagrado de Wirikuta. En 2011, los wixaritari de Jalisco interpusieron\u2026","rel":"","context":"En &quot;3. Wix\u00e1rikas&quot;","block_context":{"text":"3. Wix\u00e1rikas","link":"http:\/\/www.grieta.org.mx\/index.php\/category\/espejos-de-la-resistencia\/3-wixarikas\/"},"img":{"alt_text":"","src":"https:\/\/i0.wp.com\/www.grieta.org.mx\/wp-content\/uploads\/2019\/08\/2019-07-25_11-07-22___6449.jpg?resize=350%2C200","width":350,"height":200,"srcset":"https:\/\/i0.wp.com\/www.grieta.org.mx\/wp-content\/uploads\/2019\/08\/2019-07-25_11-07-22___6449.jpg?resize=350%2C200 1x, https:\/\/i0.wp.com\/www.grieta.org.mx\/wp-content\/uploads\/2019\/08\/2019-07-25_11-07-22___6449.jpg?resize=525%2C300 1.5x, https:\/\/i0.wp.com\/www.grieta.org.mx\/wp-content\/uploads\/2019\/08\/2019-07-25_11-07-22___6449.jpg?resize=700%2C400 2x"},"classes":[]},{"id":64309,"url":"http:\/\/www.grieta.org.mx\/index.php\/2022\/05\/27\/la-marcha-por-la-tierra-arrebatada-el-recorrido-a-pie-de-900-kilometros-de-los-wixaricas\/","url_meta":{"origin":29730,"position":4},"title":"La marcha por la tierra arrebatada. El recorrido a pie de 900 kil\u00f3metros de los wix\u00e1ricas","author":"grieta","date":"27 mayo, 2022","format":false,"excerpt":"Foto: Isabel Brise\u00f1o Por m\u00e1s de 60 a\u00f1os, el pueblo Wix\u00e1rika mantiene como herencia el reclamo de 11,500 hect\u00e1reas que les arrebataron a modo de guerra. En la \u00faltima batalla, caminan hasta la capital del pa\u00eds para reclamar al presidente que se hagan valer los 13 fallos judiciales que ordenan\u2026","rel":"","context":"En &quot;3. Wix\u00e1rikas&quot;","block_context":{"text":"3. Wix\u00e1rikas","link":"http:\/\/www.grieta.org.mx\/index.php\/category\/espejos-de-la-resistencia\/3-wixarikas\/"},"img":{"alt_text":"","src":"https:\/\/i0.wp.com\/www.grieta.org.mx\/wp-content\/uploads\/2022\/05\/caminata4_Wixarikas_IsabelBriseno_Pdp.jpg?resize=350%2C200","width":350,"height":200,"srcset":"https:\/\/i0.wp.com\/www.grieta.org.mx\/wp-content\/uploads\/2022\/05\/caminata4_Wixarikas_IsabelBriseno_Pdp.jpg?resize=350%2C200 1x, https:\/\/i0.wp.com\/www.grieta.org.mx\/wp-content\/uploads\/2022\/05\/caminata4_Wixarikas_IsabelBriseno_Pdp.jpg?resize=525%2C300 1.5x, https:\/\/i0.wp.com\/www.grieta.org.mx\/wp-content\/uploads\/2022\/05\/caminata4_Wixarikas_IsabelBriseno_Pdp.jpg?resize=700%2C400 2x"},"classes":[]},{"id":5624,"url":"http:\/\/www.grieta.org.mx\/index.php\/2015\/09\/10\/5624\/","url_meta":{"origin":29730,"position":5},"title":"Resistencia de la comunidad Wix\u00e1rika de Santa Catarina Cuexcomatitl\u00e1n contra el despojo","author":"grieta","date":"10 septiembre, 2015","format":false,"excerpt":"10\/09\/15. Huicholes exigen reconstrucci\u00f3n de centro ceremonialLa Jornada","rel":"","context":"En &quot;3. Wix\u00e1rikas&quot;","block_context":{"text":"3. Wix\u00e1rikas","link":"http:\/\/www.grieta.org.mx\/index.php\/category\/espejos-de-la-resistencia\/3-wixarikas\/"},"img":{"alt_text":"","src":"https:\/\/i0.wp.com\/www.grieta.org.mx\/wp-content\/uploads\/2018\/03\/14524434_1106112876131411_958039263622046936_o.jpg?resize=350%2C200","width":350,"height":200,"srcset":"https:\/\/i0.wp.com\/www.grieta.org.mx\/wp-content\/uploads\/2018\/03\/14524434_1106112876131411_958039263622046936_o.jpg?resize=350%2C200 1x, https:\/\/i0.wp.com\/www.grieta.org.mx\/wp-content\/uploads\/2018\/03\/14524434_1106112876131411_958039263622046936_o.jpg?resize=525%2C300 1.5x, https:\/\/i0.wp.com\/www.grieta.org.mx\/wp-content\/uploads\/2018\/03\/14524434_1106112876131411_958039263622046936_o.jpg?resize=700%2C400 2x"},"classes":[]}],"_links":{"self":[{"href":"http:\/\/www.grieta.org.mx\/index.php\/wp-json\/wp\/v2\/posts\/29730","targetHints":{"allow":["GET"]}}],"collection":[{"href":"http:\/\/www.grieta.org.mx\/index.php\/wp-json\/wp\/v2\/posts"}],"about":[{"href":"http:\/\/www.grieta.org.mx\/index.php\/wp-json\/wp\/v2\/types\/post"}],"author":[{"embeddable":true,"href":"http:\/\/www.grieta.org.mx\/index.php\/wp-json\/wp\/v2\/users\/2"}],"replies":[{"embeddable":true,"href":"http:\/\/www.grieta.org.mx\/index.php\/wp-json\/wp\/v2\/comments?post=29730"}],"version-history":[{"count":1,"href":"http:\/\/www.grieta.org.mx\/index.php\/wp-json\/wp\/v2\/posts\/29730\/revisions"}],"predecessor-version":[{"id":29733,"href":"http:\/\/www.grieta.org.mx\/index.php\/wp-json\/wp\/v2\/posts\/29730\/revisions\/29733"}],"wp:featuredmedia":[{"embeddable":true,"href":"http:\/\/www.grieta.org.mx\/index.php\/wp-json\/wp\/v2\/media\/29731"}],"wp:attachment":[{"href":"http:\/\/www.grieta.org.mx\/index.php\/wp-json\/wp\/v2\/media?parent=29730"}],"wp:term":[{"taxonomy":"category","embeddable":true,"href":"http:\/\/www.grieta.org.mx\/index.php\/wp-json\/wp\/v2\/categories?post=29730"},{"taxonomy":"post_tag","embeddable":true,"href":"http:\/\/www.grieta.org.mx\/index.php\/wp-json\/wp\/v2\/tags?post=29730"}],"curies":[{"name":"wp","href":"https:\/\/api.w.org\/{rel}","templated":true}]}}