{"id":29721,"date":"2019-02-27T01:08:46","date_gmt":"2019-02-27T07:08:46","guid":{"rendered":"http:\/\/www.grieta.org.mx\/?p=29721"},"modified":"2019-05-01T22:54:37","modified_gmt":"2019-05-02T03:54:37","slug":"amenaza-estado-a-activistas-de-abrirles-proceso-penal-si-vuelven-a-plantarse-nuevo-leon","status":"publish","type":"post","link":"http:\/\/www.grieta.org.mx\/index.php\/2019\/02\/27\/amenaza-estado-a-activistas-de-abrirles-proceso-penal-si-vuelven-a-plantarse-nuevo-leon\/","title":{"rendered":"Amenaza Estado a activistas de abrirles proceso penal si vuelven a plantarse (Nuevo Le\u00f3n)"},"content":{"rendered":"<p><img loading=\"lazy\" decoding=\"async\" data-attachment-id=\"29722\" data-permalink=\"http:\/\/www.grieta.org.mx\/index.php\/2019\/02\/27\/amenaza-estado-a-activistas-de-abrirles-proceso-penal-si-vuelven-a-plantarse-nuevo-leon\/amenaza-estado-a-activistas-de-abrirles-proceso-penal-si-vuelven-a-plantarse-nl-feb\/\" data-orig-file=\"http:\/\/www.grieta.org.mx\/wp-content\/uploads\/2019\/02\/Amenaza-Estado-a-activistas-de-abrirles-proceso-penal-si-vuelven-a-plantarse-nl-feb.jpg\" data-orig-size=\"300,168\" data-comments-opened=\"0\" data-image-meta=\"{&quot;aperture&quot;:&quot;0&quot;,&quot;credit&quot;:&quot;&quot;,&quot;camera&quot;:&quot;&quot;,&quot;caption&quot;:&quot;&quot;,&quot;created_timestamp&quot;:&quot;0&quot;,&quot;copyright&quot;:&quot;&quot;,&quot;focal_length&quot;:&quot;0&quot;,&quot;iso&quot;:&quot;0&quot;,&quot;shutter_speed&quot;:&quot;0&quot;,&quot;title&quot;:&quot;&quot;,&quot;orientation&quot;:&quot;0&quot;}\" data-image-title=\"Amenaza Estado a activistas de abrirles proceso penal si vuelven a plantarse nl feb\" data-image-description=\"\" data-image-caption=\"\" data-medium-file=\"http:\/\/www.grieta.org.mx\/wp-content\/uploads\/2019\/02\/Amenaza-Estado-a-activistas-de-abrirles-proceso-penal-si-vuelven-a-plantarse-nl-feb-300x168.jpg\" data-large-file=\"http:\/\/www.grieta.org.mx\/wp-content\/uploads\/2019\/02\/Amenaza-Estado-a-activistas-de-abrirles-proceso-penal-si-vuelven-a-plantarse-nl-feb.jpg\" class=\"aligncenter wp-image-29722\" src=\"http:\/\/www.grieta.org.mx\/wp-content\/uploads\/2019\/02\/Amenaza-Estado-a-activistas-de-abrirles-proceso-penal-si-vuelven-a-plantarse-nl-feb-300x168.jpg\" alt=\"\" width=\"370\" height=\"207\" \/><br \/>\nDavid Torres \/ Info 7<\/p>\n<blockquote><p>Tras desalojo de domingo por la madrugada, integrantes de \u00danete Pueblo acuden a Derechos Humanos a denunciar abusos como amenazarlos con armas por parte del Estado<\/p><\/blockquote>\n<p>Al desalojarlos por segunda ocasi\u00f3n, el gobierno del Estado desacat\u00f3 una recomendaci\u00f3n de la Comisi\u00f3n Estatal de Derechos Humanos de respetar del derecho de &#8220;\u00danete Pueblo&#8221; a manifestarse pac\u00edficamente.<\/p>\n<p>Por tal motivo, sus integrantes acudieron este lunes a presentar una segunda queja contra el gobernador Jaime Rodr\u00edguez al cual calificaron de represor pues les amenazaron que si se vuelven a instalar les abrir\u00e1n un proceso penal.<\/p>\n<p>&#8220;A m\u00ed a la par me dijeron que si \u00edbamos a regresar a instalar este plant\u00f3n se nos iba a llevar un proceso porque ya ser\u00eda la tercera ocasi\u00f3n&#8221;.<\/p>\n<p>&#8220;Queda muy claro que es un gobierno represor y aparte nos est\u00e1 fallando a los ciudadanos de Nuevo Le\u00f3n&#8221;, dijo la vocera Roc\u00edo Montalvo.<\/p>\n<p>El pasado 20 de enero, los activistas ya hab\u00eda sido desalojados por polic\u00edas estatales de los pasillos del Palacio de Gobierno donde protestaban por las tarifas camioneras.<\/p>\n<p>A ra\u00edz de ese hecho presentaron una queja y luego se plantaron en la Explanada de los H\u00e9roes.<\/p>\n<p>Este domingo por la madrugada nuevamente los retiraron y los amenazaron que si se instalan les abrir\u00e1n un proceso penal.<\/p>\n<p>&#8220;Me intimidan en el sentido de que como negu\u00e9 a retirarnos, me ense\u00f1an las armas y me dicen que si estoy consciente del riesgo que tienen mis compa\u00f1eros, yo me mantuve y dan la orden de retirar las armas y en ese momento llegan con mis compa\u00f1eros quienes se encontraban dormidos&#8221;, relat\u00f3 la activista.<\/p>\n<p>Montalvo se\u00f1al\u00f3 que esa noche a ella y otros seis compa\u00f1ero, no los llevaron a las celdas, pero s\u00ed los tuvieron una hora arriba de las patrullas mientras el notario elaboraba un acta con falsedades.<\/p>\n<p>&#8220;Levanta un acta donde dice que nos retiramos en com\u00fan acuerdo y yo le pido, yo estaba adentro de la unidad de polic\u00edas y le digo que tienen que asentar que a Roc\u00edo Montalvo se le retuvo en contra de su voluntad por no querer retirarse del plant\u00f3n y no me leyeron mis derechos, no me registraron, fue una detenci\u00f3n arbitraria&#8221;, dijo.<\/p>\n<p>Adem\u00e1s de la queja presentada en Derechos Humanos, el organismo interpondr\u00e1 una demanda penal \u00f3r intimidaci\u00f3n y analizan instalarse nuevamente en el lugar.<\/p>\n<p><a href=\"http:\/\/www.info7.mx\/locales\/amenaza-estado-a-activistas-de-abrirles-proceso-penal-si-vuelven-a-plantarse\/v-2450128\" target=\"_blank\" rel=\"noopener noreferrer\">http:\/\/www.info7.mx\/locales\/amenaza-estado-a-activistas-de-abrirles-proceso-penal-si-vuelven-a-plantarse\/v-2450128<\/a><\/p>\n","protected":false},"excerpt":{"rendered":"<p>David Torres \/ Info 7 Tras desalojo de domingo por la madrugada, integrantes de \u00danete Pueblo acuden a Derechos Humanos a denunciar abusos como amenazarlos con armas por parte del &hellip; <a href=\"http:\/\/www.grieta.org.mx\/index.php\/2019\/02\/27\/amenaza-estado-a-activistas-de-abrirles-proceso-penal-si-vuelven-a-plantarse-nuevo-leon\/\" class=\"more-link\">Leer m\u00e1s<\/a><\/p>\n","protected":false},"author":2,"featured_media":29722,"comment_status":"closed","ping_status":"closed","sticky":false,"template":"","format":"standard","meta":{"ngg_post_thumbnail":0,"_jetpack_newsletter_access":"","_jetpack_dont_email_post_to_subs":false,"_jetpack_newsletter_tier_id":0,"_jetpack_memberships_contains_paywalled_content":false,"_jetpack_memberships_contains_paid_content":false,"footnotes":""},"categories":[80,2521,2,24,202,1993],"tags":[174,248,130],"class_list":{"0":"post-29721","1":"post","2":"type-post","3":"status-publish","4":"format-standard","5":"has-post-thumbnail","6":"hentry","7":"category-cintillo","8":"category-movilizaciones-y-protestas-por-el-alza-al-transporte-publico-en-nuevo-leon","9":"category-noticias-nacionales","10":"category-nuevo-leon","12":"category-represion-contra-movilizaciones-en-nuevo-leon","13":"tag-derechos-humanos","14":"tag-desalojo","15":"tag-represion","16":"entry"},"jetpack_featured_media_url":"http:\/\/www.grieta.org.mx\/wp-content\/uploads\/2019\/02\/Amenaza-Estado-a-activistas-de-abrirles-proceso-penal-si-vuelven-a-plantarse-nl-feb.jpg","jetpack_sharing_enabled":true,"jetpack_shortlink":"https:\/\/wp.me\/p7ZJR4-7Jn","jetpack_likes_enabled":false,"jetpack-related-posts":[{"id":28550,"url":"http:\/\/www.grieta.org.mx\/index.php\/2019\/01\/22\/acusan-a-el-bronco-de-violar-derechos-nuevo-leon\/","url_meta":{"origin":29721,"position":0},"title":"Acusan a &#8216;El Bronco&#8217; de violar derechos (Nuevo Le\u00f3n)","author":"grieta","date":"22 enero, 2019","format":false,"excerpt":"Posta NUEVO LE\u00d3N.- Despu\u00e9s del arresto que se realiz\u00f3 a los integrantes de \u00danete Pueblo, su dirigente Roc\u00edo Montalvo manifest\u00f3 que fue una violaci\u00f3n a los derechos de quienes se encontraban en plant\u00f3n en el interior del Palacio de Gobierno. Ante las declaraciones del Secretario de Seguridad, Aldo Fasci, respecto\u2026","rel":"","context":"En &quot;CINTILLO&quot;","block_context":{"text":"CINTILLO","link":"http:\/\/www.grieta.org.mx\/index.php\/category\/cintillo\/"},"img":{"alt_text":"","src":"https:\/\/i0.wp.com\/www.grieta.org.mx\/wp-content\/uploads\/2019\/01\/Acusan-a-El-Bronco-de-violar-derechos.jpg?resize=350%2C200","width":350,"height":200},"classes":[]},{"id":33266,"url":"http:\/\/www.grieta.org.mx\/index.php\/2019\/05\/08\/suman-7-denuncias-por-agresiones-a-integrantes-de-unete-pueblo-nuevo-leon\/","url_meta":{"origin":29721,"position":1},"title":"Suman 7 denuncias por agresiones a integrantes de \u00danete Pueblo (Nuevo Le\u00f3n)","author":"grieta","date":"8 mayo, 2019","format":false,"excerpt":"Victoria F\u00e9lix \/ Milenio Activistas del colectivo han sufrido golpes, robo de veh\u00edculo, da\u00f1os a propiedad, detenciones y abuso de autoridad, en lo que va del actual gobierno independiente. En lo que va de la administraci\u00f3n de Jaime Rodr\u00edguez Calder\u00f3n, el colectivo \u00danete Pueblo ha interpuesto siete denuncias por robo\u2026","rel":"","context":"En &quot;CINTILLO&quot;","block_context":{"text":"CINTILLO","link":"http:\/\/www.grieta.org.mx\/index.php\/category\/cintillo\/"},"img":{"alt_text":"","src":"https:\/\/i0.wp.com\/www.grieta.org.mx\/wp-content\/uploads\/2019\/05\/Suman-7-denuncias-por-agresiones-a-integrantes-de-%C3%9Anete-Pueblo-nl-may.jpeg?resize=350%2C200","width":350,"height":200,"srcset":"https:\/\/i0.wp.com\/www.grieta.org.mx\/wp-content\/uploads\/2019\/05\/Suman-7-denuncias-por-agresiones-a-integrantes-de-%C3%9Anete-Pueblo-nl-may.jpeg?resize=350%2C200 1x, https:\/\/i0.wp.com\/www.grieta.org.mx\/wp-content\/uploads\/2019\/05\/Suman-7-denuncias-por-agresiones-a-integrantes-de-%C3%9Anete-Pueblo-nl-may.jpeg?resize=525%2C300 1.5x, https:\/\/i0.wp.com\/www.grieta.org.mx\/wp-content\/uploads\/2019\/05\/Suman-7-denuncias-por-agresiones-a-integrantes-de-%C3%9Anete-Pueblo-nl-may.jpeg?resize=700%2C400 2x"},"classes":[]},{"id":14808,"url":"http:\/\/www.grieta.org.mx\/index.php\/2016\/09\/11\/movilizaciones-contra-la-reforma-educativa-y-evaluacion-magisterial-2\/","url_meta":{"origin":29721,"position":2},"title":"Movilizaciones contra la Reforma Educativa en Nuevo Le\u00f3n","author":"grieta","date":"11 septiembre, 2016","format":false,"excerpt":"10\/09\/16. Marchan maestros al aeropuerto de Nuevo Le\u00f3nVanguardia Mx 18\/08\/16. Vuelven marchas de maestros; analizan paro de labores (NL) Milenio Monterrey 10\/08\/16. Maestros de Nuevo Le\u00f3n realizan 'funeral de pol\u00edticos' El Horizonte 22\/07\/16. Nuevo Le\u00f3n tambi\u00e9n es M\u00e9xico: \u00a1Chiapas, Aguanta, Nuevo Le\u00f3n se levanta! Centro de Medios Libres 19\/07\/16. Hacen\u2026","rel":"","context":"En &quot;NOTICIAS NACIONALES&quot;","block_context":{"text":"NOTICIAS NACIONALES","link":"http:\/\/www.grieta.org.mx\/index.php\/category\/noticias-nacionales\/"},"img":{"alt_text":"","src":"https:\/\/i0.wp.com\/www.grieta.org.mx\/wp-content\/uploads\/2018\/03\/14524434_1106112876131411_958039263622046936_o.jpg?resize=350%2C200","width":350,"height":200,"srcset":"https:\/\/i0.wp.com\/www.grieta.org.mx\/wp-content\/uploads\/2018\/03\/14524434_1106112876131411_958039263622046936_o.jpg?resize=350%2C200 1x, https:\/\/i0.wp.com\/www.grieta.org.mx\/wp-content\/uploads\/2018\/03\/14524434_1106112876131411_958039263622046936_o.jpg?resize=525%2C300 1.5x, https:\/\/i0.wp.com\/www.grieta.org.mx\/wp-content\/uploads\/2018\/03\/14524434_1106112876131411_958039263622046936_o.jpg?resize=700%2C400 2x"},"classes":[]},{"id":28547,"url":"http:\/\/www.grieta.org.mx\/index.php\/2019\/01\/22\/detienen-a-9-activistas-de-planton-contra-aumento-de-transporte-en-nl-nuevo-leon\/","url_meta":{"origin":29721,"position":3},"title":"Detienen a 9 activistas de plant\u00f3n contra aumento de transporte en NL (Nuevo Le\u00f3n)","author":"grieta","date":"22 enero, 2019","format":false,"excerpt":"David Carrizales \/ El Universal Los integrantes de varias agrupaciones estimaron que el desalojo y la detenci\u00f3n es una estrategia para tratar de amedrentarlos ante una inminente decisi\u00f3n de incrementar las tarifas del transporte urbano Monterrey.- En un operativo en el que participaron entre 40 y 50 elementos de Fuerza\u2026","rel":"","context":"En &quot;CINTILLO&quot;","block_context":{"text":"CINTILLO","link":"http:\/\/www.grieta.org.mx\/index.php\/category\/cintillo\/"},"img":{"alt_text":"","src":"https:\/\/i0.wp.com\/www.grieta.org.mx\/wp-content\/uploads\/2019\/01\/detienen-a-9-activistas-en-nl.jpg?resize=350%2C200","width":350,"height":200},"classes":[]},{"id":14981,"url":"http:\/\/www.grieta.org.mx\/index.php\/2016\/05\/10\/movilizaciones-contra-violencia-hacia-medicos-en-nuevo-leon\/","url_meta":{"origin":29721,"position":4},"title":"Movilizaciones contra violencia hacia m\u00e9dicos en Nuevo Le\u00f3n","author":"grieta","date":"10 mayo, 2016","format":false,"excerpt":"01\/05\/16. Demandan m\u00e9dicos seguridad en el estado (NL)Milenio Monterrey","rel":"","context":"En &quot;NOTICIAS NACIONALES&quot;","block_context":{"text":"NOTICIAS NACIONALES","link":"http:\/\/www.grieta.org.mx\/index.php\/category\/noticias-nacionales\/"},"img":{"alt_text":"","src":"https:\/\/i0.wp.com\/www.grieta.org.mx\/wp-content\/uploads\/2018\/03\/14524434_1106112876131411_958039263622046936_o.jpg?resize=350%2C200","width":350,"height":200,"srcset":"https:\/\/i0.wp.com\/www.grieta.org.mx\/wp-content\/uploads\/2018\/03\/14524434_1106112876131411_958039263622046936_o.jpg?resize=350%2C200 1x, https:\/\/i0.wp.com\/www.grieta.org.mx\/wp-content\/uploads\/2018\/03\/14524434_1106112876131411_958039263622046936_o.jpg?resize=525%2C300 1.5x, https:\/\/i0.wp.com\/www.grieta.org.mx\/wp-content\/uploads\/2018\/03\/14524434_1106112876131411_958039263622046936_o.jpg?resize=700%2C400 2x"},"classes":[]},{"id":23357,"url":"http:\/\/www.grieta.org.mx\/index.php\/2018\/05\/31\/exigen-a-estado-mayores-esfuerzos-por-desaparecidos-nuevo-leon\/","url_meta":{"origin":29721,"position":5},"title":"Exigen a Estado mayores esfuerzos por desaparecidos (Nuevo Le\u00f3n)","author":"grieta","date":"31 mayo, 2018","format":false,"excerpt":"Iram Hern\u00e1ndez \/ El Horizonte Este mi\u00e9rcoles, integrantes de Amores y de Cadhac se manifestaron en la Explanada de los H\u00e9roes para exigir mayores esfuerzos y resultados a las autoridades para esclarecer situaci\u00f3n de personas desaparecidas Integrantes de la Agrupaci\u00f3n de Mujeres Organizadas por los Ejecutados, Secuestrados y Desaparecidos (Amores)\u2026","rel":"","context":"En &quot;CINTILLO&quot;","block_context":{"text":"CINTILLO","link":"http:\/\/www.grieta.org.mx\/index.php\/category\/cintillo\/"},"img":{"alt_text":"","src":"https:\/\/i0.wp.com\/www.grieta.org.mx\/wp-content\/uploads\/2018\/05\/Exigen-a-Estado-mayores-esfuerzos-por-desaparecidos.jpg?resize=350%2C200","width":350,"height":200,"srcset":"https:\/\/i0.wp.com\/www.grieta.org.mx\/wp-content\/uploads\/2018\/05\/Exigen-a-Estado-mayores-esfuerzos-por-desaparecidos.jpg?resize=350%2C200 1x, https:\/\/i0.wp.com\/www.grieta.org.mx\/wp-content\/uploads\/2018\/05\/Exigen-a-Estado-mayores-esfuerzos-por-desaparecidos.jpg?resize=525%2C300 1.5x, https:\/\/i0.wp.com\/www.grieta.org.mx\/wp-content\/uploads\/2018\/05\/Exigen-a-Estado-mayores-esfuerzos-por-desaparecidos.jpg?resize=700%2C400 2x, https:\/\/i0.wp.com\/www.grieta.org.mx\/wp-content\/uploads\/2018\/05\/Exigen-a-Estado-mayores-esfuerzos-por-desaparecidos.jpg?resize=1050%2C600 3x"},"classes":[]}],"_links":{"self":[{"href":"http:\/\/www.grieta.org.mx\/index.php\/wp-json\/wp\/v2\/posts\/29721","targetHints":{"allow":["GET"]}}],"collection":[{"href":"http:\/\/www.grieta.org.mx\/index.php\/wp-json\/wp\/v2\/posts"}],"about":[{"href":"http:\/\/www.grieta.org.mx\/index.php\/wp-json\/wp\/v2\/types\/post"}],"author":[{"embeddable":true,"href":"http:\/\/www.grieta.org.mx\/index.php\/wp-json\/wp\/v2\/users\/2"}],"replies":[{"embeddable":true,"href":"http:\/\/www.grieta.org.mx\/index.php\/wp-json\/wp\/v2\/comments?post=29721"}],"version-history":[{"count":1,"href":"http:\/\/www.grieta.org.mx\/index.php\/wp-json\/wp\/v2\/posts\/29721\/revisions"}],"predecessor-version":[{"id":32864,"href":"http:\/\/www.grieta.org.mx\/index.php\/wp-json\/wp\/v2\/posts\/29721\/revisions\/32864"}],"wp:featuredmedia":[{"embeddable":true,"href":"http:\/\/www.grieta.org.mx\/index.php\/wp-json\/wp\/v2\/media\/29722"}],"wp:attachment":[{"href":"http:\/\/www.grieta.org.mx\/index.php\/wp-json\/wp\/v2\/media?parent=29721"}],"wp:term":[{"taxonomy":"category","embeddable":true,"href":"http:\/\/www.grieta.org.mx\/index.php\/wp-json\/wp\/v2\/categories?post=29721"},{"taxonomy":"post_tag","embeddable":true,"href":"http:\/\/www.grieta.org.mx\/index.php\/wp-json\/wp\/v2\/tags?post=29721"}],"curies":[{"name":"wp","href":"https:\/\/api.w.org\/{rel}","templated":true}]}}