{"id":29640,"date":"2019-02-18T14:02:47","date_gmt":"2019-02-18T20:02:47","guid":{"rendered":"http:\/\/www.grieta.org.mx\/?p=29640"},"modified":"2019-03-01T14:12:40","modified_gmt":"2019-03-01T20:12:40","slug":"burocratas-intensificaran-medidas-de-protesta-yucatan","status":"publish","type":"post","link":"http:\/\/www.grieta.org.mx\/index.php\/2019\/02\/18\/burocratas-intensificaran-medidas-de-protesta-yucatan\/","title":{"rendered":"Bur\u00f3cratas intensificar\u00e1n medidas de protesta (Yucat\u00e1n)"},"content":{"rendered":"<p><img loading=\"lazy\" decoding=\"async\" data-attachment-id=\"29841\" data-permalink=\"http:\/\/www.grieta.org.mx\/index.php\/2019\/02\/18\/burocratas-intensificaran-medidas-de-protesta-yucatan\/ec084799-e7e6-4fa6-9987-91bf4d0bc4d2\/\" data-orig-file=\"http:\/\/www.grieta.org.mx\/wp-content\/uploads\/2019\/03\/EC084799-E7E6-4FA6-9987-91BF4D0BC4D2.jpeg\" data-orig-size=\"800,529\" data-comments-opened=\"0\" data-image-meta=\"{&quot;aperture&quot;:&quot;0&quot;,&quot;credit&quot;:&quot;&quot;,&quot;camera&quot;:&quot;&quot;,&quot;caption&quot;:&quot;&quot;,&quot;created_timestamp&quot;:&quot;0&quot;,&quot;copyright&quot;:&quot;&quot;,&quot;focal_length&quot;:&quot;0&quot;,&quot;iso&quot;:&quot;0&quot;,&quot;shutter_speed&quot;:&quot;0&quot;,&quot;title&quot;:&quot;&quot;,&quot;orientation&quot;:&quot;0&quot;}\" data-image-title=\"EC084799-E7E6-4FA6-9987-91BF4D0BC4D2\" data-image-description=\"\" data-image-caption=\"\" data-medium-file=\"http:\/\/www.grieta.org.mx\/wp-content\/uploads\/2019\/03\/EC084799-E7E6-4FA6-9987-91BF4D0BC4D2-300x198.jpeg\" data-large-file=\"http:\/\/www.grieta.org.mx\/wp-content\/uploads\/2019\/03\/EC084799-E7E6-4FA6-9987-91BF4D0BC4D2.jpeg\" src=\"http:\/\/www.grieta.org.mx\/wp-content\/uploads\/2019\/03\/EC084799-E7E6-4FA6-9987-91BF4D0BC4D2-300x198.jpeg\" alt=\"\" width=\"300\" height=\"198\" class=\"aligncenter size-medium wp-image-29841\" srcset=\"http:\/\/www.grieta.org.mx\/wp-content\/uploads\/2019\/03\/EC084799-E7E6-4FA6-9987-91BF4D0BC4D2-300x198.jpeg 300w, http:\/\/www.grieta.org.mx\/wp-content\/uploads\/2019\/03\/EC084799-E7E6-4FA6-9987-91BF4D0BC4D2-768x508.jpeg 768w, http:\/\/www.grieta.org.mx\/wp-content\/uploads\/2019\/03\/EC084799-E7E6-4FA6-9987-91BF4D0BC4D2-756x500.jpeg 756w, http:\/\/www.grieta.org.mx\/wp-content\/uploads\/2019\/03\/EC084799-E7E6-4FA6-9987-91BF4D0BC4D2.jpeg 800w\" sizes=\"auto, (max-width: 300px) 100vw, 300px\" \/><br \/>\nM\u00e9rida, Yucat\u00e1n, 18 de febrero de 2019 ( ACOM).- Ante la negativa de cubrirles un recurso autorizado por la Secretaria de Hacienda y Cr\u00e9dito Publico, integrantes del Sindicato Nacional de Trabajadores para la Educaci\u00f3n de los Adultos (Sntaea) anunciaron que continuar\u00e1n con sus acciones de protesta tales como la colocaci\u00f3n de carteles en todas las oficinas de esa dependencia con la leyenda \u201ctrabajamos bajo protesta\u201d adem\u00e1s de hacer un paro de brazos ca\u00eddos todos los d\u00edas a partir de este martes de 2 a 3 de la tarde para despu\u00e9s salir a protestar frente a las oficinas del Instituto para la Educaci\u00f3n de los Adultos de Yucat\u00e1n (IAEY)<\/p>\n<p>En entrevista, Jaime Fernando Velez Castillo, secretario general de la secci\u00f3n 31 del Sntea, explic\u00f3 que mas de 170 trabajadores del IAEY son afectados con el incumplimiento del compromiso que afecta por igual a 6 mil trabajadores de esa dependencia a nivel federal.<\/p>\n<p>Record\u00f3 que desde el mes de noviembre el ejecutivo federal debi\u00f3 de pagar a todos los bur\u00f3cratas un bono de 3 mil pesos, el cual ya fue entregado a la totalidad de los miembros de la Federaci\u00f3n de Sindicatos de Trabajadores al Servicio del Estado, a excepci\u00f3n del Sntea.<\/p>\n<p>\u201cSomos los \u00fanicos a los que no se ha pagado, al parecer somos los hijos ileg\u00edtimos del gobierno federal, son tres mil pesos por cada trabajador de un total de 171 qu\u00e9 hay en el estado\u201d, ahond\u00f3.<\/p>\n<p>Se\u00f1al\u00f3 que a una semana de que iniciaron movilizaciones para exigir ese derecho \u201clastimosamente\u201d no han recibido ninguna respuesta por parte de las autoridades, ni estatales, ni federales<\/p>\n<p>\u201cHemos asistido ya al gobierno del estado, pedimos una cita al licenciado Mauricio Vila sin que tuvi\u00e9ramos respuesta a\u00fan, seg\u00fan por instrucciones de Marcos Bucio M\u00fajica director nacional, es que no nos han pagado \u201d, precis\u00f3.<\/p>\n<p>Dijo que ante la nula respuesta cambiar\u00e1n la estrategia de lucha para exigir que les sea entregado ese recurso a los sindicalizados<\/p>\n<p>\u201cNuestras estrategias cambian a partid de d\u00eda de ma\u00f1ana, estamos trabajando bajo protesta, se pondr\u00e1n letreros en cada uno de los escritorios de los trabajadores, estaremos de brazos ca\u00eddos de dos a tres de la tarde y despu\u00e9s saldremos a la manifestaci\u00f3n despu\u00e9s del horario de trabajo\u201d, concluy\u00f3.<\/p>\n<p><a href=\"http:\/\/reporteroshoy.mx\/noticias\/burocratas-intensificaran-medidas-de-protesta\/\" target=\"_blank\" rel=\"noopener\">http:\/\/reporteroshoy.mx\/noticias\/burocratas-intensificaran-medidas-de-protesta\/<\/a><\/p>\n","protected":false},"excerpt":{"rendered":"<p>M\u00e9rida, Yucat\u00e1n, 18 de febrero de 2019 ( ACOM).- Ante la negativa de cubrirles un recurso autorizado por la Secretaria de Hacienda y Cr\u00e9dito Publico, integrantes del Sindicato Nacional de &hellip; <a href=\"http:\/\/www.grieta.org.mx\/index.php\/2019\/02\/18\/burocratas-intensificaran-medidas-de-protesta-yucatan\/\" class=\"more-link\">Leer m\u00e1s<\/a><\/p>\n","protected":false},"author":2,"featured_media":29841,"comment_status":"closed","ping_status":"closed","sticky":false,"template":"","format":"standard","meta":{"ngg_post_thumbnail":0,"_jetpack_newsletter_access":"","_jetpack_dont_email_post_to_subs":false,"_jetpack_newsletter_tier_id":0,"_jetpack_memberships_contains_paywalled_content":false,"_jetpack_memberships_contains_paid_content":false,"footnotes":""},"categories":[80,1072,2,36],"tags":[113,105],"class_list":["post-29640","post","type-post","status-publish","format-standard","has-post-thumbnail","hentry","category-cintillo","category-conflictos-laborales-en-yucatan","category-noticias-nacionales","category-yucatan","tag-conflictos-laborales","tag-derechos-laborales","entry"],"jetpack_featured_media_url":"http:\/\/www.grieta.org.mx\/wp-content\/uploads\/2019\/03\/EC084799-E7E6-4FA6-9987-91BF4D0BC4D2.jpeg","jetpack_sharing_enabled":true,"jetpack_shortlink":"https:\/\/wp.me\/p7ZJR4-7I4","jetpack_likes_enabled":false,"jetpack-related-posts":[{"id":35109,"url":"http:\/\/www.grieta.org.mx\/index.php\/2019\/06\/11\/empleados-del-ieaey-toman-las-oficinas-en-protesta-por-malos-tratos-yucatan\/","url_meta":{"origin":29640,"position":0},"title":"Empleados del IEAEY toman las oficinas en protesta por malos tratos (Yucat\u00e1n)","author":"grieta","date":"11 junio, 2019","format":false,"excerpt":"Reporteros Hoy IM M\u00e9rida, Yucat\u00e1n, 11 de junio de 2019 (ACOM).- Trabajadores del Instituto de Educaci\u00f3n para Adultos del Estado de Yucat\u00e1n (IEAEY) tomaron las instalaciones de esta dependencia como medida de protesta ante el accionar del actual director general, Kirbey Herrera Chab, a quien acusan de malas pr\u00e1cticas en\u2026","rel":"","context":"En &quot;CINTILLO&quot;","block_context":{"text":"CINTILLO","link":"http:\/\/www.grieta.org.mx\/index.php\/category\/cintillo\/"},"img":{"alt_text":"","src":"https:\/\/i0.wp.com\/www.grieta.org.mx\/wp-content\/uploads\/2019\/06\/IEAY.jpg?resize=350%2C200","width":350,"height":200,"srcset":"https:\/\/i0.wp.com\/www.grieta.org.mx\/wp-content\/uploads\/2019\/06\/IEAY.jpg?resize=350%2C200 1x, https:\/\/i0.wp.com\/www.grieta.org.mx\/wp-content\/uploads\/2019\/06\/IEAY.jpg?resize=525%2C300 1.5x, https:\/\/i0.wp.com\/www.grieta.org.mx\/wp-content\/uploads\/2019\/06\/IEAY.jpg?resize=700%2C400 2x"},"classes":[]},{"id":15628,"url":"http:\/\/www.grieta.org.mx\/index.php\/2016\/09\/05\/conflictos-laborales-en-yucatan\/","url_meta":{"origin":29640,"position":1},"title":"Conflictos laborales en Yucat\u00e1n","author":"grieta","date":"5 septiembre, 2016","format":false,"excerpt":"05\/09\/16. Reclaman falta de pago de fondos de retiro (Yucat\u00e1n) LectorMX 25\/08\/16. Ex empleados de Sotuta piden se les pague un adeudo (Yucat\u00e1n) Diario de Yucat\u00e1n 03\/08\/16. Contin\u00faan empleados de Telmex su protesta; temen represalias (Yucat\u00e1n) Yucat\u00e1n a la mano 26\/07\/16. Denuncian trabajadores de Telmex violaci\u00f3n a sus derechos laborales\u2026","rel":"","context":"En &quot;NOTICIAS NACIONALES&quot;","block_context":{"text":"NOTICIAS NACIONALES","link":"http:\/\/www.grieta.org.mx\/index.php\/category\/noticias-nacionales\/"},"img":{"alt_text":"","src":"https:\/\/i0.wp.com\/www.grieta.org.mx\/wp-content\/uploads\/2018\/03\/14524434_1106112876131411_958039263622046936_o.jpg?resize=350%2C200","width":350,"height":200,"srcset":"https:\/\/i0.wp.com\/www.grieta.org.mx\/wp-content\/uploads\/2018\/03\/14524434_1106112876131411_958039263622046936_o.jpg?resize=350%2C200 1x, https:\/\/i0.wp.com\/www.grieta.org.mx\/wp-content\/uploads\/2018\/03\/14524434_1106112876131411_958039263622046936_o.jpg?resize=525%2C300 1.5x, https:\/\/i0.wp.com\/www.grieta.org.mx\/wp-content\/uploads\/2018\/03\/14524434_1106112876131411_958039263622046936_o.jpg?resize=700%2C400 2x"},"classes":[]},{"id":69101,"url":"http:\/\/www.grieta.org.mx\/index.php\/2024\/06\/04\/maestros-toman-instalaciones-de-la-seccion-33-del-snte-en-yucatan\/","url_meta":{"origin":29640,"position":2},"title":"Maestros toman instalaciones de la Secci\u00f3n 33 del SNTE en Yucat\u00e1n","author":"grieta","date":"4 junio, 2024","format":false,"excerpt":"Yazm\u00edn Rodr\u00edguez Galaz \/ El Universal M\u00e9rida.- Unos 60 profesores tomaron las instalaciones de la Secci\u00f3n 33 del Sindicato Nacional de los Trabajadores de la Educaci\u00f3n (SNTE), ubicado en la colonia Yucalpet\u00e9n de M\u00e9rida, para exigir el pago de la homologaci\u00f3n que prometi\u00f3 el presidente Andr\u00e9s Manuel L\u00f3pez Obrador desde\u2026","rel":"","context":"En &quot;CINTILLO&quot;","block_context":{"text":"CINTILLO","link":"http:\/\/www.grieta.org.mx\/index.php\/category\/cintillo\/"},"img":{"alt_text":"","src":"https:\/\/i0.wp.com\/www.grieta.org.mx\/wp-content\/uploads\/2024\/06\/Maestroe-e1717976976401.jpg?resize=350%2C200","width":350,"height":200,"srcset":"https:\/\/i0.wp.com\/www.grieta.org.mx\/wp-content\/uploads\/2024\/06\/Maestroe-e1717976976401.jpg?resize=350%2C200 1x, https:\/\/i0.wp.com\/www.grieta.org.mx\/wp-content\/uploads\/2024\/06\/Maestroe-e1717976976401.jpg?resize=525%2C300 1.5x, https:\/\/i0.wp.com\/www.grieta.org.mx\/wp-content\/uploads\/2024\/06\/Maestroe-e1717976976401.jpg?resize=700%2C400 2x"},"classes":[]},{"id":71825,"url":"http:\/\/www.grieta.org.mx\/index.php\/2025\/06\/05\/maestros-bloquean-acceso-al-aeropuerto-de-merida-yucatan\/","url_meta":{"origin":29640,"position":3},"title":"Maestros bloquean acceso al aeropuerto de M\u00e9rida (Yucat\u00e1n)","author":"grieta","date":"5 junio, 2025","format":false,"excerpt":"Herbeth Escalante \/ Haz Ruido Desde temprana hora, docentes de la CNTE han tomado la avenida Aviaci\u00f3n e incluso protestaron en las puertas del aeropuerto. M\u00e9rida, Yucat\u00e1n, 5 de junio de 2025.- Aproximadamente 3 mil maestros de la Coordinadora Nacional de Trabajadores de la Educaci\u00f3n (CNTE) mantienen bloqueado el acceso\u2026","rel":"","context":"En &quot;CINTILLO&quot;","block_context":{"text":"CINTILLO","link":"http:\/\/www.grieta.org.mx\/index.php\/category\/cintillo\/"},"img":{"alt_text":"","src":"https:\/\/i0.wp.com\/www.grieta.org.mx\/wp-content\/uploads\/2025\/06\/Maestros-e1749477518770.jpg?resize=350%2C200","width":350,"height":200,"srcset":"https:\/\/i0.wp.com\/www.grieta.org.mx\/wp-content\/uploads\/2025\/06\/Maestros-e1749477518770.jpg?resize=350%2C200 1x, https:\/\/i0.wp.com\/www.grieta.org.mx\/wp-content\/uploads\/2025\/06\/Maestros-e1749477518770.jpg?resize=525%2C300 1.5x, https:\/\/i0.wp.com\/www.grieta.org.mx\/wp-content\/uploads\/2025\/06\/Maestros-e1749477518770.jpg?resize=700%2C400 2x"},"classes":[]},{"id":71764,"url":"http:\/\/www.grieta.org.mx\/index.php\/2025\/05\/27\/maestros-protestan-en-merida-e-intentan-arrollarlos-yucatan\/","url_meta":{"origin":29640,"position":4},"title":"Maestros protestan en M\u00e9rida e intentan arrollarlos (Yucat\u00e1n)","author":"grieta","date":"27 mayo, 2025","format":false,"excerpt":"Herbeth Escalante \/ Haz Ruido Las y los maestros yucatecos se han sumado a la huelga nacional convocada por la CNTE, aunque tambi\u00e9n est\u00e1n protestando profesores del SNTE. M\u00e1s de 180 escuelas de Yucat\u00e1n est\u00e1n en paro desde hace una semana. M\u00e9rida, Yucat\u00e1n, 27 de mayo de 2025.- M\u00e1s de\u2026","rel":"","context":"En &quot;CINTILLO&quot;","block_context":{"text":"CINTILLO","link":"http:\/\/www.grieta.org.mx\/index.php\/category\/cintillo\/"},"img":{"alt_text":"","src":"https:\/\/i0.wp.com\/www.grieta.org.mx\/wp-content\/uploads\/2025\/06\/Paro-e1749035806353.jpg?resize=350%2C200","width":350,"height":200,"srcset":"https:\/\/i0.wp.com\/www.grieta.org.mx\/wp-content\/uploads\/2025\/06\/Paro-e1749035806353.jpg?resize=350%2C200 1x, https:\/\/i0.wp.com\/www.grieta.org.mx\/wp-content\/uploads\/2025\/06\/Paro-e1749035806353.jpg?resize=525%2C300 1.5x, https:\/\/i0.wp.com\/www.grieta.org.mx\/wp-content\/uploads\/2025\/06\/Paro-e1749035806353.jpg?resize=700%2C400 2x"},"classes":[]},{"id":67042,"url":"http:\/\/www.grieta.org.mx\/index.php\/2023\/06\/22\/docentes-y-administrativos-de-bachillerato-exigen-mejores-condiciones-laborales-yucatan\/","url_meta":{"origin":29640,"position":5},"title":"Docentes y administrativos de bachillerato exigen mejores condiciones laborales (Yucat\u00e1n)","author":"grieta","date":"22 junio, 2023","format":false,"excerpt":"Haz Ruido Al menos 72 planteles del Colegio de Bachilleres, Conalep, Cecitey y Telebachillerato se quedaron sin clases pues sus trabajadores protestaron para que les reconozcan su antig\u00fcedad y puedan jubilarse. M\u00e9rida, Yucat\u00e1n, 22 de junio de 2023.-Trabajadores del Colegio de Bachilleres, Conalep, Cecitey y Telebachillerato en Yucat\u00e1n protestaron en\u2026","rel":"","context":"En &quot;CINTILLO&quot;","block_context":{"text":"CINTILLO","link":"http:\/\/www.grieta.org.mx\/index.php\/category\/cintillo\/"},"img":{"alt_text":"","src":"https:\/\/i0.wp.com\/www.grieta.org.mx\/wp-content\/uploads\/2023\/06\/Bach-e1687489553175.jpg?resize=350%2C200","width":350,"height":200,"srcset":"https:\/\/i0.wp.com\/www.grieta.org.mx\/wp-content\/uploads\/2023\/06\/Bach-e1687489553175.jpg?resize=350%2C200 1x, https:\/\/i0.wp.com\/www.grieta.org.mx\/wp-content\/uploads\/2023\/06\/Bach-e1687489553175.jpg?resize=525%2C300 1.5x, https:\/\/i0.wp.com\/www.grieta.org.mx\/wp-content\/uploads\/2023\/06\/Bach-e1687489553175.jpg?resize=700%2C400 2x"},"classes":[]}],"_links":{"self":[{"href":"http:\/\/www.grieta.org.mx\/index.php\/wp-json\/wp\/v2\/posts\/29640","targetHints":{"allow":["GET"]}}],"collection":[{"href":"http:\/\/www.grieta.org.mx\/index.php\/wp-json\/wp\/v2\/posts"}],"about":[{"href":"http:\/\/www.grieta.org.mx\/index.php\/wp-json\/wp\/v2\/types\/post"}],"author":[{"embeddable":true,"href":"http:\/\/www.grieta.org.mx\/index.php\/wp-json\/wp\/v2\/users\/2"}],"replies":[{"embeddable":true,"href":"http:\/\/www.grieta.org.mx\/index.php\/wp-json\/wp\/v2\/comments?post=29640"}],"version-history":[{"count":1,"href":"http:\/\/www.grieta.org.mx\/index.php\/wp-json\/wp\/v2\/posts\/29640\/revisions"}],"predecessor-version":[{"id":29842,"href":"http:\/\/www.grieta.org.mx\/index.php\/wp-json\/wp\/v2\/posts\/29640\/revisions\/29842"}],"wp:featuredmedia":[{"embeddable":true,"href":"http:\/\/www.grieta.org.mx\/index.php\/wp-json\/wp\/v2\/media\/29841"}],"wp:attachment":[{"href":"http:\/\/www.grieta.org.mx\/index.php\/wp-json\/wp\/v2\/media?parent=29640"}],"wp:term":[{"taxonomy":"category","embeddable":true,"href":"http:\/\/www.grieta.org.mx\/index.php\/wp-json\/wp\/v2\/categories?post=29640"},{"taxonomy":"post_tag","embeddable":true,"href":"http:\/\/www.grieta.org.mx\/index.php\/wp-json\/wp\/v2\/tags?post=29640"}],"curies":[{"name":"wp","href":"https:\/\/api.w.org\/{rel}","templated":true}]}}