{"id":2961,"date":"2016-02-18T21:22:30","date_gmt":"2016-02-18T21:22:30","guid":{"rendered":"http:\/\/50.22.11.12\/~grietaor\/?p=2961"},"modified":"2018-07-03T19:46:54","modified_gmt":"2018-07-04T00:46:54","slug":"romper-con-la-logica-de-muerte-logro-de-familias-a-10-anos-de-pasta-de-conchos","status":"publish","type":"post","link":"http:\/\/www.grieta.org.mx\/index.php\/2016\/02\/18\/romper-con-la-logica-de-muerte-logro-de-familias-a-10-anos-de-pasta-de-conchos\/","title":{"rendered":"Romper con la L\u00f3gica de muerte: logro de familias a 10 a\u00f1os de Pasta de Conchos"},"content":{"rendered":"<p>Aldabi Olvera\/M\u00e1sde131<\/p>\n<p><strong>DESOLACI\u00d3N \/ RECONSTRUCCI\u00d3N<\/strong><\/p>\n<p>Con una consigna clara: \u201cLa vida vale m\u00e1s que el carb\u00f3n\u201d, la organizaci\u00f3n Familia Pasta de Conchos extendi\u00f3 su trabajo de exigencia de la b\u00fasqueda de sus deudos abandonados por el Estado en 2006 en una mina propiedad de Grupo M\u00e9xico, a la defensa de los derechos de otros mineros, la protecci\u00f3n del medio ambiente, la creaci\u00f3n de memoriales y la construcci\u00f3n de alternativas de trabajo para trabajadores mutilados. <strong>Su prop\u00f3sito: que no se repita lo que ocurri\u00f3 con sus familiares.<\/strong><\/p>\n<p>A 10 a\u00f1os de la explosi\u00f3n que dejara enterrados a 65 mineros del carb\u00f3n, Cristina Auerbach, defensora de derechos humanos e integrante de Familia Pasta de Conchos, cuenta a M\u00e1sde131:<\/p>\n<blockquote><p>\u201cEl aporte de estos 10 a\u00f1os fue romper ese enclave, romper la l\u00f3gica de muerte que hab\u00eda. Ese es el aporte que hemos podido dar\u201d.<\/p><\/blockquote>\n<p>La regi\u00f3n carbon\u00edfera de Coahuila es muy grande. Va de Monclova a Piedras Negras. Tan s\u00f3lo hay 160 mil habitantes para 16,040.1 kil\u00f3metros cuadrados. Ah\u00ed se encuentran los municipios de Melchor M\u00fazquiz, San Juan de Sabinas, Sabinas, y pueblos como Cloete, Agujita, Barroter\u00e1n, Esperanzas, Palau, Minas la Luz y Nueva Rosita.<\/p>\n<p>Auerbach describe que en la regi\u00f3n del carb\u00f3n hay un sentir com\u00fan entre los mineros y sus familias: como nadie consideraba reprobable la violaci\u00f3n de sus derechos, su muerte en las minas se volvi\u00f3 natural, una muerte cotidiana. A los mineros se les oye decir que se sabe d\u00f3nde van a entrar, pero no saben d\u00f3nde van a salir. Y es que hay familias en el pueblo donde muri\u00f3 el abuelo en una mina, el hijo hu\u00e9rfano muere cuando se vuelve adulto; as\u00ed, hasta tres o cuatro generaciones.<\/p>\n<p>\u201cEs una historia de muerte con la que es necesario reconciliarse\u201d cuenta la defensora de derechos humanos.<\/p>\n<p>En 1889 murieron 300 mineros en la Mina El Hondo. Es el primer registro documentado de un siniestro en estas minas de carb\u00f3n. Trece a\u00f1os despu\u00e9s murieron ah\u00ed mismo otras 135 personas. De acuerdo con un documento proporcionado a M\u00e1sde131 y titulado \u201cNuestra historia\u201d que habla sobre los 10 a\u00f1os de trabajo de Familia Pasta de Conchos calcula que hay 402 mineros muertos tan s\u00f3lo en minas que son propiedad de Grupo M\u00e9xico. En total, alrededor de 3000 mineros han muerto en la regi\u00f3n desde finales del siglo XIX.<\/p>\n<p>Auerbach explica que el carb\u00f3n de Coahuila se utiliza para la energ\u00eda y la fundici\u00f3n del acero que usamos: tanques de gas, vigas, cubiertos; todo: \u201cEste carb\u00f3n es trabajado por obreros que la sociedad ha olvidado\u201d.<\/p>\n<p><img loading=\"lazy\" decoding=\"async\" data-attachment-id=\"2966\" data-permalink=\"http:\/\/www.grieta.org.mx\/index.php\/2016\/02\/18\/romper-con-la-logica-de-muerte-logro-de-familias-a-10-anos-de-pasta-de-conchos\/familiares-pasta-de-conchos\/\" data-orig-file=\"http:\/\/www.grieta.org.mx\/wp-content\/uploads\/2016\/02\/familiares-pasta-de-conchos.jpg\" data-orig-size=\"1024,768\" data-comments-opened=\"0\" data-image-meta=\"{&quot;aperture&quot;:&quot;0&quot;,&quot;credit&quot;:&quot;&quot;,&quot;camera&quot;:&quot;&quot;,&quot;caption&quot;:&quot;&quot;,&quot;created_timestamp&quot;:&quot;0&quot;,&quot;copyright&quot;:&quot;&quot;,&quot;focal_length&quot;:&quot;0&quot;,&quot;iso&quot;:&quot;0&quot;,&quot;shutter_speed&quot;:&quot;0&quot;,&quot;title&quot;:&quot;&quot;,&quot;orientation&quot;:&quot;0&quot;}\" data-image-title=\"familiares-pasta-de-conchos\" data-image-description=\"\" data-image-caption=\"\" data-medium-file=\"http:\/\/www.grieta.org.mx\/wp-content\/uploads\/2016\/02\/familiares-pasta-de-conchos-300x225.jpg\" data-large-file=\"http:\/\/www.grieta.org.mx\/wp-content\/uploads\/2016\/02\/familiares-pasta-de-conchos-1024x768.jpg\" class=\"aligncenter wp-image-2966\" src=\"http:\/\/grieta.org.mx\/wp-content\/uploads\/2016\/02\/familiares-pasta-de-conchos-300x225.jpg\" alt=\"familiares-pasta-de-conchos\" width=\"680\" height=\"510\" srcset=\"http:\/\/www.grieta.org.mx\/wp-content\/uploads\/2016\/02\/familiares-pasta-de-conchos-300x225.jpg 300w, http:\/\/www.grieta.org.mx\/wp-content\/uploads\/2016\/02\/familiares-pasta-de-conchos-768x576.jpg 768w, http:\/\/www.grieta.org.mx\/wp-content\/uploads\/2016\/02\/familiares-pasta-de-conchos.jpg 1024w\" sizes=\"auto, (max-width: 680px) 100vw, 680px\" \/><\/p>\n<p><strong>Romper con la L\u00f3gica de muerte: logro de familias a 10 a\u00f1os de Pasta de Conchos<\/strong><\/p>\n<p>En 1951, los mineros de Nueva Rosita se fueron a huelga por sus derechos laborales. Viajaron en la Caravana del Silencio hasta la capital del pa\u00eds. El gobierno de Miguel Alem\u00e1n pr\u00e1cticamente los encerr\u00f3 en el deportivo 18 de marzo, y nunca los recibi\u00f3. Los mineros regresaron a Coahuila, y las condiciones de vida de las familias no mejoraron. La memoria de esa larga marcha sigue viva en la regi\u00f3n.<\/p>\n<p>La organizaci\u00f3n Familia Pasta de Conchos march\u00f3 primero a la Organizaci\u00f3n Internacional del Trabajo (OIT) el 3 de marzo de 2006. Casi un a\u00f1o despu\u00e9s, llegaron en caravana al memorial instalado en Polanco, frente a las oficinas del corporativo de Grupo M\u00e9xico, pero con familiares de otras minas: Lul\u00fa, Pocitos Ferber, Vertical 4, Mina 5 (La Esmeralda) y Mina 7 (Saltillito) de AHMSA. En la caravana hab\u00eda gente de los pueblos de Pala\u00fa, Nueva Rosita, Progreso, Barroter\u00e1n.<\/p>\n<p>Cada 19 de febrero acostumbran viajar al corporativo de Grupo M\u00e9xico en la capital y realizar un memorial.<\/p>\n<p>En la regi\u00f3n carbon\u00edfera: aislada, sola; construir una organizaci\u00f3n donde la gente se sienta familia es un aporte. Su organizaci\u00f3n no es sindical, sino de pap\u00e1s, mam\u00e1s, hijos, trabajadores en activo, sobrevivientes, habitantes de los pueblos afectados por la Miner\u00eda. Adem\u00e1s, muchas de las personas de la regi\u00f3n emigraron de San Luis Potos\u00ed y Zacatecas. Su organizaci\u00f3n tiene gente de todos los partidos e iglesias distintas.<\/p>\n<p>Y es que, al principio, el gobierno hablaba de 65 viudas. No era cierto, pero como sab\u00edan que eran 65 mineros hablaban de eso, eran 63, uno de los mineros era viudo y, el otro, soltero. A las viudas se les llamaba \u201cbeneficiarias\u201d de los derechos del trabajador. Ellas dicen: \u201cYo no me benefici\u00e9 de la muerte de mi marido\u201d. La organizaci\u00f3n, por otro lado, empez\u00f3 a hacer notar a la familia extendida organizada de los mineros; alrededor de ellos hab\u00eda 650 familiares.<\/p>\n<p>Llevaron otros casos que ya no eran pasta de Conchos. Hace tres a\u00f1os la organizaci\u00f3n debati\u00f3 sobre si se quer\u00edan llamar as\u00ed, pues ahora la mayor\u00eda de sus integrantes ya no son dolientes de la tragedia de hace 10 a\u00f1os; sin embargo, eligieron seguir llam\u00e1ndose as\u00ed ya que la lucha de Pasta de Conchos les da sentido de pertenencia desde 2006. Hoy, junto a las familias de aquel entonces, hay 15 mil personas de seis pueblos mineros.<\/p>\n<p>\u201cAlgo de lo que hicimos fue tomar el campo de lo simb\u00f3lico\u201d recuerda Auerbach, y relata que el #1DMx, durante la toma de posesi\u00f3n le Enrique Pe\u00f1a Nieto, el Movimiento de Colectivos de Bordado por la Paz en M\u00e9xico les hicieron llegar pa\u00f1uelos. Las familias de los mineros comenzaron entonces a realizar la labor de bordar los pa\u00f1uelos, pero de manera distinta.<\/p>\n<blockquote><p>\u201cResultan muy fuertes porque viene el nombre del culpable, de quien fallece, el nombre de la mina, la fecha, y empezamos a recuperar la memoria\u201d, explica.<\/p><\/blockquote>\n<p>En el 2007, primer aniversario de la tragedia, levantaron cruces afuera de la mina con los nombres de cada trabajador, del due\u00f1o y la fecha de muerte. <strong>\u201cLas primeras 65 fueron Pasta de Conchos, pero luego pon\u00edamos las siguientes\u201d<\/strong>.<\/p>\n<figure id=\"attachment_2967\" aria-describedby=\"caption-attachment-2967\" style=\"width: 680px\" class=\"wp-caption aligncenter\"><img loading=\"lazy\" decoding=\"async\" data-attachment-id=\"2967\" data-permalink=\"http:\/\/www.grieta.org.mx\/index.php\/2016\/02\/18\/romper-con-la-logica-de-muerte-logro-de-familias-a-10-anos-de-pasta-de-conchos\/pasta-de-conchos-2-1024x765\/\" data-orig-file=\"http:\/\/www.grieta.org.mx\/wp-content\/uploads\/2016\/02\/pasta-de-conchos-2-1024x765.jpg\" data-orig-size=\"1024,765\" data-comments-opened=\"0\" data-image-meta=\"{&quot;aperture&quot;:&quot;0&quot;,&quot;credit&quot;:&quot;&quot;,&quot;camera&quot;:&quot;&quot;,&quot;caption&quot;:&quot;&quot;,&quot;created_timestamp&quot;:&quot;0&quot;,&quot;copyright&quot;:&quot;&quot;,&quot;focal_length&quot;:&quot;0&quot;,&quot;iso&quot;:&quot;0&quot;,&quot;shutter_speed&quot;:&quot;0&quot;,&quot;title&quot;:&quot;&quot;,&quot;orientation&quot;:&quot;0&quot;}\" data-image-title=\"Pasta de Conchos\" data-image-description=\"\" data-image-caption=\"&lt;p&gt;Cada viernes santo se colocan las cruces de mineros muertos de otros a\u00f1os a la vuelta de la curva donde est\u00e1 Pasta de Conchos, porque ahora las autoridades impiden a las familias ir hasta el lugar. Hoy deben de haber 300 cruces. Cada a\u00f1o, al pasar, se le llevaron flores a unos, a las dos semanas ya hab\u00eda flores nuevas.&lt;\/p&gt;\n\" data-medium-file=\"http:\/\/www.grieta.org.mx\/wp-content\/uploads\/2016\/02\/pasta-de-conchos-2-1024x765-300x224.jpg\" data-large-file=\"http:\/\/www.grieta.org.mx\/wp-content\/uploads\/2016\/02\/pasta-de-conchos-2-1024x765-1024x765.jpg\" class=\"wp-image-2967\" src=\"http:\/\/grieta.org.mx\/wp-content\/uploads\/2016\/02\/pasta-de-conchos-2-1024x765-300x224.jpg\" alt=\"Cada viernes santo se colocan las cruces de mineros muertos de otros a\u00f1os a la vuelta de la curva donde est\u00e1 Pasta de Conchos, porque ahora las autoridades impiden a las familias ir hasta el lugar. Hoy deben de haber 300 cruces. Cada a\u00f1o, al pasar, se le llevaron flores a unos, a las dos semanas ya hab\u00eda flores nuevas.\" width=\"680\" height=\"508\" srcset=\"http:\/\/www.grieta.org.mx\/wp-content\/uploads\/2016\/02\/pasta-de-conchos-2-1024x765-300x224.jpg 300w, http:\/\/www.grieta.org.mx\/wp-content\/uploads\/2016\/02\/pasta-de-conchos-2-1024x765-768x574.jpg 768w, http:\/\/www.grieta.org.mx\/wp-content\/uploads\/2016\/02\/pasta-de-conchos-2-1024x765.jpg 1024w\" sizes=\"auto, (max-width: 680px) 100vw, 680px\" \/><figcaption id=\"caption-attachment-2967\" class=\"wp-caption-text\">Cada viernes santo se colocan las cruces de mineros muertos de otros a\u00f1os a la vuelta de la curva donde est\u00e1 Pasta de Conchos, porque ahora las autoridades impiden a las familias ir hasta el lugar. Hoy deben de haber 300 cruces. Cada a\u00f1o, al pasar, se le llevaron flores a unos, a las dos semanas ya hab\u00eda flores nuevas.<\/figcaption><\/figure>\n<p>Cada viernes santo se colocan las cruces de mineros muertos de otros a\u00f1os a la vuelta de la curva donde est\u00e1 Pasta de Conchos, porque ahora las autoridades impiden a las familias ir hasta el lugar. Hoy deben de haber 300 cruces. Cada a\u00f1o, al pasar, se le llevaron flores a unos, a las dos semanas ya hab\u00eda flores nuevas.<\/p>\n<blockquote><p>\u201cEs un referente que han intentado, dicen los alcaldes municipales y empresarios que las van a quitar: Como vienen sus nombres, ya no les gust\u00f3; porque si viene el minero, no importa, pero el nombre de la mina y el empresario ya no les gusta\u201d cuenta Auerbach.<\/p><\/blockquote>\n<p><strong>CERRAR TAJOS<\/strong><\/p>\n<p>El tema de la Miner\u00eda del carb\u00f3n es complejo. Abarca tres niveles de gobierno. La concesi\u00f3n la entrega la Secretar\u00eda de Econom\u00eda, pero el alcalde da permiso de uso de suelo. Casi todo el municipio de Sabinas se encuentra concesionado a mineras, ah\u00ed se encuentra Cloete.<\/p>\n<p>Familia Pasta de Conchos trabaja con varios pueblos en la regi\u00f3n, incluido Cloete, donde adentro de tierras ejidales, en las calles, casi debajo de las casas, hay tajos de Miner\u00eda. La gente bromea: En Cloete es el \u00fanico lugar donde los tajos tienen direcci\u00f3n y c\u00f3digo postal.<\/p>\n<p>Los habitantes de Cloete y Familia Pasta de Conchos lograron que, oficialmente, se pararan los ruidosos, polvorientos y contaminantes trabajos en los tajos. Su siguiente paso es plantear que sean tapados.<\/p>\n<p><strong>Mapa anidado de concesiones mineras en la regi\u00f3n<\/strong>:<\/p>\n<figure id=\"attachment_2969\" aria-describedby=\"caption-attachment-2969\" style=\"width: 680px\" class=\"wp-caption aligncenter\"><img loading=\"lazy\" decoding=\"async\" data-attachment-id=\"2969\" data-permalink=\"http:\/\/www.grieta.org.mx\/index.php\/2016\/02\/18\/romper-con-la-logica-de-muerte-logro-de-familias-a-10-anos-de-pasta-de-conchos\/concesiones-mineras-coahuila\/\" data-orig-file=\"http:\/\/www.grieta.org.mx\/wp-content\/uploads\/2016\/02\/concesiones-mineras-coahuila.jpg\" data-orig-size=\"1024,723\" data-comments-opened=\"0\" data-image-meta=\"{&quot;aperture&quot;:&quot;0&quot;,&quot;credit&quot;:&quot;&quot;,&quot;camera&quot;:&quot;&quot;,&quot;caption&quot;:&quot;&quot;,&quot;created_timestamp&quot;:&quot;0&quot;,&quot;copyright&quot;:&quot;&quot;,&quot;focal_length&quot;:&quot;0&quot;,&quot;iso&quot;:&quot;0&quot;,&quot;shutter_speed&quot;:&quot;0&quot;,&quot;title&quot;:&quot;&quot;,&quot;orientation&quot;:&quot;0&quot;}\" data-image-title=\"Concesiones mineras Coahuila\" data-image-description=\"\" data-image-caption=\"&lt;p&gt;Fuente:&lt;br \/&gt;\nhttp:\/\/www.cartografia.economia.gob.mx\/cartografia\/&lt;\/p&gt;\n\" data-medium-file=\"http:\/\/www.grieta.org.mx\/wp-content\/uploads\/2016\/02\/concesiones-mineras-coahuila-300x212.jpg\" data-large-file=\"http:\/\/www.grieta.org.mx\/wp-content\/uploads\/2016\/02\/concesiones-mineras-coahuila-1024x723.jpg\" class=\"wp-image-2969\" src=\"http:\/\/grieta.org.mx\/wp-content\/uploads\/2016\/02\/concesiones-mineras-coahuila-300x212.jpg\" alt=\"Fuente: http:\/\/www.cartografia.economia.gob.mx\/cartografia\/\" width=\"680\" height=\"480\" srcset=\"http:\/\/www.grieta.org.mx\/wp-content\/uploads\/2016\/02\/concesiones-mineras-coahuila-300x212.jpg 300w, http:\/\/www.grieta.org.mx\/wp-content\/uploads\/2016\/02\/concesiones-mineras-coahuila-768x542.jpg 768w, http:\/\/www.grieta.org.mx\/wp-content\/uploads\/2016\/02\/concesiones-mineras-coahuila.jpg 1024w\" sizes=\"auto, (max-width: 680px) 100vw, 680px\" \/><figcaption id=\"caption-attachment-2969\" class=\"wp-caption-text\">Fuente:<br \/>http:\/\/www.cartografia.economia.gob.mx\/cartografia\/<\/figcaption><\/figure>\n<blockquote><p>\u201cSe sienten m\u00e1s libres, estaban agobiados y agotados por temas de muertes y lo que les hac\u00edan en los pueblos que ya ni se sal\u00eda de las casas por el miedo\u201d relata Auerbach, \u201cla \u00e9poca de (el gobernador Humberto) Moreira y los Zetas fue pavorosa para la regi\u00f3n\u201d.<\/p><\/blockquote>\n<p>Auerbach denuncia que muchos empresarios se hac\u00edan pasar por Zetas. La polic\u00eda levantaba a quien se opon\u00eda a la apertura de minas. Entregaban a las personas a los c\u00e1rteles o los llevaban a la c\u00e1rcel. Para dejarlos libres, acusa la activista, ten\u00edan que firmar que estaban de acuerdo con las minas.<\/p>\n<p>Este 17 de febrero, a un d\u00eda de que se cumplan los 10 a\u00f1os de Pasta de Conchos, la organizaci\u00f3n par\u00f3 un nuevo tajo de Miner\u00eda de carb\u00f3n ilegal en Cloete. La mina es propiedad del primer regidor del municipio de Sabinas, Jaime Arellano. Hasta hoy, la organizaci\u00f3n Familia Pasta de Conchos ayud\u00f3 a cerrar 30 tajos ilegales.<\/p>\n<blockquote><p>\u201cLo que nos une es la certeza de que la vida vale m\u00e1s que el carb\u00f3n y de ah\u00ed no nos mueven, est\u00e1 encima de contratos, concesiones, acarreo. Si para sacar el carb\u00f3n vas a afectar la vida no te dejaremos sacarlo\u201d explica Auerbach.<\/p><\/blockquote>\n<p>\u201cNo es que uno aprenda a vivir con el conflicto, pero s\u00ed se aprende a llevar la vida en el conflicto\u201d, cuenta.<\/p>\n<p><img loading=\"lazy\" decoding=\"async\" data-attachment-id=\"2970\" data-permalink=\"http:\/\/www.grieta.org.mx\/index.php\/2016\/02\/18\/romper-con-la-logica-de-muerte-logro-de-familias-a-10-anos-de-pasta-de-conchos\/pasta-de-conchos-minero\/\" data-orig-file=\"http:\/\/www.grieta.org.mx\/wp-content\/uploads\/2016\/02\/pasta-de-conchos-minero.jpg\" data-orig-size=\"1024,768\" data-comments-opened=\"0\" data-image-meta=\"{&quot;aperture&quot;:&quot;0&quot;,&quot;credit&quot;:&quot;&quot;,&quot;camera&quot;:&quot;&quot;,&quot;caption&quot;:&quot;&quot;,&quot;created_timestamp&quot;:&quot;0&quot;,&quot;copyright&quot;:&quot;&quot;,&quot;focal_length&quot;:&quot;0&quot;,&quot;iso&quot;:&quot;0&quot;,&quot;shutter_speed&quot;:&quot;0&quot;,&quot;title&quot;:&quot;&quot;,&quot;orientation&quot;:&quot;0&quot;}\" data-image-title=\"Minero Pasta de Conchos\" data-image-description=\"\" data-image-caption=\"\" data-medium-file=\"http:\/\/www.grieta.org.mx\/wp-content\/uploads\/2016\/02\/pasta-de-conchos-minero-300x225.jpg\" data-large-file=\"http:\/\/www.grieta.org.mx\/wp-content\/uploads\/2016\/02\/pasta-de-conchos-minero-1024x768.jpg\" class=\"aligncenter wp-image-2970\" src=\"http:\/\/grieta.org.mx\/wp-content\/uploads\/2016\/02\/pasta-de-conchos-minero-300x225.jpg\" alt=\"Minero Pasta de Conchos\" width=\"680\" height=\"510\" srcset=\"http:\/\/www.grieta.org.mx\/wp-content\/uploads\/2016\/02\/pasta-de-conchos-minero-300x225.jpg 300w, http:\/\/www.grieta.org.mx\/wp-content\/uploads\/2016\/02\/pasta-de-conchos-minero-768x576.jpg 768w, http:\/\/www.grieta.org.mx\/wp-content\/uploads\/2016\/02\/pasta-de-conchos-minero.jpg 1024w\" sizes=\"auto, (max-width: 680px) 100vw, 680px\" \/><\/p>\n<p><strong>Cooperativa de chiles<\/strong><\/p>\n<blockquote><p>No es que uno aprenda a vivir con el conflicto, pero s\u00ed se aprende a llevar la vida en el conflicto\u201d, cuenta.<\/p><\/blockquote>\n<p>En la regi\u00f3n es com\u00fan ver mineros mutilados y en sillas de ruedas que ya no ten\u00edan trabajo y no encontraban qu\u00e9 hacer. Hay algunos que hasta piden limosna. Armaron entonces cooperativas de socios que hacen una inversi\u00f3n, lo regresan; generan despu\u00e9s un fondo para multiplicar y es una alternativa.<\/p>\n<p>En el Ejido Minas de Barroter\u00e1n, <strong>algunos trabajadores sobrevivientes de siniestros en las minas tienen una cooperativa para siembre de una hect\u00e1rea de chile piqu\u00edn y japon\u00e9s<\/strong>. El pr\u00f3ximo diciembre cumple tres a\u00f1os. En el primer a\u00f1o, los mineros no se preocupaban por reemplazar las matas, sino por sacar chile como si fuera mina de carb\u00f3n.<\/p>\n<p><img loading=\"lazy\" decoding=\"async\" data-attachment-id=\"2971\" data-permalink=\"http:\/\/www.grieta.org.mx\/index.php\/2016\/02\/18\/romper-con-la-logica-de-muerte-logro-de-familias-a-10-anos-de-pasta-de-conchos\/pasta-de-conchos-cooperativa-chiles\/\" data-orig-file=\"http:\/\/www.grieta.org.mx\/wp-content\/uploads\/2016\/02\/pasta-de-conchos-cooperativa-chiles.jpg\" data-orig-size=\"768,1024\" data-comments-opened=\"0\" data-image-meta=\"{&quot;aperture&quot;:&quot;0&quot;,&quot;credit&quot;:&quot;&quot;,&quot;camera&quot;:&quot;&quot;,&quot;caption&quot;:&quot;&quot;,&quot;created_timestamp&quot;:&quot;0&quot;,&quot;copyright&quot;:&quot;&quot;,&quot;focal_length&quot;:&quot;0&quot;,&quot;iso&quot;:&quot;0&quot;,&quot;shutter_speed&quot;:&quot;0&quot;,&quot;title&quot;:&quot;&quot;,&quot;orientation&quot;:&quot;0&quot;}\" data-image-title=\"Pasta de Conchos cooperativa de chiles\" data-image-description=\"\" data-image-caption=\"\" data-medium-file=\"http:\/\/www.grieta.org.mx\/wp-content\/uploads\/2016\/02\/pasta-de-conchos-cooperativa-chiles-225x300.jpg\" data-large-file=\"http:\/\/www.grieta.org.mx\/wp-content\/uploads\/2016\/02\/pasta-de-conchos-cooperativa-chiles-768x1024.jpg\" class=\"aligncenter wp-image-2971\" src=\"http:\/\/grieta.org.mx\/wp-content\/uploads\/2016\/02\/pasta-de-conchos-cooperativa-chiles-225x300.jpg\" alt=\"Pasta de Conchos cooperativa de chiles\" width=\"360\" height=\"480\" srcset=\"http:\/\/www.grieta.org.mx\/wp-content\/uploads\/2016\/02\/pasta-de-conchos-cooperativa-chiles-225x300.jpg 225w, http:\/\/www.grieta.org.mx\/wp-content\/uploads\/2016\/02\/pasta-de-conchos-cooperativa-chiles.jpg 768w\" sizes=\"auto, (max-width: 360px) 100vw, 360px\" \/><\/p>\n<p>En una regi\u00f3n sin sustrato comunitario y sentido de pertenencia, ha tenido que cambiar una cultura basada en el extractivismo a una que se sustente en la vida de las personas. Por ello, mineros de toda la regi\u00f3n buscan a la organizaci\u00f3n: \u201cpermiti\u00f3 que se visibilizara la situaci\u00f3n de derechos humanos\u201d.<\/p>\n<p><strong>RECIBIENDO DENUNCIAS<\/strong><\/p>\n<p>Los a\u00f1os que le siguieron a la tragedia de Pasta de Conchos empeor\u00f3 la situaci\u00f3n para los mineros, especialmente en 2011. En aquel a\u00f1o, murieron en promedio dos mineros por mes.<\/p>\n<p>En el memorial del 2011, Familia Pasta de Conchos present\u00f3 el informe \u201cDime desde all\u00e1 abajo\u201d. Ah\u00ed mostraron <strong>el estado de las minas entre 2008 y 2010 con documentos oficiales. Desde entonces, la organizaci\u00f3n lanza informes anuales<\/strong> en los que prueba que las tragedias en la regi\u00f3n carbon\u00edfera en las minas de carb\u00f3n no son accidentales, espont\u00e1neas ni irremediables. En 2012, murieron 33 mineros del carb\u00f3n dentro de las minas.<\/p>\n<p>Despu\u00e9s de la renuncia aquel a\u00f1o del secretario del trabajo calderonista Javier Lozano, quien en reiteradas ocasiones oper\u00f3 a favor de Grupo M\u00e9xico, la Secretar\u00eda del Trabajo otorg\u00f3 a Familia Pasta de Conchos las actas de inspecci\u00f3n de la mina desde el 2000. Ah\u00ed se dieron cuenta de c\u00f3mo los mineros denunciaban las mismas condiciones varios a\u00f1os antes.<\/p>\n<p>Tambi\u00e9n se dieron cuenta de la complacencia y corrupci\u00f3n de la mayor\u00eda de las empresas mineras, la Secretar\u00eda del Trabajo y Previsi\u00f3n Social, la Secretar\u00eda de Econom\u00eda, el IMSS y el Gobierno del Estado de Coahuila. Se enteraron incluso de que hab\u00eda una lista de precios por cada irregularidad cometida: las empresas realizaban pactos o depositaban regularmente para no ser inspeccionadas.<\/p>\n<p>Entonces cambiaron la estrategia. Desde agosto de 2013 acompa\u00f1an a los inspectores de la Secretar\u00eda del Trabajo. Hicieron campa\u00f1a entre los mineros y sus familias para que se atrevieran a denunciar los lugares donde se violaban normas de seguridad e higiene y derechos laborales. Repartieron 30 mil tarjetas con tel\u00e9fonos, direcciones para denunciar de manera an\u00f3nima.<\/p>\n<p><strong>En 2012 murieron 33 trabajadores, en 2013 murieron dos; en 2014 murieron tres y en 2015 muri\u00f3 uno<\/strong>. Adem\u00e1s, fueron despedidos 14 inspectores, el jur\u00eddico de la Delegaci\u00f3n de Coahuila de la STPS, el Delegado en Coahuila de la STPS, todos por actos comprobados de corrupci\u00f3n y negligencia.<\/p>\n<p>Al principio denunciaban esposas e hijas de lo que los padres les contaban en la comida. Los trabajadores se opon\u00edan porque dejaban de ganar por turno, despu\u00e9s se dieron cuenta que su vida iba de por medio.<\/p>\n<p>\u201cVieron que no era que se acabara la Miner\u00eda, sino que no hubiera que sacarlos muertos\u201d explica Auerbach, quien cuenta que incluso, ya les llegan denuncias por Facebook y Twitter.<\/p>\n<blockquote><p>\u201cEso no significa que est\u00e1 resuelto el problema. Con una extensi\u00f3n territorial tan grande y el abuso institucionalizado impune, no quiere decir que no se repita\u201d.<\/p><\/blockquote>\n<p><strong>EN PASTA DE CONCHOS TAMBI\u00c9N FUE EL ESTADO\u2026<\/strong><\/p>\n<blockquote><p>\u201cCreo que se\u00f1alamos claramente desde el inicio al Estado, m\u00e1s all\u00e1 de si era Fox, Calder\u00f3n, Pe\u00f1a Nieto, hay una institucionalizaci\u00f3n de la impunidad\u201d, denuncia Auerbach: \u201d Para nosotros como Familia Pasta de Conchos, da lo mismo si es del PAN, del PRI, el resultado es igual: No es un asunto ni de personas ni de partidos, sino del Estado, el que est\u00e1 obligado de tutelar, promover los derechos humanos y laborales\u201d.<\/p><\/blockquote>\n<p><strong>\u201cEntreguen a los de Pasta de Conchos para que la sociedad les crea que van a entregar a los desparecidos\u201d<\/strong>, le dijeron las familias de Pasta de Conchos al ex titular de la PGR, Murillo Karam.<\/p>\n<p>En julio de 2013, \u00e9l mismo les dijo que el rescate de los cuerpos era una decisi\u00f3n presidencial; pero cambi\u00f3 de parecer: Ni los mineros de Pasta de Cochos, ni los desaparecidos, ni los muertos.<\/p>\n<p>El 1 de septiembre de 2015, tras varios malabares de distintos jueces que no le permitieron entrar a la mina, la PGR se declar\u00f3 incompetente para continuar con la indagatoria abierta el 13 de noviembre de 2013. Karam se fue y ahora Arely G\u00f3mez les manda a decir que los delitos ya prescribieron. Pero la Familia Pasta de Conchos se pregunta c\u00f3mo la PGR despu\u00e9s de 10 a\u00f1os dice que los delitos ya prescribieron si ella misma los dej\u00f3 prescribir.<\/p>\n<p>Auerbach insiste:<\/p>\n<blockquote><p>\u201cSaben d\u00f3nde est\u00e1n, saben c\u00f3mo sacarlos, saben qui\u00e9nes son y no los entregan, para nosotros es un mensaje para todos: En Ayotzinapa no saben, seg\u00fan, pero aqu\u00ed s\u00ed saben y d\u00f3nde est\u00e1n y no los sacan. El mensaje de no rescatar a las familias de Pasta de Conchos es: no vamos a entregar a los 26 mil desaparecidos\u201d.<\/p><\/blockquote>\n<p>A pesar de los informes de entes extranjeros como la Organizaci\u00f3n Internacional del Trabajo, <strong>el gobierno mexicano no cambi\u00f3 su decisi\u00f3n<\/strong>. Germ\u00e1n Larrea, due\u00f1o de Grupo M\u00e9xico, era cercano al gobierno de con Fox mediante la fundaci\u00f3n Vamos M\u00e9xico. Fernando G\u00f3mez Mont es el abogado penalista de Germ\u00e1n Larrea.<\/p>\n<p>Son conocidas las muestras de complicidad, opacidad y protecci\u00f3n a Grupo M\u00e9xico por diversos funcionarios locales y del gobierno de Humberto Moreira, acusado por el padre Ra\u00fal Vera en una entrevista a Proceso de ser responsable por la tragedia.<\/p>\n<p>Grupo M\u00e9xico sigue cometiendo cr\u00edmenes en M\u00e9xico y en el extranjero (Sonora, Per\u00fa). Ning\u00fan presidente, ni Vicente Fox, ni Felipe Calder\u00f3n (quien desoy\u00f3 cuatro veces las peticiones de las familias), ni Enrique Pe\u00f1a Nieto ha querido siquiera reunirse con las familias de los 65 mineros.<\/p>\n<p>Cristina Auerbach fue golpeada, hostigada en su hogar; recibi\u00f3 amenazas y estuvo a punto de irse del pa\u00eds. Actualmente, quince integrantes de Familia Pasta de Conchos tienen averiguaciones abiertas. Ya vivieron un desalojo policial en 2009 cuando estuvieron en plant\u00f3n frente a la mina donde se encontraban sus muertos.<\/p>\n<p>Para Cristina; Atenco, Oaxaca, L\u00e1zaro C\u00e1rdenas y Pasta de Conchos tienen en com\u00fan una reivindicaci\u00f3n laboral, y todos los casos de distintas maneras fueron criminalizados. Se pregunta: \u201c\u00bfQu\u00e9 pas\u00f3 con los campesinos, con los maestros?\u201d. Y agrega: \u201cLa criminalizaci\u00f3n de la protesta sirve para distraernos del conflicto original\u201d.<\/p>\n<p>El peritaje del 2007 pagado por la empresa al \u201cexperto\u201d D.G. Wooton dice que a la mina no pueden bajar rescatistas por riesgos de contraer VIH y tuberculosis mediante agua contaminada. Este peritaje fue retomado por diversos medios este 17 de febrero, pues todav\u00eda es la excusa de la empresa para no entregar los cuerpos de los mineros. Adem\u00e1s, existe el rumor de que Pasta de Conchos reabra en 2016 con otra denominaci\u00f3n social: \u201cMina Reunificaci\u00f3n Fresnos\u201d, lo cual es legalmente imposible, pues la Secretar\u00eda de Econom\u00eda suspendi\u00f3 hace dos a\u00f1os la concesi\u00f3n. Familia Pasta de Conchos espera desde el 2010 que la Comisi\u00f3n Interamericana de Derechos Humanos admita su caso.<\/p>\n<p>\u201cDespu\u00e9s de 10 a\u00f1os de este proceso dir\u00eda: Hay que mantener la vista levantada y ver m\u00e1s all\u00e1 de lo que diga Murillo, la minera, o el presidente pasado, presente y el que sigue. Estamos llamados a la vida, que est\u00e1 por encima de todos ellos\u201d, opina Auerbach.<\/p>\n<p>La defensora cuenta que escuch\u00f3 a un comentarista de radio que urg\u00eda al rescate de los mineros para que se acabara su organizaci\u00f3n: \u201cYo creo que aunque fuera el rescate ma\u00f1ana de los mineros, no hemos acabado, la Miner\u00eda del carb\u00f3n va a seguir, las familias del carb\u00f3n van a seguir. La expectativa de las familias ha cambiado, respeto a DH, condiciones de vida digna y eso est\u00e1 todav\u00eda por hacerse\u201d.<\/p>\n<p>Y culmina: \u201cFamilia Pasta de Conchos es un \u00f3rgano que se va a quedar para reconstruir la vida\u201d.<\/p>\n<p><a href=\"http:\/\/masde131.com\/2016\/02\/romper-con-la-logica-de-muerte-logro-de-familias-a-10-anos-de-pasta-de-conchos\" target=\"_blank\" rel=\"noopener\">masde131.com\/2016\/02\/romper-con-la-logica-de-muerte-logro-de-familias-a-10-anos-de-pasta-de-conchos<\/a><\/p>\n","protected":false},"excerpt":{"rendered":"<p>Aldabi Olvera\/M\u00e1sde131 DESOLACI\u00d3N \/ RECONSTRUCCI\u00d3N Con una consigna clara: \u201cLa vida vale m\u00e1s que el carb\u00f3n\u201d, la organizaci\u00f3n Familia Pasta de Conchos extendi\u00f3 su trabajo de exigencia de la b\u00fasqueda &hellip; <a href=\"http:\/\/www.grieta.org.mx\/index.php\/2016\/02\/18\/romper-con-la-logica-de-muerte-logro-de-familias-a-10-anos-de-pasta-de-conchos\/\" class=\"more-link\">Leer m\u00e1s<\/a><\/p>\n","protected":false},"author":2,"featured_media":21928,"comment_status":"closed","ping_status":"open","sticky":false,"template":"","format":"standard","meta":{"ngg_post_thumbnail":0,"_jetpack_newsletter_access":"","_jetpack_dont_email_post_to_subs":false,"_jetpack_newsletter_tier_id":0,"_jetpack_memberships_contains_paywalled_content":false,"_jetpack_memberships_contains_paid_content":false,"footnotes":""},"categories":[80,250,419,1385,2],"tags":[109,277,253],"class_list":{"0":"post-2961","1":"post","2":"type-post","3":"status-publish","4":"format-standard","5":"has-post-thumbnail","6":"hentry","7":"category-cintillo","8":"category-coahuila","10":"category-muertes-y-accidentes-en-minas-en-coahuila","11":"category-noticias-nacionales","12":"tag-mineria","13":"tag-pasta-de-conchos","14":"tag-region-carbonifera","15":"entry"},"jetpack_featured_media_url":"http:\/\/www.grieta.org.mx\/wp-content\/uploads\/2018\/03\/14524434_1106112876131411_958039263622046936_o.jpg","jetpack_sharing_enabled":true,"jetpack_shortlink":"https:\/\/wp.me\/p7ZJR4-LL","jetpack_likes_enabled":false,"jetpack-related-posts":[{"id":52981,"url":"http:\/\/www.grieta.org.mx\/index.php\/2020\/09\/02\/familiares-de-mineros-de-pasta-de-conchos-coahuila-rechazan-monumento-quieren-sus-restos\/","url_meta":{"origin":2961,"position":0},"title":"Familiares de mineros de Pasta de Conchos, Coahuila rechazan monumento; quieren sus restos","author":"grieta","date":"2 septiembre, 2020","format":false,"excerpt":"EL UNIVERSAL Las viudas de los mineros de Pasta de Conchos califican la propuesta de AMLO como ofensiva y le piden ser honesto TORRE\u00d3N, COAH.- Familiares de mineros fallecidos en la explosi\u00f3n de Pasta de Conchos, Coahuila, rechazaron la propuesta del presidente Andr\u00e9s Manuel L\u00f3pez Obrador de construir un monumento\u2026","rel":"","context":"En &quot;CINTILLO&quot;","block_context":{"text":"CINTILLO","link":"http:\/\/www.grieta.org.mx\/index.php\/category\/cintillo\/"},"img":{"alt_text":"","src":"https:\/\/i0.wp.com\/www.grieta.org.mx\/wp-content\/uploads\/2020\/09\/a02_n6.jpg?resize=350%2C200","width":350,"height":200,"srcset":"https:\/\/i0.wp.com\/www.grieta.org.mx\/wp-content\/uploads\/2020\/09\/a02_n6.jpg?resize=350%2C200 1x, https:\/\/i0.wp.com\/www.grieta.org.mx\/wp-content\/uploads\/2020\/09\/a02_n6.jpg?resize=525%2C300 1.5x, https:\/\/i0.wp.com\/www.grieta.org.mx\/wp-content\/uploads\/2020\/09\/a02_n6.jpg?resize=700%2C400 2x"},"classes":[]},{"id":2977,"url":"http:\/\/www.grieta.org.mx\/index.php\/2015\/11\/25\/a-nueve-anos-exigen-justicia-para-mineros-de-pasta-de-conchos\/","url_meta":{"origin":2961,"position":1},"title":"A nueve a\u00f1os exigen justicia para mineros de Pasta de Conchos","author":"grieta","date":"25 noviembre, 2015","format":false,"excerpt":"Grupo M\u00e9xico intenta contratar 300 trabajadores para nuevas excavaciones por Perseo Greco Noviembre 24, 2015 Redacci\u00f3n. 23 de noviembre. Organizaciones sociales, mineros, familiares y viudas se reunieron para marchar este 20 de noviembre y protestar por la muerte de 65 mineros que quedaron atrapados en la mina Pasta de Conchos,\u2026","rel":"","context":"En &quot;CINTILLO&quot;","block_context":{"text":"CINTILLO","link":"http:\/\/www.grieta.org.mx\/index.php\/category\/cintillo\/"},"img":{"alt_text":"","src":"https:\/\/i0.wp.com\/www.grieta.org.mx\/wp-content\/uploads\/2018\/03\/14524434_1106112876131411_958039263622046936_o.jpg?resize=350%2C200","width":350,"height":200,"srcset":"https:\/\/i0.wp.com\/www.grieta.org.mx\/wp-content\/uploads\/2018\/03\/14524434_1106112876131411_958039263622046936_o.jpg?resize=350%2C200 1x, https:\/\/i0.wp.com\/www.grieta.org.mx\/wp-content\/uploads\/2018\/03\/14524434_1106112876131411_958039263622046936_o.jpg?resize=525%2C300 1.5x, https:\/\/i0.wp.com\/www.grieta.org.mx\/wp-content\/uploads\/2018\/03\/14524434_1106112876131411_958039263622046936_o.jpg?resize=700%2C400 2x"},"classes":[]},{"id":54401,"url":"http:\/\/www.grieta.org.mx\/index.php\/2020\/10\/23\/familiares-de-pasta-de-conchos-denuncian-que-presidencia-los-excluyo-de-evento-con-amlo-coahuila\/","url_meta":{"origin":2961,"position":2},"title":"Familiares de Pasta de Conchos denuncian que Presidencia los excluy\u00f3 de evento con AMLO (Coahuila)","author":"grieta","date":"23 octubre, 2020","format":false,"excerpt":"El presidente visita Nueva Rosita, Coahuila, para revisar los avances de los compromisos que hizo el pasado 14 de septiembre sobre el rescate de los restos atrapados en la mina. Manu Ureste\/ ANIMAL POL\u00edTICO Familiares de 65 mineros de Pasta de Conchos denunciaron que fueron excluidos de la visita que\u2026","rel":"","context":"En &quot;CINTILLO&quot;","block_context":{"text":"CINTILLO","link":"http:\/\/www.grieta.org.mx\/index.php\/category\/cintillo\/"},"img":{"alt_text":"","src":"https:\/\/i0.wp.com\/www.grieta.org.mx\/wp-content\/uploads\/2018\/03\/14524434_1106112876131411_958039263622046936_o.jpg?resize=350%2C200","width":350,"height":200,"srcset":"https:\/\/i0.wp.com\/www.grieta.org.mx\/wp-content\/uploads\/2018\/03\/14524434_1106112876131411_958039263622046936_o.jpg?resize=350%2C200 1x, https:\/\/i0.wp.com\/www.grieta.org.mx\/wp-content\/uploads\/2018\/03\/14524434_1106112876131411_958039263622046936_o.jpg?resize=525%2C300 1.5x, https:\/\/i0.wp.com\/www.grieta.org.mx\/wp-content\/uploads\/2018\/03\/14524434_1106112876131411_958039263622046936_o.jpg?resize=700%2C400 2x"},"classes":[]},{"id":6709,"url":"http:\/\/www.grieta.org.mx\/index.php\/2016\/02\/18\/deudos-y-companeros-de-pasta-de-conchos-continuan-luchando\/","url_meta":{"origin":2961,"position":3},"title":"Deudos y compa\u00f1eros de Pasta de Conchos contin\u00faan luchando","author":"grieta","date":"18 febrero, 2016","format":false,"excerpt":"18\/02\/16. Romper con la L\u00f3gica de muerte: logro de familias a 10 a\u00f1os de Pasta de Conchos M\u00e1s de 131 25\/11\/15. A nueve a\u00f1os exigen justicia para mineros de Pasta de Conchos Somos el medio","rel":"","context":"En &quot;Coahuila&quot;","block_context":{"text":"Coahuila","link":"http:\/\/www.grieta.org.mx\/index.php\/category\/noticias-nacionales\/coahuila\/"},"img":{"alt_text":"","src":"https:\/\/i0.wp.com\/www.grieta.org.mx\/wp-content\/uploads\/2018\/03\/14524434_1106112876131411_958039263622046936_o.jpg?resize=350%2C200","width":350,"height":200,"srcset":"https:\/\/i0.wp.com\/www.grieta.org.mx\/wp-content\/uploads\/2018\/03\/14524434_1106112876131411_958039263622046936_o.jpg?resize=350%2C200 1x, https:\/\/i0.wp.com\/www.grieta.org.mx\/wp-content\/uploads\/2018\/03\/14524434_1106112876131411_958039263622046936_o.jpg?resize=525%2C300 1.5x, https:\/\/i0.wp.com\/www.grieta.org.mx\/wp-content\/uploads\/2018\/03\/14524434_1106112876131411_958039263622046936_o.jpg?resize=700%2C400 2x"},"classes":[]},{"id":2630,"url":"http:\/\/www.grieta.org.mx\/index.php\/2015\/02\/22\/tragedia-une-a-pasta-de-conchos-y-ayotzinapa\/","url_meta":{"origin":2961,"position":4},"title":"Tragedia une a Pasta de Conchos y Ayotzinapa","author":"grieta","date":"22 febrero, 2015","format":false,"excerpt":"Milenio Luis Carlos Vald\u00e9s de Le\u00f3n22\/02\/2015 09:56 PM San Juan de Sabinas La tragedia y el dolor unen a San Juan de Sabinas y a Ayotzinapa. La lucha que desde hace nueve a\u00f1os familiares enfrentan porque se les entregue un cuerpo del interior de la mina 8 de Pasta de\u2026","rel":"","context":"En &quot;CINTILLO&quot;","block_context":{"text":"CINTILLO","link":"http:\/\/www.grieta.org.mx\/index.php\/category\/cintillo\/"},"img":{"alt_text":"","src":"https:\/\/i0.wp.com\/www.grieta.org.mx\/wp-content\/uploads\/2018\/03\/14524434_1106112876131411_958039263622046936_o.jpg?resize=350%2C200","width":350,"height":200,"srcset":"https:\/\/i0.wp.com\/www.grieta.org.mx\/wp-content\/uploads\/2018\/03\/14524434_1106112876131411_958039263622046936_o.jpg?resize=350%2C200 1x, https:\/\/i0.wp.com\/www.grieta.org.mx\/wp-content\/uploads\/2018\/03\/14524434_1106112876131411_958039263622046936_o.jpg?resize=525%2C300 1.5x, https:\/\/i0.wp.com\/www.grieta.org.mx\/wp-content\/uploads\/2018\/03\/14524434_1106112876131411_958039263622046936_o.jpg?resize=700%2C400 2x"},"classes":[]},{"id":60652,"url":"http:\/\/www.grieta.org.mx\/index.php\/2021\/06\/28\/da-coraje-que-piensen-que-la-vida-de-los-trabajadores-no-vale-nada-coahuila\/","url_meta":{"origin":2961,"position":5},"title":"\u00abDa coraje que piensen que la vida de los trabajadores no vale nada\u00bb (Coahuila)","author":"grieta","date":"28 junio, 2021","format":false,"excerpt":"Pese a que la Organizaci\u00f3n Familia Pasta de Conchos hab\u00eda denunciado las irregularidades y negligencias contra los trabajadores dentro de las minas de Coahuila, un nuevo accidente ocurri\u00f3 en la mina de Obayos. De fondo est\u00e1 la compra de carb\u00f3n a empresas que usan arriesgados m\u00e9todos de extracci\u00f3n Alejandro Ruiz\/\u2026","rel":"","context":"En &quot;CINTILLO&quot;","block_context":{"text":"CINTILLO","link":"http:\/\/www.grieta.org.mx\/index.php\/category\/cintillo\/"},"img":{"alt_text":"","src":"https:\/\/i0.wp.com\/www.grieta.org.mx\/wp-content\/uploads\/2021\/07\/Caseta-de-descanso-en-complejo-minero-de-Rancheri%CC%81as-Coahuila.jpeg?resize=350%2C200","width":350,"height":200,"srcset":"https:\/\/i0.wp.com\/www.grieta.org.mx\/wp-content\/uploads\/2021\/07\/Caseta-de-descanso-en-complejo-minero-de-Rancheri%CC%81as-Coahuila.jpeg?resize=350%2C200 1x, https:\/\/i0.wp.com\/www.grieta.org.mx\/wp-content\/uploads\/2021\/07\/Caseta-de-descanso-en-complejo-minero-de-Rancheri%CC%81as-Coahuila.jpeg?resize=525%2C300 1.5x, https:\/\/i0.wp.com\/www.grieta.org.mx\/wp-content\/uploads\/2021\/07\/Caseta-de-descanso-en-complejo-minero-de-Rancheri%CC%81as-Coahuila.jpeg?resize=700%2C400 2x"},"classes":[]}],"_links":{"self":[{"href":"http:\/\/www.grieta.org.mx\/index.php\/wp-json\/wp\/v2\/posts\/2961","targetHints":{"allow":["GET"]}}],"collection":[{"href":"http:\/\/www.grieta.org.mx\/index.php\/wp-json\/wp\/v2\/posts"}],"about":[{"href":"http:\/\/www.grieta.org.mx\/index.php\/wp-json\/wp\/v2\/types\/post"}],"author":[{"embeddable":true,"href":"http:\/\/www.grieta.org.mx\/index.php\/wp-json\/wp\/v2\/users\/2"}],"replies":[{"embeddable":true,"href":"http:\/\/www.grieta.org.mx\/index.php\/wp-json\/wp\/v2\/comments?post=2961"}],"version-history":[{"count":1,"href":"http:\/\/www.grieta.org.mx\/index.php\/wp-json\/wp\/v2\/posts\/2961\/revisions"}],"predecessor-version":[{"id":24140,"href":"http:\/\/www.grieta.org.mx\/index.php\/wp-json\/wp\/v2\/posts\/2961\/revisions\/24140"}],"wp:featuredmedia":[{"embeddable":true,"href":"http:\/\/www.grieta.org.mx\/index.php\/wp-json\/wp\/v2\/media\/21928"}],"wp:attachment":[{"href":"http:\/\/www.grieta.org.mx\/index.php\/wp-json\/wp\/v2\/media?parent=2961"}],"wp:term":[{"taxonomy":"category","embeddable":true,"href":"http:\/\/www.grieta.org.mx\/index.php\/wp-json\/wp\/v2\/categories?post=2961"},{"taxonomy":"post_tag","embeddable":true,"href":"http:\/\/www.grieta.org.mx\/index.php\/wp-json\/wp\/v2\/tags?post=2961"}],"curies":[{"name":"wp","href":"https:\/\/api.w.org\/{rel}","templated":true}]}}