{"id":29607,"date":"2019-02-18T12:58:37","date_gmt":"2019-02-18T18:58:37","guid":{"rendered":"http:\/\/www.grieta.org.mx\/?p=29607"},"modified":"2019-02-25T13:54:24","modified_gmt":"2019-02-25T19:54:24","slug":"denuncian-la-desaparicion-de-4-detenidos-por-ministeriales-campeche","status":"publish","type":"post","link":"http:\/\/www.grieta.org.mx\/index.php\/2019\/02\/18\/denuncian-la-desaparicion-de-4-detenidos-por-ministeriales-campeche\/","title":{"rendered":"Denuncian la desaparici\u00f3n de 4 detenidos por ministeriales  (Campeche)"},"content":{"rendered":"<p>Carmen.- Ciudadanos informaron sobre la desaparici\u00f3n de cuatro personas, supuestamente detenidas en operativos policiacos la tarde noche del s\u00e1bado.<\/p>\n<p>Ariana Graniel, presunta esposa de uno de los probables detenidos, de nombre Jonat\u00e1n Z, de oficio mec\u00e1nico, denunci\u00f3 que la actuaci\u00f3n de la autoridad ministerial de nueva cuenta caus\u00f3 reacciones entre la poblaci\u00f3n de Carmen, al detenerlo en el interior de su domicilio.<\/p>\n<p>Para ello fue destrozada su vivienda y sustrajeron todas sus pertenencias, desde electr\u00f3nicos, documentos personales y la ropa de sus peque\u00f1os hijos<\/p>\n<p>Dijo que este hecho caus\u00f3 indignaci\u00f3n porque tres personas m\u00e1s fueron detenidas, entre ellos una estudiante, que quienes la conocen aseguran es tranquila, lo que gener\u00f3 m\u00e1s miedo entre sus familiares al negarles en la Vicefiscal\u00eda que esta fuera llevada ante las autoridades.<\/p>\n<p>Se\u00f1al\u00f3 que acudi\u00f3 hasta las oficinas de la Comisi\u00f3n de los Derechos Humanos, donde les brindaron asesor\u00eda y las acompa\u00f1\u00f3 un visitador, a quien al llegar al Ministerio P\u00fablico le fue negado el paso, adem\u00e1s le dijeron que no hab\u00eda en su sistema registro alguno de los supuestos detenidos, incluso al ver la actitud de los agentes el visitador murmur\u00f3 que parece un caso de desaparici\u00f3n forzada.<\/p>\n<p>La mujer exigi\u00f3 que se aclare el hecho y que la autoridad no act\u00fae de manera inconsciente; que detengan en verdad a esas personas que venden drogas ya que ellos mismos saben d\u00f3nde est\u00e1n los lugares, adem\u00e1s de la gente que se dedica a este delito.<\/p>\n<p><a href=\"http:\/\/tribunacampeche.com\/policia\/2019\/02\/18\/denuncian-la-desaparicion-de-4-detenidos-por-ministeriales\/\" rel=\"noopener\" target=\"_blank\">http:\/\/tribunacampeche.com\/policia\/2019\/02\/18\/denuncian-la-desaparicion-de-4-detenidos-por-ministeriales\/<\/a><\/p>\n","protected":false},"excerpt":{"rendered":"<p>Carmen.- Ciudadanos informaron sobre la desaparici\u00f3n de cuatro personas, supuestamente detenidas en operativos policiacos la tarde noche del s\u00e1bado. Ariana Graniel, presunta esposa de uno de los probables detenidos, de &hellip; <a href=\"http:\/\/www.grieta.org.mx\/index.php\/2019\/02\/18\/denuncian-la-desaparicion-de-4-detenidos-por-ministeriales-campeche\/\" class=\"more-link\">Leer m\u00e1s<\/a><\/p>\n","protected":false},"author":2,"featured_media":21928,"comment_status":"closed","ping_status":"closed","sticky":false,"template":"","format":"standard","meta":{"ngg_post_thumbnail":0,"_jetpack_newsletter_access":"","_jetpack_dont_email_post_to_subs":false,"_jetpack_newsletter_tier_id":0,"_jetpack_memberships_contains_paywalled_content":false,"_jetpack_memberships_contains_paid_content":false,"footnotes":""},"categories":[11,80,2190,2,1089],"tags":[905,121],"class_list":["post-29607","post","type-post","status-publish","format-standard","has-post-thumbnail","hentry","category-campeche","category-cintillo","category-desaparecidos-campeche","category-noticias-nacionales","category-violencia-de-las-fuerzas-represivas-en-campeche","tag-abusos-policiacos","tag-desaparecidos","entry"],"jetpack_featured_media_url":"http:\/\/www.grieta.org.mx\/wp-content\/uploads\/2018\/03\/14524434_1106112876131411_958039263622046936_o.jpg","jetpack_sharing_enabled":true,"jetpack_shortlink":"https:\/\/wp.me\/p7ZJR4-7Hx","jetpack_likes_enabled":false,"jetpack-related-posts":[{"id":2925,"url":"http:\/\/www.grieta.org.mx\/index.php\/2015\/01\/29\/32-detenidos-en-desalojo-de-ex-empleados-de-oceanografia\/","url_meta":{"origin":29607,"position":0},"title":"32 detenidos en desalojo de ex empleados de Oceanograf\u00eda","author":"grieta","date":"29 enero, 2015","format":false,"excerpt":"29 de enero de 2015 \u2013 Cerca de 150 ex trabajadores de la empresa Oceanograf\u00eda protestaron el d\u00eda de ayer en Campeche con la exigencia de la liquidaci\u00f3n de sus salarios. Tras cerrar por cuatro horas el puente Carmen-Zacatal se provoc\u00f3 un congestionamiento vial de hasta 10 kil\u00f3metros. Alrededor de\u2026","rel":"","context":"En &quot;campeche&quot;","block_context":{"text":"campeche","link":"http:\/\/www.grieta.org.mx\/index.php\/category\/campeche\/"},"img":{"alt_text":"","src":"https:\/\/i0.wp.com\/www.grieta.org.mx\/wp-content\/uploads\/2018\/03\/14524434_1106112876131411_958039263622046936_o.jpg?resize=350%2C200","width":350,"height":200,"srcset":"https:\/\/i0.wp.com\/www.grieta.org.mx\/wp-content\/uploads\/2018\/03\/14524434_1106112876131411_958039263622046936_o.jpg?resize=350%2C200 1x, https:\/\/i0.wp.com\/www.grieta.org.mx\/wp-content\/uploads\/2018\/03\/14524434_1106112876131411_958039263622046936_o.jpg?resize=525%2C300 1.5x, https:\/\/i0.wp.com\/www.grieta.org.mx\/wp-content\/uploads\/2018\/03\/14524434_1106112876131411_958039263622046936_o.jpg?resize=700%2C400 2x"},"classes":[]},{"id":58712,"url":"http:\/\/www.grieta.org.mx\/index.php\/2021\/04\/13\/yucatan-lidera-incidencia-en-mujeres-desaparecidas-en-la-peninsula-durante-el-2021\/","url_meta":{"origin":29607,"position":1},"title":"Yucat\u00e1n lidera incidencia en mujeres desaparecidas en la Pen\u00ednsula durante el 2021","author":"grieta","date":"13 abril, 2021","format":false,"excerpt":"Por Esto! De acuerdo con la Comisi\u00f3n Nacional de B\u00fasqueda (CNB) del gobierno de M\u00e9xico, en lo que va del 2021 hasta el 13 de abril, en la Pen\u00ednsula de Yucat\u00e1n se han registrado 63 casos de mujeres desaparecidas. Yucat\u00e1n registr\u00f3 101 casos de personas desaparecidas en ese periodo, de\u2026","rel":"","context":"En &quot;Campeche&quot;","block_context":{"text":"Campeche","link":"http:\/\/www.grieta.org.mx\/index.php\/category\/noticias-nacionales\/campeche\/"},"img":{"alt_text":"","src":"https:\/\/i0.wp.com\/www.grieta.org.mx\/wp-content\/uploads\/2021\/04\/YucatanDesaparecidas.png?resize=350%2C200","width":350,"height":200,"srcset":"https:\/\/i0.wp.com\/www.grieta.org.mx\/wp-content\/uploads\/2021\/04\/YucatanDesaparecidas.png?resize=350%2C200 1x, https:\/\/i0.wp.com\/www.grieta.org.mx\/wp-content\/uploads\/2021\/04\/YucatanDesaparecidas.png?resize=525%2C300 1.5x, https:\/\/i0.wp.com\/www.grieta.org.mx\/wp-content\/uploads\/2021\/04\/YucatanDesaparecidas.png?resize=700%2C400 2x"},"classes":[]},{"id":71596,"url":"http:\/\/www.grieta.org.mx\/index.php\/2025\/04\/08\/en-desapariciones-fiscalia-de-campeche-solo-levanta-actas-para-que-no-figuren-en-estadisticas\/","url_meta":{"origin":29607,"position":2},"title":"En desapariciones, fiscal\u00eda de Campeche s\u00f3lo levanta actas para que no figuren en estad\u00edsticas","author":"grieta","date":"8 abril, 2025","format":false,"excerpt":"Claudia V. Arriaga Dur\u00e1n \/ Revista Proceso CHAMPOT\u00d3N, Camp. (Proceso).- \u201cPongo mi mano en mi pecho y escucho como que tocan la reja con una monedita, toc toc, y despierto pensando que es mi hijo\u201d, relat\u00f3 entre l\u00e1grimas la mam\u00e1 de Jos\u00e9 Salvador Clemente Espinosa, Chepo, quien no pierde la\u2026","rel":"","context":"En &quot;Campeche&quot;","block_context":{"text":"Campeche","link":"http:\/\/www.grieta.org.mx\/index.php\/category\/noticias-nacionales\/campeche\/"},"img":{"alt_text":"","src":"https:\/\/i0.wp.com\/www.grieta.org.mx\/wp-content\/uploads\/2025\/04\/Desaparecidos-e1744759835178.jpg?resize=350%2C200","width":350,"height":200,"srcset":"https:\/\/i0.wp.com\/www.grieta.org.mx\/wp-content\/uploads\/2025\/04\/Desaparecidos-e1744759835178.jpg?resize=350%2C200 1x, https:\/\/i0.wp.com\/www.grieta.org.mx\/wp-content\/uploads\/2025\/04\/Desaparecidos-e1744759835178.jpg?resize=525%2C300 1.5x, https:\/\/i0.wp.com\/www.grieta.org.mx\/wp-content\/uploads\/2025\/04\/Desaparecidos-e1744759835178.jpg?resize=700%2C400 2x"},"classes":[]},{"id":64535,"url":"http:\/\/www.grieta.org.mx\/index.php\/2022\/07\/01\/bloquean-caseta-de-isla-aguada-exigen-justicia-para-joven-asesinado-campeche\/","url_meta":{"origin":29607,"position":3},"title":"Bloquean caseta de Isla Aguada; exigen justicia para joven asesinado (Campeche)","author":"grieta","date":"1 julio, 2022","format":false,"excerpt":"Expreso de Campeche La madrugada de este jueves m\u00e1s de 100 personas tomaron la caseta de cobro del \u201cPueblo M\u00e1gico\u201d de la Villa de Isla Aguada, quemando toda la documentaci\u00f3n del destacamento de la Polic\u00eda Municipal, incluyendo sillas, anaqueles y escritorio. Lo anterior derivado de la muerte al joven Rodolfo\u2026","rel":"","context":"En &quot;Abuso de autoridad en Campeche&quot;","block_context":{"text":"Abuso de autoridad en Campeche","link":"http:\/\/www.grieta.org.mx\/index.php\/category\/noticias-nacionales\/campeche\/abuso-de-autoridad-en-campeche\/"},"img":{"alt_text":"","src":"https:\/\/i0.wp.com\/www.grieta.org.mx\/wp-content\/uploads\/2022\/07\/BloqueanCaseta-e1657496614945.png?resize=350%2C200","width":350,"height":200,"srcset":"https:\/\/i0.wp.com\/www.grieta.org.mx\/wp-content\/uploads\/2022\/07\/BloqueanCaseta-e1657496614945.png?resize=350%2C200 1x, https:\/\/i0.wp.com\/www.grieta.org.mx\/wp-content\/uploads\/2022\/07\/BloqueanCaseta-e1657496614945.png?resize=525%2C300 1.5x, https:\/\/i0.wp.com\/www.grieta.org.mx\/wp-content\/uploads\/2022\/07\/BloqueanCaseta-e1657496614945.png?resize=700%2C400 2x"},"classes":[]},{"id":1563,"url":"http:\/\/www.grieta.org.mx\/index.php\/2015\/08\/28\/muere-trabajador-en-plataforma-de-pemex-en-campeche-hay-un-herido\/","url_meta":{"origin":29607,"position":4},"title":"Muere trabajador en plataforma de Pemex en Campeche; hay un herido","author":"grieta","date":"28 agosto, 2015","format":false,"excerpt":"Ciudad del Carmen, Camp. Por segunda ocasi\u00f3n en el a\u00f1o ocurri\u00f3 un accidente en la plataforma de Petr\u00f3leos Mexicanos (Pemex) Abkat\u00fan Permanente, en el Golfo de M\u00e9xico. El mi\u00e9rcoles por la noche un flamazo ocasion\u00f3 la muerte del trabajador Luis Alberto V\u00e1zquez P\u00e9rez y dej\u00f3 un lesionado. La paraestatal confirm\u00f3\u2026","rel":"","context":"En &quot;campeche&quot;","block_context":{"text":"campeche","link":"http:\/\/www.grieta.org.mx\/index.php\/category\/campeche\/"},"img":{"alt_text":"","src":"https:\/\/i0.wp.com\/www.grieta.org.mx\/wp-content\/uploads\/2018\/03\/14524434_1106112876131411_958039263622046936_o.jpg?resize=350%2C200","width":350,"height":200,"srcset":"https:\/\/i0.wp.com\/www.grieta.org.mx\/wp-content\/uploads\/2018\/03\/14524434_1106112876131411_958039263622046936_o.jpg?resize=350%2C200 1x, https:\/\/i0.wp.com\/www.grieta.org.mx\/wp-content\/uploads\/2018\/03\/14524434_1106112876131411_958039263622046936_o.jpg?resize=525%2C300 1.5x, https:\/\/i0.wp.com\/www.grieta.org.mx\/wp-content\/uploads\/2018\/03\/14524434_1106112876131411_958039263622046936_o.jpg?resize=700%2C400 2x"},"classes":[]},{"id":2746,"url":"http:\/\/www.grieta.org.mx\/index.php\/2015\/10\/06\/colima-registra-140-desaparecidos-se-ubica-por-arriba-nayarit-yucatan-y-campeche\/","url_meta":{"origin":29607,"position":5},"title":"Colima registra 140 desaparecidos; se ubica por arriba Nayarit, Yucat\u00e1n y Campeche","author":"grieta","date":"6 octubre, 2015","format":false,"excerpt":"Colima, M\u00e9xico. Avanzada (6 de octubre de 2015).- El Registro Nacional de Personas Extraviadas o Desaparecidas (RNPED) reporta 140 casos de desaparecidos en Colima, entidad que se ubica, respecto a este delito, por arriba de Nayarit, Yucat\u00e1n, Campeche, Tlaxcala, San Luis Potos\u00ed y Baja California Sur. Lo anterior se desprende\u2026","rel":"","context":"En &quot;CINTILLO&quot;","block_context":{"text":"CINTILLO","link":"http:\/\/www.grieta.org.mx\/index.php\/category\/cintillo\/"},"img":{"alt_text":"","src":"https:\/\/i0.wp.com\/www.grieta.org.mx\/wp-content\/uploads\/2018\/03\/14524434_1106112876131411_958039263622046936_o.jpg?resize=350%2C200","width":350,"height":200,"srcset":"https:\/\/i0.wp.com\/www.grieta.org.mx\/wp-content\/uploads\/2018\/03\/14524434_1106112876131411_958039263622046936_o.jpg?resize=350%2C200 1x, https:\/\/i0.wp.com\/www.grieta.org.mx\/wp-content\/uploads\/2018\/03\/14524434_1106112876131411_958039263622046936_o.jpg?resize=525%2C300 1.5x, https:\/\/i0.wp.com\/www.grieta.org.mx\/wp-content\/uploads\/2018\/03\/14524434_1106112876131411_958039263622046936_o.jpg?resize=700%2C400 2x"},"classes":[]}],"_links":{"self":[{"href":"http:\/\/www.grieta.org.mx\/index.php\/wp-json\/wp\/v2\/posts\/29607","targetHints":{"allow":["GET"]}}],"collection":[{"href":"http:\/\/www.grieta.org.mx\/index.php\/wp-json\/wp\/v2\/posts"}],"about":[{"href":"http:\/\/www.grieta.org.mx\/index.php\/wp-json\/wp\/v2\/types\/post"}],"author":[{"embeddable":true,"href":"http:\/\/www.grieta.org.mx\/index.php\/wp-json\/wp\/v2\/users\/2"}],"replies":[{"embeddable":true,"href":"http:\/\/www.grieta.org.mx\/index.php\/wp-json\/wp\/v2\/comments?post=29607"}],"version-history":[{"count":1,"href":"http:\/\/www.grieta.org.mx\/index.php\/wp-json\/wp\/v2\/posts\/29607\/revisions"}],"predecessor-version":[{"id":29630,"href":"http:\/\/www.grieta.org.mx\/index.php\/wp-json\/wp\/v2\/posts\/29607\/revisions\/29630"}],"wp:featuredmedia":[{"embeddable":true,"href":"http:\/\/www.grieta.org.mx\/index.php\/wp-json\/wp\/v2\/media\/21928"}],"wp:attachment":[{"href":"http:\/\/www.grieta.org.mx\/index.php\/wp-json\/wp\/v2\/media?parent=29607"}],"wp:term":[{"taxonomy":"category","embeddable":true,"href":"http:\/\/www.grieta.org.mx\/index.php\/wp-json\/wp\/v2\/categories?post=29607"},{"taxonomy":"post_tag","embeddable":true,"href":"http:\/\/www.grieta.org.mx\/index.php\/wp-json\/wp\/v2\/tags?post=29607"}],"curies":[{"name":"wp","href":"https:\/\/api.w.org\/{rel}","templated":true}]}}