{"id":29578,"date":"2019-01-07T09:52:27","date_gmt":"2019-01-07T15:52:27","guid":{"rendered":"http:\/\/www.grieta.org.mx\/?p=29578"},"modified":"2019-02-24T10:11:33","modified_gmt":"2019-02-24T16:11:33","slug":"impiden-tocar-al-senor-del-acordeon-en-el-centro-chihuahua","status":"publish","type":"post","link":"http:\/\/www.grieta.org.mx\/index.php\/2019\/01\/07\/impiden-tocar-al-senor-del-acordeon-en-el-centro-chihuahua\/","title":{"rendered":"Impiden tocar al se\u00f1or del acorde\u00f3n en el Centro (Chihuahua)"},"content":{"rendered":"<p><img loading=\"lazy\" decoding=\"async\" data-attachment-id=\"29579\" data-permalink=\"http:\/\/www.grieta.org.mx\/index.php\/2019\/01\/07\/impiden-tocar-al-senor-del-acordeon-en-el-centro-chihuahua\/acordeonista\/\" data-orig-file=\"http:\/\/www.grieta.org.mx\/wp-content\/uploads\/2019\/02\/acordeonista.jpg\" data-orig-size=\"980,617\" data-comments-opened=\"0\" data-image-meta=\"{&quot;aperture&quot;:&quot;0&quot;,&quot;credit&quot;:&quot;&quot;,&quot;camera&quot;:&quot;&quot;,&quot;caption&quot;:&quot;&quot;,&quot;created_timestamp&quot;:&quot;0&quot;,&quot;copyright&quot;:&quot;&quot;,&quot;focal_length&quot;:&quot;0&quot;,&quot;iso&quot;:&quot;0&quot;,&quot;shutter_speed&quot;:&quot;0&quot;,&quot;title&quot;:&quot;&quot;,&quot;orientation&quot;:&quot;0&quot;}\" data-image-title=\"acordeonista\" data-image-description=\"\" data-image-caption=\"\" data-medium-file=\"http:\/\/www.grieta.org.mx\/wp-content\/uploads\/2019\/02\/acordeonista-300x189.jpg\" data-large-file=\"http:\/\/www.grieta.org.mx\/wp-content\/uploads\/2019\/02\/acordeonista.jpg\" class=\"aligncenter size-medium wp-image-29579\" src=\"http:\/\/www.grieta.org.mx\/wp-content\/uploads\/2019\/02\/acordeonista-300x189.jpg\" alt=\"\" width=\"300\" height=\"189\" srcset=\"http:\/\/www.grieta.org.mx\/wp-content\/uploads\/2019\/02\/acordeonista-300x189.jpg 300w, http:\/\/www.grieta.org.mx\/wp-content\/uploads\/2019\/02\/acordeonista-768x484.jpg 768w, http:\/\/www.grieta.org.mx\/wp-content\/uploads\/2019\/02\/acordeonista-794x500.jpg 794w, http:\/\/www.grieta.org.mx\/wp-content\/uploads\/2019\/02\/acordeonista.jpg 980w\" sizes=\"auto, (max-width: 300px) 100vw, 300px\" \/><\/p>\n<p>La Redacci\u00f3n\/EL DIARIO<br \/>\nChihuahua.- Antonio Cornelio Gonz\u00e1lez, conocido por tocar el acorde\u00f3n en las \u00e1reas peatonales del Centro de la ciudad, \u00fanica actividad para sobrevivir, busca apoyo para que le permitan seguir con su trabajo.<\/p>\n<p>Dijo que esto, ya que desde hace d\u00edas inspectores de la Subdirecci\u00f3n de Gobernaci\u00f3n Municipal, le pidieron que se retirara porque no ten\u00eda permiso para tocar y recibir donaciones de la gente.<\/p>\n<p>El hombre, quien tiene un problema en su pierna derecha, que le impide caminar adecuadamente, ha estado por cinco a\u00f1os en esta zona, donde con su m\u00fasica est\u00e1 a la espera de que los paseantes disfruten un poco y contribuyan con algunos pesos.<br \/>\nDice que solamente tiene esta fuente de ingreso y es para ayudar a su esposa, que vive junto con \u00e9l en un domicilio en renta en la colonia San Jorge.<\/p>\n<p><a href=\"https:\/\/www.eldiariodechihuahua.mx\/Local\/2019\/01\/07\/impiden-tocar-al-senor-del-acordeon-en-el-centro\/\" target=\"_blank\" rel=\"noopener\">https:\/\/www.eldiariodechihuahua.mx\/Local\/2019\/01\/07\/impiden-tocar-al-senor-del-acordeon-en-el-centro\/<\/a><\/p>\n","protected":false},"excerpt":{"rendered":"<p>La Redacci\u00f3n\/EL DIARIO Chihuahua.- Antonio Cornelio Gonz\u00e1lez, conocido por tocar el acorde\u00f3n en las \u00e1reas peatonales del Centro de la ciudad, \u00fanica actividad para sobrevivir, busca apoyo para que le &hellip; <a href=\"http:\/\/www.grieta.org.mx\/index.php\/2019\/01\/07\/impiden-tocar-al-senor-del-acordeon-en-el-centro-chihuahua\/\" class=\"more-link\">Leer m\u00e1s<\/a><\/p>\n","protected":false},"author":2,"featured_media":29579,"comment_status":"closed","ping_status":"closed","sticky":false,"template":"","format":"standard","meta":{"ngg_post_thumbnail":0,"_jetpack_newsletter_access":"","_jetpack_dont_email_post_to_subs":false,"_jetpack_newsletter_tier_id":0,"_jetpack_memberships_contains_paywalled_content":false,"_jetpack_memberships_contains_paid_content":false,"footnotes":""},"categories":[12,80,2184,2],"tags":[870,2186,2185],"class_list":["post-29578","post","type-post","status-publish","format-standard","has-post-thumbnail","hentry","category-chihuahua","category-cintillo","category-criminalizacion-de-la-pobreza-en-chihuahua","category-noticias-nacionales","tag-gentrificacion","tag-musicos-callejeros","tag-prohibicion-de-musicos","entry"],"jetpack_featured_media_url":"http:\/\/www.grieta.org.mx\/wp-content\/uploads\/2019\/02\/acordeonista.jpg","jetpack_sharing_enabled":true,"jetpack_shortlink":"https:\/\/wp.me\/p7ZJR4-7H4","jetpack_likes_enabled":false,"jetpack-related-posts":[{"id":7058,"url":"http:\/\/www.grieta.org.mx\/index.php\/2015\/06\/18\/chihuahua-tiene-16-proyectos-mineros-certificados\/","url_meta":{"origin":29578,"position":0},"title":"Chihuahua tiene 16 proyectos mineros certificados","author":"grieta","date":"18 junio, 2015","format":false,"excerpt":"Por: Nancy De Le\u00f3n Noticias de Chihuahua.- En el marco del Primer Informe de Actividades del Cl\u00faster Minero, celebrado esta noche en Palacio de Gobierno, el presidente del Consejo Directivo, Jaime Cruz Russek, inform\u00f3 que existen 16 grandes proyectos mineros presentes, los cuales se encuentran certificados bajo el distintivo Industria\u2026","rel":"","context":"En &quot;chihuahua&quot;","block_context":{"text":"chihuahua","link":"http:\/\/www.grieta.org.mx\/index.php\/category\/chihuahua\/"},"img":{"alt_text":"","src":"https:\/\/i0.wp.com\/www.grieta.org.mx\/wp-content\/uploads\/2018\/03\/14524434_1106112876131411_958039263622046936_o.jpg?resize=350%2C200","width":350,"height":200,"srcset":"https:\/\/i0.wp.com\/www.grieta.org.mx\/wp-content\/uploads\/2018\/03\/14524434_1106112876131411_958039263622046936_o.jpg?resize=350%2C200 1x, https:\/\/i0.wp.com\/www.grieta.org.mx\/wp-content\/uploads\/2018\/03\/14524434_1106112876131411_958039263622046936_o.jpg?resize=525%2C300 1.5x, https:\/\/i0.wp.com\/www.grieta.org.mx\/wp-content\/uploads\/2018\/03\/14524434_1106112876131411_958039263622046936_o.jpg?resize=700%2C400 2x"},"classes":[]},{"id":24166,"url":"http:\/\/www.grieta.org.mx\/index.php\/2018\/07\/04\/inconformidad-entre-maestras-por-asignacion-de-nuevas-plazas-chihuahua\/","url_meta":{"origin":29578,"position":1},"title":"Inconformidad entre maestras por asignaci\u00f3n de nuevas plazas (Chihuahua)","author":"grieta","date":"4 julio, 2018","format":false,"excerpt":"Orlando Ch\u00e1vez\/El Diario de Chihuahua Chihuahua.- Maestras reci\u00e9n egresadas fueron citadas en las instalaciones de los Servicios Educativos del Estado de Chihuahua para informarles que les asignar\u00e1n nuevos lugares de trabajo a pesar de que desde hace meses se les dijo que les respetar\u00eda la regi\u00f3n en la que viven.\u2026","rel":"","context":"En &quot;Chihuahua&quot;","block_context":{"text":"Chihuahua","link":"http:\/\/www.grieta.org.mx\/index.php\/category\/noticias-nacionales\/chihuahua\/"},"img":{"alt_text":"","src":"https:\/\/i0.wp.com\/www.grieta.org.mx\/wp-content\/uploads\/2018\/07\/Maestras.jpg?resize=350%2C200","width":350,"height":200,"srcset":"https:\/\/i0.wp.com\/www.grieta.org.mx\/wp-content\/uploads\/2018\/07\/Maestras.jpg?resize=350%2C200 1x, https:\/\/i0.wp.com\/www.grieta.org.mx\/wp-content\/uploads\/2018\/07\/Maestras.jpg?resize=525%2C300 1.5x, https:\/\/i0.wp.com\/www.grieta.org.mx\/wp-content\/uploads\/2018\/07\/Maestras.jpg?resize=700%2C400 2x"},"classes":[]},{"id":66271,"url":"http:\/\/www.grieta.org.mx\/index.php\/2023\/02\/14\/siguen-familiares-en-la-busqueda-de-sus-seres-queridos-exigen-justicia-chihuahua\/","url_meta":{"origin":29578,"position":2},"title":"Siguen familiares en la b\u00fasqueda de sus seres queridos; exigen justicia (Chihuahua)","author":"grieta","date":"14 febrero, 2023","format":false,"excerpt":"Redacci\u00f3n | El Heraldo de Chihuahua A las afueras de la Catedral Metropolitana de Chihuahua, miembros del Centro de Derechos Humanos de las Mujeres se reunieron a fin de hacer visible la desaparici\u00f3n de sus seres queridos, solicitando que no cesen las labores de b\u00fasqueda. Con algunas vivas como \u201chijo,\u2026","rel":"","context":"En &quot;Chihuahua&quot;","block_context":{"text":"Chihuahua","link":"http:\/\/www.grieta.org.mx\/index.php\/category\/noticias-nacionales\/chihuahua\/"},"img":{"alt_text":"","src":"https:\/\/i0.wp.com\/www.grieta.org.mx\/wp-content\/uploads\/2023\/02\/desaparecidos-chihuahua.webp?resize=350%2C200","width":350,"height":200,"srcset":"https:\/\/i0.wp.com\/www.grieta.org.mx\/wp-content\/uploads\/2023\/02\/desaparecidos-chihuahua.webp?resize=350%2C200 1x, https:\/\/i0.wp.com\/www.grieta.org.mx\/wp-content\/uploads\/2023\/02\/desaparecidos-chihuahua.webp?resize=525%2C300 1.5x, https:\/\/i0.wp.com\/www.grieta.org.mx\/wp-content\/uploads\/2023\/02\/desaparecidos-chihuahua.webp?resize=700%2C400 2x, https:\/\/i0.wp.com\/www.grieta.org.mx\/wp-content\/uploads\/2023\/02\/desaparecidos-chihuahua.webp?resize=1050%2C600 3x"},"classes":[]},{"id":51027,"url":"http:\/\/www.grieta.org.mx\/index.php\/2020\/06\/17\/pega-brote-de-covid-19-en-campo-jornalero-de-chihuahua-hay-27-trabajadores-infectados\/","url_meta":{"origin":29578,"position":3},"title":"Pega brote de Covid-19 en campo jornalero de Chihuahua; hay 27 trabajadores infectados","author":"grieta","date":"17 junio, 2020","format":false,"excerpt":"Raichali Texto y foto: Adriana Esquivel Chihuahua.- El campo de Chihuahua registr\u00f3 su primer brote de Covid-19 que infect\u00f3 a 27 jornaleros agr\u00edcolas, inform\u00f3 la Secretar\u00eda de Salud en su conferencia diaria sobre la evoluci\u00f3n del coronavirus en el estado. Sin entrar en detalles, la dependencia \u00fanicamente confirm\u00f3 que, de\u2026","rel":"","context":"En &quot;Chihuahua&quot;","block_context":{"text":"Chihuahua","link":"http:\/\/www.grieta.org.mx\/index.php\/category\/noticias-nacionales\/chihuahua\/"},"img":{"alt_text":"","src":"https:\/\/i0.wp.com\/www.grieta.org.mx\/wp-content\/uploads\/2018\/03\/14524434_1106112876131411_958039263622046936_o.jpg?resize=350%2C200","width":350,"height":200,"srcset":"https:\/\/i0.wp.com\/www.grieta.org.mx\/wp-content\/uploads\/2018\/03\/14524434_1106112876131411_958039263622046936_o.jpg?resize=350%2C200 1x, https:\/\/i0.wp.com\/www.grieta.org.mx\/wp-content\/uploads\/2018\/03\/14524434_1106112876131411_958039263622046936_o.jpg?resize=525%2C300 1.5x, https:\/\/i0.wp.com\/www.grieta.org.mx\/wp-content\/uploads\/2018\/03\/14524434_1106112876131411_958039263622046936_o.jpg?resize=700%2C400 2x"},"classes":[]},{"id":53183,"url":"http:\/\/www.grieta.org.mx\/index.php\/2020\/09\/09\/acusan-a-guardia-nacional-de-asesinar-a-pareja-de-productores-en-chihuahua\/","url_meta":{"origin":29578,"position":4},"title":"Acusan a Guardia Nacional de asesinar a pareja de productores en Chihuahua","author":"grieta","date":"9 septiembre, 2020","format":false,"excerpt":"Reporte \u00cdndigo\/Indigo Staff Foto: Reporte \u00cdndigo Elementos de la Guardia Nacional fueron acusados de asesinar a una pareja de productores en Chihuahua que participaban en el enfrentamiento con los uniformados por el control de la presa La Boquilla. Productores agr\u00edcolas del sur del estado, en la localidad de Delicias, aseguran\u2026","rel":"","context":"En &quot;Chihuahua&quot;","block_context":{"text":"Chihuahua","link":"http:\/\/www.grieta.org.mx\/index.php\/category\/noticias-nacionales\/chihuahua\/"},"img":{"alt_text":"","src":"https:\/\/i0.wp.com\/www.grieta.org.mx\/wp-content\/uploads\/2020\/09\/Foto.jpg?resize=350%2C200","width":350,"height":200,"srcset":"https:\/\/i0.wp.com\/www.grieta.org.mx\/wp-content\/uploads\/2020\/09\/Foto.jpg?resize=350%2C200 1x, https:\/\/i0.wp.com\/www.grieta.org.mx\/wp-content\/uploads\/2020\/09\/Foto.jpg?resize=525%2C300 1.5x, https:\/\/i0.wp.com\/www.grieta.org.mx\/wp-content\/uploads\/2020\/09\/Foto.jpg?resize=700%2C400 2x"},"classes":[]},{"id":55687,"url":"http:\/\/www.grieta.org.mx\/index.php\/2020\/12\/09\/a-10-anos-del-asesinato-de-marisela-las-sillas-vacias-frente-a-palacio-resaltan-su-ausencia-chihuahua\/","url_meta":{"origin":29578,"position":5},"title":"A 10 a\u00f1os del asesinato de Marisela, las sillas vac\u00edas frente a Palacio resaltan su ausencia (Chihuahua)","author":"grieta","date":"9 diciembre, 2020","format":false,"excerpt":"\u00a0 Jaime Armend\u00e1riz\u00a0\/\u00a0Ra\u00edchali Chihuahua\u2013 Cuatro sillas vac\u00edas quedaron colocadas frente al Palacio de Gobierno de Chihuahua, para enfatizar la ausencia de Marisela Escobedo a 10 a\u00f1os de su asesinato en ese mismo lugar, mientras exig\u00eda justicia por el homicidio de su hija Rub\u00ed. Se trata de una vigilia organizada por\u2026","rel":"","context":"En &quot;Chihuahua&quot;","block_context":{"text":"Chihuahua","link":"http:\/\/www.grieta.org.mx\/index.php\/category\/noticias-nacionales\/chihuahua\/"},"img":{"alt_text":"","src":"https:\/\/i0.wp.com\/www.grieta.org.mx\/wp-content\/uploads\/2020\/12\/Marisela-Escobedo_sillas-vacias_Raichali.jpeg?resize=350%2C200","width":350,"height":200,"srcset":"https:\/\/i0.wp.com\/www.grieta.org.mx\/wp-content\/uploads\/2020\/12\/Marisela-Escobedo_sillas-vacias_Raichali.jpeg?resize=350%2C200 1x, https:\/\/i0.wp.com\/www.grieta.org.mx\/wp-content\/uploads\/2020\/12\/Marisela-Escobedo_sillas-vacias_Raichali.jpeg?resize=525%2C300 1.5x, https:\/\/i0.wp.com\/www.grieta.org.mx\/wp-content\/uploads\/2020\/12\/Marisela-Escobedo_sillas-vacias_Raichali.jpeg?resize=700%2C400 2x, https:\/\/i0.wp.com\/www.grieta.org.mx\/wp-content\/uploads\/2020\/12\/Marisela-Escobedo_sillas-vacias_Raichali.jpeg?resize=1050%2C600 3x"},"classes":[]}],"_links":{"self":[{"href":"http:\/\/www.grieta.org.mx\/index.php\/wp-json\/wp\/v2\/posts\/29578","targetHints":{"allow":["GET"]}}],"collection":[{"href":"http:\/\/www.grieta.org.mx\/index.php\/wp-json\/wp\/v2\/posts"}],"about":[{"href":"http:\/\/www.grieta.org.mx\/index.php\/wp-json\/wp\/v2\/types\/post"}],"author":[{"embeddable":true,"href":"http:\/\/www.grieta.org.mx\/index.php\/wp-json\/wp\/v2\/users\/2"}],"replies":[{"embeddable":true,"href":"http:\/\/www.grieta.org.mx\/index.php\/wp-json\/wp\/v2\/comments?post=29578"}],"version-history":[{"count":1,"href":"http:\/\/www.grieta.org.mx\/index.php\/wp-json\/wp\/v2\/posts\/29578\/revisions"}],"predecessor-version":[{"id":29580,"href":"http:\/\/www.grieta.org.mx\/index.php\/wp-json\/wp\/v2\/posts\/29578\/revisions\/29580"}],"wp:featuredmedia":[{"embeddable":true,"href":"http:\/\/www.grieta.org.mx\/index.php\/wp-json\/wp\/v2\/media\/29579"}],"wp:attachment":[{"href":"http:\/\/www.grieta.org.mx\/index.php\/wp-json\/wp\/v2\/media?parent=29578"}],"wp:term":[{"taxonomy":"category","embeddable":true,"href":"http:\/\/www.grieta.org.mx\/index.php\/wp-json\/wp\/v2\/categories?post=29578"},{"taxonomy":"post_tag","embeddable":true,"href":"http:\/\/www.grieta.org.mx\/index.php\/wp-json\/wp\/v2\/tags?post=29578"}],"curies":[{"name":"wp","href":"https:\/\/api.w.org\/{rel}","templated":true}]}}