{"id":29528,"date":"2019-02-23T22:51:07","date_gmt":"2019-02-24T04:51:07","guid":{"rendered":"http:\/\/www.grieta.org.mx\/?p=29528"},"modified":"2019-02-23T22:51:07","modified_gmt":"2019-02-24T04:51:07","slug":"sindicatos-de-cecytec-y-cobacam-pararan-campeche","status":"publish","type":"post","link":"http:\/\/www.grieta.org.mx\/index.php\/2019\/02\/23\/sindicatos-de-cecytec-y-cobacam-pararan-campeche\/","title":{"rendered":"Sindicatos de Cecytec y Cobacam parar\u00e1n (Campeche)"},"content":{"rendered":"<p><img loading=\"lazy\" decoding=\"async\" data-attachment-id=\"29529\" data-permalink=\"http:\/\/www.grieta.org.mx\/index.php\/2019\/02\/23\/sindicatos-de-cecytec-y-cobacam-pararan-campeche\/huelga-1\/\" data-orig-file=\"http:\/\/www.grieta.org.mx\/wp-content\/uploads\/2019\/02\/huelga-1.jpg\" data-orig-size=\"800,450\" data-comments-opened=\"0\" data-image-meta=\"{&quot;aperture&quot;:&quot;0&quot;,&quot;credit&quot;:&quot;&quot;,&quot;camera&quot;:&quot;&quot;,&quot;caption&quot;:&quot;&quot;,&quot;created_timestamp&quot;:&quot;0&quot;,&quot;copyright&quot;:&quot;&quot;,&quot;focal_length&quot;:&quot;0&quot;,&quot;iso&quot;:&quot;0&quot;,&quot;shutter_speed&quot;:&quot;0&quot;,&quot;title&quot;:&quot;&quot;,&quot;orientation&quot;:&quot;0&quot;}\" data-image-title=\"huelga-1\" data-image-description=\"\" data-image-caption=\"\" data-medium-file=\"http:\/\/www.grieta.org.mx\/wp-content\/uploads\/2019\/02\/huelga-1-300x169.jpg\" data-large-file=\"http:\/\/www.grieta.org.mx\/wp-content\/uploads\/2019\/02\/huelga-1.jpg\" class=\"aligncenter wp-image-29529\" src=\"http:\/\/www.grieta.org.mx\/wp-content\/uploads\/2019\/02\/huelga-1-300x169.jpg\" alt=\"\" width=\"768\" height=\"432\" srcset=\"http:\/\/www.grieta.org.mx\/wp-content\/uploads\/2019\/02\/huelga-1-300x169.jpg 300w, http:\/\/www.grieta.org.mx\/wp-content\/uploads\/2019\/02\/huelga-1-768x432.jpg 768w, http:\/\/www.grieta.org.mx\/wp-content\/uploads\/2019\/02\/huelga-1.jpg 800w\" sizes=\"auto, (max-width: 768px) 100vw, 768px\" \/><\/p>\n<p>&nbsp;<\/p>\n<p>&nbsp;<\/p>\n<p><strong>Redacci\u00f3n \/ El Sur de Campeche<\/strong><\/p>\n<p>&nbsp;<\/p>\n<p style=\"text-align: center;\"><strong>Por recorte a sus prestaciones por parte del gobierno federal, los sindicatos del Cecytec y Cobacam anunciaron paros de labores a partir del lunes<\/strong><\/p>\n<p>&nbsp;<\/p>\n<p>El gobierno federal sigue demostrando la insensibilidad ante las instituciones educativas, pues ahora con el recorte a gastos operativos en instituciones como el Centro de Estudios Cient\u00edficos y Tecnol\u00f3gicos, as\u00ed como en los Colegios de Bachilleres, los afectados ser\u00e1n primeramente los docentes y empleados adscritos al modo sindical de las mismas, pero sobre todo, los alumnos; este viernes anunciaron para laboral ambas instituciones; \u00a0el Cecytec inicia su paro el lunes y el Cobacam a partir del mi\u00e9rcoles.<\/p>\n<p>En el caso del Cecyte Campeche, ser\u00e1 a partir de este lunes a las 7 de la ma\u00f1ana cuando los docentes y empleados, en vez de dirigirse a sus aulas y puestos de trabajo, mantengan sin actividades todos los campus de la instituci\u00f3n en la entidad, esto ser\u00e1 hasta que tengan alguna respuesta por parte del Gobierno federal pues su l\u00edder nacional buscar\u00e1 acercamiento con la Secretar\u00eda de Educaci\u00f3n P\u00fablica y en su caso con el presidente de M\u00e9xico.<\/p>\n<p>Por otro lado, el Sindicato \u00danico de Trabajadores del Colegio de Bachilleres de Campeche, sostendr\u00e1 una reuni\u00f3n el martes y el mi\u00e9rcoles para iniciar con su paro los d\u00edas mi\u00e9rcoles, jueves y viernes, en caso de que en esos tres d\u00edas no haya acercamiento con las autoridades nacionales, el paro se convertir\u00eda indefinido en los Estados mientras que los secretarios generales viajar\u00edan a la Ciudad de M\u00e9xico, hasta lograr acuerdos, de no hacerlo, har\u00edan paro en la capital del pa\u00eds con los trabajadores.<\/p>\n<p>Por parte del Sutcobacam, Ana Isabel Carde\u00f1a May, se\u00f1al\u00f3 que hay prestaciones importantes como el K1 en las que se estaban haciendo cargo en el gobierno federal como parte de un logro sindical a nivel nacional, este aporte se da en funci\u00f3n del salario, la especialidad y la entidad en donde radiquen los docentes, por lo que asegur\u00f3 que al menos el gobierno del estado no puede hacerse cargo m\u00e1s all\u00e1 de sus responsabilidades pues las leyes fueron modificadas y de acuerdo a la ley fiscal de organismos descentralizados, las obligaciones de esa parte est\u00e1 fundado en un aumento porcentual.<\/p>\n<p>&nbsp;<\/p>\n<p><a href=\"http:\/\/www.elsur.mx\/sindicatos-cecytec-cobacam-pararan\/\">http:\/\/www.elsur.mx\/sindicatos-cecytec-cobacam-pararan\/<\/a><\/p>\n","protected":false},"excerpt":{"rendered":"<p>&nbsp; &nbsp; Redacci\u00f3n \/ El Sur de Campeche &nbsp; Por recorte a sus prestaciones por parte del gobierno federal, los sindicatos del Cecytec y Cobacam anunciaron paros de labores a &hellip; <a href=\"http:\/\/www.grieta.org.mx\/index.php\/2019\/02\/23\/sindicatos-de-cecytec-y-cobacam-pararan-campeche\/\" class=\"more-link\">Leer m\u00e1s<\/a><\/p>\n","protected":false},"author":2,"featured_media":21928,"comment_status":"closed","ping_status":"closed","sticky":false,"template":"","format":"standard","meta":{"ngg_post_thumbnail":0,"_jetpack_newsletter_access":"","_jetpack_dont_email_post_to_subs":false,"_jetpack_newsletter_tier_id":0,"_jetpack_memberships_contains_paywalled_content":false,"_jetpack_memberships_contains_paid_content":false,"footnotes":""},"categories":[11,80,1040,910,2],"tags":[],"class_list":["post-29528","post","type-post","status-publish","format-standard","has-post-thumbnail","hentry","category-campeche","category-cintillo","category-conflictos-laborales-en-campeche","category-explotacion-y-precariedad-laboral","category-noticias-nacionales","entry"],"jetpack_featured_media_url":"http:\/\/www.grieta.org.mx\/wp-content\/uploads\/2018\/03\/14524434_1106112876131411_958039263622046936_o.jpg","jetpack_sharing_enabled":true,"jetpack_shortlink":"https:\/\/wp.me\/p7ZJR4-7Gg","jetpack_likes_enabled":false,"jetpack-related-posts":[{"id":29902,"url":"http:\/\/www.grieta.org.mx\/index.php\/2019\/03\/02\/planteles-del-cobacam-del-camino-real-se-unen-al-paro-nacional-campeche\/","url_meta":{"origin":29528,"position":0},"title":"Planteles del Cobacam del Camino Real se unen al paro nacional (Campeche)","author":"grieta","date":"2 marzo, 2019","format":false,"excerpt":"Redacci\u00f3n \/ El Sur de Campeche CAMINO REAL.- Trabajadores y profesores de los diferentes planteles del Colegio de Bachilleres en el estado de Campeche (Cobacam) que se encuentran en el Camino Real se sumaron al paro nacional de labores este jueves y viernes como manera de protesta ante el recorte\u2026","rel":"","context":"En &quot;Campeche&quot;","block_context":{"text":"Campeche","link":"http:\/\/www.grieta.org.mx\/index.php\/category\/noticias-nacionales\/campeche\/"},"img":{"alt_text":"","src":"https:\/\/i0.wp.com\/www.grieta.org.mx\/wp-content\/uploads\/2018\/03\/14524434_1106112876131411_958039263622046936_o.jpg?resize=350%2C200","width":350,"height":200,"srcset":"https:\/\/i0.wp.com\/www.grieta.org.mx\/wp-content\/uploads\/2018\/03\/14524434_1106112876131411_958039263622046936_o.jpg?resize=350%2C200 1x, https:\/\/i0.wp.com\/www.grieta.org.mx\/wp-content\/uploads\/2018\/03\/14524434_1106112876131411_958039263622046936_o.jpg?resize=525%2C300 1.5x, https:\/\/i0.wp.com\/www.grieta.org.mx\/wp-content\/uploads\/2018\/03\/14524434_1106112876131411_958039263622046936_o.jpg?resize=700%2C400 2x"},"classes":[]},{"id":29858,"url":"http:\/\/www.grieta.org.mx\/index.php\/2019\/03\/01\/paran-labores-en-los-colegios-de-bachilleres-campeche\/","url_meta":{"origin":29528,"position":1},"title":"Paran labores en los Colegios de Bachilleres (Campeche)","author":"grieta","date":"1 marzo, 2019","format":false,"excerpt":"Redacci\u00f3n \/ Diario Independiente Tribuna Como parte de la acci\u00f3n nacional, personal sindicalizado \u2013administrativo y docente- del Colegio de Bachilleres de Campeche (Cobacam), se manifest\u00f3 ayer con paro laboral, en protesta por la decisi\u00f3n del Gobierno Federal de recortar el presupuesto a la educaci\u00f3n media superior. EN ESC\u00c1RCEGA Carlos Enrique\u2026","rel":"","context":"En &quot;Campeche&quot;","block_context":{"text":"Campeche","link":"http:\/\/www.grieta.org.mx\/index.php\/category\/noticias-nacionales\/campeche\/"},"img":{"alt_text":"","src":"https:\/\/i0.wp.com\/www.grieta.org.mx\/wp-content\/uploads\/2019\/03\/Cobacam..jpg?resize=350%2C200","width":350,"height":200,"srcset":"https:\/\/i0.wp.com\/www.grieta.org.mx\/wp-content\/uploads\/2019\/03\/Cobacam..jpg?resize=350%2C200 1x, https:\/\/i0.wp.com\/www.grieta.org.mx\/wp-content\/uploads\/2019\/03\/Cobacam..jpg?resize=525%2C300 1.5x, https:\/\/i0.wp.com\/www.grieta.org.mx\/wp-content\/uploads\/2019\/03\/Cobacam..jpg?resize=700%2C400 2x, https:\/\/i0.wp.com\/www.grieta.org.mx\/wp-content\/uploads\/2019\/03\/Cobacam..jpg?resize=1050%2C600 3x"},"classes":[]},{"id":20314,"url":"http:\/\/www.grieta.org.mx\/index.php\/2016\/08\/20\/paralizan-labores-en-cobacam-campeche\/","url_meta":{"origin":29528,"position":2},"title":"Paralizan labores en Cobacam  (Campeche)","author":"grieta","date":"20 agosto, 2016","format":false,"excerpt":"CALKIN\u00cd.- Docentes del Colegio de Bachilleres del Estado de Campeche (Cobacam) plantel 13, se declararon en paro de labores de 07:00 a 20:00 horas de ayer como medida de presi\u00f3n contra la Direcci\u00f3n General, al no cumplir con acuerdos ni respetar los contratos de los trabajadores. Por tal motivo los\u2026","rel":"","context":"En &quot;Campeche&quot;","block_context":{"text":"Campeche","link":"http:\/\/www.grieta.org.mx\/index.php\/category\/noticias-nacionales\/campeche\/"},"img":{"alt_text":"","src":"https:\/\/i0.wp.com\/www.grieta.org.mx\/wp-content\/uploads\/2018\/03\/14524434_1106112876131411_958039263622046936_o.jpg?resize=350%2C200","width":350,"height":200,"srcset":"https:\/\/i0.wp.com\/www.grieta.org.mx\/wp-content\/uploads\/2018\/03\/14524434_1106112876131411_958039263622046936_o.jpg?resize=350%2C200 1x, https:\/\/i0.wp.com\/www.grieta.org.mx\/wp-content\/uploads\/2018\/03\/14524434_1106112876131411_958039263622046936_o.jpg?resize=525%2C300 1.5x, https:\/\/i0.wp.com\/www.grieta.org.mx\/wp-content\/uploads\/2018\/03\/14524434_1106112876131411_958039263622046936_o.jpg?resize=700%2C400 2x"},"classes":[]},{"id":9598,"url":"http:\/\/www.grieta.org.mx\/index.php\/2016\/09\/10\/conflictos-laborales-en-campeche\/","url_meta":{"origin":29528,"position":3},"title":"Conflictos laborales en Campeche","author":"grieta","date":"10 septiembre, 2016","format":false,"excerpt":"10\/09\/16. Despiden a obreros de PASA por protestar (Campeche) Tribuna 09\/09\/16. Jubilados exigen pago de bonos (Campeche) Tribuna 06\/09\/16. Paran otra vez los polic\u00edas; sin bono (Campeche) Tribuna 30\/08\/16. Bloquean Planta de Nitr\u00f3geno Cantarell (Campeche) Tribuna 20\/08\/16. Paralizan labores en Cobacam (Campeche) Tribuna 12\/08\/16. Plantean demandas empleados del INAH (Campeche)\u2026","rel":"","context":"En &quot;Campeche&quot;","block_context":{"text":"Campeche","link":"http:\/\/www.grieta.org.mx\/index.php\/category\/noticias-nacionales\/campeche\/"},"img":{"alt_text":"","src":"https:\/\/i0.wp.com\/www.grieta.org.mx\/wp-content\/uploads\/2018\/03\/14524434_1106112876131411_958039263622046936_o.jpg?resize=350%2C200","width":350,"height":200,"srcset":"https:\/\/i0.wp.com\/www.grieta.org.mx\/wp-content\/uploads\/2018\/03\/14524434_1106112876131411_958039263622046936_o.jpg?resize=350%2C200 1x, https:\/\/i0.wp.com\/www.grieta.org.mx\/wp-content\/uploads\/2018\/03\/14524434_1106112876131411_958039263622046936_o.jpg?resize=525%2C300 1.5x, https:\/\/i0.wp.com\/www.grieta.org.mx\/wp-content\/uploads\/2018\/03\/14524434_1106112876131411_958039263622046936_o.jpg?resize=700%2C400 2x"},"classes":[]},{"id":16892,"url":"http:\/\/www.grieta.org.mx\/index.php\/2016\/07\/12\/campeche-presente-en-las-negociaciones-de-cnte-con-gobernacion\/","url_meta":{"origin":29528,"position":4},"title":"Campeche presente en las negociaciones de CNTE con Gobernaci\u00f3n","author":"grieta","date":"12 julio, 2016","format":false,"excerpt":"HECELCHAKAN, Cam. 12 de julio del 2016.- Luego de una marcha en la cabecera municipal de Hecelchak\u00e1n, el representante de la Coordinadora Estatal de los Trabajadores de la Educaci\u00f3n de Campeche (CETEC), Silverio Tuz G\u00f3ngora, se\u00f1al\u00f3 que esta manifestaci\u00f3n es para fortalecer el apoyo a la CNTE en la apertura\u2026","rel":"","context":"En &quot;campeche&quot;","block_context":{"text":"campeche","link":"http:\/\/www.grieta.org.mx\/index.php\/category\/campeche\/"},"img":{"alt_text":"","src":"https:\/\/i0.wp.com\/www.grieta.org.mx\/wp-content\/uploads\/2018\/03\/14524434_1106112876131411_958039263622046936_o.jpg?resize=350%2C200","width":350,"height":200,"srcset":"https:\/\/i0.wp.com\/www.grieta.org.mx\/wp-content\/uploads\/2018\/03\/14524434_1106112876131411_958039263622046936_o.jpg?resize=350%2C200 1x, https:\/\/i0.wp.com\/www.grieta.org.mx\/wp-content\/uploads\/2018\/03\/14524434_1106112876131411_958039263622046936_o.jpg?resize=525%2C300 1.5x, https:\/\/i0.wp.com\/www.grieta.org.mx\/wp-content\/uploads\/2018\/03\/14524434_1106112876131411_958039263622046936_o.jpg?resize=700%2C400 2x"},"classes":[]},{"id":71444,"url":"http:\/\/www.grieta.org.mx\/index.php\/2025\/03\/28\/con-30-anos-de-servicio-despiden-injustificadamente-a-trabajadores-del-ayuntamiento-de-carmen-campeche\/","url_meta":{"origin":29528,"position":5},"title":"Con 30 a\u00f1os de servicio, despiden injustificadamente a trabajadores del Ayuntamiento de Carmen (Campeche)","author":"grieta","date":"28 marzo, 2025","format":false,"excerpt":"Perla Prado \/ Por Esto! Al menos 20 trabajadores del Ayuntamiento del Carmen, en su mayor\u00eda mujeres con m\u00e1s de 30 a\u00f1os de servicio, fueron despedidos sin ninguna consideraci\u00f3n de la administraci\u00f3n que encabeza Pablo Guti\u00e9rrez Lazarus, por lo que no se descartan posibles paros laborales y medidas de protesta\u2026","rel":"","context":"En &quot;Campeche&quot;","block_context":{"text":"Campeche","link":"http:\/\/www.grieta.org.mx\/index.php\/category\/noticias-nacionales\/campeche\/"},"img":{"alt_text":"","src":"https:\/\/i0.wp.com\/www.grieta.org.mx\/wp-content\/uploads\/2025\/03\/Despidos-e1743258100754.jpg?resize=350%2C200","width":350,"height":200,"srcset":"https:\/\/i0.wp.com\/www.grieta.org.mx\/wp-content\/uploads\/2025\/03\/Despidos-e1743258100754.jpg?resize=350%2C200 1x, https:\/\/i0.wp.com\/www.grieta.org.mx\/wp-content\/uploads\/2025\/03\/Despidos-e1743258100754.jpg?resize=525%2C300 1.5x, https:\/\/i0.wp.com\/www.grieta.org.mx\/wp-content\/uploads\/2025\/03\/Despidos-e1743258100754.jpg?resize=700%2C400 2x"},"classes":[]}],"_links":{"self":[{"href":"http:\/\/www.grieta.org.mx\/index.php\/wp-json\/wp\/v2\/posts\/29528","targetHints":{"allow":["GET"]}}],"collection":[{"href":"http:\/\/www.grieta.org.mx\/index.php\/wp-json\/wp\/v2\/posts"}],"about":[{"href":"http:\/\/www.grieta.org.mx\/index.php\/wp-json\/wp\/v2\/types\/post"}],"author":[{"embeddable":true,"href":"http:\/\/www.grieta.org.mx\/index.php\/wp-json\/wp\/v2\/users\/2"}],"replies":[{"embeddable":true,"href":"http:\/\/www.grieta.org.mx\/index.php\/wp-json\/wp\/v2\/comments?post=29528"}],"version-history":[{"count":1,"href":"http:\/\/www.grieta.org.mx\/index.php\/wp-json\/wp\/v2\/posts\/29528\/revisions"}],"predecessor-version":[{"id":29532,"href":"http:\/\/www.grieta.org.mx\/index.php\/wp-json\/wp\/v2\/posts\/29528\/revisions\/29532"}],"wp:featuredmedia":[{"embeddable":true,"href":"http:\/\/www.grieta.org.mx\/index.php\/wp-json\/wp\/v2\/media\/21928"}],"wp:attachment":[{"href":"http:\/\/www.grieta.org.mx\/index.php\/wp-json\/wp\/v2\/media?parent=29528"}],"wp:term":[{"taxonomy":"category","embeddable":true,"href":"http:\/\/www.grieta.org.mx\/index.php\/wp-json\/wp\/v2\/categories?post=29528"},{"taxonomy":"post_tag","embeddable":true,"href":"http:\/\/www.grieta.org.mx\/index.php\/wp-json\/wp\/v2\/tags?post=29528"}],"curies":[{"name":"wp","href":"https:\/\/api.w.org\/{rel}","templated":true}]}}