{"id":295,"date":"2015-04-27T05:37:10","date_gmt":"2015-04-27T05:37:10","guid":{"rendered":"http:\/\/50.22.11.12\/~grietaor\/?p=295"},"modified":"2016-03-01T02:07:07","modified_gmt":"2016-03-01T02:07:07","slug":"el-fuego-de-la-resistencia-arde-en-san-francisco-magu-no-es-desarrollo-es-despojo","status":"publish","type":"post","link":"http:\/\/www.grieta.org.mx\/index.php\/2015\/04\/27\/el-fuego-de-la-resistencia-arde-en-san-francisco-magu-no-es-desarrollo-es-despojo\/","title":{"rendered":"El fuego de la resistencia arde en San Francisco Mag\u00fa: no es desarrollo, es despojo"},"content":{"rendered":"<p>Por: Adri\u00e1n Alvarado<\/p>\n<p>(27 de Abril, 2015).- La comunidad de San Francisco Mag\u00fa est\u00e1 ubicada en el municipio de Nicol\u00e1s Romero, en la zona Norponiente del Estado de M\u00e9xico, la explotaci\u00f3n del agua es comunitaria, por usos y costumbres, comunidad hist\u00f3rica con ra\u00edces otom\u00edes. La forma de explotaci\u00f3n del agua afecta los intereses de las empresas privadas, particularmente las empresas inmobiliarias, las cuales, en contubernio con el gobierno estatal y municipal, pretende arrebatarles el agua y sus bosques, para imponer un proyecto inmobiliario que no beneficia a la comunidad.<\/p>\n<p>Este fin de semana fue sede de uno de los cuatro foros que se desarrollaron en el Estado de M\u00e9xico, con la finalidad de que diversas comunidades en resistencia ante los despojos de las empresas privadas. Son diversas las comunidades en el Estado de M\u00e9xico con esta problem\u00e1tica: San Francisco Mag\u00fa y Cahuac\u00e1n en Nicol\u00e1s Romero; Coyotepec; San Francisco Xochicuautla en Lerma; San Salvador Atenco, Apaxco. En la lucha se han identificado, han confluido y pretender accionar de manera conjunta con asociaciones que resisten ante las altas tarifas el\u00e9ctricas en Ciudad Nezahualc\u00f3yotl, con el magisterio democr\u00e1tico de diversos municipios y agrupaciones estudiantiles solidarias con sus luchas.<\/p>\n<p>El primer paso para construir una alternativa fue el realizar cuatro foros en el Estado de M\u00e9xico, los cuales contaron con cientos de asistentes en algunos casos, se reconocieron, discutieron sus problem\u00e1ticas y propusieron alternativas y acciones conjuntas para luchar contra los despojos.<\/p>\n<p>Pasadas las diez de la ma\u00f1ana, el foro dio inicio en San Francisco Mag\u00fa, la bienvenida corri\u00f3 a cargo de sus propios habitantes, quienes en otom\u00ed agradecieron la asistencia a los participantes y la solidaridad de diversos sectores a la lucha de su comunidad.<\/p>\n<p>El pueblo otom\u00ed se concentra en el centro del pa\u00eds, suman m\u00e1s de medio mill\u00f3n de personas a nivel nacional, muchos de ellos se concentran en el Valle de M\u00e9xico, en comunidades como San Francisco Mag\u00fa, quienes pretenden mantener vivas sus tradiciones, sus usos y sus costumbres.<\/p>\n<p>Al foro acudieron representantes de diversas luchas a nivel estatal, hablaron los integrantes del Centro de Derechos Humanos Zeferino Ladrillero, quienes explicaron la situaci\u00f3n actual de los derechos humanos en el Estado de M\u00e9xico, haciendo un r\u00e1pido pero preciso repaso sobre las condiciones de pobreza, marginaci\u00f3n de la poblaci\u00f3n mexiquense, no olvidaron mencionar por ejemplo que el Estado de M\u00e9xico es la entidad con mayor \u00edndice de feminicidios en todo el pa\u00eds.<\/p>\n<p>Representantes de la comunidad de Cahuac\u00e1n, del mismo municipio que San Francisco Mag\u00fa, a pesar de su juventud narraron su lucha contra un consorcio inmobiliario que les pretende arrebatar y despojar de sus tierras y sus bosques. Al igual los representantes de Apaxco que mantienen una lucha contra las empresas inmobiliarias que pretenden despojarlos de sus tierras ejidales y contra un tiradero privado t\u00f3xico.<\/p>\n<p>En ese momento el Foro sintetiz\u00f3 el sentimiento de los ah\u00ed reunidos, las palabras de los ponentes conectaron con los oyentes:<\/p>\n<p>El desarrollo como pretexto del despojo, eso no es desarrollo, eso se llama despojo. Lo que ellos llaman modernidad solo beneficia a unos cuantos y despojan a los pueblos y comunidades de sus tierras y sus recursos naturales.<\/p>\n<p>El auditorio correspondi\u00f3 al discurso con sonados aplausos y gestos de aprobaci\u00f3n.<\/p>\n<p>Asistieron habitantes de Cuautitl\u00e1n Izcalli y defensores de los derechos humanos de los polic\u00edas.<\/p>\n<p>El foro no termin\u00f3 sin un plan de acci\u00f3n, \u201cel fuego de la resistencia, apenas se enciende\u201d. El 3 de Mayo se reunir\u00e1n nuevamente en San Salvador Atenco, para recorrer el Estado de M\u00e9xico y el 15 de Mayo marcharan a la ciudad de Toluca, para que todas las luchas confluyan en una misma acci\u00f3n.<\/p>\n<p>Para que el fuego de la digna resistencia hermane al Estado de M\u00e9xico.<\/p>\n<p><a href=\"http:\/\/revoluciontrespuntocero.si\/el-fuego-de-la-resistencia-arde-en-san-francisco-magu-no-es-desarrollo-es-despojo\/\" target=\"_blank\">revoluciontrespuntocero.si\/el-fuego-de-la-resistencia-arde-en-san-francisco-magu-no-es-desarrollo-es-despojo\/<\/a><\/p>\n","protected":false},"excerpt":{"rendered":"<p>Por: Adri\u00e1n Alvarado (27 de Abril, 2015).- La comunidad de San Francisco Mag\u00fa est\u00e1 ubicada en el municipio de Nicol\u00e1s Romero, en la zona Norponiente del Estado de M\u00e9xico, la &hellip; <a href=\"http:\/\/www.grieta.org.mx\/index.php\/2015\/04\/27\/el-fuego-de-la-resistencia-arde-en-san-francisco-magu-no-es-desarrollo-es-despojo\/\" class=\"more-link\">Leer m\u00e1s<\/a><\/p>\n","protected":false},"author":2,"featured_media":21928,"comment_status":"closed","ping_status":"open","sticky":false,"template":"","format":"standard","meta":{"ngg_post_thumbnail":0,"_jetpack_newsletter_access":"","_jetpack_dont_email_post_to_subs":false,"_jetpack_newsletter_tier_id":0,"_jetpack_memberships_contains_paywalled_content":false,"_jetpack_memberships_contains_paid_content":false,"footnotes":""},"categories":[80],"tags":[92],"class_list":["post-295","post","type-post","status-publish","format-standard","has-post-thumbnail","hentry","category-cintillo","tag-estado-de-mexico","entry"],"jetpack_featured_media_url":"http:\/\/www.grieta.org.mx\/wp-content\/uploads\/2018\/03\/14524434_1106112876131411_958039263622046936_o.jpg","jetpack_sharing_enabled":true,"jetpack_shortlink":"https:\/\/wp.me\/p7ZJR4-4L","jetpack_likes_enabled":false,"jetpack-related-posts":[{"id":12381,"url":"http:\/\/www.grieta.org.mx\/index.php\/2016\/04\/18\/san-francisco-magu-profundiza-su-camino-de-autonomia-y-rechaza-a-los-politicos\/","url_meta":{"origin":295,"position":0},"title":"San Francisco Mag\u00fa profundiza su camino de autonom\u00eda y rechaza a los pol\u00edticos","author":"grieta","date":"18 abril, 2016","format":false,"excerpt":"Eliana Gilet La Asamblea General del pueblo ind\u00edgena de San Francisco Mag\u00fa determin\u00f3 este domingo 17, no permitir que el ayuntamiento, de procedencia priista, les imponga autoridades auxiliares. Estos cargos responden a los mandatos del ayuntamiento y act\u00faan como sus representantes en el territorio de la comunidad. Sin embargo, la\u2026","rel":"","context":"En &quot;CINTILLO&quot;","block_context":{"text":"CINTILLO","link":"http:\/\/www.grieta.org.mx\/index.php\/category\/cintillo\/"},"img":{"alt_text":"","src":"https:\/\/i0.wp.com\/www.grieta.org.mx\/wp-content\/uploads\/2018\/03\/14524434_1106112876131411_958039263622046936_o.jpg?resize=350%2C200","width":350,"height":200,"srcset":"https:\/\/i0.wp.com\/www.grieta.org.mx\/wp-content\/uploads\/2018\/03\/14524434_1106112876131411_958039263622046936_o.jpg?resize=350%2C200 1x, https:\/\/i0.wp.com\/www.grieta.org.mx\/wp-content\/uploads\/2018\/03\/14524434_1106112876131411_958039263622046936_o.jpg?resize=525%2C300 1.5x, https:\/\/i0.wp.com\/www.grieta.org.mx\/wp-content\/uploads\/2018\/03\/14524434_1106112876131411_958039263622046936_o.jpg?resize=700%2C400 2x"},"classes":[]},{"id":257,"url":"http:\/\/www.grieta.org.mx\/index.php\/2016\/04\/18\/represion-en-san-francisco-magu-por-defender-la-administracion-de-agua-potable\/","url_meta":{"origin":295,"position":1},"title":"Represi\u00f3n en San Francisco Mag\u00fa por defender la administraci\u00f3n de agua potable","author":"grieta","date":"18 abril, 2016","format":false,"excerpt":"18\/04\/16. San Francisco Mag\u00fa profundiza su camino de autonom\u00eda y rechaza a los pol\u00edticosDesinform\u00e9monos 15\/04\/15. San Francisco Mag\u00fa: otom\u00ed, digno y admirable.Resiste eDHomex 08\/03\/15. Ataque a defensores comunitarios ind\u00edgenas de San Francisco Mag\u00fa, EdomexKaos en la Red","rel":"","context":"En &quot;Estado de M\u00e9xico&quot;","block_context":{"text":"Estado de M\u00e9xico","link":"http:\/\/www.grieta.org.mx\/index.php\/category\/noticias-nacionales\/estado-de-mexico\/"},"img":{"alt_text":"","src":"https:\/\/i0.wp.com\/www.grieta.org.mx\/wp-content\/uploads\/2018\/03\/14524434_1106112876131411_958039263622046936_o.jpg?resize=350%2C200","width":350,"height":200,"srcset":"https:\/\/i0.wp.com\/www.grieta.org.mx\/wp-content\/uploads\/2018\/03\/14524434_1106112876131411_958039263622046936_o.jpg?resize=350%2C200 1x, https:\/\/i0.wp.com\/www.grieta.org.mx\/wp-content\/uploads\/2018\/03\/14524434_1106112876131411_958039263622046936_o.jpg?resize=525%2C300 1.5x, https:\/\/i0.wp.com\/www.grieta.org.mx\/wp-content\/uploads\/2018\/03\/14524434_1106112876131411_958039263622046936_o.jpg?resize=700%2C400 2x"},"classes":[]},{"id":251,"url":"http:\/\/www.grieta.org.mx\/index.php\/2015\/04\/15\/san-francisco-magu-otomi-digno-y-admirable\/","url_meta":{"origin":295,"position":2},"title":"San Francisco Mag\u00fa: otom\u00ed, digno y admirable","author":"grieta","date":"15 abril, 2015","format":false,"excerpt":"Jos\u00e9 Antonio Lara Duque El asentamiento humano de San Francisco Mag\u00fa data originalmente del siglo XII, al igual que muchos pueblos Otom\u00edes del Valle de M\u00e9xico. Se encuentra ubicado a 43 kil\u00f3metros al norponiente de la Ciudad de M\u00e9xico, con una poblaci\u00f3n aproximada de 15 mil habitantes. Los vecinos y\u2026","rel":"","context":"En &quot;CINTILLO&quot;","block_context":{"text":"CINTILLO","link":"http:\/\/www.grieta.org.mx\/index.php\/category\/cintillo\/"},"img":{"alt_text":"","src":"https:\/\/i0.wp.com\/www.grieta.org.mx\/wp-content\/uploads\/2018\/03\/14524434_1106112876131411_958039263622046936_o.jpg?resize=350%2C200","width":350,"height":200,"srcset":"https:\/\/i0.wp.com\/www.grieta.org.mx\/wp-content\/uploads\/2018\/03\/14524434_1106112876131411_958039263622046936_o.jpg?resize=350%2C200 1x, https:\/\/i0.wp.com\/www.grieta.org.mx\/wp-content\/uploads\/2018\/03\/14524434_1106112876131411_958039263622046936_o.jpg?resize=525%2C300 1.5x, https:\/\/i0.wp.com\/www.grieta.org.mx\/wp-content\/uploads\/2018\/03\/14524434_1106112876131411_958039263622046936_o.jpg?resize=700%2C400 2x"},"classes":[]},{"id":255,"url":"http:\/\/www.grieta.org.mx\/index.php\/2015\/03\/08\/ataque-a-defensores-comunitarios-indigenas-de-san-francisco-magu-edomex\/","url_meta":{"origin":295,"position":3},"title":"Ataque a defensores comunitarios ind\u00edgenas de San Francisco Mag\u00fa, Edomex","author":"grieta","date":"8 marzo, 2015","format":false,"excerpt":"Por Centro de Derechos Humanos Zeferino Ladrillero ACCI\u00d3N URGENTE ATAQUES A DEFENSORES COMUNITARIOS INDIGENAS DE SAN FRANCISCO MAG\u00da AU-003-2015-DEFENSORESCOMUNITARIOSDESANFRANCISCOMAG\u00da-EDOMEX HECHOS El d\u00eda 8 de marzo del a\u00f1o 2015 a las 12:00 PM, arrib\u00f3 a las oficinas de la Delegaci\u00f3n de la comunidad de San Francisco Magu, en Nicol\u00e1s Romero, Estado\u2026","rel":"","context":"En &quot;CINTILLO&quot;","block_context":{"text":"CINTILLO","link":"http:\/\/www.grieta.org.mx\/index.php\/category\/cintillo\/"},"img":{"alt_text":"","src":"https:\/\/i0.wp.com\/www.grieta.org.mx\/wp-content\/uploads\/2018\/03\/14524434_1106112876131411_958039263622046936_o.jpg?resize=350%2C200","width":350,"height":200,"srcset":"https:\/\/i0.wp.com\/www.grieta.org.mx\/wp-content\/uploads\/2018\/03\/14524434_1106112876131411_958039263622046936_o.jpg?resize=350%2C200 1x, https:\/\/i0.wp.com\/www.grieta.org.mx\/wp-content\/uploads\/2018\/03\/14524434_1106112876131411_958039263622046936_o.jpg?resize=525%2C300 1.5x, https:\/\/i0.wp.com\/www.grieta.org.mx\/wp-content\/uploads\/2018\/03\/14524434_1106112876131411_958039263622046936_o.jpg?resize=700%2C400 2x"},"classes":[]},{"id":15710,"url":"http:\/\/www.grieta.org.mx\/index.php\/2016\/07\/01\/estallan-300-conflictos-socioambientales\/","url_meta":{"origin":295,"position":4},"title":"Estallan 300 conflictos socioambientales","author":"grieta","date":"1 julio, 2016","format":false,"excerpt":"\u00c9rika Ram\u00edrez Cientos de conflictos socioambientales se mueven en el pa\u00eds: amenaza de despojo de recursos naturales; desplazamiento de comunidades ind\u00edgenas, ejidos y espacios urbanos; contaminaci\u00f3n ambiental y resguardo de recintos sagrados, han puesto en resistencia a organizaciones civiles, pueblos y defensores de derechos humanos en \u201cdefensa de la madre\u2026","rel":"","context":"En &quot;CINTILLO&quot;","block_context":{"text":"CINTILLO","link":"http:\/\/www.grieta.org.mx\/index.php\/category\/cintillo\/"},"img":{"alt_text":"","src":"https:\/\/i0.wp.com\/www.grieta.org.mx\/wp-content\/uploads\/2018\/03\/14524434_1106112876131411_958039263622046936_o.jpg?resize=350%2C200","width":350,"height":200,"srcset":"https:\/\/i0.wp.com\/www.grieta.org.mx\/wp-content\/uploads\/2018\/03\/14524434_1106112876131411_958039263622046936_o.jpg?resize=350%2C200 1x, https:\/\/i0.wp.com\/www.grieta.org.mx\/wp-content\/uploads\/2018\/03\/14524434_1106112876131411_958039263622046936_o.jpg?resize=525%2C300 1.5x, https:\/\/i0.wp.com\/www.grieta.org.mx\/wp-content\/uploads\/2018\/03\/14524434_1106112876131411_958039263622046936_o.jpg?resize=700%2C400 2x"},"classes":[]},{"id":47556,"url":"http:\/\/www.grieta.org.mx\/index.php\/2020\/04\/09\/comunidad-transexual-y-transgenero-instala-comedor-comunitario-en-toluca-estado-de-mexico\/","url_meta":{"origin":295,"position":5},"title":"Comunidad transexual y transg\u00e9nero instala comedor comunitario en Toluca (Estado de M\u00e9xico)","author":"grieta","date":"9 abril, 2020","format":false,"excerpt":"Imagen tomada de: revistacambio.com.mx Las integrantes comentaron que el servicio ser\u00e1 puesto a disposici\u00f3n de quienes necesiten de una comida corrida a bajo costo; el paquete de frijoles, arroz, agua de sabor y guisado, costar\u00e1 entre 25 y 30 pesos. Integrantes de los tres colectivos de trabajadoras sexuales transg\u00e9nero y\u2026","rel":"","context":"En &quot;CINTILLO&quot;","block_context":{"text":"CINTILLO","link":"http:\/\/www.grieta.org.mx\/index.php\/category\/cintillo\/"},"img":{"alt_text":"","src":"https:\/\/i0.wp.com\/www.grieta.org.mx\/wp-content\/uploads\/2020\/04\/Comunidad-transexual-y-transg%C3%A9nero-instala-comedor-comunitario-en-Toluca-edomex-abr.jpg?resize=350%2C200","width":350,"height":200},"classes":[]}],"_links":{"self":[{"href":"http:\/\/www.grieta.org.mx\/index.php\/wp-json\/wp\/v2\/posts\/295","targetHints":{"allow":["GET"]}}],"collection":[{"href":"http:\/\/www.grieta.org.mx\/index.php\/wp-json\/wp\/v2\/posts"}],"about":[{"href":"http:\/\/www.grieta.org.mx\/index.php\/wp-json\/wp\/v2\/types\/post"}],"author":[{"embeddable":true,"href":"http:\/\/www.grieta.org.mx\/index.php\/wp-json\/wp\/v2\/users\/2"}],"replies":[{"embeddable":true,"href":"http:\/\/www.grieta.org.mx\/index.php\/wp-json\/wp\/v2\/comments?post=295"}],"version-history":[{"count":1,"href":"http:\/\/www.grieta.org.mx\/index.php\/wp-json\/wp\/v2\/posts\/295\/revisions"}],"predecessor-version":[{"id":296,"href":"http:\/\/www.grieta.org.mx\/index.php\/wp-json\/wp\/v2\/posts\/295\/revisions\/296"}],"wp:featuredmedia":[{"embeddable":true,"href":"http:\/\/www.grieta.org.mx\/index.php\/wp-json\/wp\/v2\/media\/21928"}],"wp:attachment":[{"href":"http:\/\/www.grieta.org.mx\/index.php\/wp-json\/wp\/v2\/media?parent=295"}],"wp:term":[{"taxonomy":"category","embeddable":true,"href":"http:\/\/www.grieta.org.mx\/index.php\/wp-json\/wp\/v2\/categories?post=295"},{"taxonomy":"post_tag","embeddable":true,"href":"http:\/\/www.grieta.org.mx\/index.php\/wp-json\/wp\/v2\/tags?post=295"}],"curies":[{"name":"wp","href":"https:\/\/api.w.org\/{rel}","templated":true}]}}