{"id":29497,"date":"2018-08-06T15:04:42","date_gmt":"2018-08-06T20:04:42","guid":{"rendered":"http:\/\/www.grieta.org.mx\/?p=29497"},"modified":"2019-02-24T08:53:37","modified_gmt":"2019-02-24T14:53:37","slug":"sonora-cuatro-anos-de-maldicion-minera","status":"publish","type":"post","link":"http:\/\/www.grieta.org.mx\/index.php\/2018\/08\/06\/sonora-cuatro-anos-de-maldicion-minera\/","title":{"rendered":"Sonora: cuatro a\u00f1os de maldici\u00f3n minera"},"content":{"rendered":"<figure id=\"attachment_29501\" aria-describedby=\"caption-attachment-29501\" style=\"width: 1024px\" class=\"wp-caption aligncenter\"><img loading=\"lazy\" decoding=\"async\" data-attachment-id=\"29501\" data-permalink=\"http:\/\/www.grieta.org.mx\/index.php\/2018\/08\/06\/sonora-cuatro-anos-de-maldicion-minera\/sonora-contaminacion\/\" data-orig-file=\"http:\/\/www.grieta.org.mx\/wp-content\/uploads\/2019\/02\/Sonora-contaminacion.jpg\" data-orig-size=\"1024,683\" data-comments-opened=\"0\" data-image-meta=\"{&quot;aperture&quot;:&quot;0&quot;,&quot;credit&quot;:&quot;&quot;,&quot;camera&quot;:&quot;&quot;,&quot;caption&quot;:&quot;&quot;,&quot;created_timestamp&quot;:&quot;0&quot;,&quot;copyright&quot;:&quot;&quot;,&quot;focal_length&quot;:&quot;0&quot;,&quot;iso&quot;:&quot;0&quot;,&quot;shutter_speed&quot;:&quot;0&quot;,&quot;title&quot;:&quot;&quot;,&quot;orientation&quot;:&quot;0&quot;}\" data-image-title=\"Sonora contaminacion\" data-image-description=\"\" data-image-caption=\"&lt;p&gt;El r{io Soora. Foto: Juli\u00e1n Ortega&lt;\/p&gt;\n\" data-medium-file=\"http:\/\/www.grieta.org.mx\/wp-content\/uploads\/2019\/02\/Sonora-contaminacion-300x200.jpg\" data-large-file=\"http:\/\/www.grieta.org.mx\/wp-content\/uploads\/2019\/02\/Sonora-contaminacion-1024x683.jpg\" class=\"size-large wp-image-29501\" src=\"http:\/\/www.grieta.org.mx\/wp-content\/uploads\/2019\/02\/Sonora-contaminacion-1024x683.jpg\" alt=\"\" width=\"1024\" height=\"683\" srcset=\"http:\/\/www.grieta.org.mx\/wp-content\/uploads\/2019\/02\/Sonora-contaminacion.jpg 1024w, http:\/\/www.grieta.org.mx\/wp-content\/uploads\/2019\/02\/Sonora-contaminacion-300x200.jpg 300w, http:\/\/www.grieta.org.mx\/wp-content\/uploads\/2019\/02\/Sonora-contaminacion-768x512.jpg 768w, http:\/\/www.grieta.org.mx\/wp-content\/uploads\/2019\/02\/Sonora-contaminacion-750x500.jpg 750w\" sizes=\"auto, (max-width: 1024px) 100vw, 1024px\" \/><figcaption id=\"caption-attachment-29501\" class=\"wp-caption-text\">El r\u00edo Sonora. Foto: Juli\u00e1n Ortega<\/figcaption><\/figure>\n<p>Areli Villalobos\/ PROCESO<\/p>\n<blockquote><p>Este mes se cumplen cuatro a\u00f1os del \u201cpeor desastre\u201d causado por mineras en M\u00e9xico: el envenenamiento de los r\u00edos Bacanuchi y Sonora con millones de litros de sulfato de cobre, que afect\u00f3 gravemente cultivos, ganado y la salud de la poblaci\u00f3n. En todo este tiempo el fideicomiso que crearon el gobierno de Enrique Pe\u00f1a Nieto y la minera Buenavista del Cobre \u2013responsable del crimen ambiental\u2013 no ha cumplido las acciones de remediaci\u00f3n del da\u00f1o. Sin embargo, el instrumento financiero ha reportado millonarios gastos de recursos p\u00fablicos.<\/p><\/blockquote>\n<p>CIUDAD DE M\u00c9XICO (Proceso).- La minera Buenavista del Cobre cambi\u00f3 la vida de 22 mil personas de siete municipios de Sonora el 6 agosto de 2014. Al derramar 40 millones de litros de sulfato de cobre al afluente del r\u00edo Bacanuchi y el r\u00edo Sonora contamin\u00f3 5 mil 573 hect\u00e1reas de cultivo, afect\u00f3 72 mil 755 cabezas de ganado y provoc\u00f3 da\u00f1os en la piel, v\u00edas respiratorias, ri\u00f1ones y aparato digestivo al menos a 381 sonorenses.<\/p>\n<p>A cuatro a\u00f1os de ese hecho, calificado por el gobierno federal como el \u201cpeor desastre ambiental en la historia minera de M\u00e9xico\u201d, no se han cumplido las principales promesas del Fideicomiso 80724 R\u00edo Sonora que crearon la administraci\u00f3n de Enrique Pe\u00f1a Nieto, la empresa mencionada y la Operadora de Minas e Instalaciones Mineras, a fin de resarcir los da\u00f1os ambientales, econ\u00f3micos y de salud, por lo que habitantes de 24 comunidades de Arizpe, Ban\u00e1michi, Hu\u00e9pac, Aconchi, San Felipe, Bavi\u00e1cora y Ures exigen justicia y reparaci\u00f3n del da\u00f1o.<\/p>\n<p>En entrevista con Proceso, Julieta Lamberti, de la organizaci\u00f3n civil Proyecto sobre Organizaci\u00f3n, Desarrollo, Educaci\u00f3n e Investigaci\u00f3n (Poder), asegura que esa \u201ces una gran deuda del gobierno de Enrique Pe\u00f1a Nieto: la administraci\u00f3n hizo responsable a la empresa de dientes para afuera, pero a la hora de la hora no cumpli\u00f3\u201d.<\/p>\n<p>El pasado 2 de febrero de 2017, sin consultar al Comit\u00e9 de Cuenca R\u00edo Sonora (CCRS), que desde 2014 arrop\u00f3 a parte de los afectados por el desastre ambiental, y con al menos dos juicios de amparo en proceso de resoluci\u00f3n, el Fideicomiso 80724 cerr\u00f3 sin realizar tres acciones claves para la remediaci\u00f3n de los da\u00f1os ocasionados por el derrame: la creaci\u00f3n de la Unidad de Vigilancia Epidemiol\u00f3gica y Ambiental (UVEA) en Sonora, la apertura y mantenimiento de un total de 63 pozos de agua potable, as\u00ed como la instalaci\u00f3n de 36 plantas potabilizadoras para suministrar agua libre de metales pesados.<\/p>\n<p>Sin embargo, en el resumen de los recursos ejercidos por el Fideicomiso R\u00edo Sonora hasta febrero de 2017, se registra que para realizar esas acciones se ejercieron 201 millones 592 mil 484 pesos.<\/p>\n<p>En el sitio de internet del fideicomiso no se detalla el destino de estos recursos p\u00fablicos y en el \u00fanico informe que all\u00ed difundi\u00f3 el Colegio de Ingenieros Ambientales de M\u00e9xico \u2013al que el comit\u00e9 t\u00e9cnico del fideicomiso contrat\u00f3 para supervisar la rehabilitaci\u00f3n de los pozos y las plantas potabilizadoras\u2013 se observan s\u00f3lo fotograf\u00edas de los 10 mil 188 tinacos Rotoplas que se repartieron en 24 comunidades afectadas.<\/p>\n<p>Compromisos incumplidos<\/p>\n<p>En octubre de 2014 el exsubsecretario del Medio Ambiente y Recursos Naturales, Lacy Tamayo, anunci\u00f3 la creaci\u00f3n de la UVEA en el Estado de Sonora como una acci\u00f3n determinante para remediar el da\u00f1o que provoc\u00f3 la subsidiaria de Southern Copper Corporation, filial del Grupo M\u00e9xico, encabezado por uno de los empresarios m\u00e1s ricos del pa\u00eds: Germ\u00e1n Larrea.<\/p>\n<p>La UVEA atender\u00eda por 15 a\u00f1os a los sonorenses con da\u00f1os en la salud y realizar\u00eda pruebas de toxicidad del ambiente hasta 2029.<\/p>\n<p>Seg\u00fan el fideicomiso, se destinaron 78 millones 885 mil 290 pesos a las acciones de atenci\u00f3n y seguimiento m\u00e9dico de la UVEA, pero actualmente el edificio ubicado en el municipio de Ures est\u00e1 en obra negra, como corrobor\u00f3 el reportero Milton Mart\u00ednez.<\/p>\n<p>En abril de 2017 la minera Buenavista del Cobre inform\u00f3 a la ONU que no se concluy\u00f3 la unidad ni las 36 plantas potabilizadoras de agua porque ser\u00eda \u201cirresponsable\u201d de su parte, ya que \u201clas autoridades municipales no tendr\u00edan la capacidad para explotarlas\u201d.<\/p>\n<p>Seg\u00fan Poder, asesor legal de los damnificados, la Comisi\u00f3n Federal para la Protecci\u00f3n contra Riesgos Sanitarios (Cofepris), que estuvo a cargo del excandidato del PRI a la jefatura de Gobierno de la Ciudad de M\u00e9xico, Mikel Arriola Andoni, dej\u00f3 de dar seguimiento a los sonorenses afectados desde 2016. El \u00faltimo reporte demostr\u00f3 que los casos detectados de intoxicaci\u00f3n aguda aumentaron de 19 en septiembre de 2014 a 381 dos a\u00f1os despu\u00e9s.<\/p>\n<p>Para Esperanza Garc\u00eda Mart\u00ednez, habitante de Bavi\u00e1cora, la UVEA \u201cno trabajo como deb\u00eda\u201d, pues \u201catendieron a quienes quisieron y la mayor parte del tiempo permaneci\u00f3 cerrada. Mi esposo y yo fuimos a consulta. Yo iba con problemas graves de la piel y los ri\u00f1ones, pero nos dijeron as\u00ed nom\u00e1s: \u2018Devu\u00e9lvanse a Bavi\u00e1cora para que los curen all\u00e1, en el centro de salud\u2019.<\/p>\n<p>\u201cPero all\u00ed no hay an\u00e1lisis, no hay medicina competente para lo que necesit\u00e1bamos. Tuvimos que curarnos en Hermosillo, en un hospital particular, por lo cual hemos gastado mucho, al igual que mucha gente de aqu\u00ed.\u201d<\/p>\n<p>En el mismo informe que la minera Buenavista del Cobre hizo llegar a la ONU en 2017 se indica que, seg\u00fan el fideicomiso, se destinaron 125 millones 789 mil 274 pesos para perforar, construir y equipar 63 nuevos pozos para garantizar el acceso al agua libre de contaminantes.<\/p>\n<p>La meta tampoco se alcanz\u00f3, pues una solicitud de informaci\u00f3n (folio 1610100134018) de marzo de 2018 revel\u00f3 que en el Organismo de Cuenca Noroeste de la Comisi\u00f3n Nacional del Agua (Conagua) s\u00f3lo exist\u00eda informaci\u00f3n sobre 17 tr\u00e1mites abiertos para la perforaci\u00f3n de igual n\u00famero de pozos.<\/p>\n<p>Lo mismo ocurri\u00f3 con las 36 plantas potabilizadoras que el comit\u00e9 t\u00e9cnico del fideicomiso se comprometi\u00f3 a instalar en 2014.<\/p>\n<p>El 10 de abril de 2017 la gobernadora priista de Sonora, Claudia Pavlovich Arellano, y el delegado estatal de la Secretar\u00eda de Gobernaci\u00f3n, Wenceslao Cota Montoya, anunciaron la decisi\u00f3n del Grupo M\u00e9xico de reducir de 36 a nueve esas plantas potabilizadoras, argumentando que los monitoreos de Conagua y Cofepris \u2013cuyos resultados y metodolog\u00eda cuestionan los pobladores afectados y Poder\u2013 daban cuenta de que el fen\u00f3meno de contaminaci\u00f3n \u201cse estaba estabilizando\u201d.<\/p>\n<p>No obstante, para este proyecto tambi\u00e9n se destinaron recursos: de acuerdo con cifras del fideicomiso, se ejercieron 4 millones 722 mil 930 pesos para las nueve plantas potabilizadoras, que hasta la fecha no operan.<\/p>\n<p>La planta fija ubicada en San Rafael de Ures y las cuatro plantas m\u00f3viles ubicadas de Bavi\u00e1cora, Aconchi, Hu\u00e9pac y Arizpe no funcionan. Las plantas fijas de Mazacahui, San Felipe y La Capilla no pueden operar, pues s\u00f3lo la de Ban\u00e1michi cuenta con instalaciones para la autogeneraci\u00f3n de energ\u00eda.<\/p>\n<p>Julieta Lamberti, autora del informe de Poder titulado El Fideicomiso R\u00edo Sonora: simulando la remediaci\u00f3n privada en un Estado capturado, asegura en entrevista que la principal pregunta es si efectivamente el fideicomiso sirvi\u00f3 para reparar los efectos del derrame.<\/p>\n<p>Lamberti, doctora en ciencia social de El Colegio de M\u00e9xico, asegura que si no existi\u00f3 nada irregular en la operaci\u00f3n del fideicomiso es obligaci\u00f3n de su comit\u00e9 t\u00e9cnico y de la Semarnat explicar sus decisiones y por qu\u00e9 se dejaron de lado los problemas relacionados con la salud de los damnificados.<\/p>\n<p>Por su parte Mario Salcido, miembro del Comit\u00e9 Cuenca del R\u00edo Sonora, comenta: \u201cNos sentimos indignados porque la vida nos cambi\u00f3 completamente. A cuatro a\u00f1os, nosotros esperamos que la empresa pague, no en dinero, sino que nos d\u00e9 agua, salud, medio ambiente, eso es lo primordial. Podemos vivir bien con salud, con un medio ambiente sano y con agua saludable y sin metales pesados; eso lo tiene que hacer la empresa\u201d.<\/p>\n<p>Esperanza y advertencia<\/p>\n<p>Consultados al respecto, integrantes del Comit\u00e9 de Cuenca R\u00edo Sonora manifestaron su esperanza de que una vez que Andr\u00e9s Manuel L\u00f3pez Obrador asuma la Presidencia de la Rep\u00fablica se haga justicia a los 22 mil afectados y se le exija a la minera Buenavista del Cobre cumplir todas las medidas para resarcir el da\u00f1o.<\/p>\n<p>A pesar de que L\u00f3pez Obrador no se comprometi\u00f3 expl\u00edcitamente a ello ante los damnificados, miembros del CCRS recuerdan que en sus visitas de octubre de 2014 y de noviembre de 2017, cuando era presidente nacional de Morena, el pr\u00f3ximo presidente pidi\u00f3 justicia para la poblaci\u00f3n y exigi\u00f3 que se suspendiera la concesi\u00f3n a la minera.<\/p>\n<p>En efecto, en una gira de dos d\u00edas por los municipios de Ures, Moctezuma y Nacozari, L\u00f3pez Obrador se reuni\u00f3 con militantes de Morena y acus\u00f3 a Germ\u00e1n Larrea:<\/p>\n<p>\u201cTodo esto que acabamos de escuchar es muestra fehaciente de que las autoridades est\u00e1n divorciadas del pueblo, que el gobierno es un comit\u00e9 del servicio de una minor\u00eda rapaz, que no hay un gobierno del pueblo y para el pueblo. \u00bfPor qu\u00e9 no se hace justicia luego de la contaminaci\u00f3n del r\u00edo Sonora? Porque el responsable principal, el due\u00f1o de la minera, forma parte de la mafia del poder en el pa\u00eds. Y est\u00e1n sometidas todas las autoridades.\u201d<\/p>\n<p>Sin embargo, despu\u00e9s de su victoria electoral L\u00f3pez Obrador y su equipo no han mencionado el asunto. Incluso, as\u00ed como algunos miembros del CCRS mantienen la esperanza en que reactive la remediaci\u00f3n de da\u00f1os, otros temen que el tabasque\u00f1o presente un doble discurso, pues ya tuvo acercamientos con el Consejo Coordinador Empresarial y Alfonso Romo, pr\u00f3ximo jefe de la oficina de la Presidencia, se refiri\u00f3 a una \u201cluna de miel\u201d con el sector.<\/p>\n<p>Mario Salcido, miembros del CCRS y afectado, advierte: \u201cEn el caso del gobierno que est\u00e1 por llegar, tiene la misma obligaci\u00f3n y los habitantes del r\u00edo Sonora no nos vamos a vencer ni a echar para atr\u00e1s; vamos a seguir en la lucha por las generaciones que vienen detr\u00e1s\u201d.<\/p>\n<p>A su vez, la pobladora Esperanza Garc\u00eda Mart\u00ednez env\u00eda un mensaje a L\u00f3pez Obrador: \u201cEntienda el problema tan grave que hay en todos los habitantes del r\u00edo Sonora y exija a la minera que ponga una cl\u00ednica especializada. Las tierras est\u00e1n contaminadas, tenemos que comprar agua para la agricultura\u2026 En todos los aspectos nos afect\u00f3 la contaminaci\u00f3n. Ojal\u00e1 que lo que le digo llegue a o\u00eddos del que va a ser nuestro presidente, porque es nuestra \u00fanica esperanza que Dios y \u00e9l nos atiendan\u201d.<\/p>\n<p>Este reportaje se public\u00f3 el 5 de agosto de 2018 en la edici\u00f3n 2179 de la revista Proceso.<\/p>\n<p><a href=\"https:\/\/www.proceso.com.mx\/545819\/sonora-cuatro-anos-de-maldicion-minera\" target=\"_blank\" rel=\"noopener\">https:\/\/www.proceso.com.mx\/545819\/sonora-cuatro-anos-de-maldicion-minera<\/a><\/p>\n","protected":false},"excerpt":{"rendered":"<p>Areli Villalobos\/ PROCESO Este mes se cumplen cuatro a\u00f1os del \u201cpeor desastre\u201d causado por mineras en M\u00e9xico: el envenenamiento de los r\u00edos Bacanuchi y Sonora con millones de litros de &hellip; <a href=\"http:\/\/www.grieta.org.mx\/index.php\/2018\/08\/06\/sonora-cuatro-anos-de-maldicion-minera\/\" class=\"more-link\">Leer m\u00e1s<\/a><\/p>\n","protected":false},"author":2,"featured_media":29501,"comment_status":"closed","ping_status":"closed","sticky":false,"template":"","format":"standard","meta":{"ngg_post_thumbnail":0,"_jetpack_newsletter_access":"","_jetpack_dont_email_post_to_subs":false,"_jetpack_newsletter_tier_id":0,"_jetpack_memberships_contains_paywalled_content":false,"_jetpack_memberships_contains_paid_content":false,"footnotes":""},"categories":[80,1462,2,31],"tags":[2161,393,394,2160],"class_list":["post-29497","post","type-post","status-publish","format-standard","has-post-thumbnail","hentry","category-cintillo","category-contaminacion-y-danos-a-la-salud-por-mineria-en-sonora","category-noticias-nacionales","category-sonora","tag-buenavista-del-cobre","tag-contaminacion-del-agua","tag-contaminacion-por-mineria","tag-desastre-ambiental","entry"],"jetpack_featured_media_url":"http:\/\/www.grieta.org.mx\/wp-content\/uploads\/2019\/02\/Sonora-contaminacion.jpg","jetpack_sharing_enabled":true,"jetpack_shortlink":"https:\/\/wp.me\/p7ZJR4-7FL","jetpack_likes_enabled":false,"jetpack-related-posts":[{"id":60160,"url":"http:\/\/www.grieta.org.mx\/index.php\/2021\/06\/26\/buenavista-del-cobre-la-mina-que-se-come-a-cananea-sonora\/","url_meta":{"origin":29497,"position":0},"title":"Buenavista del Cobre, la mina que se come a Cananea (Sonora)","author":"grieta","date":"26 junio, 2021","format":false,"excerpt":"cananVista general del Ejido Cananea, Sonora tomada el 19 de noviembre de 2019, mientras de fondo se observa la mina Buena Vista del Cobre que rodea a la poblaci\u00f3n sonorense. Los yacimientos de cobre en Cananea, Sonora, comenzaron a explotarse en 1760. Despu\u00e9s de tener varios due\u00f1os y m\u00e9todos extractivos,\u2026","rel":"","context":"En &quot;CINTILLO&quot;","block_context":{"text":"CINTILLO","link":"http:\/\/www.grieta.org.mx\/index.php\/category\/cintillo\/"},"img":{"alt_text":"","src":"https:\/\/i0.wp.com\/www.grieta.org.mx\/wp-content\/uploads\/2021\/06\/BUENAVISTA-DEL-COBRE-_-CANANEA-003-768x512-1.jpg?resize=350%2C200","width":350,"height":200,"srcset":"https:\/\/i0.wp.com\/www.grieta.org.mx\/wp-content\/uploads\/2021\/06\/BUENAVISTA-DEL-COBRE-_-CANANEA-003-768x512-1.jpg?resize=350%2C200 1x, https:\/\/i0.wp.com\/www.grieta.org.mx\/wp-content\/uploads\/2021\/06\/BUENAVISTA-DEL-COBRE-_-CANANEA-003-768x512-1.jpg?resize=525%2C300 1.5x, https:\/\/i0.wp.com\/www.grieta.org.mx\/wp-content\/uploads\/2021\/06\/BUENAVISTA-DEL-COBRE-_-CANANEA-003-768x512-1.jpg?resize=700%2C400 2x"},"classes":[]},{"id":9067,"url":"http:\/\/www.grieta.org.mx\/index.php\/2016\/08\/22\/contaminacion-y-danos-a-la-salud-por-mineria-en-sonora\/","url_meta":{"origin":29497,"position":1},"title":"Contaminaci\u00f3n y da\u00f1os a la salud por miner\u00eda en Sonora","author":"Admin","date":"22 agosto, 2016","format":false,"excerpt":"Denuncian contaminaci\u00f3n del R\u00edo Sonora provocada por miner\u00eda 22\/08\/16. Contaminaci\u00f3n, despojo y negligencia: las acusaciones contra Grupo M\u00e9xico en Sonora Animal Pol\u00edtico 08\/08\/16. A 2 a\u00f1os del derrame contaminante en el R\u00edo Sonora, una 'mancha' que no se borra Expansi\u00f3n 01\/08\/16. A dos a\u00f1os de la contaminaci\u00f3n en R\u00edo Sonora:\u2026","rel":"","context":"En &quot;Miner\u00eda&quot;","block_context":{"text":"Miner\u00eda","link":"http:\/\/www.grieta.org.mx\/index.php\/category\/megaproyectos\/mineria\/"},"img":{"alt_text":"","src":"https:\/\/i0.wp.com\/www.grieta.org.mx\/wp-content\/uploads\/2018\/03\/14524434_1106112876131411_958039263622046936_o.jpg?resize=350%2C200","width":350,"height":200,"srcset":"https:\/\/i0.wp.com\/www.grieta.org.mx\/wp-content\/uploads\/2018\/03\/14524434_1106112876131411_958039263622046936_o.jpg?resize=350%2C200 1x, https:\/\/i0.wp.com\/www.grieta.org.mx\/wp-content\/uploads\/2018\/03\/14524434_1106112876131411_958039263622046936_o.jpg?resize=525%2C300 1.5x, https:\/\/i0.wp.com\/www.grieta.org.mx\/wp-content\/uploads\/2018\/03\/14524434_1106112876131411_958039263622046936_o.jpg?resize=700%2C400 2x"},"classes":[]},{"id":16706,"url":"http:\/\/www.grieta.org.mx\/index.php\/2016\/07\/09\/grupo-mexico-impune-por-la-mayor-tragedia-ambiental-habitantes-del-rio-sonora\/","url_meta":{"origin":29497,"position":2},"title":"Grupo M\u00e9xico, impune por la mayor tragedia ambiental: habitantes del r\u00edo Sonora","author":"Admin","date":"9 julio, 2016","format":false,"excerpt":"Grupo M\u00e9xico y Germ\u00e1n Larrea contin\u00faan impunes a pesar que reconocieron su responsabilidad por el mayor desastre ambiental en la historia de la miner\u00eda nacional DANIEL S\u00c1NCHEZ D\u00d3RAME Grupo M\u00e9xico y Germ\u00e1n Larrea contin\u00faan impunes a pesar que reconocieron su responsabilidad por el mayor desastre ambiental en la historia de\u2026","rel":"","context":"En &quot;CINTILLO&quot;","block_context":{"text":"CINTILLO","link":"http:\/\/www.grieta.org.mx\/index.php\/category\/cintillo\/"},"img":{"alt_text":"","src":"https:\/\/i0.wp.com\/www.grieta.org.mx\/wp-content\/uploads\/2018\/03\/14524434_1106112876131411_958039263622046936_o.jpg?resize=350%2C200","width":350,"height":200,"srcset":"https:\/\/i0.wp.com\/www.grieta.org.mx\/wp-content\/uploads\/2018\/03\/14524434_1106112876131411_958039263622046936_o.jpg?resize=350%2C200 1x, https:\/\/i0.wp.com\/www.grieta.org.mx\/wp-content\/uploads\/2018\/03\/14524434_1106112876131411_958039263622046936_o.jpg?resize=525%2C300 1.5x, https:\/\/i0.wp.com\/www.grieta.org.mx\/wp-content\/uploads\/2018\/03\/14524434_1106112876131411_958039263622046936_o.jpg?resize=700%2C400 2x"},"classes":[]},{"id":41215,"url":"http:\/\/www.grieta.org.mx\/index.php\/2019\/11\/15\/el-hospital-para-afectados-por-el-derrame-de-mina-en-sonora-sera-para-la-guardia-nacional-acusan\/","url_meta":{"origin":29497,"position":3},"title":"El hospital para afectados por el derrame de mina en Sonora ser\u00e1 para la Guardia Nacional, acusan","author":"grieta","date":"15 noviembre, 2019","format":false,"excerpt":"Guadalupe Fuentes L\u00f3pez\/SinEmbargo A cinco a\u00f1os del derrame t\u00f3xico en los r\u00edos Sonora y Bacanuchi, proveniente de la minera Buenavista del Cobre, propiedad de Grupo M\u00e9xico, las v\u00edctimas alertaron que el Centro de Salud prometido para atender a las personas afectadas y el cual est\u00e1 en obra negra, se entreg\u00f3\u2026","rel":"","context":"En &quot;CINTILLO&quot;","block_context":{"text":"CINTILLO","link":"http:\/\/www.grieta.org.mx\/index.php\/category\/cintillo\/"},"img":{"alt_text":"","src":"https:\/\/i0.wp.com\/www.grieta.org.mx\/wp-content\/uploads\/2019\/11\/photo_2019-11-11_18-26-17.jpg?resize=350%2C200","width":350,"height":200,"srcset":"https:\/\/i0.wp.com\/www.grieta.org.mx\/wp-content\/uploads\/2019\/11\/photo_2019-11-11_18-26-17.jpg?resize=350%2C200 1x, https:\/\/i0.wp.com\/www.grieta.org.mx\/wp-content\/uploads\/2019\/11\/photo_2019-11-11_18-26-17.jpg?resize=525%2C300 1.5x, https:\/\/i0.wp.com\/www.grieta.org.mx\/wp-content\/uploads\/2019\/11\/photo_2019-11-11_18-26-17.jpg?resize=700%2C400 2x"},"classes":[]},{"id":36195,"url":"http:\/\/www.grieta.org.mx\/index.php\/2019\/07\/11\/derrame-de-acido-en-guaymas-provocara-muerte-de-fauna-y-flora-en-mar-de-cortes-investigador-sonora\/","url_meta":{"origin":29497,"position":4},"title":"Derrame de \u00e1cido en Guaymas provocar\u00e1 muerte de fauna y flora en Mar de Cort\u00e9s: Investigador (Sonora)","author":"grieta","date":"11 julio, 2019","format":false,"excerpt":"Ra\u00fal Flores Mart\u00ednezRa\u00fal Flores Mart\u00ednez El Mar de Cort\u00e9s vive una contingencia ambiental con el derrame de tres mil litros de \u00e1cido sulf\u00farico, ocasionado por la fuga de un tanque en la Terminal Mar\u00edtima de Guaymas, Sonora, lo que va a provocar afectaciones severas en la vida de la flora\u2026","rel":"","context":"En &quot;CINTILLO&quot;","block_context":{"text":"CINTILLO","link":"http:\/\/www.grieta.org.mx\/index.php\/category\/cintillo\/"},"img":{"alt_text":"","src":"https:\/\/i0.wp.com\/www.grieta.org.mx\/wp-content\/uploads\/2019\/07\/Mar-Cort%C3%A9s-1.jpg?resize=350%2C200","width":350,"height":200,"srcset":"https:\/\/i0.wp.com\/www.grieta.org.mx\/wp-content\/uploads\/2019\/07\/Mar-Cort%C3%A9s-1.jpg?resize=350%2C200 1x, https:\/\/i0.wp.com\/www.grieta.org.mx\/wp-content\/uploads\/2019\/07\/Mar-Cort%C3%A9s-1.jpg?resize=525%2C300 1.5x, https:\/\/i0.wp.com\/www.grieta.org.mx\/wp-content\/uploads\/2019\/07\/Mar-Cort%C3%A9s-1.jpg?resize=700%2C400 2x"},"classes":[]},{"id":11792,"url":"http:\/\/www.grieta.org.mx\/index.php\/2016\/05\/03\/minera-derrama-400-mil-litros-de-solucion-de-cianuro-en-altar-sonora\/","url_meta":{"origin":29497,"position":5},"title":"Minera derrama 400 mil litros de soluci\u00f3n de cianuro en Altar, Sonora","author":"grieta","date":"3 mayo, 2016","format":false,"excerpt":"La fisura en un ducto de la mina El Chanate, de la empresa Santa Rita \u2013subsidiaria del grupo canadiense Aurico Gold Inc\u2013, provoc\u00f3 un derrame de 400 metros c\u00fabicos de soluci\u00f3n rica en cianuro que contamin\u00f3 una zona aleda\u00f1a en el municipio de Altar, en la zona des\u00e9rtica del norte\u2026","rel":"","context":"En &quot;CINTILLO&quot;","block_context":{"text":"CINTILLO","link":"http:\/\/www.grieta.org.mx\/index.php\/category\/cintillo\/"},"img":{"alt_text":"","src":"https:\/\/i0.wp.com\/www.grieta.org.mx\/wp-content\/uploads\/2018\/03\/14524434_1106112876131411_958039263622046936_o.jpg?resize=350%2C200","width":350,"height":200,"srcset":"https:\/\/i0.wp.com\/www.grieta.org.mx\/wp-content\/uploads\/2018\/03\/14524434_1106112876131411_958039263622046936_o.jpg?resize=350%2C200 1x, https:\/\/i0.wp.com\/www.grieta.org.mx\/wp-content\/uploads\/2018\/03\/14524434_1106112876131411_958039263622046936_o.jpg?resize=525%2C300 1.5x, https:\/\/i0.wp.com\/www.grieta.org.mx\/wp-content\/uploads\/2018\/03\/14524434_1106112876131411_958039263622046936_o.jpg?resize=700%2C400 2x"},"classes":[]}],"_links":{"self":[{"href":"http:\/\/www.grieta.org.mx\/index.php\/wp-json\/wp\/v2\/posts\/29497","targetHints":{"allow":["GET"]}}],"collection":[{"href":"http:\/\/www.grieta.org.mx\/index.php\/wp-json\/wp\/v2\/posts"}],"about":[{"href":"http:\/\/www.grieta.org.mx\/index.php\/wp-json\/wp\/v2\/types\/post"}],"author":[{"embeddable":true,"href":"http:\/\/www.grieta.org.mx\/index.php\/wp-json\/wp\/v2\/users\/2"}],"replies":[{"embeddable":true,"href":"http:\/\/www.grieta.org.mx\/index.php\/wp-json\/wp\/v2\/comments?post=29497"}],"version-history":[{"count":1,"href":"http:\/\/www.grieta.org.mx\/index.php\/wp-json\/wp\/v2\/posts\/29497\/revisions"}],"predecessor-version":[{"id":29557,"href":"http:\/\/www.grieta.org.mx\/index.php\/wp-json\/wp\/v2\/posts\/29497\/revisions\/29557"}],"wp:featuredmedia":[{"embeddable":true,"href":"http:\/\/www.grieta.org.mx\/index.php\/wp-json\/wp\/v2\/media\/29501"}],"wp:attachment":[{"href":"http:\/\/www.grieta.org.mx\/index.php\/wp-json\/wp\/v2\/media?parent=29497"}],"wp:term":[{"taxonomy":"category","embeddable":true,"href":"http:\/\/www.grieta.org.mx\/index.php\/wp-json\/wp\/v2\/categories?post=29497"},{"taxonomy":"post_tag","embeddable":true,"href":"http:\/\/www.grieta.org.mx\/index.php\/wp-json\/wp\/v2\/tags?post=29497"}],"curies":[{"name":"wp","href":"https:\/\/api.w.org\/{rel}","templated":true}]}}