{"id":29481,"date":"2019-02-22T12:11:47","date_gmt":"2019-02-22T18:11:47","guid":{"rendered":"http:\/\/www.grieta.org.mx\/?p=29481"},"modified":"2019-02-25T14:10:13","modified_gmt":"2019-02-25T20:10:13","slug":"samir-no-murio-el-estado-lo-mato-clamor-de-miles-en-la-marcha-para-exigir-justicia-se-anuncia-boicot-a-consulta-impuesta-cdmx","status":"publish","type":"post","link":"http:\/\/www.grieta.org.mx\/index.php\/2019\/02\/22\/samir-no-murio-el-estado-lo-mato-clamor-de-miles-en-la-marcha-para-exigir-justicia-se-anuncia-boicot-a-consulta-impuesta-cdmx\/","title":{"rendered":"\u201cSamir no muri\u00f3, el Estado lo mat\u00f3\u201d, clamor de miles en la marcha para exigir justicia. Se anuncia boicot a consulta impuesta. (CDMX)"},"content":{"rendered":"<p><img loading=\"lazy\" decoding=\"async\" data-attachment-id=\"29488\" data-permalink=\"http:\/\/www.grieta.org.mx\/index.php\/2019\/02\/22\/samir-no-murio-el-estado-lo-mato-clamor-de-miles-en-la-marcha-para-exigir-justicia-se-anuncia-boicot-a-consulta-impuesta-cdmx\/captura-de-pantalla-2019-02-23-12-29-23\/\" data-orig-file=\"http:\/\/www.grieta.org.mx\/wp-content\/uploads\/2019\/02\/Captura-de-pantalla-2019-02-23-12.29.23.png\" data-orig-size=\"554,209\" data-comments-opened=\"0\" data-image-meta=\"{&quot;aperture&quot;:&quot;0&quot;,&quot;credit&quot;:&quot;&quot;,&quot;camera&quot;:&quot;&quot;,&quot;caption&quot;:&quot;&quot;,&quot;created_timestamp&quot;:&quot;0&quot;,&quot;copyright&quot;:&quot;&quot;,&quot;focal_length&quot;:&quot;0&quot;,&quot;iso&quot;:&quot;0&quot;,&quot;shutter_speed&quot;:&quot;0&quot;,&quot;title&quot;:&quot;&quot;,&quot;orientation&quot;:&quot;0&quot;}\" data-image-title=\"Captura de pantalla 2019-02-23 12.29.23\" data-image-description=\"\" data-image-caption=\"\" data-medium-file=\"http:\/\/www.grieta.org.mx\/wp-content\/uploads\/2019\/02\/Captura-de-pantalla-2019-02-23-12.29.23-300x113.png\" data-large-file=\"http:\/\/www.grieta.org.mx\/wp-content\/uploads\/2019\/02\/Captura-de-pantalla-2019-02-23-12.29.23.png\" class=\"aligncenter size-full wp-image-29488\" src=\"http:\/\/www.grieta.org.mx\/wp-content\/uploads\/2019\/02\/Captura-de-pantalla-2019-02-23-12.29.23.png\" alt=\"\" width=\"702\" height=\"264\" srcset=\"http:\/\/www.grieta.org.mx\/wp-content\/uploads\/2019\/02\/Captura-de-pantalla-2019-02-23-12.29.23.png 554w, http:\/\/www.grieta.org.mx\/wp-content\/uploads\/2019\/02\/Captura-de-pantalla-2019-02-23-12.29.23-300x113.png 300w\" sizes=\"auto, (max-width: 702px) 100vw, 702px\" \/><\/p>\n<p>Colectivo Grieta<\/p>\n<p>El gobierno federal enfrent\u00f3 la tarde de ayer, en el coraz\u00f3n de la Ciudad de M\u00e9xico, la primera manifestaci\u00f3n de la izquierda de abajo, en la cual se repudi\u00f3 el crimen de Samir Flores Soberanes, delegado del CNI (Congreso Nacional Ind\u00edgena), periodista comunitario y dirigente popular morelense, perpetrado en un contexto de descalificaci\u00f3n y linchamiento que desde el gobierno federal se ha creado en contra de los pueblos que han manifestado su desacuerdo con la imposici\u00f3n de megaproyectos de muerte en sus territorios.<\/p>\n<p>Dando la espalda al Palacio Nacional, Liliana V\u00e1zquez, la viuda de Samir Flores, con la voz quebrada, pero en\u00e9rgica y firme, exigi\u00f3 justicia y denunci\u00f3: \u201ceste crimen que hizo este gobierno, que no quede impune, que se haga justicia para mi compa\u00f1ero, mi esposo y padre de mis hijos. \u00bfPor qu\u00e9 precisamente d\u00edas antes de la consulta lo mandan a matar? \u00bfPor qu\u00e9, pinche gobierno?\u201d.<\/p>\n<p><img loading=\"lazy\" decoding=\"async\" data-attachment-id=\"29482\" data-permalink=\"http:\/\/www.grieta.org.mx\/index.php\/2019\/02\/22\/samir-no-murio-el-estado-lo-mato-clamor-de-miles-en-la-marcha-para-exigir-justicia-se-anuncia-boicot-a-consulta-impuesta-cdmx\/captura-de-pantalla-2019-02-23-12-18-10\/\" data-orig-file=\"http:\/\/www.grieta.org.mx\/wp-content\/uploads\/2019\/02\/Captura-de-pantalla-2019-02-23-12.18.10.png\" data-orig-size=\"757,571\" data-comments-opened=\"0\" data-image-meta=\"{&quot;aperture&quot;:&quot;0&quot;,&quot;credit&quot;:&quot;&quot;,&quot;camera&quot;:&quot;&quot;,&quot;caption&quot;:&quot;&quot;,&quot;created_timestamp&quot;:&quot;0&quot;,&quot;copyright&quot;:&quot;&quot;,&quot;focal_length&quot;:&quot;0&quot;,&quot;iso&quot;:&quot;0&quot;,&quot;shutter_speed&quot;:&quot;0&quot;,&quot;title&quot;:&quot;&quot;,&quot;orientation&quot;:&quot;0&quot;}\" data-image-title=\"Captura de pantalla 2019-02-23 12.18.10\" data-image-description=\"\" data-image-caption=\"\" data-medium-file=\"http:\/\/www.grieta.org.mx\/wp-content\/uploads\/2019\/02\/Captura-de-pantalla-2019-02-23-12.18.10-300x226.png\" data-large-file=\"http:\/\/www.grieta.org.mx\/wp-content\/uploads\/2019\/02\/Captura-de-pantalla-2019-02-23-12.18.10.png\" class=\"aligncenter size-full wp-image-29482\" src=\"http:\/\/www.grieta.org.mx\/wp-content\/uploads\/2019\/02\/Captura-de-pantalla-2019-02-23-12.18.10.png\" alt=\"\" width=\"702\" height=\"468\" \/><\/p>\n<p>Recordemos que el pasado 10 de febrero habitantes agraviados por la imposici\u00f3n del Proyecto Integral Morelos (PIM) hab\u00edan protestado durante la visita que Andr\u00e9s Manuel L\u00f3pez Obrador realiz\u00f3 a Cuautla, ocasi\u00f3n en la que, enojado por las cr\u00edticas, se lanz\u00f3 contra quienes lo acusaban de traicionar su palabra, a los que descalific\u00f3 como \u201cradicales de izquierda\u201d y \u201cconservadores\u201d. Ante los improperios del presidente, Samir declar\u00f3: \u201cEs lamentable lo de Andr\u00e9s Manuel L\u00f3pez Obrador. No puedo dejar de pensar en un momento: cuando Madero entra al poder y le da la espalda al general Zapata. Esto me recuerda esa p\u00e1gina de la historia\u201d (PiedeP\u00e1gina, 10 de febrero de 2019. <a href=\"https:\/\/piedepagina.mx\/el-presidente-y-los-activistas-cronica-de-un-desencuentro-en-cuautla..php\">https:\/\/piedepagina.mx\/el-presidente-y-los-activistas-cronica-de-un-desencuentro-en-cuautla..php<\/a>). Todav\u00eda el 19 de febrero de este a\u00f1o, s\u00f3lo un d\u00eda antes de ser asesinado, Samir y otros compa\u00f1eros hab\u00edan cuestionado el Proyecto Integral Morelos en un &#8220;foro informativo&#8221; encabezado por Hugo Eric Cervantes Flores, el superdelegado en Morelos de L\u00f3pez Obrador por el Partido Encuentro Social, para promover las &#8220;bondades&#8221; de la termoel\u00e9ctrica.<\/p>\n<p>La viuda de Samir Flores se dirigi\u00f3 a la cabeza del Ejecutivo ante miles de manifestantes que marcharon del \u00c1ngel de la Independencia al Z\u00f3calo para concentrarse frente a la puerta principal de la sede del gobierno federal, para exigir el cierre de la termoel\u00e9ctrica de Huexca y para anunciar el boicot a la consulta sobre el megaproyecto:<\/p>\n<p>\u201c\u00bfQu\u00e9 le ten\u00edas miedo? \u00bfpor qu\u00e9 miedo?\u201d, pregunta la compa\u00f1era del l\u00edder asesinado, y ella misma se responde: \u201cporque nunca pudiste callarlo, porque nuca pudiste quitarlo de en medio m\u00e1s que asesin\u00e1ndolo. \u00c9sa fue tu forma de hacerlo a un lado, pero est\u00e1s equivocado: su voz va a seguir, su voz se va a seguirse escuchando por que \u00e9l dio la vida, dio la vida por su pueblo, por sus hijos, por defender la tierra, el agua y la vida. Por eso les pido a todos que exijamos justicia, que esto no se quede impune\u201d.<\/p>\n<p>La consigna principal, \u201cSamir no muri\u00f3, el gobierno lo mat\u00f3\u201d, se escuch\u00f3 al paso de la manifestaci\u00f3n por las avenidas Reforma y Ju\u00e1rez. Los manifestantes, entre los que se encontraban pobladores del estado de Morelos e integrantes de diversas organizaciones sociales como el Congreso Nacional Ind\u00edgena (CNI), las Redes de Apoyo al Consejo Ind\u00edgena de Gobierno (CIG), Adherentes de la Sexta Declaraci\u00f3n de la Selva Lacandona, colectivos de estudiantes, artistas e individuos, reclaman justicia y muestran su indignaci\u00f3n por la consulta ama\u00f1ada que, desde el gobierno federal, se instrumenta para promover un proyecto del que, en mayo de 2014, el ahora presidente de M\u00e9xico expres\u00f3: \u201cvamos a defender, con todo lo que podamos, a los pueblos. Que no queremos ese gasoducto, no queremos esa termoel\u00e9ctrica y no queremos tampoco las minas, que van nada m\u00e1s a destruir\u201d.<\/p>\n<p><img loading=\"lazy\" decoding=\"async\" data-attachment-id=\"29484\" data-permalink=\"http:\/\/www.grieta.org.mx\/index.php\/2019\/02\/22\/samir-no-murio-el-estado-lo-mato-clamor-de-miles-en-la-marcha-para-exigir-justicia-se-anuncia-boicot-a-consulta-impuesta-cdmx\/captura-de-pantalla-2019-02-23-12-26-56\/\" data-orig-file=\"http:\/\/www.grieta.org.mx\/wp-content\/uploads\/2019\/02\/Captura-de-pantalla-2019-02-23-12.26.56.png\" data-orig-size=\"578,319\" data-comments-opened=\"0\" data-image-meta=\"{&quot;aperture&quot;:&quot;0&quot;,&quot;credit&quot;:&quot;&quot;,&quot;camera&quot;:&quot;&quot;,&quot;caption&quot;:&quot;&quot;,&quot;created_timestamp&quot;:&quot;0&quot;,&quot;copyright&quot;:&quot;&quot;,&quot;focal_length&quot;:&quot;0&quot;,&quot;iso&quot;:&quot;0&quot;,&quot;shutter_speed&quot;:&quot;0&quot;,&quot;title&quot;:&quot;&quot;,&quot;orientation&quot;:&quot;0&quot;}\" data-image-title=\"Captura de pantalla 2019-02-23 12.26.56\" data-image-description=\"\" data-image-caption=\"\" data-medium-file=\"http:\/\/www.grieta.org.mx\/wp-content\/uploads\/2019\/02\/Captura-de-pantalla-2019-02-23-12.26.56-300x166.png\" data-large-file=\"http:\/\/www.grieta.org.mx\/wp-content\/uploads\/2019\/02\/Captura-de-pantalla-2019-02-23-12.26.56.png\" class=\"aligncenter size-full wp-image-29484\" src=\"http:\/\/www.grieta.org.mx\/wp-content\/uploads\/2019\/02\/Captura-de-pantalla-2019-02-23-12.26.56.png\" alt=\"\" width=\"702\" height=\"468\" \/><\/p>\n<p><img loading=\"lazy\" decoding=\"async\" data-attachment-id=\"29486\" data-permalink=\"http:\/\/www.grieta.org.mx\/index.php\/2019\/02\/22\/samir-no-murio-el-estado-lo-mato-clamor-de-miles-en-la-marcha-para-exigir-justicia-se-anuncia-boicot-a-consulta-impuesta-cdmx\/captura-de-pantalla-2019-02-23-12-27-53\/\" data-orig-file=\"http:\/\/www.grieta.org.mx\/wp-content\/uploads\/2019\/02\/Captura-de-pantalla-2019-02-23-12.27.53.png\" data-orig-size=\"533,299\" data-comments-opened=\"0\" data-image-meta=\"{&quot;aperture&quot;:&quot;0&quot;,&quot;credit&quot;:&quot;&quot;,&quot;camera&quot;:&quot;&quot;,&quot;caption&quot;:&quot;&quot;,&quot;created_timestamp&quot;:&quot;0&quot;,&quot;copyright&quot;:&quot;&quot;,&quot;focal_length&quot;:&quot;0&quot;,&quot;iso&quot;:&quot;0&quot;,&quot;shutter_speed&quot;:&quot;0&quot;,&quot;title&quot;:&quot;&quot;,&quot;orientation&quot;:&quot;0&quot;}\" data-image-title=\"Captura de pantalla 2019-02-23 12.27.53\" data-image-description=\"\" data-image-caption=\"\" data-medium-file=\"http:\/\/www.grieta.org.mx\/wp-content\/uploads\/2019\/02\/Captura-de-pantalla-2019-02-23-12.27.53-300x168.png\" data-large-file=\"http:\/\/www.grieta.org.mx\/wp-content\/uploads\/2019\/02\/Captura-de-pantalla-2019-02-23-12.27.53.png\" class=\"aligncenter size-full wp-image-29486\" src=\"http:\/\/www.grieta.org.mx\/wp-content\/uploads\/2019\/02\/Captura-de-pantalla-2019-02-23-12.27.53.png\" alt=\"\" width=\"702\" height=\"468\" \/><\/p>\n<p>Samir era uno de los principales opositores al Proyecto Integral Morelos que antes repudi\u00f3 Andr\u00e9s Manuel L\u00f3pez Obrador y ahora impulsa el gobierno de la autodenominada \u201cCuarta Transformaci\u00f3n\u201d. Con este prop\u00f3sito AMLO nombr\u00f3, como su delegado en Morelos, al arriba nombrado Hugo Eric Cervantes Flores, pastor bautista fundador del Partido Encuentro Social y, antes, del grupo paramilitar chiapaneco &#8220;Ej\u00e9rcito de dios&#8221;. Entusiasta antizapatista, este personaje fue defensor de los paramilitares responsables de la Masacre de Acteal en diciembre del 1997 y funcionario calderonista (oficial mayor de la Semarnat), cargo del cual fue relevado por defraudaci\u00f3n en programas forestales e inahabilitado para desempe\u00f1ar cargos p\u00fablicos hasta 2020. (Enrique Legorreta, &#8220;Eric Flores, de la inhabilitaci\u00f3n pol\u00edtica a la dirigencia de un partido&#8221;, Animal Pol\u00edtico, 6 de febrero de 2014. <a href=\"http:\/\/revoluciontrespuntocero.mx\/eric-flores-de-la-inhabilitacion-politica-a-la-dirigencia-de-un-partido\/\">revoluciontrespuntocero.mx\/eric-flores-de-la-inhabilitacion-politica-a-la-dirigencia-de-un-partido\/<\/a>). A pesar de estar inhabilitado, al pactar con el PES L\u00f3pez Obrador lo rehabilit\u00f3 en los hechos.<\/p>\n<p>Los manifestantes comenzaron a reunirse en la glorieta del \u00c1ngel de la Independencia a partir de las cuatro de la tarde, en respuesta al llamado para realizar acciones dislocadas de protesta a nivel nacional \u201cQuien Lucha por la vida nunca muere, No a termoel\u00e9ctrica en Morelos, Samir Vive\u201d, convocadas por el Frente de Pueblos en Defensa de la Tierra y el Agua (FPDTA) en los estados de Morelos, Puebla, Oaxaca y Tlaxcala. Por medio de pancartas y de viva voz los manifestantes exig\u00edan justicia por el asesinato del tambi\u00e9n fundador de \u201cRadio Amiltzinko\u201d, quien el pasado mi\u00e9rcoles, despu\u00e9s de las cinco de la ma\u00f1ana, recibi\u00f3 dos impactos de bala en la cabeza afuera de su casa.<\/p>\n<p><img loading=\"lazy\" decoding=\"async\" data-attachment-id=\"29487\" data-permalink=\"http:\/\/www.grieta.org.mx\/index.php\/2019\/02\/22\/samir-no-murio-el-estado-lo-mato-clamor-de-miles-en-la-marcha-para-exigir-justicia-se-anuncia-boicot-a-consulta-impuesta-cdmx\/captura-de-pantalla-2019-02-23-12-24-16\/\" data-orig-file=\"http:\/\/www.grieta.org.mx\/wp-content\/uploads\/2019\/02\/Captura-de-pantalla-2019-02-23-12.24.16.png\" data-orig-size=\"638,313\" data-comments-opened=\"0\" data-image-meta=\"{&quot;aperture&quot;:&quot;0&quot;,&quot;credit&quot;:&quot;&quot;,&quot;camera&quot;:&quot;&quot;,&quot;caption&quot;:&quot;&quot;,&quot;created_timestamp&quot;:&quot;0&quot;,&quot;copyright&quot;:&quot;&quot;,&quot;focal_length&quot;:&quot;0&quot;,&quot;iso&quot;:&quot;0&quot;,&quot;shutter_speed&quot;:&quot;0&quot;,&quot;title&quot;:&quot;&quot;,&quot;orientation&quot;:&quot;0&quot;}\" data-image-title=\"Captura de pantalla 2019-02-23 12.24.16\" data-image-description=\"\" data-image-caption=\"\" data-medium-file=\"http:\/\/www.grieta.org.mx\/wp-content\/uploads\/2019\/02\/Captura-de-pantalla-2019-02-23-12.24.16-300x147.png\" data-large-file=\"http:\/\/www.grieta.org.mx\/wp-content\/uploads\/2019\/02\/Captura-de-pantalla-2019-02-23-12.24.16.png\" class=\"aligncenter size-full wp-image-29487\" src=\"http:\/\/www.grieta.org.mx\/wp-content\/uploads\/2019\/02\/Captura-de-pantalla-2019-02-23-12.24.16.png\" alt=\"\" width=\"702\" height=\"468\" \/><\/p>\n<p>Alrededor de las 16:45 llegaron tres autobuses provenientes de Morelos con pobladores de distintos pueblos que actualmente reciben el asedio y persecuci\u00f3n por parte de funcionarios de los tres niveles de gobierno para que acepten la imposici\u00f3n de la termoel\u00e9ctrica de Huexca y la consulta que busca legitimarla. A las cinco de la tarde un enjambre de medios se arremolin\u00f3 en torno a los indignados y dolidos morelenses, respetando el cerco que tiende el colectivo Marabunta para protecci\u00f3n de los familiares y amigos de Samir. Los trabajadores de los medios independientes y de paga intentan acercarse para hacer sus placas y realizar una que otra entrevista en tanto los familiares mantienen el silencio y sostienen carteles con la imagen de Samir Flores. De pronto un grupo de j\u00f3venes mujeres rompe el silencio: \u201cSamir no muri\u00f3, el gobierno lo mat\u00f3\u201d, \u201cla decisi\u00f3n est\u00e1 tomada: la consulta a la chingada\u201d, \u201cni con sangre ni metralla, Amilcingo no se calla\u201d, \u201cgobierno maldito, asesinar es un delito\u201d. Durante la marcha no cesan \u00e9stas y otras consignas son tambi\u00e9n coreadas: \u201cSamir, moriste pero nunca te vendiste\u201d, \u201cObrador dec\u00eda que todo cambiar\u00eda, mentira, mentira, la misma porquer\u00eda\u201d.<\/p>\n<p><img loading=\"lazy\" decoding=\"async\" data-attachment-id=\"29483\" data-permalink=\"http:\/\/www.grieta.org.mx\/index.php\/2019\/02\/22\/samir-no-murio-el-estado-lo-mato-clamor-de-miles-en-la-marcha-para-exigir-justicia-se-anuncia-boicot-a-consulta-impuesta-cdmx\/captura-de-pantalla-2019-02-23-12-25-14\/\" data-orig-file=\"http:\/\/www.grieta.org.mx\/wp-content\/uploads\/2019\/02\/Captura-de-pantalla-2019-02-23-12.25.14.png\" data-orig-size=\"1006,565\" data-comments-opened=\"0\" data-image-meta=\"{&quot;aperture&quot;:&quot;0&quot;,&quot;credit&quot;:&quot;&quot;,&quot;camera&quot;:&quot;&quot;,&quot;caption&quot;:&quot;&quot;,&quot;created_timestamp&quot;:&quot;0&quot;,&quot;copyright&quot;:&quot;&quot;,&quot;focal_length&quot;:&quot;0&quot;,&quot;iso&quot;:&quot;0&quot;,&quot;shutter_speed&quot;:&quot;0&quot;,&quot;title&quot;:&quot;&quot;,&quot;orientation&quot;:&quot;0&quot;}\" data-image-title=\"Captura de pantalla 2019-02-23 12.25.14\" data-image-description=\"\" data-image-caption=\"\" data-medium-file=\"http:\/\/www.grieta.org.mx\/wp-content\/uploads\/2019\/02\/Captura-de-pantalla-2019-02-23-12.25.14-300x168.png\" data-large-file=\"http:\/\/www.grieta.org.mx\/wp-content\/uploads\/2019\/02\/Captura-de-pantalla-2019-02-23-12.25.14.png\" class=\"aligncenter size-full wp-image-29483\" src=\"http:\/\/www.grieta.org.mx\/wp-content\/uploads\/2019\/02\/Captura-de-pantalla-2019-02-23-12.25.14.png\" alt=\"\" width=\"702\" height=\"468\" \/><\/p>\n<p>La batucada acompa\u00f1\u00f3 con sus ritmos el despliegue popular, tambi\u00e9n hubo danzantes durante toda la marcha. Hab\u00eda gente que llevaba a sus hijos y muchos j\u00f3venes. Un se\u00f1or se acercaba a los transe\u00fantes con una pancarta que dec\u00eda \u201cAMLO asesino\u201d y murmuraba enojado: \u201cel pejebestia es un asesino peor que Calder\u00f3n y Pe\u00f1a Nieto\u201d.<\/p>\n<p>El mitin frente a Palacio Nacional concluy\u00f3 alrededor de las nueve de la noche. Tomaron el micr\u00f3fono diversos oradores de organizaciones sociales y colectivos quienes externaron su apoyo a los pueblos de Morelos en lucha y exigieron justicia y anunciaron que este fin de semana boicotear\u00e1n la consulta.<\/p>\n<p><img loading=\"lazy\" decoding=\"async\" data-attachment-id=\"29485\" data-permalink=\"http:\/\/www.grieta.org.mx\/index.php\/2019\/02\/22\/samir-no-murio-el-estado-lo-mato-clamor-de-miles-en-la-marcha-para-exigir-justicia-se-anuncia-boicot-a-consulta-impuesta-cdmx\/captura-de-pantalla-2019-02-23-12-22-47\/\" data-orig-file=\"http:\/\/www.grieta.org.mx\/wp-content\/uploads\/2019\/02\/Captura-de-pantalla-2019-02-23-12.22.47.png\" data-orig-size=\"634,387\" data-comments-opened=\"0\" data-image-meta=\"{&quot;aperture&quot;:&quot;0&quot;,&quot;credit&quot;:&quot;&quot;,&quot;camera&quot;:&quot;&quot;,&quot;caption&quot;:&quot;&quot;,&quot;created_timestamp&quot;:&quot;0&quot;,&quot;copyright&quot;:&quot;&quot;,&quot;focal_length&quot;:&quot;0&quot;,&quot;iso&quot;:&quot;0&quot;,&quot;shutter_speed&quot;:&quot;0&quot;,&quot;title&quot;:&quot;&quot;,&quot;orientation&quot;:&quot;0&quot;}\" data-image-title=\"Captura de pantalla 2019-02-23 12.22.47\" data-image-description=\"\" data-image-caption=\"\" data-medium-file=\"http:\/\/www.grieta.org.mx\/wp-content\/uploads\/2019\/02\/Captura-de-pantalla-2019-02-23-12.22.47-300x183.png\" data-large-file=\"http:\/\/www.grieta.org.mx\/wp-content\/uploads\/2019\/02\/Captura-de-pantalla-2019-02-23-12.22.47.png\" class=\"aligncenter size-full wp-image-29485\" src=\"http:\/\/www.grieta.org.mx\/wp-content\/uploads\/2019\/02\/Captura-de-pantalla-2019-02-23-12.22.47.png\" alt=\"\" width=\"702\" height=\"468\" \/><\/p>\n","protected":false},"excerpt":{"rendered":"<p>Colectivo Grieta El gobierno federal enfrent\u00f3 la tarde de ayer, en el coraz\u00f3n de la Ciudad de M\u00e9xico, la primera manifestaci\u00f3n de la izquierda de abajo, en la cual se &hellip; <a href=\"http:\/\/www.grieta.org.mx\/index.php\/2019\/02\/22\/samir-no-murio-el-estado-lo-mato-clamor-de-miles-en-la-marcha-para-exigir-justicia-se-anuncia-boicot-a-consulta-impuesta-cdmx\/\" class=\"more-link\">Leer m\u00e1s<\/a><\/p>\n","protected":false},"author":2,"featured_media":29487,"comment_status":"closed","ping_status":"closed","sticky":false,"template":"","format":"standard","meta":{"ngg_post_thumbnail":0,"_jetpack_newsletter_access":"","_jetpack_dont_email_post_to_subs":false,"_jetpack_newsletter_tier_id":0,"_jetpack_memberships_contains_paywalled_content":false,"_jetpack_memberships_contains_paid_content":false,"footnotes":""},"categories":[54,55,80,14,1775,970,974,1,954,3,922,22,2065,938,942,2027,2,44,26,1171,1423,1249,34],"tags":[2087],"class_list":["post-29481","post","type-post","status-publish","format-standard","has-post-thumbnail","hentry","category-10-huexca","category-11-amilcingo","category-cintillo","category-ciudad-de-mexico","category-colectivo-grieta","category-esp-morelos","category-esp-puebla","category-espejos-de-la-resistencia","category-espejos-estados","category-megaproyectos","category-megaproyectos-estados","category-morelos","category-movilizaciones-y-protestas-de-habitantes-de-la-ciudad-de-mexico","category-mp-morelos","category-mp-puebla","category-mp-tlaxcala","category-noticias-nacionales","category-proyecto-integral-morelos","category-puebla","category-rechazo-al-proyecto-integral-morelos-pim-en-morelos","category-rechazo-al-proyecto-integral-morelos-pim-en-tlaxcala","category-rechazo-al-proyecto-interal-morelos-en-puebla","category-tlaxcala","tag-rechazo-a-la-termoelectrica-en-huexca","entry"],"jetpack_featured_media_url":"http:\/\/www.grieta.org.mx\/wp-content\/uploads\/2019\/02\/Captura-de-pantalla-2019-02-23-12.24.16.png","jetpack_sharing_enabled":true,"jetpack_shortlink":"https:\/\/wp.me\/p7ZJR4-7Fv","jetpack_likes_enabled":false,"jetpack-related-posts":[{"id":29268,"url":"http:\/\/www.grieta.org.mx\/index.php\/2019\/02\/20\/asesinan-a-lider-de-opositores-a-la-termoelectrica-en-morelos\/","url_meta":{"origin":29481,"position":0},"title":"Asesinan a l\u00edder de opositores a la termoel\u00e9ctrica en Morelos","author":"grieta","date":"20 febrero, 2019","format":false,"excerpt":"Redacci\u00f3n \/ Quadratin Morelos TEMOAC, Mor., 20 de Febrero del 2019.- Fue confirmada la muerte de Samir Flores Soberanes tras un ataque armado la madrugada de este mi\u00e9rcoles en su domicilio en Amilcingo por un comando armado, seg\u00fan los primeros reportes. Se trata de qui\u00e9n encabez\u00f3 desde el inicio de\u2026","rel":"","context":"En &quot;10. Huexca&quot;","block_context":{"text":"10. Huexca","link":"http:\/\/www.grieta.org.mx\/index.php\/category\/espejos-de-la-resistencia\/10-huexca\/"},"img":{"alt_text":"","src":"https:\/\/i0.wp.com\/www.grieta.org.mx\/wp-content\/uploads\/2019\/02\/IMG_20190220_075909-1160x700.jpg?resize=350%2C200","width":350,"height":200,"srcset":"https:\/\/i0.wp.com\/www.grieta.org.mx\/wp-content\/uploads\/2019\/02\/IMG_20190220_075909-1160x700.jpg?resize=350%2C200 1x, https:\/\/i0.wp.com\/www.grieta.org.mx\/wp-content\/uploads\/2019\/02\/IMG_20190220_075909-1160x700.jpg?resize=525%2C300 1.5x, https:\/\/i0.wp.com\/www.grieta.org.mx\/wp-content\/uploads\/2019\/02\/IMG_20190220_075909-1160x700.jpg?resize=700%2C400 2x, https:\/\/i0.wp.com\/www.grieta.org.mx\/wp-content\/uploads\/2019\/02\/IMG_20190220_075909-1160x700.jpg?resize=1050%2C600 3x"},"classes":[]},{"id":55442,"url":"http:\/\/www.grieta.org.mx\/index.php\/2020\/11\/25\/pueblos-planean-tomar-carreteras-para-frenar-termoelectrica-de-huexca-morelos-puebla-tlaxcala\/","url_meta":{"origin":29481,"position":1},"title":"Pueblos planean tomar carreteras para frenar termoel\u00e9ctrica de Huexca (Morelos, Puebla, Tlaxcala)","author":"Admin","date":"25 noviembre, 2020","format":false,"excerpt":"Texto y Fotos: Estrella Pedroza \/ La Silla Rota CIUDAD AYALA.- Desde la cuna del agrarismo, los pueblos de Morelos emprendieron acciones de protesta por la irrupci\u00f3n de la Guardia Nacional al plant\u00f3n San Pedro Apatlaco, situado a las orillas del R\u00edo Cuautla en Ciudad Ayala, que se instal\u00f3 desde\u2026","rel":"","context":"En &quot;10. Huexca&quot;","block_context":{"text":"10. Huexca","link":"http:\/\/www.grieta.org.mx\/index.php\/category\/espejos-de-la-resistencia\/10-huexca\/"},"img":{"alt_text":"","src":"https:\/\/i0.wp.com\/www.grieta.org.mx\/wp-content\/uploads\/2020\/11\/Captura-de-Pantalla-2020-11-25-a-las-14.17.48.png?resize=350%2C200","width":350,"height":200,"srcset":"https:\/\/i0.wp.com\/www.grieta.org.mx\/wp-content\/uploads\/2020\/11\/Captura-de-Pantalla-2020-11-25-a-las-14.17.48.png?resize=350%2C200 1x, https:\/\/i0.wp.com\/www.grieta.org.mx\/wp-content\/uploads\/2020\/11\/Captura-de-Pantalla-2020-11-25-a-las-14.17.48.png?resize=525%2C300 1.5x, https:\/\/i0.wp.com\/www.grieta.org.mx\/wp-content\/uploads\/2020\/11\/Captura-de-Pantalla-2020-11-25-a-las-14.17.48.png?resize=700%2C400 2x, https:\/\/i0.wp.com\/www.grieta.org.mx\/wp-content\/uploads\/2020\/11\/Captura-de-Pantalla-2020-11-25-a-las-14.17.48.png?resize=1050%2C600 3x, https:\/\/i0.wp.com\/www.grieta.org.mx\/wp-content\/uploads\/2020\/11\/Captura-de-Pantalla-2020-11-25-a-las-14.17.48.png?resize=1400%2C800 4x"},"classes":[]},{"id":29755,"url":"http:\/\/www.grieta.org.mx\/index.php\/2019\/02\/25\/la-lucha-no-termina-aqui-activistas-sobre-termoelectrica-en-morelos\/","url_meta":{"origin":29481,"position":2},"title":"La lucha no termina aqu\u00ed: activistas sobre termoel\u00e9ctrica en Morelos","author":"grieta","date":"25 febrero, 2019","format":false,"excerpt":"Felipe Rodea, Ver\u00f3nica Bacaz \/ El Financiero Tras conocer el resultado de la consulta favorable a la construcci\u00f3n de la termoel\u00e9ctrica en Morelos, el Frente de Pueblos en Defensa de la Tierra y Agua Morelos, Puebla, Tlaxcala, advirti\u00f3 que la batalla por cancelar el proyecto apenas comienza. \"La lucha no\u2026","rel":"","context":"En &quot;10. Huexca&quot;","block_context":{"text":"10. Huexca","link":"http:\/\/www.grieta.org.mx\/index.php\/category\/espejos-de-la-resistencia\/10-huexca\/"},"img":{"alt_text":"","src":"https:\/\/i0.wp.com\/www.grieta.org.mx\/wp-content\/uploads\/2019\/02\/752d2c9ecf1550851348_standard_desktop_medium_retina.jpeg?resize=350%2C200","width":350,"height":200,"srcset":"https:\/\/i0.wp.com\/www.grieta.org.mx\/wp-content\/uploads\/2019\/02\/752d2c9ecf1550851348_standard_desktop_medium_retina.jpeg?resize=350%2C200 1x, https:\/\/i0.wp.com\/www.grieta.org.mx\/wp-content\/uploads\/2019\/02\/752d2c9ecf1550851348_standard_desktop_medium_retina.jpeg?resize=525%2C300 1.5x, https:\/\/i0.wp.com\/www.grieta.org.mx\/wp-content\/uploads\/2019\/02\/752d2c9ecf1550851348_standard_desktop_medium_retina.jpeg?resize=700%2C400 2x, https:\/\/i0.wp.com\/www.grieta.org.mx\/wp-content\/uploads\/2019\/02\/752d2c9ecf1550851348_standard_desktop_medium_retina.jpeg?resize=1050%2C600 3x"},"classes":[]},{"id":32015,"url":"http:\/\/www.grieta.org.mx\/index.php\/2019\/04\/09\/juez-exige-al-gobierno-subsanar-irregularidades-en-la-construccion-del-gasoducto-en-morelos\/","url_meta":{"origin":29481,"position":3},"title":"Juez exige al gobierno subsanar irregularidades en la construcci\u00f3n del gasoducto en Morelos","author":"grieta","date":"9 abril, 2019","format":false,"excerpt":"POR JOS\u00c9 RA\u00daL LINARES Y JAIME LUIS BRITO \/ Proceso CIUDAD DE M\u00c9XICO (apro).- Ante el aumento de la actividad del volc\u00e1n Popocat\u00e9petl, un juez federal con sede en Puebla, otorg\u00f3 un amparo de plano a favor de dos comunidades cercanas al cr\u00e1ter, a fin de que las autoridades subsanen\u2026","rel":"","context":"En &quot;10. Huexca&quot;","block_context":{"text":"10. Huexca","link":"http:\/\/www.grieta.org.mx\/index.php\/category\/espejos-de-la-resistencia\/10-huexca\/"},"img":{"alt_text":"","src":"https:\/\/i0.wp.com\/www.grieta.org.mx\/wp-content\/uploads\/2019\/04\/gg51.jpg?resize=350%2C200","width":350,"height":200,"srcset":"https:\/\/i0.wp.com\/www.grieta.org.mx\/wp-content\/uploads\/2019\/04\/gg51.jpg?resize=350%2C200 1x, https:\/\/i0.wp.com\/www.grieta.org.mx\/wp-content\/uploads\/2019\/04\/gg51.jpg?resize=525%2C300 1.5x, https:\/\/i0.wp.com\/www.grieta.org.mx\/wp-content\/uploads\/2019\/04\/gg51.jpg?resize=700%2C400 2x, https:\/\/i0.wp.com\/www.grieta.org.mx\/wp-content\/uploads\/2019\/04\/gg51.jpg?resize=1050%2C600 3x"},"classes":[]},{"id":31071,"url":"http:\/\/www.grieta.org.mx\/index.php\/2019\/03\/21\/ong-exige-investigar-posible-implicacion-de-tres-empresas-espanolas-en-el-crimen-de-samir-flores-morelos\/","url_meta":{"origin":29481,"position":4},"title":"ONG exige investigar posible implicaci\u00f3n de tres empresas espa\u00f1olas en el crimen de Samir Flores (Morelos)","author":"grieta","date":"21 marzo, 2019","format":false,"excerpt":"Alejandro Guti\u00e9rrez \/ Proceso MADRID (apro).- La organizaci\u00f3n Ecologistas en Acci\u00f3n exigi\u00f3 al gobierno mexicano que se investigue y aclare la posible implicaci\u00f3n de las empresas espa\u00f1olas Abengoa, Elecnor y Enagas, en el asesinato del activista Samir Flores. A un mes del asesinato de Flores, Ecologistas en Acci\u00f3n pone la\u2026","rel":"","context":"En &quot;10. Huexca&quot;","block_context":{"text":"10. Huexca","link":"http:\/\/www.grieta.org.mx\/index.php\/category\/espejos-de-la-resistencia\/10-huexca\/"},"img":{"alt_text":"","src":"https:\/\/i0.wp.com\/www.grieta.org.mx\/wp-content\/uploads\/2019\/03\/samir3-1078x808.jpg?resize=350%2C200","width":350,"height":200,"srcset":"https:\/\/i0.wp.com\/www.grieta.org.mx\/wp-content\/uploads\/2019\/03\/samir3-1078x808.jpg?resize=350%2C200 1x, https:\/\/i0.wp.com\/www.grieta.org.mx\/wp-content\/uploads\/2019\/03\/samir3-1078x808.jpg?resize=525%2C300 1.5x, https:\/\/i0.wp.com\/www.grieta.org.mx\/wp-content\/uploads\/2019\/03\/samir3-1078x808.jpg?resize=700%2C400 2x, https:\/\/i0.wp.com\/www.grieta.org.mx\/wp-content\/uploads\/2019\/03\/samir3-1078x808.jpg?resize=1050%2C600 3x"},"classes":[]},{"id":31118,"url":"http:\/\/www.grieta.org.mx\/index.php\/2019\/03\/20\/se-exige-que-se-aclare-el-papel-de-empresas-espanolas-en-el-asesinato-de-samir-flores-morelos\/","url_meta":{"origin":29481,"position":5},"title":"Se exige que se aclare el papel de empresas espa\u00f1olas en el asesinato de Samir Flores (Morelos)","author":"grieta","date":"20 marzo, 2019","format":false,"excerpt":"Redacci\u00f3n \/ tercerainformaci\u00f3n.es - A un mes del asesinato del activista mexicano Samir Flores, Ecologistas en Acci\u00f3n exige que se aclare la implicaci\u00f3n de las empresas espa\u00f1olas vinculadas al Proyecto Integral Morelos (PIM). - Este defensor de los derechos humanos se opon\u00eda al PIM, un plan de infraestructuras de gran\u2026","rel":"","context":"En &quot;10. Huexca&quot;","block_context":{"text":"10. Huexca","link":"http:\/\/www.grieta.org.mx\/index.php\/category\/espejos-de-la-resistencia\/10-huexca\/"},"img":{"alt_text":"","src":"https:\/\/i0.wp.com\/www.grieta.org.mx\/wp-content\/uploads\/2019\/03\/direct-7.jpg?resize=350%2C200","width":350,"height":200,"srcset":"https:\/\/i0.wp.com\/www.grieta.org.mx\/wp-content\/uploads\/2019\/03\/direct-7.jpg?resize=350%2C200 1x, https:\/\/i0.wp.com\/www.grieta.org.mx\/wp-content\/uploads\/2019\/03\/direct-7.jpg?resize=525%2C300 1.5x"},"classes":[]}],"_links":{"self":[{"href":"http:\/\/www.grieta.org.mx\/index.php\/wp-json\/wp\/v2\/posts\/29481","targetHints":{"allow":["GET"]}}],"collection":[{"href":"http:\/\/www.grieta.org.mx\/index.php\/wp-json\/wp\/v2\/posts"}],"about":[{"href":"http:\/\/www.grieta.org.mx\/index.php\/wp-json\/wp\/v2\/types\/post"}],"author":[{"embeddable":true,"href":"http:\/\/www.grieta.org.mx\/index.php\/wp-json\/wp\/v2\/users\/2"}],"replies":[{"embeddable":true,"href":"http:\/\/www.grieta.org.mx\/index.php\/wp-json\/wp\/v2\/comments?post=29481"}],"version-history":[{"count":1,"href":"http:\/\/www.grieta.org.mx\/index.php\/wp-json\/wp\/v2\/posts\/29481\/revisions"}],"predecessor-version":[{"id":29633,"href":"http:\/\/www.grieta.org.mx\/index.php\/wp-json\/wp\/v2\/posts\/29481\/revisions\/29633"}],"wp:featuredmedia":[{"embeddable":true,"href":"http:\/\/www.grieta.org.mx\/index.php\/wp-json\/wp\/v2\/media\/29487"}],"wp:attachment":[{"href":"http:\/\/www.grieta.org.mx\/index.php\/wp-json\/wp\/v2\/media?parent=29481"}],"wp:term":[{"taxonomy":"category","embeddable":true,"href":"http:\/\/www.grieta.org.mx\/index.php\/wp-json\/wp\/v2\/categories?post=29481"},{"taxonomy":"post_tag","embeddable":true,"href":"http:\/\/www.grieta.org.mx\/index.php\/wp-json\/wp\/v2\/tags?post=29481"}],"curies":[{"name":"wp","href":"https:\/\/api.w.org\/{rel}","templated":true}]}}