{"id":29475,"date":"2019-02-22T10:00:41","date_gmt":"2019-02-22T16:00:41","guid":{"rendered":"http:\/\/www.grieta.org.mx\/?p=29475"},"modified":"2019-02-24T12:45:37","modified_gmt":"2019-02-24T18:45:37","slug":"protestan-frente-a-palacio-nacional-por-estancias-infantiles-guanajuato-guerrero-ciudad-de-mexico","status":"publish","type":"post","link":"http:\/\/www.grieta.org.mx\/index.php\/2019\/02\/22\/protestan-frente-a-palacio-nacional-por-estancias-infantiles-guanajuato-guerrero-ciudad-de-mexico\/","title":{"rendered":"Protestan frente a Palacio Nacional por estancias infantiles (Guanajuato, Guerrero, Ciudad de M\u00e9xico)"},"content":{"rendered":"<figure id=\"attachment_29476\" aria-describedby=\"caption-attachment-29476\" style=\"width: 620px\" class=\"wp-caption aligncenter\"><img loading=\"lazy\" decoding=\"async\" data-attachment-id=\"29476\" data-permalink=\"http:\/\/www.grieta.org.mx\/index.php\/2019\/02\/22\/protestan-frente-a-palacio-nacional-por-estancias-infantiles-guanajuato-guerrero-ciudad-de-mexico\/0821_protestas-por-estancias-infantiles_620x350\/\" data-orig-file=\"http:\/\/www.grieta.org.mx\/wp-content\/uploads\/2019\/02\/0821_protestas-por-estancias-infantiles_620x350.jpg\" data-orig-size=\"620,350\" data-comments-opened=\"0\" data-image-meta=\"{&quot;aperture&quot;:&quot;0&quot;,&quot;credit&quot;:&quot;&quot;,&quot;camera&quot;:&quot;&quot;,&quot;caption&quot;:&quot;&quot;,&quot;created_timestamp&quot;:&quot;0&quot;,&quot;copyright&quot;:&quot;&quot;,&quot;focal_length&quot;:&quot;0&quot;,&quot;iso&quot;:&quot;0&quot;,&quot;shutter_speed&quot;:&quot;0&quot;,&quot;title&quot;:&quot;&quot;,&quot;orientation&quot;:&quot;0&quot;}\" data-image-title=\"0821_protestas-por-estancias-infantiles_620x350\" data-image-description=\"\" data-image-caption=\"&lt;p&gt;Protestas por estancias infantiles.&lt;br \/&gt;\nFoto propiedad de: Cuartoscuro&lt;\/p&gt;\n\" data-medium-file=\"http:\/\/www.grieta.org.mx\/wp-content\/uploads\/2019\/02\/0821_protestas-por-estancias-infantiles_620x350-300x169.jpg\" data-large-file=\"http:\/\/www.grieta.org.mx\/wp-content\/uploads\/2019\/02\/0821_protestas-por-estancias-infantiles_620x350.jpg\" class=\"size-full wp-image-29476\" src=\"http:\/\/www.grieta.org.mx\/wp-content\/uploads\/2019\/02\/0821_protestas-por-estancias-infantiles_620x350.jpg\" alt=\"\" width=\"620\" height=\"350\" srcset=\"http:\/\/www.grieta.org.mx\/wp-content\/uploads\/2019\/02\/0821_protestas-por-estancias-infantiles_620x350.jpg 620w, http:\/\/www.grieta.org.mx\/wp-content\/uploads\/2019\/02\/0821_protestas-por-estancias-infantiles_620x350-300x169.jpg 300w\" sizes=\"auto, (max-width: 620px) 100vw, 620px\" \/><figcaption id=\"caption-attachment-29476\" class=\"wp-caption-text\">Protestas por estancias infantiles.<br \/>Foto propiedad de: Cuartoscuro<\/figcaption><\/figure>\n<p><strong>Dijeron proceder de estados como Guerrero, Guanajuato y la Ciudad de M\u00e9xico.<\/strong><br \/>\nRedacci\u00f3n SDPnoticias vie 22 feb 2019 08:22<br \/>\nM\u00e9xico.- La ma\u00f1ana de este viernes, un grupo de empleadas de estancias infantiles se manifestaron frente a Palacio Nacional en demanda de reasignaciones presupuestales.<\/p>\n<p>Agitando globos de colores y banderines con nombres de las estancias infantiles que representan, las quejosas dijeron proceder de estados como Guerrero, Guanajuato y la Ciudad de M\u00e9xico.<\/p>\n<p>De acuerdo con Reforma, se lanzaron consignas como &#8220;\u00a1Nos fallaste, nos fallaste!&#8221;, &#8220;\u00a1Estancias s\u00ed, desempleo no!&#8221;, &#8220;\u00bfEn d\u00f3nde est\u00e1, en d\u00f3nde est\u00e1, el Presiente que nos iba a apoyar?&#8221;.<\/p>\n<p><a href=\"https:\/\/www.sdpnoticias.com\/nacional\/2019\/02\/22\/protestan-frente-a-palacio-nacional-por-estancias-infantiles\">https:\/\/www.sdpnoticias.com\/nacional\/2019\/02\/22\/protestan-frente-a-palacio-nacional-por-estancias-infantiles<\/a><\/p>\n","protected":false},"excerpt":{"rendered":"<p>Dijeron proceder de estados como Guerrero, Guanajuato y la Ciudad de M\u00e9xico. Redacci\u00f3n SDPnoticias vie 22 feb 2019 08:22 M\u00e9xico.- La ma\u00f1ana de este viernes, un grupo de empleadas de &hellip; <a href=\"http:\/\/www.grieta.org.mx\/index.php\/2019\/02\/22\/protestan-frente-a-palacio-nacional-por-estancias-infantiles-guanajuato-guerrero-ciudad-de-mexico\/\" class=\"more-link\">Leer m\u00e1s<\/a><\/p>\n","protected":false},"author":2,"featured_media":29476,"comment_status":"closed","ping_status":"closed","sticky":false,"template":"","format":"standard","meta":{"ngg_post_thumbnail":0,"_jetpack_newsletter_access":"","_jetpack_dont_email_post_to_subs":false,"_jetpack_newsletter_tier_id":0,"_jetpack_memberships_contains_paywalled_content":false,"_jetpack_memberships_contains_paid_content":false,"footnotes":""},"categories":[80,340,14,1080,1982,2142,471,17,18,320,2065,2119],"tags":[102,1681,1290],"class_list":{"0":"post-29475","1":"post","2":"type-post","3":"status-publish","4":"format-standard","5":"has-post-thumbnail","6":"hentry","7":"category-cintillo","8":"category-ciudad-de-mexico","10":"category-conflictos-laborales-en-la-ciudad-de-mexico","11":"category-crisis-de-la-educacion-publica-en-guerrero","12":"category-crisis-en-el-sistema-educativo-en-guanajuato","13":"category-guanajuato","15":"category-guerrero","17":"category-movilizaciones-y-protestas-de-habitantes-de-la-ciudad-de-mexico","18":"category-precarizacion-de-las-condiciones-laborales-en-la-ciudad-de-mexico","19":"tag-derecho-a-la-educacion","20":"tag-precariedad-de-planteles-educativos","21":"tag-precariedad-laboral","22":"entry"},"jetpack_featured_media_url":"http:\/\/www.grieta.org.mx\/wp-content\/uploads\/2019\/02\/0821_protestas-por-estancias-infantiles_620x350.jpg","jetpack_sharing_enabled":true,"jetpack_shortlink":"https:\/\/wp.me\/p7ZJR4-7Fp","jetpack_likes_enabled":false,"jetpack-related-posts":[{"id":34260,"url":"http:\/\/www.grieta.org.mx\/index.php\/2019\/06\/03\/guanajuato-hundido-en-desarrollo-humano\/","url_meta":{"origin":29475,"position":0},"title":"Guanajuato, hundido en desarrollo humano","author":"grieta","date":"3 junio, 2019","format":false,"excerpt":"Guanajuato no s\u00f3lo tiene resultados negativos en seguridad, sino tambi\u00e9n en desarrollo humano. Por: Cutberto Jim\u00e9nez Mayagoitia\/ AM Le\u00f3n, Guanajuato, 03 de junio de 2019 Guanajuato.- El estado de Guanajuato est\u00e1 hundido en el \u00cdndice de Desarrollo Humano de las Naciones Unidas. El Informe de Desarrollo Humano Municipal 2010-2015 \u201cTransformando\u2026","rel":"","context":"En &quot;CINTILLO&quot;","block_context":{"text":"CINTILLO","link":"http:\/\/www.grieta.org.mx\/index.php\/category\/cintillo\/"},"img":{"alt_text":"","src":"https:\/\/i0.wp.com\/www.grieta.org.mx\/wp-content\/uploads\/2019\/06\/direct-2.jpg?resize=350%2C200","width":350,"height":200,"srcset":"https:\/\/i0.wp.com\/www.grieta.org.mx\/wp-content\/uploads\/2019\/06\/direct-2.jpg?resize=350%2C200 1x, https:\/\/i0.wp.com\/www.grieta.org.mx\/wp-content\/uploads\/2019\/06\/direct-2.jpg?resize=525%2C300 1.5x, https:\/\/i0.wp.com\/www.grieta.org.mx\/wp-content\/uploads\/2019\/06\/direct-2.jpg?resize=700%2C400 2x, https:\/\/i0.wp.com\/www.grieta.org.mx\/wp-content\/uploads\/2019\/06\/direct-2.jpg?resize=1050%2C600 3x"},"classes":[]},{"id":32792,"url":"http:\/\/www.grieta.org.mx\/index.php\/2019\/04\/26\/reportan-mas-de-4-mil-menores-asesinados-en-tres-anos-en-mexico\/","url_meta":{"origin":29475,"position":1},"title":"Reportan m\u00e1s de 4 mil menores asesinados en tres a\u00f1os en M\u00e9xico","author":"grieta","date":"26 abril, 2019","format":false,"excerpt":"Lizett Ximena Mej\u00eda\/Excelsior CIUDAD DE M\u00c9XICO. Desde el 2015 hasta el d\u00eda de hoy han sido asesinados 4 mil 299 ni\u00f1os, ni\u00f1as y adolescentes en M\u00e9xico. De acuerdo con la Red por los Derechos de la Infancia en M\u00e9xico (REDIM), los homicidios aumentaron 42% en estos \u00faltimos tres a\u00f1os debido\u2026","rel":"","context":"En &quot;CINTILLO&quot;","block_context":{"text":"CINTILLO","link":"http:\/\/www.grieta.org.mx\/index.php\/category\/cintillo\/"},"img":{"alt_text":"","src":"https:\/\/i0.wp.com\/www.grieta.org.mx\/wp-content\/uploads\/2019\/05\/2137754.jpg?resize=350%2C200","width":350,"height":200},"classes":[]},{"id":40522,"url":"http:\/\/www.grieta.org.mx\/index.php\/2019\/10\/25\/sindicato-de-trabajadores-del-instituto-de-educacion-media-superior-emplazan-a-huelga-ciudad-de-mexico\/","url_meta":{"origin":29475,"position":2},"title":"Sindicato de trabajadores del Instituto de Educaci\u00f3n Media Superior emplazan a huelga (Ciudad de M\u00e9xico)","author":"grieta","date":"25 octubre, 2019","format":false,"excerpt":"\u00a0 La Izquierda Diario de M\u00e9xico El Sindicato pidi\u00f3 crear oportunamente plazas para los nuevos planteles y basificar a los profesores de modalidad semiescolar El Sindicato de la Uni\u00f3n de Trabajadores del Instituto de Educaci\u00f3n Media Superior (Sutiems) emplaz\u00f3 a huelga el pr\u00f3ximo 5 de noviembre. Hizo un llamado a\u2026","rel":"","context":"En &quot;CINTILLO&quot;","block_context":{"text":"CINTILLO","link":"http:\/\/www.grieta.org.mx\/index.php\/category\/cintillo\/"},"img":{"alt_text":"","src":"https:\/\/i0.wp.com\/www.grieta.org.mx\/wp-content\/uploads\/2019\/10\/Sindicato-de-trabajadores-del-Instituto-de-Educaci%C3%B3n-Media-Superior-emplazan-a-huelga-cdmx-oct.jpg?resize=350%2C200","width":350,"height":200},"classes":[]},{"id":30219,"url":"http:\/\/www.grieta.org.mx\/index.php\/2019\/03\/06\/mujeres-de-al-menos-12-estados-exigen-legalizar-ya-el-aborto-y-evitar-poner-en-riesgo-sus-vidas-baja-california-durango-estado-de-mexico-guanajuato-guerrero-michoacan-nayarit-oaxaca-puebla-q\/","url_meta":{"origin":29475,"position":3},"title":"Mujeres de al menos 12 estados exigen legalizar ya el aborto y evitar poner en riesgo sus vidas (Baja California, Durango, Estado de M\u00e9xico, Guanajuato, Guerrero, Michoac\u00e1n, Nayarit, Oaxaca, Puebla, Quintana Roo y Veracruz)","author":"grieta","date":"6 marzo, 2019","format":false,"excerpt":"En la v\u00edspera del D\u00eda Internacional de la Mujer que se celebra el pr\u00f3ximo 8 de marzo, mujeres de varios puntos del pa\u00eds exigieron al Estado que garantice \u201cel aborto legal, seguro y gratuito en todo M\u00e9xico\u201d. Manifestaron que con la penalizaci\u00f3n del aborto se criminaliza a las mujeres y\u2026","rel":"","context":"En &quot;Baja California&quot;","block_context":{"text":"Baja California","link":"http:\/\/www.grieta.org.mx\/index.php\/category\/noticias-nacionales\/baja-california\/"},"img":{"alt_text":"","src":"https:\/\/i0.wp.com\/www.grieta.org.mx\/wp-content\/uploads\/2019\/03\/aborto.jpg?resize=350%2C200","width":350,"height":200,"srcset":"https:\/\/i0.wp.com\/www.grieta.org.mx\/wp-content\/uploads\/2019\/03\/aborto.jpg?resize=350%2C200 1x, https:\/\/i0.wp.com\/www.grieta.org.mx\/wp-content\/uploads\/2019\/03\/aborto.jpg?resize=525%2C300 1.5x, https:\/\/i0.wp.com\/www.grieta.org.mx\/wp-content\/uploads\/2019\/03\/aborto.jpg?resize=700%2C400 2x, https:\/\/i0.wp.com\/www.grieta.org.mx\/wp-content\/uploads\/2019\/03\/aborto.jpg?resize=1050%2C600 3x"},"classes":[]},{"id":34796,"url":"http:\/\/www.grieta.org.mx\/index.php\/2019\/05\/20\/crecen-protestas-por-cientos-de-despidos-via-whatsapp-en-conafe\/","url_meta":{"origin":29475,"position":4},"title":"Crecen protestas por cientos de despidos v\u00eda WhatsApp en Conafe","author":"grieta","date":"20 mayo, 2019","format":false,"excerpt":"En redes sociales, trabajadores de diferentes entidades reprocharon la decisi\u00f3n del director de Conafe, Cuauht\u00e9moc S\u00e1nchez Osio, respecto a los despidos de m\u00e1s de 500 personas. Anabel Clemente\/ El Financiero, 20\/05\/2019 Trabajadores administrativos eventuales del Consejo Nacional de Fomento Educativo (Conafe) mantienen protestas por despidos de m\u00e1s de 500 personas\u2026","rel":"","context":"En &quot;Campeche&quot;","block_context":{"text":"Campeche","link":"http:\/\/www.grieta.org.mx\/index.php\/category\/noticias-nacionales\/campeche\/"},"img":{"alt_text":"","src":"https:\/\/i0.wp.com\/www.grieta.org.mx\/wp-content\/uploads\/2019\/06\/856fc816231558325724_standard_desktop_medium_retina.jpeg?resize=350%2C200","width":350,"height":200,"srcset":"https:\/\/i0.wp.com\/www.grieta.org.mx\/wp-content\/uploads\/2019\/06\/856fc816231558325724_standard_desktop_medium_retina.jpeg?resize=350%2C200 1x, https:\/\/i0.wp.com\/www.grieta.org.mx\/wp-content\/uploads\/2019\/06\/856fc816231558325724_standard_desktop_medium_retina.jpeg?resize=525%2C300 1.5x, https:\/\/i0.wp.com\/www.grieta.org.mx\/wp-content\/uploads\/2019\/06\/856fc816231558325724_standard_desktop_medium_retina.jpeg?resize=700%2C400 2x, https:\/\/i0.wp.com\/www.grieta.org.mx\/wp-content\/uploads\/2019\/06\/856fc816231558325724_standard_desktop_medium_retina.jpeg?resize=1050%2C600 3x"},"classes":[]},{"id":37783,"url":"http:\/\/www.grieta.org.mx\/index.php\/2019\/08\/09\/guanajuato-se-acerca-al-dia-cero-por-crisis-de-agua\/","url_meta":{"origin":29475,"position":5},"title":"Guanajuato se acerca al \u201cD\u00eda Cero\u201d por crisis de agua","author":"grieta","date":"9 agosto, 2019","format":false,"excerpt":"Seg\u00fan datos del Instituto de Recursos Mundiales, el peligro de quedarse sin agua es m\u00e1s latente en M\u00e9xico . A nivel global, la naci\u00f3n est\u00e1 en el nivel de \u2018alto estr\u00e9s h\u00eddrico\u2019. Por: Francisco Mancera \/ AM Le\u00f3n Guanajuato, 09 de Agosto de 2019 Celaya.- Guanajuato es el segundo estado\u2026","rel":"","context":"En &quot;CINTILLO&quot;","block_context":{"text":"CINTILLO","link":"http:\/\/www.grieta.org.mx\/index.php\/category\/cintillo\/"},"img":{"alt_text":"","src":"https:\/\/i0.wp.com\/www.grieta.org.mx\/wp-content\/uploads\/2019\/08\/guanajuato-dia-cero-crisis-agua.jpg_851672003.jpg?resize=350%2C200","width":350,"height":200,"srcset":"https:\/\/i0.wp.com\/www.grieta.org.mx\/wp-content\/uploads\/2019\/08\/guanajuato-dia-cero-crisis-agua.jpg_851672003.jpg?resize=350%2C200 1x, https:\/\/i0.wp.com\/www.grieta.org.mx\/wp-content\/uploads\/2019\/08\/guanajuato-dia-cero-crisis-agua.jpg_851672003.jpg?resize=525%2C300 1.5x, https:\/\/i0.wp.com\/www.grieta.org.mx\/wp-content\/uploads\/2019\/08\/guanajuato-dia-cero-crisis-agua.jpg_851672003.jpg?resize=700%2C400 2x"},"classes":[]}],"_links":{"self":[{"href":"http:\/\/www.grieta.org.mx\/index.php\/wp-json\/wp\/v2\/posts\/29475","targetHints":{"allow":["GET"]}}],"collection":[{"href":"http:\/\/www.grieta.org.mx\/index.php\/wp-json\/wp\/v2\/posts"}],"about":[{"href":"http:\/\/www.grieta.org.mx\/index.php\/wp-json\/wp\/v2\/types\/post"}],"author":[{"embeddable":true,"href":"http:\/\/www.grieta.org.mx\/index.php\/wp-json\/wp\/v2\/users\/2"}],"replies":[{"embeddable":true,"href":"http:\/\/www.grieta.org.mx\/index.php\/wp-json\/wp\/v2\/comments?post=29475"}],"version-history":[{"count":1,"href":"http:\/\/www.grieta.org.mx\/index.php\/wp-json\/wp\/v2\/posts\/29475\/revisions"}],"predecessor-version":[{"id":29598,"href":"http:\/\/www.grieta.org.mx\/index.php\/wp-json\/wp\/v2\/posts\/29475\/revisions\/29598"}],"wp:featuredmedia":[{"embeddable":true,"href":"http:\/\/www.grieta.org.mx\/index.php\/wp-json\/wp\/v2\/media\/29476"}],"wp:attachment":[{"href":"http:\/\/www.grieta.org.mx\/index.php\/wp-json\/wp\/v2\/media?parent=29475"}],"wp:term":[{"taxonomy":"category","embeddable":true,"href":"http:\/\/www.grieta.org.mx\/index.php\/wp-json\/wp\/v2\/categories?post=29475"},{"taxonomy":"post_tag","embeddable":true,"href":"http:\/\/www.grieta.org.mx\/index.php\/wp-json\/wp\/v2\/tags?post=29475"}],"curies":[{"name":"wp","href":"https:\/\/api.w.org\/{rel}","templated":true}]}}