{"id":29466,"date":"2019-02-20T23:05:36","date_gmt":"2019-02-21T05:05:36","guid":{"rendered":"http:\/\/www.grieta.org.mx\/?p=29466"},"modified":"2019-02-22T23:09:46","modified_gmt":"2019-02-23T05:09:46","slug":"denuncian-despidos-injustificados-zacatecas","status":"publish","type":"post","link":"http:\/\/www.grieta.org.mx\/index.php\/2019\/02\/20\/denuncian-despidos-injustificados-zacatecas\/","title":{"rendered":"Denuncian despidos injustificados (Zacatecas)"},"content":{"rendered":"<p><img loading=\"lazy\" decoding=\"async\" data-attachment-id=\"29467\" data-permalink=\"http:\/\/www.grieta.org.mx\/index.php\/2019\/02\/20\/denuncian-despidos-injustificados-zacatecas\/whatsapp-image-2019-02-20-at-13-25-25\/\" data-orig-file=\"http:\/\/www.grieta.org.mx\/wp-content\/uploads\/2019\/02\/whatsapp-image-2019-02-20-at-13.25.25.jpeg\" data-orig-size=\"1280,853\" data-comments-opened=\"0\" data-image-meta=\"{&quot;aperture&quot;:&quot;0&quot;,&quot;credit&quot;:&quot;&quot;,&quot;camera&quot;:&quot;&quot;,&quot;caption&quot;:&quot;&quot;,&quot;created_timestamp&quot;:&quot;0&quot;,&quot;copyright&quot;:&quot;&quot;,&quot;focal_length&quot;:&quot;0&quot;,&quot;iso&quot;:&quot;0&quot;,&quot;shutter_speed&quot;:&quot;0&quot;,&quot;title&quot;:&quot;&quot;,&quot;orientation&quot;:&quot;0&quot;}\" data-image-title=\"whatsapp-image-2019-02-20-at-13.25.25\" data-image-description=\"\" data-image-caption=\"\" data-medium-file=\"http:\/\/www.grieta.org.mx\/wp-content\/uploads\/2019\/02\/whatsapp-image-2019-02-20-at-13.25.25-300x200.jpeg\" data-large-file=\"http:\/\/www.grieta.org.mx\/wp-content\/uploads\/2019\/02\/whatsapp-image-2019-02-20-at-13.25.25-1024x682.jpeg\" src=\"http:\/\/www.grieta.org.mx\/wp-content\/uploads\/2019\/02\/whatsapp-image-2019-02-20-at-13.25.25-1024x682.jpeg\" alt=\"\" width=\"1024\" height=\"682\" class=\"aligncenter size-large wp-image-29467\" srcset=\"http:\/\/www.grieta.org.mx\/wp-content\/uploads\/2019\/02\/whatsapp-image-2019-02-20-at-13.25.25-1024x682.jpeg 1024w, http:\/\/www.grieta.org.mx\/wp-content\/uploads\/2019\/02\/whatsapp-image-2019-02-20-at-13.25.25-300x200.jpeg 300w, http:\/\/www.grieta.org.mx\/wp-content\/uploads\/2019\/02\/whatsapp-image-2019-02-20-at-13.25.25-768x512.jpeg 768w, http:\/\/www.grieta.org.mx\/wp-content\/uploads\/2019\/02\/whatsapp-image-2019-02-20-at-13.25.25-750x500.jpeg 750w, http:\/\/www.grieta.org.mx\/wp-content\/uploads\/2019\/02\/whatsapp-image-2019-02-20-at-13.25.25.jpeg 1280w\" sizes=\"auto, (max-width: 1024px) 100vw, 1024px\" \/><\/p>\n<p>ALEJANDRO CASTA\u00d1EDA | NTRZACATECAS.COM.<\/p>\n<p>Zacatecas.- Ex trabajadores del Sistema Nacional del Empleo (SNE) delegaci\u00f3n Zacatecas denunciaron que aproximadamente 40 personas han sido despedidas injustificadamente por la dependencia y 20 m\u00e1s est\u00e1n en riesgo de ser removidos.<\/p>\n<p>Rogelio Alv\u00e1rez, quien trabaj\u00f3 durante 22 a\u00f1os en el SNE, asegur\u00f3 que los despidos se hicieron porque los hoy ex trabajadores no eran del \u201ccontentillo\u201d del titular Cliserio del Real.<\/p>\n<p>Los afectados con el despido detallaron que no se les anunci\u00f3 con tiempo de su despido, solo se les amenaz\u00f3 \u201cpara que hicieran bien su trabajo\u201d, algo que calificaron como hostigamiento laboral.<\/p>\n<p>De igual forma no descartaron las protestas en la Secretaria de Econom\u00eda para exigir la restauraci\u00f3n en su trabajo y una basificaci\u00f3n.<\/p>\n<p><a href=\"http:\/\/ntrzacatecas.com\/2019\/02\/20\/denuncian-despidos-injustificados\/\" rel=\"noopener\" target=\"_blank\">http:\/\/ntrzacatecas.com\/2019\/02\/20\/denuncian-despidos-injustificados\/<\/a><\/p>\n","protected":false},"excerpt":{"rendered":"<p>ALEJANDRO CASTA\u00d1EDA | NTRZACATECAS.COM. Zacatecas.- Ex trabajadores del Sistema Nacional del Empleo (SNE) delegaci\u00f3n Zacatecas denunciaron que aproximadamente 40 personas han sido despedidas injustificadamente por la dependencia y 20 m\u00e1s &hellip; <a href=\"http:\/\/www.grieta.org.mx\/index.php\/2019\/02\/20\/denuncian-despidos-injustificados-zacatecas\/\" class=\"more-link\">Leer m\u00e1s<\/a><\/p>\n","protected":false},"author":2,"featured_media":29467,"comment_status":"closed","ping_status":"closed","sticky":false,"template":"","format":"standard","meta":{"ngg_post_thumbnail":0,"_jetpack_newsletter_access":"","_jetpack_dont_email_post_to_subs":false,"_jetpack_newsletter_tier_id":0,"_jetpack_memberships_contains_paywalled_content":false,"_jetpack_memberships_contains_paid_content":false,"footnotes":""},"categories":[80,1562,910,1109,2,83,76],"tags":[1563,163],"class_list":["post-29466","post","type-post","status-publish","format-standard","has-post-thumbnail","hentry","category-cintillo","category-conflictos-de-trabajadores-del-estado-en-zacatecas","category-explotacion-y-precariedad-laboral","category-explotacion-y-precariedad-laboral-zacatecas","category-noticias-nacionales","category-temas-nacionales","category-zacatecas","tag-burocratas","tag-despidos","entry"],"jetpack_featured_media_url":"http:\/\/www.grieta.org.mx\/wp-content\/uploads\/2019\/02\/whatsapp-image-2019-02-20-at-13.25.25.jpeg","jetpack_sharing_enabled":true,"jetpack_shortlink":"https:\/\/wp.me\/p7ZJR4-7Fg","jetpack_likes_enabled":false,"jetpack-related-posts":[{"id":34083,"url":"http:\/\/www.grieta.org.mx\/index.php\/2019\/05\/28\/protestan-en-zacatecas-por-despidos-en-el-issste\/","url_meta":{"origin":29466,"position":0},"title":"Protestan en Zacatecas por despidos en el ISSSTE","author":"grieta","date":"28 mayo, 2019","format":false,"excerpt":"Ra\u00fal Garc\u00eda\/El Sol de Zacatecas Integrantes del Sindicato Independiente de Trabajadores del ISSSTE (Sitissste) en Zacatecas expresaron su rechazo al despido de los trabajadores de la oficina de Turissste . Con la colocaci\u00f3n de pancartas en el hospital general del Instituto, en la capital zacatecana, se unieron a la manifestaci\u00f3n\u2026","rel":"","context":"En &quot;CINTILLO&quot;","block_context":{"text":"CINTILLO","link":"http:\/\/www.grieta.org.mx\/index.php\/category\/cintillo\/"},"img":{"alt_text":"","src":"https:\/\/i0.wp.com\/www.grieta.org.mx\/wp-content\/uploads\/2019\/06\/z1.jpg?resize=350%2C200","width":350,"height":200,"srcset":"https:\/\/i0.wp.com\/www.grieta.org.mx\/wp-content\/uploads\/2019\/06\/z1.jpg?resize=350%2C200 1x, https:\/\/i0.wp.com\/www.grieta.org.mx\/wp-content\/uploads\/2019\/06\/z1.jpg?resize=525%2C300 1.5x, https:\/\/i0.wp.com\/www.grieta.org.mx\/wp-content\/uploads\/2019\/06\/z1.jpg?resize=700%2C400 2x"},"classes":[]},{"id":33529,"url":"http:\/\/www.grieta.org.mx\/index.php\/2019\/05\/06\/toman-conafe-por-despidos-injustificados\/","url_meta":{"origin":29466,"position":1},"title":"Toman Conafe por despidos injustificados","author":"grieta","date":"6 mayo, 2019","format":false,"excerpt":"ALBERTO MORONES | NTRZACATECAS.COM Zacatecas.- Personal del Consejo Nacional del Fomento Educativo (Conafe) tomaron las oficinas generales y centros regionales en la entidad, tras el despido injustificado de 16 trabajadores por \u201cordenes presidenciales\u201d. Carlos Javier Cerros de la Cruz, trabajador afectado detall\u00f3 que apenas el pasado viernes 3 de mayo\u2026","rel":"","context":"En &quot;CINTILLO&quot;","block_context":{"text":"CINTILLO","link":"http:\/\/www.grieta.org.mx\/index.php\/category\/cintillo\/"},"img":{"alt_text":"","src":"https:\/\/i0.wp.com\/www.grieta.org.mx\/wp-content\/uploads\/2019\/05\/z2-3.jpeg?resize=350%2C200","width":350,"height":200,"srcset":"https:\/\/i0.wp.com\/www.grieta.org.mx\/wp-content\/uploads\/2019\/05\/z2-3.jpeg?resize=350%2C200 1x, https:\/\/i0.wp.com\/www.grieta.org.mx\/wp-content\/uploads\/2019\/05\/z2-3.jpeg?resize=525%2C300 1.5x, https:\/\/i0.wp.com\/www.grieta.org.mx\/wp-content\/uploads\/2019\/05\/z2-3.jpeg?resize=700%2C400 2x, https:\/\/i0.wp.com\/www.grieta.org.mx\/wp-content\/uploads\/2019\/05\/z2-3.jpeg?resize=1050%2C600 3x"},"classes":[]},{"id":21878,"url":"http:\/\/www.grieta.org.mx\/index.php\/2017\/09\/01\/reprochan-despidos-en-la-modelo-zacatecas\/","url_meta":{"origin":29466,"position":2},"title":"Reprochan despidos en la Modelo (Zacatecas)","author":"grieta","date":"1 septiembre, 2017","format":false,"excerpt":"Claudio Montes de Oca\/NTR Zacatecas Zacatecas.- Integrantes del Sindicato Independiente de Trabajadores de la Compa\u00f1\u00eda Cervecera de Zacatecas reprocharon el despido injustificado del tesorero de esta organizaci\u00f3n, Jos\u00e9 Israel Luna Alvarado. El l\u00edder sindical Jos\u00e9 No\u00e9 Mart\u00ednez Sol\u00eds expuso que tras obtener la validez del sindicato, Grupo Modelo despidi\u00f3 al\u2026","rel":"","context":"En &quot;CINTILLO&quot;","block_context":{"text":"CINTILLO","link":"http:\/\/www.grieta.org.mx\/index.php\/category\/cintillo\/"},"img":{"alt_text":"","src":"https:\/\/i0.wp.com\/www.grieta.org.mx\/wp-content\/uploads\/2017\/09\/modelo-2.jpg?resize=350%2C200","width":350,"height":200,"srcset":"https:\/\/i0.wp.com\/www.grieta.org.mx\/wp-content\/uploads\/2017\/09\/modelo-2.jpg?resize=350%2C200 1x, https:\/\/i0.wp.com\/www.grieta.org.mx\/wp-content\/uploads\/2017\/09\/modelo-2.jpg?resize=525%2C300 1.5x"},"classes":[]},{"id":1387,"url":"http:\/\/www.grieta.org.mx\/index.php\/2015\/03\/11\/aranzazu-holdings-quedara-con-60-trabajadores\/","url_meta":{"origin":29466,"position":3},"title":"Aranzazu Holdings quedar\u00e1 con 60 trabajadores","author":"grieta","date":"11 marzo, 2015","format":false,"excerpt":"NTR Period\u00edsmo Critico Mi\u00e9rcoles, 11 de marzo de 2015 a las 9:45pm GABRIEL RODR\u00cdGUEZ \/ NTRZACATECAS.COM Zacatecas.- Gilberto Zapata Frayre, delegado federal de la Secretar\u00eda de Trabajo y Previsi\u00f3n Social (STPS), inform\u00f3 que debido a que par\u00f3 operaciones la empresa extractiva Aranzazu Holdings, motivada por la ca\u00edda en el precio\u2026","rel":"","context":"En &quot;CINTILLO&quot;","block_context":{"text":"CINTILLO","link":"http:\/\/www.grieta.org.mx\/index.php\/category\/cintillo\/"},"img":{"alt_text":"","src":"https:\/\/i0.wp.com\/www.grieta.org.mx\/wp-content\/uploads\/2018\/03\/14524434_1106112876131411_958039263622046936_o.jpg?resize=350%2C200","width":350,"height":200,"srcset":"https:\/\/i0.wp.com\/www.grieta.org.mx\/wp-content\/uploads\/2018\/03\/14524434_1106112876131411_958039263622046936_o.jpg?resize=350%2C200 1x, https:\/\/i0.wp.com\/www.grieta.org.mx\/wp-content\/uploads\/2018\/03\/14524434_1106112876131411_958039263622046936_o.jpg?resize=525%2C300 1.5x, https:\/\/i0.wp.com\/www.grieta.org.mx\/wp-content\/uploads\/2018\/03\/14524434_1106112876131411_958039263622046936_o.jpg?resize=700%2C400 2x"},"classes":[]},{"id":832,"url":"http:\/\/www.grieta.org.mx\/index.php\/2015\/12\/23\/con-marcha-exigen-trabajadores-del-cobaez-el-pago-de-aguinaldo-y-primas-vacacionales\/","url_meta":{"origin":29466,"position":4},"title":"Con marcha, exigen trabajadores del Cobaez el pago de aguinaldo y primas vacacionales","author":"grieta","date":"23 diciembre, 2015","format":false,"excerpt":"El Sol de Zacatecas 23 de diciembre de 2015 Juan Castro Zacatecas, Zacatecas.- Trabajadores del Sindicato \u00danico de Personal Docente y Administrativo del Colegio de Bachilleres del Estado de Zacatecas (Supdacobaez), se manifestaron para exigir el pago inmediato de aguinaldos y otras prestaciones que no se les han entregado. Los\u2026","rel":"","context":"En &quot;CINTILLO&quot;","block_context":{"text":"CINTILLO","link":"http:\/\/www.grieta.org.mx\/index.php\/category\/cintillo\/"},"img":{"alt_text":"","src":"https:\/\/i0.wp.com\/www.grieta.org.mx\/wp-content\/uploads\/2018\/03\/14524434_1106112876131411_958039263622046936_o.jpg?resize=350%2C200","width":350,"height":200,"srcset":"https:\/\/i0.wp.com\/www.grieta.org.mx\/wp-content\/uploads\/2018\/03\/14524434_1106112876131411_958039263622046936_o.jpg?resize=350%2C200 1x, https:\/\/i0.wp.com\/www.grieta.org.mx\/wp-content\/uploads\/2018\/03\/14524434_1106112876131411_958039263622046936_o.jpg?resize=525%2C300 1.5x, https:\/\/i0.wp.com\/www.grieta.org.mx\/wp-content\/uploads\/2018\/03\/14524434_1106112876131411_958039263622046936_o.jpg?resize=700%2C400 2x"},"classes":[]},{"id":21868,"url":"http:\/\/www.grieta.org.mx\/index.php\/2017\/05\/24\/sin-solucion-conflicto-en-grupo-modelo-zacatecas\/","url_meta":{"origin":29466,"position":5},"title":"Sin soluci\u00f3n, conflicto en Grupo Modelo (Zacatecas)","author":"grieta","date":"24 mayo, 2017","format":false,"excerpt":"Dante Godoy\/NTR Zacatecas Zacatecas.- Manuel Torres Barrios, l\u00edder de trabajadores despedidos por la empresa Grupo Modelo, explic\u00f3 que las negociaciones no han rendido frutos y el corporativo se niega a dar cabida al pliego petitorio del pretendido sindicato independiente que mantiene un bloqueo al acceso de camiones surtidores de materia\u2026","rel":"","context":"En &quot;CINTILLO&quot;","block_context":{"text":"CINTILLO","link":"http:\/\/www.grieta.org.mx\/index.php\/category\/cintillo\/"},"img":{"alt_text":"","src":"https:\/\/i0.wp.com\/www.grieta.org.mx\/wp-content\/uploads\/2018\/03\/gm1.jpg?resize=350%2C200","width":350,"height":200,"srcset":"https:\/\/i0.wp.com\/www.grieta.org.mx\/wp-content\/uploads\/2018\/03\/gm1.jpg?resize=350%2C200 1x, https:\/\/i0.wp.com\/www.grieta.org.mx\/wp-content\/uploads\/2018\/03\/gm1.jpg?resize=525%2C300 1.5x, https:\/\/i0.wp.com\/www.grieta.org.mx\/wp-content\/uploads\/2018\/03\/gm1.jpg?resize=700%2C400 2x"},"classes":[]}],"_links":{"self":[{"href":"http:\/\/www.grieta.org.mx\/index.php\/wp-json\/wp\/v2\/posts\/29466","targetHints":{"allow":["GET"]}}],"collection":[{"href":"http:\/\/www.grieta.org.mx\/index.php\/wp-json\/wp\/v2\/posts"}],"about":[{"href":"http:\/\/www.grieta.org.mx\/index.php\/wp-json\/wp\/v2\/types\/post"}],"author":[{"embeddable":true,"href":"http:\/\/www.grieta.org.mx\/index.php\/wp-json\/wp\/v2\/users\/2"}],"replies":[{"embeddable":true,"href":"http:\/\/www.grieta.org.mx\/index.php\/wp-json\/wp\/v2\/comments?post=29466"}],"version-history":[{"count":1,"href":"http:\/\/www.grieta.org.mx\/index.php\/wp-json\/wp\/v2\/posts\/29466\/revisions"}],"predecessor-version":[{"id":29468,"href":"http:\/\/www.grieta.org.mx\/index.php\/wp-json\/wp\/v2\/posts\/29466\/revisions\/29468"}],"wp:featuredmedia":[{"embeddable":true,"href":"http:\/\/www.grieta.org.mx\/index.php\/wp-json\/wp\/v2\/media\/29467"}],"wp:attachment":[{"href":"http:\/\/www.grieta.org.mx\/index.php\/wp-json\/wp\/v2\/media?parent=29466"}],"wp:term":[{"taxonomy":"category","embeddable":true,"href":"http:\/\/www.grieta.org.mx\/index.php\/wp-json\/wp\/v2\/categories?post=29466"},{"taxonomy":"post_tag","embeddable":true,"href":"http:\/\/www.grieta.org.mx\/index.php\/wp-json\/wp\/v2\/tags?post=29466"}],"curies":[{"name":"wp","href":"https:\/\/api.w.org\/{rel}","templated":true}]}}