{"id":29438,"date":"2019-02-21T21:29:04","date_gmt":"2019-02-22T03:29:04","guid":{"rendered":"http:\/\/www.grieta.org.mx\/?p=29438"},"modified":"2019-02-22T21:33:02","modified_gmt":"2019-02-23T03:33:02","slug":"academicos-estallan-huelga-en-chapingo-estado-de-mexico","status":"publish","type":"post","link":"http:\/\/www.grieta.org.mx\/index.php\/2019\/02\/21\/academicos-estallan-huelga-en-chapingo-estado-de-mexico\/","title":{"rendered":"Acad\u00e9micos estallan huelga en Chapingo (Estado de M\u00e9xico)"},"content":{"rendered":"<p><img loading=\"lazy\" decoding=\"async\" data-attachment-id=\"29439\" data-permalink=\"http:\/\/www.grieta.org.mx\/index.php\/2019\/02\/21\/academicos-estallan-huelga-en-chapingo-estado-de-mexico\/chapingo\/\" data-orig-file=\"http:\/\/www.grieta.org.mx\/wp-content\/uploads\/2019\/02\/chapingo.jpg\" data-orig-size=\"651,400\" data-comments-opened=\"0\" data-image-meta=\"{&quot;aperture&quot;:&quot;0&quot;,&quot;credit&quot;:&quot;&quot;,&quot;camera&quot;:&quot;&quot;,&quot;caption&quot;:&quot;&quot;,&quot;created_timestamp&quot;:&quot;0&quot;,&quot;copyright&quot;:&quot;&quot;,&quot;focal_length&quot;:&quot;0&quot;,&quot;iso&quot;:&quot;0&quot;,&quot;shutter_speed&quot;:&quot;0&quot;,&quot;title&quot;:&quot;&quot;,&quot;orientation&quot;:&quot;0&quot;}\" data-image-title=\"chapingo\" data-image-description=\"\" data-image-caption=\"\" data-medium-file=\"http:\/\/www.grieta.org.mx\/wp-content\/uploads\/2019\/02\/chapingo-300x184.jpg\" data-large-file=\"http:\/\/www.grieta.org.mx\/wp-content\/uploads\/2019\/02\/chapingo.jpg\" src=\"http:\/\/www.grieta.org.mx\/wp-content\/uploads\/2019\/02\/chapingo-300x184.jpg\" alt=\"\" width=\"800\" height=\"384\" class=\"aligncenter size-medium wp-image-29439\" \/><\/p>\n<p>Ricardo Ort\u00edz\/somoselmedio<\/p>\n<p>Con 364 votos a favor, acad\u00e9micos de la Universidad Aut\u00f3noma de Chapingo (UACh) emplazaron a huelga para este 21 de febrero bajo la demanda de incremento salarial.<\/p>\n<p>Los trabajadores se\u00f1alaron que no se ha dado soluci\u00f3n a las violaciones al Contrato Colectivo de Trabajo (CCT) y solicitaron que se realicen los movimientos escalafonarios simples estipulados en la cl\u00e1usula 76 del CCT.<\/p>\n<p>Mencionaron que hasta el momento las autoridades han ofrecido el 3.35% al salario directo y el 1.8% en prestaciones, mismos que los trabajadores han rechazado y exigen un incremento del 20% en salario directo y el 4.22% correspondiente al proyecto de homologaci\u00f3n pactado desde 2009 y del cumplimento de acuerdos que se firmaron en el 2017 y 2018, los cuales aseguran hasta el d\u00eda de hoy no se han cumplido.<\/p>\n<p>A esta lucha se sum\u00f3 el Sindicato Independiente de Trabajadores de la Universidad Aut\u00f3noma metropolitana (SITUAM) quienes mantienen una huelga de 20 d\u00edas bajo la demanda del 20% de incremento salarial y por violaciones al CCT entre otras.<\/p>\n<p><a href=\"https:\/\/www.somoselmedio.com\/2019\/02\/21\/academicos-de-chapingo-emplazan-a-huelga\/\">https:\/\/www.somoselmedio.com\/2019\/02\/21\/academicos-de-chapingo-emplazan-a-huelga\/<\/a><\/p>\n","protected":false},"excerpt":{"rendered":"<p>Ricardo Ort\u00edz\/somoselmedio Con 364 votos a favor, acad\u00e9micos de la Universidad Aut\u00f3noma de Chapingo (UACh) emplazaron a huelga para este 21 de febrero bajo la demanda de incremento salarial. Los &hellip; <a href=\"http:\/\/www.grieta.org.mx\/index.php\/2019\/02\/21\/academicos-estallan-huelga-en-chapingo-estado-de-mexico\/\" class=\"more-link\">Leer m\u00e1s<\/a><\/p>\n","protected":false},"author":2,"featured_media":29439,"comment_status":"closed","ping_status":"closed","sticky":false,"template":"","format":"standard","meta":{"ngg_post_thumbnail":0,"_jetpack_newsletter_access":"","_jetpack_dont_email_post_to_subs":false,"_jetpack_newsletter_tier_id":0,"_jetpack_memberships_contains_paywalled_content":false,"_jetpack_memberships_contains_paid_content":false,"footnotes":""},"categories":[80,16,2151,2],"tags":[2155,104],"class_list":["post-29438","post","type-post","status-publish","format-standard","has-post-thumbnail","hentry","category-cintillo","category-estado-de-mexico","category-movilizaciones-en-la-universidad-autonoma-de-chapingo","category-noticias-nacionales","tag-chapingo","tag-huelga","entry"],"jetpack_featured_media_url":"http:\/\/www.grieta.org.mx\/wp-content\/uploads\/2019\/02\/chapingo.jpg","jetpack_sharing_enabled":true,"jetpack_shortlink":"https:\/\/wp.me\/p7ZJR4-7EO","jetpack_likes_enabled":false,"jetpack-related-posts":[{"id":29432,"url":"http:\/\/www.grieta.org.mx\/index.php\/2019\/02\/21\/cuatro-universidades-publicas-en-huelga\/","url_meta":{"origin":29438,"position":0},"title":"Cuatro universidades p\u00fablicas en huelga","author":"grieta","date":"21 febrero, 2019","format":false,"excerpt":"Diario de M\u00e9xico M\u00e9xico.-Con la huelga instalada este jueves en la Universidad Aut\u00f3noma de Chapingo en el Estado de M\u00e9xico suman cuatro instituciones p\u00fablicas de educaci\u00f3n superior en todo el pa\u00eds, que detienen labores por negociaci\u00f3n salarial. La Universidad Aut\u00f3noma Benito Ju\u00e1rez de Oaxaca (UABJO), la Universidad Aut\u00f3noma Metropolitana (UAM)\u2026","rel":"","context":"En &quot;CINTILLO&quot;","block_context":{"text":"CINTILLO","link":"http:\/\/www.grieta.org.mx\/index.php\/category\/cintillo\/"},"img":{"alt_text":"","src":"https:\/\/i0.wp.com\/www.grieta.org.mx\/wp-content\/uploads\/2019\/02\/paro.jpg?resize=350%2C200","width":350,"height":200,"srcset":"https:\/\/i0.wp.com\/www.grieta.org.mx\/wp-content\/uploads\/2019\/02\/paro.jpg?resize=350%2C200 1x, https:\/\/i0.wp.com\/www.grieta.org.mx\/wp-content\/uploads\/2019\/02\/paro.jpg?resize=525%2C300 1.5x, https:\/\/i0.wp.com\/www.grieta.org.mx\/wp-content\/uploads\/2019\/02\/paro.jpg?resize=700%2C400 2x, https:\/\/i0.wp.com\/www.grieta.org.mx\/wp-content\/uploads\/2019\/02\/paro.jpg?resize=1050%2C600 3x"},"classes":[]},{"id":42516,"url":"http:\/\/www.grieta.org.mx\/index.php\/2019\/12\/26\/queremos-vivir-sin-miedo-protestan-por-feminicidio-de-nazaret-estudiante-de-chapingo-estado-de-mexico\/","url_meta":{"origin":29438,"position":1},"title":"Queremos vivir sin miedo\u201d: protestan por feminicidio de Nazaret, estudiante de Chapingo (Estado de M\u00e9xico)","author":"grieta","date":"26 diciembre, 2019","format":false,"excerpt":"@romoblank Animal Pol\u00edtico Los alumnos guardaron un minuto de silencio en honor a su compa\u00f1era estudiante. Estudiantes de la Universidad Aut\u00f3noma de Chapingo, en Texcoco, Estado de M\u00e9xico, protestan por el feminicidio de Nazaret Bautista, alumna de la Preparatoria Agr\u00edcola de esta casa de estudios. El 23 de diciembre, autoridades\u2026","rel":"","context":"En &quot;CINTILLO&quot;","block_context":{"text":"CINTILLO","link":"http:\/\/www.grieta.org.mx\/index.php\/category\/cintillo\/"},"img":{"alt_text":"","src":"https:\/\/i0.wp.com\/www.grieta.org.mx\/wp-content\/uploads\/2019\/12\/Queremos-vivir-sin-miedo-protestan-por-feminicidio-de-Nazaret-estudiante-de-Chapingo-edomex-dic.png?resize=350%2C200","width":350,"height":200,"srcset":"https:\/\/i0.wp.com\/www.grieta.org.mx\/wp-content\/uploads\/2019\/12\/Queremos-vivir-sin-miedo-protestan-por-feminicidio-de-Nazaret-estudiante-de-Chapingo-edomex-dic.png?resize=350%2C200 1x, https:\/\/i0.wp.com\/www.grieta.org.mx\/wp-content\/uploads\/2019\/12\/Queremos-vivir-sin-miedo-protestan-por-feminicidio-de-Nazaret-estudiante-de-Chapingo-edomex-dic.png?resize=525%2C300 1.5x"},"classes":[]},{"id":247,"url":"http:\/\/www.grieta.org.mx\/index.php\/2015\/03\/22\/movilizaciones-en-chapingo-contra-imposicion-de-directores\/","url_meta":{"origin":29438,"position":2},"title":"Movilizaciones en Chapingo contra imposici\u00f3n de directores","author":"grieta","date":"22 marzo, 2015","format":false,"excerpt":"22\/03\/15. Finalizan paro en la UACh, el lunes regresan a clasesReporteros en Movimiento 15\/03\/15. Realizan foros informativos en la Universidad Aut\u00f3noma Chapingo sobre el paroSomos el medio 02\/03\/15. Alumnos en paro de Chapingo anuncian marcha a SagarpaReporteros en movimiento 12\/02\/15. PRI intenta tomar el control de la Universidad de Chapingo,\u2026","rel":"","context":"En &quot;Estado de M\u00e9xico&quot;","block_context":{"text":"Estado de M\u00e9xico","link":"http:\/\/www.grieta.org.mx\/index.php\/category\/noticias-nacionales\/estado-de-mexico\/"},"img":{"alt_text":"","src":"https:\/\/i0.wp.com\/www.grieta.org.mx\/wp-content\/uploads\/2018\/03\/14524434_1106112876131411_958039263622046936_o.jpg?resize=350%2C200","width":350,"height":200,"srcset":"https:\/\/i0.wp.com\/www.grieta.org.mx\/wp-content\/uploads\/2018\/03\/14524434_1106112876131411_958039263622046936_o.jpg?resize=350%2C200 1x, https:\/\/i0.wp.com\/www.grieta.org.mx\/wp-content\/uploads\/2018\/03\/14524434_1106112876131411_958039263622046936_o.jpg?resize=525%2C300 1.5x, https:\/\/i0.wp.com\/www.grieta.org.mx\/wp-content\/uploads\/2018\/03\/14524434_1106112876131411_958039263622046936_o.jpg?resize=700%2C400 2x"},"classes":[]},{"id":43836,"url":"http:\/\/www.grieta.org.mx\/index.php\/2020\/01\/27\/me-violaron-dentro-de-la-universidad-asi-han-denunciado-acoso-en-chapingo-estado-de-mexico\/","url_meta":{"origin":29438,"position":3},"title":"&#8220;Me violaron dentro de la Universidad&#8221;, as\u00ed han denunciado acoso en Chapingo (Estado de M\u00e9xico)","author":"grieta","date":"27 enero, 2020","format":false,"excerpt":"Juan L\u00e1zaro \/ La Silla Rota Tras el feminicidio de Nazareth, las estudiantes han hecho p\u00fablicos sus casos de violencia de g\u00e9nero y hasta el momento el tendedero re\u00fane m\u00e1s de 100 denuncias \"El profesor de matem\u00e1ticas de preparatoria agr\u00edcola Vicente \"N\", quiso un beso a cambio de pasar su\u2026","rel":"","context":"En &quot;CINTILLO&quot;","block_context":{"text":"CINTILLO","link":"http:\/\/www.grieta.org.mx\/index.php\/category\/cintillo\/"},"img":{"alt_text":"","src":"https:\/\/i0.wp.com\/www.grieta.org.mx\/wp-content\/uploads\/2020\/02\/Me-violaron-dentro-de-la-Universidad-as%C3%AD-han-denunciado-acoso-en-Chapingo-edomex-feb.jpg?resize=350%2C200","width":350,"height":200},"classes":[]},{"id":32168,"url":"http:\/\/www.grieta.org.mx\/index.php\/2019\/04\/06\/trabajadoras-de-la-uam-se-solidarizan-con-huelga-en-la-universidad-de-sonora\/","url_meta":{"origin":29438,"position":4},"title":"Trabajadoras de la UAM se solidarizan con huelga en la Universidad de Sonora","author":"grieta","date":"6 abril, 2019","format":false,"excerpt":"Trabajadoras y trabajadores de la Universidad Aut\u00f3noma Metropolitana, en huelga desde hace m\u00e1s de 60 d\u00edas, env\u00edan un saludo a la lucha de las y los acad\u00e9micos y trabajadores de la Universidad de Sonora. La lucha en contra de la precarizaci\u00f3n laboral y por la dignificaci\u00f3n de la labor docente\u2026","rel":"","context":"En &quot;CINTILLO&quot;","block_context":{"text":"CINTILLO","link":"http:\/\/www.grieta.org.mx\/index.php\/category\/cintillo\/"},"img":{"alt_text":"","src":"https:\/\/i0.wp.com\/www.grieta.org.mx\/wp-content\/uploads\/2019\/04\/Trabajadoras-UAM.jpg?resize=350%2C200","width":350,"height":200,"srcset":"https:\/\/i0.wp.com\/www.grieta.org.mx\/wp-content\/uploads\/2019\/04\/Trabajadoras-UAM.jpg?resize=350%2C200 1x, https:\/\/i0.wp.com\/www.grieta.org.mx\/wp-content\/uploads\/2019\/04\/Trabajadoras-UAM.jpg?resize=525%2C300 1.5x, https:\/\/i0.wp.com\/www.grieta.org.mx\/wp-content\/uploads\/2019\/04\/Trabajadoras-UAM.jpg?resize=700%2C400 2x"},"classes":[]},{"id":238,"url":"http:\/\/www.grieta.org.mx\/index.php\/2015\/03\/15\/realizan-foros-informativos-en-la-universidad-autonoma-chapingo-sobre-el-paro\/","url_meta":{"origin":29438,"position":5},"title":"Realizan foros informativos en la Universidad Aut\u00f3noma Chapingo sobre el paro","author":"grieta","date":"15 marzo, 2015","format":false,"excerpt":"por Victor M Maya M\u00e9xico, 15 de marzo de 2015.- A casi tres semanas de que iniciara el paro en la Universidad Aut\u00f3noma Chapingo (UACh), estudiantes realizan foros informativos y di\u00e1logo con el objetivo de avanzar hacia una soluci\u00f3n que beneficie a esta casa de estudios. En un foro realizado\u2026","rel":"","context":"En &quot;CINTILLO&quot;","block_context":{"text":"CINTILLO","link":"http:\/\/www.grieta.org.mx\/index.php\/category\/cintillo\/"},"img":{"alt_text":"","src":"https:\/\/i0.wp.com\/www.grieta.org.mx\/wp-content\/uploads\/2018\/03\/14524434_1106112876131411_958039263622046936_o.jpg?resize=350%2C200","width":350,"height":200,"srcset":"https:\/\/i0.wp.com\/www.grieta.org.mx\/wp-content\/uploads\/2018\/03\/14524434_1106112876131411_958039263622046936_o.jpg?resize=350%2C200 1x, https:\/\/i0.wp.com\/www.grieta.org.mx\/wp-content\/uploads\/2018\/03\/14524434_1106112876131411_958039263622046936_o.jpg?resize=525%2C300 1.5x, https:\/\/i0.wp.com\/www.grieta.org.mx\/wp-content\/uploads\/2018\/03\/14524434_1106112876131411_958039263622046936_o.jpg?resize=700%2C400 2x"},"classes":[]}],"_links":{"self":[{"href":"http:\/\/www.grieta.org.mx\/index.php\/wp-json\/wp\/v2\/posts\/29438","targetHints":{"allow":["GET"]}}],"collection":[{"href":"http:\/\/www.grieta.org.mx\/index.php\/wp-json\/wp\/v2\/posts"}],"about":[{"href":"http:\/\/www.grieta.org.mx\/index.php\/wp-json\/wp\/v2\/types\/post"}],"author":[{"embeddable":true,"href":"http:\/\/www.grieta.org.mx\/index.php\/wp-json\/wp\/v2\/users\/2"}],"replies":[{"embeddable":true,"href":"http:\/\/www.grieta.org.mx\/index.php\/wp-json\/wp\/v2\/comments?post=29438"}],"version-history":[{"count":1,"href":"http:\/\/www.grieta.org.mx\/index.php\/wp-json\/wp\/v2\/posts\/29438\/revisions"}],"predecessor-version":[{"id":29441,"href":"http:\/\/www.grieta.org.mx\/index.php\/wp-json\/wp\/v2\/posts\/29438\/revisions\/29441"}],"wp:featuredmedia":[{"embeddable":true,"href":"http:\/\/www.grieta.org.mx\/index.php\/wp-json\/wp\/v2\/media\/29439"}],"wp:attachment":[{"href":"http:\/\/www.grieta.org.mx\/index.php\/wp-json\/wp\/v2\/media?parent=29438"}],"wp:term":[{"taxonomy":"category","embeddable":true,"href":"http:\/\/www.grieta.org.mx\/index.php\/wp-json\/wp\/v2\/categories?post=29438"},{"taxonomy":"post_tag","embeddable":true,"href":"http:\/\/www.grieta.org.mx\/index.php\/wp-json\/wp\/v2\/tags?post=29438"}],"curies":[{"name":"wp","href":"https:\/\/api.w.org\/{rel}","templated":true}]}}