{"id":29432,"date":"2019-02-21T21:18:58","date_gmt":"2019-02-22T03:18:58","guid":{"rendered":"http:\/\/www.grieta.org.mx\/?p=29432"},"modified":"2019-02-22T21:27:12","modified_gmt":"2019-02-23T03:27:12","slug":"cuatro-universidades-publicas-en-huelga","status":"publish","type":"post","link":"http:\/\/www.grieta.org.mx\/index.php\/2019\/02\/21\/cuatro-universidades-publicas-en-huelga\/","title":{"rendered":"Cuatro universidades p\u00fablicas en huelga"},"content":{"rendered":"<p><img loading=\"lazy\" decoding=\"async\" data-attachment-id=\"29433\" data-permalink=\"http:\/\/www.grieta.org.mx\/index.php\/2019\/02\/21\/cuatro-universidades-publicas-en-huelga\/paro-4\/\" data-orig-file=\"http:\/\/www.grieta.org.mx\/wp-content\/uploads\/2019\/02\/paro.jpg\" data-orig-size=\"1170,600\" data-comments-opened=\"0\" data-image-meta=\"{&quot;aperture&quot;:&quot;0&quot;,&quot;credit&quot;:&quot;&quot;,&quot;camera&quot;:&quot;&quot;,&quot;caption&quot;:&quot;&quot;,&quot;created_timestamp&quot;:&quot;0&quot;,&quot;copyright&quot;:&quot;&quot;,&quot;focal_length&quot;:&quot;0&quot;,&quot;iso&quot;:&quot;0&quot;,&quot;shutter_speed&quot;:&quot;0&quot;,&quot;title&quot;:&quot;&quot;,&quot;orientation&quot;:&quot;0&quot;}\" data-image-title=\"paro\" data-image-description=\"\" data-image-caption=\"\" data-medium-file=\"http:\/\/www.grieta.org.mx\/wp-content\/uploads\/2019\/02\/paro-300x154.jpg\" data-large-file=\"http:\/\/www.grieta.org.mx\/wp-content\/uploads\/2019\/02\/paro-1024x525.jpg\" src=\"http:\/\/www.grieta.org.mx\/wp-content\/uploads\/2019\/02\/paro-300x154.jpg\" alt=\"\" width=\"800\" height=\"554\" class=\"aligncenter size-medium wp-image-29433\" \/><\/p>\n<p>Diario de M\u00e9xico<\/p>\n<blockquote><p>M\u00e9xico.-Con la huelga instalada este jueves en la Universidad Aut\u00f3noma de Chapingo en el Estado de M\u00e9xico suman cuatro instituciones p\u00fablicas de educaci\u00f3n superior en todo el pa\u00eds, que detienen labores por negociaci\u00f3n salarial.<\/p><\/blockquote>\n<p>La Universidad Aut\u00f3noma Benito Ju\u00e1rez de Oaxaca (UABJO), la Universidad Aut\u00f3noma Metropolitana (UAM) y la Universidad Agraria de Coahuila, adem\u00e1s de Chapingo, exigen desde principios de febrero aumentos salariales, pagos atrasados y mejora en las prestaciones.<\/p>\n<p>Este jueves estall\u00f3 el paro de labores, por parte de los acad\u00e9micos, en la Universidad de Chapingo, ubicada en Texcoco, en el Estado de M\u00e9xico, esto luego de rechazar el aumento de 3.8 por ciento que les ofreci\u00f3 rector\u00eda.<\/p>\n<p>A los paros se suma el de la UAM que fue iniciado por el SITUAM el 1 de febrero, y que, luego de la quinta mesa de trabajo no registra avances en la conciliaci\u00f3n de la instituci\u00f3n con los empleados.<\/p>\n<p>El ofrecimiento salarial ofrecido por las autoridades educativas es el mismo, 3.35%, y este contin\u00faa siendo rechazado por el sindicato.<\/p>\n<p>Por su parte, trabajadores pertenecientes al Sindicato de Trabajadores y Empleados de la Universidad Aut\u00f3noma Benito Ju\u00e1rez de Oaxaca (STEUABJO), contin\u00faan con el paro de actividades desde el 1 de febrero.<\/p>\n<p>Fernando David L\u00f3pez Cruz l\u00edder de los inconformes, mencion\u00f3 que en la negociaci\u00f3n de su pliego petitorio, les ofrecieron la entrega de 30 nuevas plazas, sin embargo, no han llegado a un acuerdo.<\/p>\n<p>Entre sus demandas se encuentran la basificaci\u00f3n de trabajadores, pago de jubilaciones, de becas atrasadas y el pago de la bonificaci\u00f3n salarial del 2 por ciento convenida en octubre de 2018, a lo que la universidad ofrece un aumento 3.35 por ciento directo al salario y 1.8 en prestaciones t\u00e9rminos que no han aceptado.<\/p>\n<p>Integrantes del Sindicato de Trabajadores Acad\u00e9micos de la Universidad de Oaxaca (STAUO), amenazaron este jueves con unirse al cese de labores con el STEUABJO, si no es aprobado su pliego petitorio. Romualdo Toledo, dirigente de este gremio destac\u00f3 que si no tienen respuesta de la universidad ma\u00f1ana a partir de las 7:00 horas iniciar\u00e1n la huelga.<\/p>\n<p>La Universidad Agraria de Coahuila, es otra de las instituciones afectadas por las huelgas, pues los miembros del Sindicato Administrativo de la Narro (SUTUAAAN) permanecen en huelga desde el 4 de febrero; piden aumento de salario, promoci\u00f3n de trabajadores y la entrega de una serie de prestaciones pendientes desde hace varios meses.<\/p>\n<p>Las huelgas mantienen sin clases a miles de estudiantes, mientras que las instituciones alegan no contar con el presupuesto necesario para cumplir con las demandas de los sindicatos.<\/p>\n<p><a href=\"https:\/\/www.diariodemexico.com\/cuatro-universidades-p%C3%BAblicas-en-huelga\">https:\/\/www.diariodemexico.com\/cuatro-universidades-p%C3%BAblicas-en-huelga<\/a><\/p>\n","protected":false},"excerpt":{"rendered":"<p>Diario de M\u00e9xico M\u00e9xico.-Con la huelga instalada este jueves en la Universidad Aut\u00f3noma de Chapingo en el Estado de M\u00e9xico suman cuatro instituciones p\u00fablicas de educaci\u00f3n superior en todo el &hellip; <a href=\"http:\/\/www.grieta.org.mx\/index.php\/2019\/02\/21\/cuatro-universidades-publicas-en-huelga\/\" class=\"more-link\">Leer m\u00e1s<\/a><\/p>\n","protected":false},"author":2,"featured_media":29433,"comment_status":"closed","ping_status":"closed","sticky":false,"template":"","format":"standard","meta":{"ngg_post_thumbnail":0,"_jetpack_newsletter_access":"","_jetpack_dont_email_post_to_subs":false,"_jetpack_newsletter_tier_id":0,"_jetpack_memberships_contains_paywalled_content":false,"_jetpack_memberships_contains_paid_content":false,"footnotes":""},"categories":[80,14,419,16,2153,2151,2150,2152,2,25],"tags":[2155,2154,103,619,2156],"class_list":["post-29432","post","type-post","status-publish","format-standard","has-post-thumbnail","hentry","category-cintillo","category-ciudad-de-mexico","category-coahuila","category-estado-de-mexico","category-movilizaciones-en-la-universidad-agraria-de-coahuila","category-movilizaciones-en-la-universidad-autonoma-de-chapingo","category-movilizaciones-en-la-universidad-autonoma-metropolitana","category-movilizaciones-en-la-universidad-benito-juarez-de-oaxaca","category-noticias-nacionales","category-oaxaca","tag-chapingo","tag-huelga-universidades","tag-uabjo","tag-uam","tag-universidad-agraria-de-coahuila","entry"],"jetpack_featured_media_url":"http:\/\/www.grieta.org.mx\/wp-content\/uploads\/2019\/02\/paro.jpg","jetpack_sharing_enabled":true,"jetpack_shortlink":"https:\/\/wp.me\/p7ZJR4-7EI","jetpack_likes_enabled":false,"jetpack-related-posts":[{"id":29438,"url":"http:\/\/www.grieta.org.mx\/index.php\/2019\/02\/21\/academicos-estallan-huelga-en-chapingo-estado-de-mexico\/","url_meta":{"origin":29432,"position":0},"title":"Acad\u00e9micos estallan huelga en Chapingo (Estado de M\u00e9xico)","author":"grieta","date":"21 febrero, 2019","format":false,"excerpt":"Ricardo Ort\u00edz\/somoselmedio Con 364 votos a favor, acad\u00e9micos de la Universidad Aut\u00f3noma de Chapingo (UACh) emplazaron a huelga para este 21 de febrero bajo la demanda de incremento salarial. Los trabajadores se\u00f1alaron que no se ha dado soluci\u00f3n a las violaciones al Contrato Colectivo de Trabajo (CCT) y solicitaron que\u2026","rel":"","context":"En &quot;CINTILLO&quot;","block_context":{"text":"CINTILLO","link":"http:\/\/www.grieta.org.mx\/index.php\/category\/cintillo\/"},"img":{"alt_text":"","src":"https:\/\/i0.wp.com\/www.grieta.org.mx\/wp-content\/uploads\/2019\/02\/chapingo.jpg?resize=350%2C200","width":350,"height":200,"srcset":"https:\/\/i0.wp.com\/www.grieta.org.mx\/wp-content\/uploads\/2019\/02\/chapingo.jpg?resize=350%2C200 1x, https:\/\/i0.wp.com\/www.grieta.org.mx\/wp-content\/uploads\/2019\/02\/chapingo.jpg?resize=525%2C300 1.5x"},"classes":[]},{"id":32168,"url":"http:\/\/www.grieta.org.mx\/index.php\/2019\/04\/06\/trabajadoras-de-la-uam-se-solidarizan-con-huelga-en-la-universidad-de-sonora\/","url_meta":{"origin":29432,"position":1},"title":"Trabajadoras de la UAM se solidarizan con huelga en la Universidad de Sonora","author":"grieta","date":"6 abril, 2019","format":false,"excerpt":"Trabajadoras y trabajadores de la Universidad Aut\u00f3noma Metropolitana, en huelga desde hace m\u00e1s de 60 d\u00edas, env\u00edan un saludo a la lucha de las y los acad\u00e9micos y trabajadores de la Universidad de Sonora. La lucha en contra de la precarizaci\u00f3n laboral y por la dignificaci\u00f3n de la labor docente\u2026","rel":"","context":"En &quot;CINTILLO&quot;","block_context":{"text":"CINTILLO","link":"http:\/\/www.grieta.org.mx\/index.php\/category\/cintillo\/"},"img":{"alt_text":"","src":"https:\/\/i0.wp.com\/www.grieta.org.mx\/wp-content\/uploads\/2019\/04\/Trabajadoras-UAM.jpg?resize=350%2C200","width":350,"height":200,"srcset":"https:\/\/i0.wp.com\/www.grieta.org.mx\/wp-content\/uploads\/2019\/04\/Trabajadoras-UAM.jpg?resize=350%2C200 1x, https:\/\/i0.wp.com\/www.grieta.org.mx\/wp-content\/uploads\/2019\/04\/Trabajadoras-UAM.jpg?resize=525%2C300 1.5x, https:\/\/i0.wp.com\/www.grieta.org.mx\/wp-content\/uploads\/2019\/04\/Trabajadoras-UAM.jpg?resize=700%2C400 2x"},"classes":[]},{"id":247,"url":"http:\/\/www.grieta.org.mx\/index.php\/2015\/03\/22\/movilizaciones-en-chapingo-contra-imposicion-de-directores\/","url_meta":{"origin":29432,"position":2},"title":"Movilizaciones en Chapingo contra imposici\u00f3n de directores","author":"grieta","date":"22 marzo, 2015","format":false,"excerpt":"22\/03\/15. Finalizan paro en la UACh, el lunes regresan a clasesReporteros en Movimiento 15\/03\/15. Realizan foros informativos en la Universidad Aut\u00f3noma Chapingo sobre el paroSomos el medio 02\/03\/15. Alumnos en paro de Chapingo anuncian marcha a SagarpaReporteros en movimiento 12\/02\/15. PRI intenta tomar el control de la Universidad de Chapingo,\u2026","rel":"","context":"En &quot;Estado de M\u00e9xico&quot;","block_context":{"text":"Estado de M\u00e9xico","link":"http:\/\/www.grieta.org.mx\/index.php\/category\/noticias-nacionales\/estado-de-mexico\/"},"img":{"alt_text":"","src":"https:\/\/i0.wp.com\/www.grieta.org.mx\/wp-content\/uploads\/2018\/03\/14524434_1106112876131411_958039263622046936_o.jpg?resize=350%2C200","width":350,"height":200,"srcset":"https:\/\/i0.wp.com\/www.grieta.org.mx\/wp-content\/uploads\/2018\/03\/14524434_1106112876131411_958039263622046936_o.jpg?resize=350%2C200 1x, https:\/\/i0.wp.com\/www.grieta.org.mx\/wp-content\/uploads\/2018\/03\/14524434_1106112876131411_958039263622046936_o.jpg?resize=525%2C300 1.5x, https:\/\/i0.wp.com\/www.grieta.org.mx\/wp-content\/uploads\/2018\/03\/14524434_1106112876131411_958039263622046936_o.jpg?resize=700%2C400 2x"},"classes":[]},{"id":42516,"url":"http:\/\/www.grieta.org.mx\/index.php\/2019\/12\/26\/queremos-vivir-sin-miedo-protestan-por-feminicidio-de-nazaret-estudiante-de-chapingo-estado-de-mexico\/","url_meta":{"origin":29432,"position":3},"title":"Queremos vivir sin miedo\u201d: protestan por feminicidio de Nazaret, estudiante de Chapingo (Estado de M\u00e9xico)","author":"grieta","date":"26 diciembre, 2019","format":false,"excerpt":"@romoblank Animal Pol\u00edtico Los alumnos guardaron un minuto de silencio en honor a su compa\u00f1era estudiante. Estudiantes de la Universidad Aut\u00f3noma de Chapingo, en Texcoco, Estado de M\u00e9xico, protestan por el feminicidio de Nazaret Bautista, alumna de la Preparatoria Agr\u00edcola de esta casa de estudios. El 23 de diciembre, autoridades\u2026","rel":"","context":"En &quot;CINTILLO&quot;","block_context":{"text":"CINTILLO","link":"http:\/\/www.grieta.org.mx\/index.php\/category\/cintillo\/"},"img":{"alt_text":"","src":"https:\/\/i0.wp.com\/www.grieta.org.mx\/wp-content\/uploads\/2019\/12\/Queremos-vivir-sin-miedo-protestan-por-feminicidio-de-Nazaret-estudiante-de-Chapingo-edomex-dic.png?resize=350%2C200","width":350,"height":200,"srcset":"https:\/\/i0.wp.com\/www.grieta.org.mx\/wp-content\/uploads\/2019\/12\/Queremos-vivir-sin-miedo-protestan-por-feminicidio-de-Nazaret-estudiante-de-Chapingo-edomex-dic.png?resize=350%2C200 1x, https:\/\/i0.wp.com\/www.grieta.org.mx\/wp-content\/uploads\/2019\/12\/Queremos-vivir-sin-miedo-protestan-por-feminicidio-de-Nazaret-estudiante-de-Chapingo-edomex-dic.png?resize=525%2C300 1.5x"},"classes":[]},{"id":29953,"url":"http:\/\/www.grieta.org.mx\/index.php\/2019\/03\/01\/se-cumple-un-mes-de-huelga-en-la-uam-ciudad-de-mexico\/","url_meta":{"origin":29432,"position":4},"title":"Se cumple un mes de huelga en la UAM (Ciudad de M\u00e9xico)","author":"grieta","date":"1 marzo, 2019","format":false,"excerpt":"somoselmedio Ciudad de M\u00e9xico 1 de marzo de 2019.- Se cumple un mes de la huelga en la Universidad Aut\u00f3noma Metropolitana (UAM), en la \u00faltima semana del mes de febrero se difundi\u00f3 a trav\u00e9s de comunicados, actividades referentes al conflicto. Este movimiento de huelga exige un aumento salarial del 20%\u2026","rel":"","context":"En &quot;CINTILLO&quot;","block_context":{"text":"CINTILLO","link":"http:\/\/www.grieta.org.mx\/index.php\/category\/cintillo\/"},"img":{"alt_text":"","src":"https:\/\/i0.wp.com\/www.grieta.org.mx\/wp-content\/uploads\/2019\/03\/UAM-Ricardo-Ortiz-696x522.jpg?resize=350%2C200","width":350,"height":200,"srcset":"https:\/\/i0.wp.com\/www.grieta.org.mx\/wp-content\/uploads\/2019\/03\/UAM-Ricardo-Ortiz-696x522.jpg?resize=350%2C200 1x, https:\/\/i0.wp.com\/www.grieta.org.mx\/wp-content\/uploads\/2019\/03\/UAM-Ricardo-Ortiz-696x522.jpg?resize=525%2C300 1.5x"},"classes":[]},{"id":31834,"url":"http:\/\/www.grieta.org.mx\/index.php\/2019\/04\/06\/huelga-en-la-uam-cumple-64-dias-se-perfila-como-la-mas-larga-en-su-historia-ciudad-de-mexico\/","url_meta":{"origin":29432,"position":5},"title":"Huelga en la UAM cumple 64 d\u00edas; se perfila como la m\u00e1s larga en su historia (Ciudad de M\u00e9xico)","author":"grieta","date":"6 abril, 2019","format":false,"excerpt":"Redacci\u00f3n\/Animal Pol\u00edtico El conflicto laboral en la Universidad Aut\u00f3noma Metropolitana afecta a m\u00e1s de 48 mil alumnos de las unidades Azcapotzalco, Iztapalapa, Lerma, Cuajimalpa y Xochimilco. El conflicto laboral en la Universidad Aut\u00f3noma Metropolitana (UAM) cumple este s\u00e1bado 64 d\u00edas de haber iniciado, con lo que superar\u00e1 a la huelga\u2026","rel":"","context":"En &quot;CINTILLO&quot;","block_context":{"text":"CINTILLO","link":"http:\/\/www.grieta.org.mx\/index.php\/category\/cintillo\/"},"img":{"alt_text":"","src":"https:\/\/i0.wp.com\/www.grieta.org.mx\/wp-content\/uploads\/2018\/03\/14524434_1106112876131411_958039263622046936_o.jpg?resize=350%2C200","width":350,"height":200,"srcset":"https:\/\/i0.wp.com\/www.grieta.org.mx\/wp-content\/uploads\/2018\/03\/14524434_1106112876131411_958039263622046936_o.jpg?resize=350%2C200 1x, https:\/\/i0.wp.com\/www.grieta.org.mx\/wp-content\/uploads\/2018\/03\/14524434_1106112876131411_958039263622046936_o.jpg?resize=525%2C300 1.5x, https:\/\/i0.wp.com\/www.grieta.org.mx\/wp-content\/uploads\/2018\/03\/14524434_1106112876131411_958039263622046936_o.jpg?resize=700%2C400 2x"},"classes":[]}],"_links":{"self":[{"href":"http:\/\/www.grieta.org.mx\/index.php\/wp-json\/wp\/v2\/posts\/29432","targetHints":{"allow":["GET"]}}],"collection":[{"href":"http:\/\/www.grieta.org.mx\/index.php\/wp-json\/wp\/v2\/posts"}],"about":[{"href":"http:\/\/www.grieta.org.mx\/index.php\/wp-json\/wp\/v2\/types\/post"}],"author":[{"embeddable":true,"href":"http:\/\/www.grieta.org.mx\/index.php\/wp-json\/wp\/v2\/users\/2"}],"replies":[{"embeddable":true,"href":"http:\/\/www.grieta.org.mx\/index.php\/wp-json\/wp\/v2\/comments?post=29432"}],"version-history":[{"count":1,"href":"http:\/\/www.grieta.org.mx\/index.php\/wp-json\/wp\/v2\/posts\/29432\/revisions"}],"predecessor-version":[{"id":29436,"href":"http:\/\/www.grieta.org.mx\/index.php\/wp-json\/wp\/v2\/posts\/29432\/revisions\/29436"}],"wp:featuredmedia":[{"embeddable":true,"href":"http:\/\/www.grieta.org.mx\/index.php\/wp-json\/wp\/v2\/media\/29433"}],"wp:attachment":[{"href":"http:\/\/www.grieta.org.mx\/index.php\/wp-json\/wp\/v2\/media?parent=29432"}],"wp:term":[{"taxonomy":"category","embeddable":true,"href":"http:\/\/www.grieta.org.mx\/index.php\/wp-json\/wp\/v2\/categories?post=29432"},{"taxonomy":"post_tag","embeddable":true,"href":"http:\/\/www.grieta.org.mx\/index.php\/wp-json\/wp\/v2\/tags?post=29432"}],"curies":[{"name":"wp","href":"https:\/\/api.w.org\/{rel}","templated":true}]}}