{"id":29408,"date":"2019-02-08T18:09:21","date_gmt":"2019-02-09T00:09:21","guid":{"rendered":"http:\/\/www.grieta.org.mx\/?p=29408"},"modified":"2019-02-22T18:27:13","modified_gmt":"2019-02-23T00:27:13","slug":"asesinan-a-dos-mujeres-casi-simultaneamente-jalisco","status":"publish","type":"post","link":"http:\/\/www.grieta.org.mx\/index.php\/2019\/02\/08\/asesinan-a-dos-mujeres-casi-simultaneamente-jalisco\/","title":{"rendered":"Asesinan a dos mujeres casi simult\u00e1neamente (Jalisco)"},"content":{"rendered":"<p><img loading=\"lazy\" decoding=\"async\" data-attachment-id=\"29409\" data-permalink=\"http:\/\/www.grieta.org.mx\/index.php\/2019\/02\/08\/asesinan-a-dos-mujeres-casi-simultaneamente-jalisco\/fem\/\" data-orig-file=\"http:\/\/www.grieta.org.mx\/wp-content\/uploads\/2019\/02\/fem.jpg\" data-orig-size=\"1430,800\" data-comments-opened=\"0\" data-image-meta=\"{&quot;aperture&quot;:&quot;0&quot;,&quot;credit&quot;:&quot;&quot;,&quot;camera&quot;:&quot;&quot;,&quot;caption&quot;:&quot;&quot;,&quot;created_timestamp&quot;:&quot;0&quot;,&quot;copyright&quot;:&quot;&quot;,&quot;focal_length&quot;:&quot;0&quot;,&quot;iso&quot;:&quot;0&quot;,&quot;shutter_speed&quot;:&quot;0&quot;,&quot;title&quot;:&quot;&quot;,&quot;orientation&quot;:&quot;0&quot;}\" data-image-title=\"fem\" data-image-description=\"\" data-image-caption=\"\" data-medium-file=\"http:\/\/www.grieta.org.mx\/wp-content\/uploads\/2019\/02\/fem-300x168.jpg\" data-large-file=\"http:\/\/www.grieta.org.mx\/wp-content\/uploads\/2019\/02\/fem-1024x573.jpg\" class=\"aligncenter wp-image-29409\" src=\"http:\/\/www.grieta.org.mx\/wp-content\/uploads\/2019\/02\/fem-300x168.jpg\" alt=\"\" width=\"763\" height=\"428\" srcset=\"http:\/\/www.grieta.org.mx\/wp-content\/uploads\/2019\/02\/fem-300x168.jpg 300w, http:\/\/www.grieta.org.mx\/wp-content\/uploads\/2019\/02\/fem-768x430.jpg 768w, http:\/\/www.grieta.org.mx\/wp-content\/uploads\/2019\/02\/fem-1024x573.jpg 1024w, http:\/\/www.grieta.org.mx\/wp-content\/uploads\/2019\/02\/fem-894x500.jpg 894w, http:\/\/www.grieta.org.mx\/wp-content\/uploads\/2019\/02\/fem.jpg 1430w\" sizes=\"auto, (max-width: 763px) 100vw, 763px\" \/><\/p>\n<p>&nbsp;<\/p>\n<p><strong>Marisela Mu\u00f1oz \/ Vallarta Opina<\/strong><\/p>\n<p>&nbsp;<\/p>\n<p>Guadalajara.<\/p>\n<p>En hechos distintos pero a poca distancia uno de otro y casi de manera simult\u00e1nea, dos feminicidios ocurrieron la noche de este mi\u00e9rcoles, de acuerdo a informaci\u00f3n de la Polic\u00eda de Guadalajara. En uno de los casos adem\u00e1s era menor de edad.<\/p>\n<p>Fue a las 21:03 horas que se report\u00f3 sobre disparos de arma de fuego en el interior de un cuarto de vecindad en el cruce de las calles Adolfo Cisneros y Apolonio M. Avil\u00e9s, en la colonia Echeverr\u00eda.<\/p>\n<p>Oficiales de Guadalajara encontraron en el interior del inmueble a una mujer de aproximadamente 26 a\u00f1os de edad, la cual se confirm\u00f3 que ya se hallaba sin vida. Se encontraron varios casquillos de arma larga sobre el suelo.<\/p>\n<p>Y a 13 cuadras de distancia, en el cruce de Teodomiro Manzano y Luis Covarrubias, en la vecina colonia de Polanco, se report\u00f3 una joven lesionada en el interior de un veh\u00edculo a la misma hora.<\/p>\n<p>Polic\u00edas encontraron en el punto a una joven de 15 a\u00f1os ya sin vida en los asientos traseros de una camioneta. De manera preliminar se inform\u00f3 que la v\u00edctima fue privada de su libertad poco antes junto con su padre afuera de su casa, pero en este punto solo fue localizada la menor.<\/p>\n<p>La Fiscal\u00eda del Estado inform\u00f3 mediante comunicado que se iniciaron las investigaciones para esclarecer estos hechos mediante el protocolo de feminicidio.<\/p>\n<p>\u201cCabe mencionar que de acuerdo a los lineamientos establecidos a nivel estatal y en base a criterios Internacionales para que un homicidio de mujer sea catalogado como feminicidio debe cumplir con las siguientes caracter\u00edsticas: se debe acreditar si el crimen se cometi\u00f3 por razones de g\u00e9nero, debiendo establecer qui\u00e9n comete el delito, c\u00f3mo lo comete y en qu\u00e9 contexto lo comete\u201d.<\/p>\n<p>&nbsp;<\/p>\n<p><a href=\"http:\/\/vallartaopina.net\/2019\/02\/08\/jalisco\/asesinan-a-dos-mujeres-casi-simultaneamente\/&nbsp;\">http:\/\/vallartaopina.net\/2019\/02\/08\/jalisco\/asesinan-a-dos-mujeres-casi-simultaneamente\/&nbsp;<\/a><\/p>\n","protected":false},"excerpt":{"rendered":"<p>&nbsp; Marisela Mu\u00f1oz \/ Vallarta Opina &nbsp; Guadalajara. En hechos distintos pero a poca distancia uno de otro y casi de manera simult\u00e1nea, dos feminicidios ocurrieron la noche de este &hellip; <a href=\"http:\/\/www.grieta.org.mx\/index.php\/2019\/02\/08\/asesinan-a-dos-mujeres-casi-simultaneamente-jalisco\/\" class=\"more-link\">Leer m\u00e1s<\/a><\/p>\n","protected":false},"author":2,"featured_media":29409,"comment_status":"closed","ping_status":"closed","sticky":false,"template":"","format":"standard","meta":{"ngg_post_thumbnail":0,"_jetpack_newsletter_access":"","_jetpack_dont_email_post_to_subs":false,"_jetpack_newsletter_tier_id":0,"_jetpack_memberships_contains_paywalled_content":false,"_jetpack_memberships_contains_paid_content":false,"footnotes":""},"categories":[80,84,2107,20,2,83],"tags":[],"class_list":["post-29408","post","type-post","status-publish","format-standard","has-post-thumbnail","hentry","category-cintillo","category-feminicidios","category-feminicidios-en-jalisco","category-jalisco","category-noticias-nacionales","category-temas-nacionales","entry"],"jetpack_featured_media_url":"http:\/\/www.grieta.org.mx\/wp-content\/uploads\/2019\/02\/fem.jpg","jetpack_sharing_enabled":true,"jetpack_shortlink":"https:\/\/wp.me\/p7ZJR4-7Ek","jetpack_likes_enabled":false,"jetpack-related-posts":[{"id":53613,"url":"http:\/\/www.grieta.org.mx\/index.php\/2020\/09\/16\/colectivas-feministas-realizan-antigrita-en-guadalajara-jalisco\/","url_meta":{"origin":29408,"position":0},"title":"Colectivas feministas realizan Antigrita en Guadalajara (Jalisco)","author":"grieta","date":"16 septiembre, 2020","format":false,"excerpt":"Fotograf\u00edas: Mario Marlo Mario Marlo \/ Somos el Medio Guadalajara, 16 de septiembre. Esta tarde en la Glorieta de los y las Jaliscienses Ilustres, en Guadalajara, mujeres realizaron \u00abLa Antigrita\u00bb donde exigieron justicia por los feminicidios y las desapariciones en este estado. Las colectivas feministas que se reunieron en este\u2026","rel":"","context":"En &quot;CINTILLO&quot;","block_context":{"text":"CINTILLO","link":"http:\/\/www.grieta.org.mx\/index.php\/category\/cintillo\/"},"img":{"alt_text":"","src":"https:\/\/i0.wp.com\/www.grieta.org.mx\/wp-content\/uploads\/2020\/09\/Antigrita-5-1068x704-1.jpg?resize=350%2C200","width":350,"height":200,"srcset":"https:\/\/i0.wp.com\/www.grieta.org.mx\/wp-content\/uploads\/2020\/09\/Antigrita-5-1068x704-1.jpg?resize=350%2C200 1x, https:\/\/i0.wp.com\/www.grieta.org.mx\/wp-content\/uploads\/2020\/09\/Antigrita-5-1068x704-1.jpg?resize=525%2C300 1.5x, https:\/\/i0.wp.com\/www.grieta.org.mx\/wp-content\/uploads\/2020\/09\/Antigrita-5-1068x704-1.jpg?resize=700%2C400 2x, https:\/\/i0.wp.com\/www.grieta.org.mx\/wp-content\/uploads\/2020\/09\/Antigrita-5-1068x704-1.jpg?resize=1050%2C600 3x"},"classes":[]},{"id":29022,"url":"http:\/\/www.grieta.org.mx\/index.php\/2019\/02\/08\/31-mujeres-han-sido-asesinadas-en-jalisco-en-lo-que-va-del-ano\/","url_meta":{"origin":29408,"position":1},"title":"31 mujeres han sido asesinadas en Jalisco en lo que va del a\u00f1o","author":"grieta","date":"8 febrero, 2019","format":false,"excerpt":"Redacci\u00f3n\/Partidero. Guadalajara, Jalisco.-Tan s\u00f3lo en lo que va del a\u00f1o han sido asesinadas 31 mujeres en el estado de Jalisco, cifra que, de mantenerse constante, superar\u00eda la cifra de asesinatos de mujeres registrada en 2018: 231. De acuerdo con cifras del Instituto Jalisciense de Ciencias Forenses, recabadas por Tr\u00e1fico ZMG,\u2026","rel":"","context":"En &quot;CINTILLO&quot;","block_context":{"text":"CINTILLO","link":"http:\/\/www.grieta.org.mx\/index.php\/category\/cintillo\/"},"img":{"alt_text":"","src":"https:\/\/i0.wp.com\/www.grieta.org.mx\/wp-content\/uploads\/2019\/02\/Mujeres.jpg?resize=350%2C200","width":350,"height":200,"srcset":"https:\/\/i0.wp.com\/www.grieta.org.mx\/wp-content\/uploads\/2019\/02\/Mujeres.jpg?resize=350%2C200 1x, https:\/\/i0.wp.com\/www.grieta.org.mx\/wp-content\/uploads\/2019\/02\/Mujeres.jpg?resize=525%2C300 1.5x"},"classes":[]},{"id":51666,"url":"http:\/\/www.grieta.org.mx\/index.php\/2020\/07\/05\/denuncian-en-mantas-desapariciones-y-feminicidios-de-jalisco\/","url_meta":{"origin":29408,"position":2},"title":"Denuncian en mantas desapariciones y feminicidios de Jalisco","author":"grieta","date":"5 julio, 2020","format":false,"excerpt":"Foto: Cortes\u00eda Georgina Garc\u00eda Sol\u00eds \/ UDGTV Guadalajara, Jalisco. Este domingo fueron colocadas varias mantas en la Zona Metropolitana de Guadalajara para denunciar las desapariciones y los feminicidios en el estado de Jalisco.\u00a0 En las glorietas de La Minerva y de los Ni\u00f1os H\u00e9roes, as\u00ed como en la calzada Independencia\u2026","rel":"","context":"En &quot;CINTILLO&quot;","block_context":{"text":"CINTILLO","link":"http:\/\/www.grieta.org.mx\/index.php\/category\/cintillo\/"},"img":{"alt_text":"","src":"https:\/\/i0.wp.com\/www.grieta.org.mx\/wp-content\/uploads\/2020\/07\/desapariciones-y-los-feminicidios-Cortes%C3%ADa-696x522.jpeg?resize=350%2C200","width":350,"height":200,"srcset":"https:\/\/i0.wp.com\/www.grieta.org.mx\/wp-content\/uploads\/2020\/07\/desapariciones-y-los-feminicidios-Cortes%C3%ADa-696x522.jpeg?resize=350%2C200 1x, https:\/\/i0.wp.com\/www.grieta.org.mx\/wp-content\/uploads\/2020\/07\/desapariciones-y-los-feminicidios-Cortes%C3%ADa-696x522.jpeg?resize=525%2C300 1.5x"},"classes":[]},{"id":29418,"url":"http:\/\/www.grieta.org.mx\/index.php\/2019\/02\/02\/enero-un-mes-negro-en-jalisco\/","url_meta":{"origin":29408,"position":3},"title":"Enero, un mes negro en Jalisco","author":"grieta","date":"2 febrero, 2019","format":false,"excerpt":"\u00a0 Marisela Mu\u00f1oz \/ Vallarta Opina \u00a0 Guadalajara \u00a0 El cierre del primer mes del a\u00f1o result\u00f3 violento. Hasta el cierre de la edici\u00f3n, al menos 10 personas fueron asesinadas en la entidad. La jornada comenz\u00f3 durante la madrugada en la colonia Jardines de la Cruz, de Guadalajara. Sobre la\u2026","rel":"","context":"En &quot;CINTILLO&quot;","block_context":{"text":"CINTILLO","link":"http:\/\/www.grieta.org.mx\/index.php\/category\/cintillo\/"},"img":{"alt_text":"","src":"https:\/\/i0.wp.com\/www.grieta.org.mx\/wp-content\/uploads\/2019\/02\/ASESINOS.jpg?resize=350%2C200","width":350,"height":200,"srcset":"https:\/\/i0.wp.com\/www.grieta.org.mx\/wp-content\/uploads\/2019\/02\/ASESINOS.jpg?resize=350%2C200 1x, https:\/\/i0.wp.com\/www.grieta.org.mx\/wp-content\/uploads\/2019\/02\/ASESINOS.jpg?resize=525%2C300 1.5x, https:\/\/i0.wp.com\/www.grieta.org.mx\/wp-content\/uploads\/2019\/02\/ASESINOS.jpg?resize=700%2C400 2x"},"classes":[]},{"id":62896,"url":"http:\/\/www.grieta.org.mx\/index.php\/2021\/12\/06\/reportan-11-asesinatos-de-mujeres-trans-en-jalisco\/","url_meta":{"origin":29408,"position":4},"title":"Reportan 11 asesinatos de mujeres trans en Jalisco","author":"grieta","date":"6 diciembre, 2021","format":false,"excerpt":"Foto: Tomada de la Red Juan Levario \/ El Diario NTR De 2019 al 13 de junio de este a\u00f1o, en Jalisco ocurrieron 11 asesinatos de mujeres transexuales. Tras una solicitud de informaci\u00f3n, la Fiscal\u00eda del Estado dio a conocer que tiene registro de 10 v\u00edctimas entre 2019 y junio\u2026","rel":"","context":"En &quot;CINTILLO&quot;","block_context":{"text":"CINTILLO","link":"http:\/\/www.grieta.org.mx\/index.php\/category\/cintillo\/"},"img":{"alt_text":"","src":"","width":0,"height":0},"classes":[]},{"id":64058,"url":"http:\/\/www.grieta.org.mx\/index.php\/2022\/04\/22\/se-manifiestan-en-guadalajara-por-debanhi-jalisco\/","url_meta":{"origin":29408,"position":5},"title":"Se manifiestan en Guadalajara por Debanhi (Jalisco)","author":"grieta","date":"22 abril, 2022","format":false,"excerpt":"Foto: Mario Miramontes - El Occidental Viridiana Saavedra \/ El Occidental La muerte de\u00a0Debanhi\u00a0Escobar\u00a0en Nuevo Le\u00f3n le doli\u00f3 a M\u00e9xico entero y esta tarde decenas de mujeres salieron a las calles para expresar su repudio por los feminicidios en el pa\u00eds. En Guadalajara la concentraci\u00f3n fue a un costado de\u2026","rel":"","context":"En &quot;CINTILLO&quot;","block_context":{"text":"CINTILLO","link":"http:\/\/www.grieta.org.mx\/index.php\/category\/cintillo\/"},"img":{"alt_text":"","src":"https:\/\/i0.wp.com\/www.grieta.org.mx\/wp-content\/uploads\/2022\/04\/Debanhi.jpg?resize=350%2C200","width":350,"height":200,"srcset":"https:\/\/i0.wp.com\/www.grieta.org.mx\/wp-content\/uploads\/2022\/04\/Debanhi.jpg?resize=350%2C200 1x, https:\/\/i0.wp.com\/www.grieta.org.mx\/wp-content\/uploads\/2022\/04\/Debanhi.jpg?resize=525%2C300 1.5x, https:\/\/i0.wp.com\/www.grieta.org.mx\/wp-content\/uploads\/2022\/04\/Debanhi.jpg?resize=700%2C400 2x"},"classes":[]}],"_links":{"self":[{"href":"http:\/\/www.grieta.org.mx\/index.php\/wp-json\/wp\/v2\/posts\/29408","targetHints":{"allow":["GET"]}}],"collection":[{"href":"http:\/\/www.grieta.org.mx\/index.php\/wp-json\/wp\/v2\/posts"}],"about":[{"href":"http:\/\/www.grieta.org.mx\/index.php\/wp-json\/wp\/v2\/types\/post"}],"author":[{"embeddable":true,"href":"http:\/\/www.grieta.org.mx\/index.php\/wp-json\/wp\/v2\/users\/2"}],"replies":[{"embeddable":true,"href":"http:\/\/www.grieta.org.mx\/index.php\/wp-json\/wp\/v2\/comments?post=29408"}],"version-history":[{"count":1,"href":"http:\/\/www.grieta.org.mx\/index.php\/wp-json\/wp\/v2\/posts\/29408\/revisions"}],"predecessor-version":[{"id":29417,"href":"http:\/\/www.grieta.org.mx\/index.php\/wp-json\/wp\/v2\/posts\/29408\/revisions\/29417"}],"wp:featuredmedia":[{"embeddable":true,"href":"http:\/\/www.grieta.org.mx\/index.php\/wp-json\/wp\/v2\/media\/29409"}],"wp:attachment":[{"href":"http:\/\/www.grieta.org.mx\/index.php\/wp-json\/wp\/v2\/media?parent=29408"}],"wp:term":[{"taxonomy":"category","embeddable":true,"href":"http:\/\/www.grieta.org.mx\/index.php\/wp-json\/wp\/v2\/categories?post=29408"},{"taxonomy":"post_tag","embeddable":true,"href":"http:\/\/www.grieta.org.mx\/index.php\/wp-json\/wp\/v2\/tags?post=29408"}],"curies":[{"name":"wp","href":"https:\/\/api.w.org\/{rel}","templated":true}]}}