{"id":29393,"date":"2019-02-08T17:13:04","date_gmt":"2019-02-08T23:13:04","guid":{"rendered":"http:\/\/www.grieta.org.mx\/?p=29393"},"modified":"2019-02-22T17:22:27","modified_gmt":"2019-02-22T23:22:27","slug":"dejan-sin-empleo-a-80-trabajadores-campeche","status":"publish","type":"post","link":"http:\/\/www.grieta.org.mx\/index.php\/2019\/02\/08\/dejan-sin-empleo-a-80-trabajadores-campeche\/","title":{"rendered":"Dejan sin empleo a 80 trabajadores (Campeche)"},"content":{"rendered":"<p><img loading=\"lazy\" decoding=\"async\" data-attachment-id=\"29394\" data-permalink=\"http:\/\/www.grieta.org.mx\/index.php\/2019\/02\/08\/dejan-sin-empleo-a-80-trabajadores-campeche\/07maquiladora-696x392\/\" data-orig-file=\"http:\/\/www.grieta.org.mx\/wp-content\/uploads\/2019\/02\/07maquiladora-696x392.jpg\" data-orig-size=\"696,392\" data-comments-opened=\"0\" data-image-meta=\"{&quot;aperture&quot;:&quot;0&quot;,&quot;credit&quot;:&quot;&quot;,&quot;camera&quot;:&quot;&quot;,&quot;caption&quot;:&quot;&quot;,&quot;created_timestamp&quot;:&quot;0&quot;,&quot;copyright&quot;:&quot;&quot;,&quot;focal_length&quot;:&quot;0&quot;,&quot;iso&quot;:&quot;0&quot;,&quot;shutter_speed&quot;:&quot;0&quot;,&quot;title&quot;:&quot;&quot;,&quot;orientation&quot;:&quot;0&quot;}\" data-image-title=\"07maquiladora-696&amp;#215;392\" data-image-description=\"\" data-image-caption=\"\" data-medium-file=\"http:\/\/www.grieta.org.mx\/wp-content\/uploads\/2019\/02\/07maquiladora-696x392-300x169.jpg\" data-large-file=\"http:\/\/www.grieta.org.mx\/wp-content\/uploads\/2019\/02\/07maquiladora-696x392.jpg\" class=\"aligncenter wp-image-29394\" src=\"http:\/\/www.grieta.org.mx\/wp-content\/uploads\/2019\/02\/07maquiladora-696x392-300x169.jpg\" alt=\"\" width=\"775\" height=\"436\" srcset=\"http:\/\/www.grieta.org.mx\/wp-content\/uploads\/2019\/02\/07maquiladora-696x392-300x169.jpg 300w, http:\/\/www.grieta.org.mx\/wp-content\/uploads\/2019\/02\/07maquiladora-696x392.jpg 696w\" sizes=\"auto, (max-width: 775px) 100vw, 775px\" \/><\/p>\n<p><strong>Rafael Can Santos \/ Novedades Campeche<\/strong><\/p>\n<p>Poco m\u00e1s de 80 trabajadores de la maquiladora \u201cTekablank\u201d ubicada sobre la carretera Esc\u00e1rcega-Champot\u00f3n-Campeche fueron despedidos la semana pasada por razones desconocidas, y en el transcurso de \u00e9sta se liquidar\u00e1 a quienes alcancen finiquito, de acuerdo a la Ley Federal del Trabajo.<\/p>\n<p>Tras retirar a los empleados, personas ajenas comenzaron a desmantelar el lugar no sin advertir a los administrativos que quedaron, que solo cumpl\u00edan \u00f3rdenes de sus superiores; al querer entrevistar al administrador nunca se le pudo localizar, pues se volvi\u00f3 \u201cojo de hormiga\u201d.<\/p>\n<p>Juan R. M., Daniel C. C., Luis Ram\u00f3n D. S., entre otros dijeron que esta semana les pagar\u00edan su liquidaci\u00f3n, sin embargo, dentro del inmueble hab\u00eda m\u00e1s de 100 personas laborando y solo est\u00e1n tomando en cuenta a 80, sin incluir el \u00e1rea administrativa compuesta por profesionistas.<\/p>\n<p>\u201cLa moneda est\u00e1 al aire y hasta no ver no creer\u201d, expres\u00f3 uno de los empleados al se\u00f1alar que \u201cojal\u00e1 y les alcance para poner peque\u00f1os negocios y tengan para sobrevivir\u201d, pues las fuentes de trabajo en este municipio pr\u00e1cticamente ya no existen.<\/p>\n<p><a href=\"https:\/\/www.novedadescampeche.com.mx\/estado\/camino-real\/dejan-sin-empleo-a-80-trabajadores\/\">https:\/\/www.novedadescampeche.com.mx\/estado\/camino-real\/dejan-sin-empleo-a-80-trabajadores\/<\/a><\/p>\n","protected":false},"excerpt":{"rendered":"<p>Rafael Can Santos \/ Novedades Campeche Poco m\u00e1s de 80 trabajadores de la maquiladora \u201cTekablank\u201d ubicada sobre la carretera Esc\u00e1rcega-Champot\u00f3n-Campeche fueron despedidos la semana pasada por razones desconocidas, y en &hellip; <a href=\"http:\/\/www.grieta.org.mx\/index.php\/2019\/02\/08\/dejan-sin-empleo-a-80-trabajadores-campeche\/\" class=\"more-link\">Leer m\u00e1s<\/a><\/p>\n","protected":false},"author":2,"featured_media":29394,"comment_status":"closed","ping_status":"closed","sticky":false,"template":"","format":"standard","meta":{"ngg_post_thumbnail":0,"_jetpack_newsletter_access":"","_jetpack_dont_email_post_to_subs":false,"_jetpack_newsletter_tier_id":0,"_jetpack_memberships_contains_paywalled_content":false,"_jetpack_memberships_contains_paid_content":false,"footnotes":""},"categories":[11,80,1040,2],"tags":[],"class_list":["post-29393","post","type-post","status-publish","format-standard","has-post-thumbnail","hentry","category-campeche","category-cintillo","category-conflictos-laborales-en-campeche","category-noticias-nacionales","entry"],"jetpack_featured_media_url":"http:\/\/www.grieta.org.mx\/wp-content\/uploads\/2019\/02\/07maquiladora-696x392.jpg","jetpack_sharing_enabled":true,"jetpack_shortlink":"https:\/\/wp.me\/p7ZJR4-7E5","jetpack_likes_enabled":false,"jetpack-related-posts":[{"id":63323,"url":"http:\/\/www.grieta.org.mx\/index.php\/2022\/01\/24\/exigen-a-layda-sansores-defina-situacion-de-unos-40-trabajadores-que-dejaron-de-recibir-salario-campeche\/","url_meta":{"origin":29393,"position":0},"title":"Exigen a Layda Sansores defina situaci\u00f3n de unos 40 trabajadores que dejaron de recibir salario (Campeche)","author":"grieta","date":"24 enero, 2022","format":false,"excerpt":"Rosa Santana \/ Proceso CAMPECHE, Cam., 24 de enero (apro).- Trabajadores del Servicio Nacional de Empleo se manifestaron hoy a las puertas de la dependencia para pedir que la gobernadora Layda Sansores San Rom\u00e1n les aclare cu\u00e1l es ahora su situaci\u00f3n laboral porque formalmente no han sido despedidos pero dejaron\u2026","rel":"","context":"En &quot;Campeche&quot;","block_context":{"text":"Campeche","link":"http:\/\/www.grieta.org.mx\/index.php\/category\/noticias-nacionales\/campeche\/"},"img":{"alt_text":"","src":"https:\/\/i0.wp.com\/www.grieta.org.mx\/wp-content\/uploads\/2018\/03\/14524434_1106112876131411_958039263622046936_o.jpg?resize=350%2C200","width":350,"height":200,"srcset":"https:\/\/i0.wp.com\/www.grieta.org.mx\/wp-content\/uploads\/2018\/03\/14524434_1106112876131411_958039263622046936_o.jpg?resize=350%2C200 1x, https:\/\/i0.wp.com\/www.grieta.org.mx\/wp-content\/uploads\/2018\/03\/14524434_1106112876131411_958039263622046936_o.jpg?resize=525%2C300 1.5x, https:\/\/i0.wp.com\/www.grieta.org.mx\/wp-content\/uploads\/2018\/03\/14524434_1106112876131411_958039263622046936_o.jpg?resize=700%2C400 2x"},"classes":[]},{"id":70013,"url":"http:\/\/www.grieta.org.mx\/index.php\/2024\/10\/05\/incertidumbre-entre-500-trabajadores-del-rancho-santa-genoveva-en-campeche\/","url_meta":{"origin":29393,"position":1},"title":"Incertidumbre Entre 500 Trabajadores del Rancho Santa Genoveva en Campeche","author":"grieta","date":"5 octubre, 2024","format":false,"excerpt":"Redacci\u00f3n\/CAMBIO 22 La empresa manda a descansar por dos meses a sus empleados sin darles mayores explicaciones \u25ba Temen cierre de la compa\u00f1\u00eda agropecuaria establecida hace 22 a\u00f1os en la entidad HOPELCH\u00c9N, CAM., 5 de octubre.- Establecida hace 22 a\u00f1os en Campeche, con el prop\u00f3sito de realizar actividades forestales y\u2026","rel":"","context":"En &quot;Campeche&quot;","block_context":{"text":"Campeche","link":"http:\/\/www.grieta.org.mx\/index.php\/category\/noticias-nacionales\/campeche\/"},"img":{"alt_text":"","src":"https:\/\/i0.wp.com\/www.grieta.org.mx\/wp-content\/uploads\/2024\/10\/Rancho-e1728222112241.jpg?resize=350%2C200","width":350,"height":200,"srcset":"https:\/\/i0.wp.com\/www.grieta.org.mx\/wp-content\/uploads\/2024\/10\/Rancho-e1728222112241.jpg?resize=350%2C200 1x, https:\/\/i0.wp.com\/www.grieta.org.mx\/wp-content\/uploads\/2024\/10\/Rancho-e1728222112241.jpg?resize=525%2C300 1.5x, https:\/\/i0.wp.com\/www.grieta.org.mx\/wp-content\/uploads\/2024\/10\/Rancho-e1728222112241.jpg?resize=700%2C400 2x"},"classes":[]},{"id":69128,"url":"http:\/\/www.grieta.org.mx\/index.php\/2024\/05\/31\/trabajadores-del-imss-centro-realizan-planton-por-malas-condiciones-del-hospital-campeche\/","url_meta":{"origin":29393,"position":2},"title":"Trabajadores del IMSS centro realizan plant\u00f3n por malas condiciones del Hospital (Campeche)","author":"grieta","date":"31 mayo, 2024","format":false,"excerpt":"JR \/ La I Noticias Trabajadores del IMSS aseguran que llevan m\u00e1s de un a\u00f1os esperando la finalizaci\u00f3n de la remodelaci\u00f3n del hospital CAMPECHE.- Con gritos \u201cHospital nuevo\u201d, trabajadores se manifestaron a las afueras del IMSS del Centro con el prop\u00f3sito de exigir mejores condiciones de trabajo. Esta ma\u00f1ana un\u2026","rel":"","context":"En &quot;Campeche&quot;","block_context":{"text":"Campeche","link":"http:\/\/www.grieta.org.mx\/index.php\/category\/noticias-nacionales\/campeche\/"},"img":{"alt_text":"","src":"https:\/\/i0.wp.com\/www.grieta.org.mx\/wp-content\/uploads\/2024\/06\/ImssCampeche-e1718049949437.jpg?resize=350%2C200","width":350,"height":200,"srcset":"https:\/\/i0.wp.com\/www.grieta.org.mx\/wp-content\/uploads\/2024\/06\/ImssCampeche-e1718049949437.jpg?resize=350%2C200 1x, https:\/\/i0.wp.com\/www.grieta.org.mx\/wp-content\/uploads\/2024\/06\/ImssCampeche-e1718049949437.jpg?resize=525%2C300 1.5x, https:\/\/i0.wp.com\/www.grieta.org.mx\/wp-content\/uploads\/2024\/06\/ImssCampeche-e1718049949437.jpg?resize=700%2C400 2x"},"classes":[]},{"id":33450,"url":"http:\/\/www.grieta.org.mx\/index.php\/2019\/05\/14\/planton-de-trabajadores-del-inah-campeche\/","url_meta":{"origin":29393,"position":3},"title":"Plant\u00f3n de trabajadores del INAH Campeche","author":"grieta","date":"14 mayo, 2019","format":false,"excerpt":"https:\/\/youtu.be\/Ros0GzLEyYg Francelly Amayrani Pat Le\u00f3n\/Canal 10 Campeche.- Con pancartas y consignas verbales los trabajadores sindicalizados del Instituto Nacional de Antropolog\u00eda e Historia de Campeche realizaron un plant\u00f3n como parte de las acciones del plan de acci\u00f3n de su dirigencia sindical nacional para exigir el cumplimiento de su pliego de peticiones.\u2026","rel":"","context":"En &quot;Campeche&quot;","block_context":{"text":"Campeche","link":"http:\/\/www.grieta.org.mx\/index.php\/category\/noticias-nacionales\/campeche\/"},"img":{"alt_text":"","src":"https:\/\/i0.wp.com\/www.grieta.org.mx\/wp-content\/uploads\/2019\/05\/PlantonInah.png?resize=350%2C200","width":350,"height":200},"classes":[]},{"id":69574,"url":"http:\/\/www.grieta.org.mx\/index.php\/2024\/08\/23\/ayuntamiento-de-campeche-inicia-despidos-en-el-smapac-por-privatizacion-de-servicios-publicos\/","url_meta":{"origin":29393,"position":4},"title":"Ayuntamiento de Campeche inicia despidos en el Smapac por privatizaci\u00f3n de servicios p\u00fablicos","author":"grieta","date":"23 agosto, 2024","format":false,"excerpt":"Roberto Espinoza \/ Por Esto! El cese de los trabajadores en el Ayuntamiento de Campeche no se hizo esperar. Desde este viernes por la tarde, un grupo de cinco trabajadores sindicalizados del Sistema Municipal de Agua Potable y Alcantarillado de Campeche (Smapac) indic\u00f3 que hab\u00edan sido dados de baja sin\u2026","rel":"","context":"En &quot;Campeche&quot;","block_context":{"text":"Campeche","link":"http:\/\/www.grieta.org.mx\/index.php\/category\/noticias-nacionales\/campeche\/"},"img":{"alt_text":"","src":"https:\/\/i0.wp.com\/www.grieta.org.mx\/wp-content\/uploads\/2024\/09\/Despido-e1725466200453.jpg?resize=350%2C200","width":350,"height":200,"srcset":"https:\/\/i0.wp.com\/www.grieta.org.mx\/wp-content\/uploads\/2024\/09\/Despido-e1725466200453.jpg?resize=350%2C200 1x, https:\/\/i0.wp.com\/www.grieta.org.mx\/wp-content\/uploads\/2024\/09\/Despido-e1725466200453.jpg?resize=525%2C300 1.5x, https:\/\/i0.wp.com\/www.grieta.org.mx\/wp-content\/uploads\/2024\/09\/Despido-e1725466200453.jpg?resize=700%2C400 2x"},"classes":[]},{"id":42966,"url":"http:\/\/www.grieta.org.mx\/index.php\/2020\/01\/07\/un-incendio-en-una-plataforma-de-pemex-en-campeche-deja-tres-heridos\/","url_meta":{"origin":29393,"position":5},"title":"Un incendio en una plataforma de Pemex en Campeche deja tres heridos","author":"grieta","date":"7 enero, 2020","format":false,"excerpt":"Rosa Santana \/ Proceso CIUDAD DEL CARMEN, Cam. (apro). \u2013 Un incendio registrado esta ma\u00f1ana en la plataforma Akal-C 6 de Pemex, ubicada en la Sonda de Campeche, dej\u00f3 un saldo de tres trabajadores lesionados. El incidente ocurri\u00f3 aproximadamente a las 10:00 horas de este martes en el lado oeste\u2026","rel":"","context":"En &quot;Campeche&quot;","block_context":{"text":"Campeche","link":"http:\/\/www.grieta.org.mx\/index.php\/category\/noticias-nacionales\/campeche\/"},"img":{"alt_text":"","src":"https:\/\/i0.wp.com\/www.grieta.org.mx\/wp-content\/uploads\/2020\/01\/Pemex_Campeche-870x522-e1578770327600.jpg?resize=350%2C200","width":350,"height":200,"srcset":"https:\/\/i0.wp.com\/www.grieta.org.mx\/wp-content\/uploads\/2020\/01\/Pemex_Campeche-870x522-e1578770327600.jpg?resize=350%2C200 1x, https:\/\/i0.wp.com\/www.grieta.org.mx\/wp-content\/uploads\/2020\/01\/Pemex_Campeche-870x522-e1578770327600.jpg?resize=525%2C300 1.5x, https:\/\/i0.wp.com\/www.grieta.org.mx\/wp-content\/uploads\/2020\/01\/Pemex_Campeche-870x522-e1578770327600.jpg?resize=700%2C400 2x"},"classes":[]}],"_links":{"self":[{"href":"http:\/\/www.grieta.org.mx\/index.php\/wp-json\/wp\/v2\/posts\/29393","targetHints":{"allow":["GET"]}}],"collection":[{"href":"http:\/\/www.grieta.org.mx\/index.php\/wp-json\/wp\/v2\/posts"}],"about":[{"href":"http:\/\/www.grieta.org.mx\/index.php\/wp-json\/wp\/v2\/types\/post"}],"author":[{"embeddable":true,"href":"http:\/\/www.grieta.org.mx\/index.php\/wp-json\/wp\/v2\/users\/2"}],"replies":[{"embeddable":true,"href":"http:\/\/www.grieta.org.mx\/index.php\/wp-json\/wp\/v2\/comments?post=29393"}],"version-history":[{"count":1,"href":"http:\/\/www.grieta.org.mx\/index.php\/wp-json\/wp\/v2\/posts\/29393\/revisions"}],"predecessor-version":[{"id":29397,"href":"http:\/\/www.grieta.org.mx\/index.php\/wp-json\/wp\/v2\/posts\/29393\/revisions\/29397"}],"wp:featuredmedia":[{"embeddable":true,"href":"http:\/\/www.grieta.org.mx\/index.php\/wp-json\/wp\/v2\/media\/29394"}],"wp:attachment":[{"href":"http:\/\/www.grieta.org.mx\/index.php\/wp-json\/wp\/v2\/media?parent=29393"}],"wp:term":[{"taxonomy":"category","embeddable":true,"href":"http:\/\/www.grieta.org.mx\/index.php\/wp-json\/wp\/v2\/categories?post=29393"},{"taxonomy":"post_tag","embeddable":true,"href":"http:\/\/www.grieta.org.mx\/index.php\/wp-json\/wp\/v2\/tags?post=29393"}],"curies":[{"name":"wp","href":"https:\/\/api.w.org\/{rel}","templated":true}]}}