{"id":29283,"date":"2019-02-18T16:50:19","date_gmt":"2019-02-18T22:50:19","guid":{"rendered":"http:\/\/www.grieta.org.mx\/?p=29283"},"modified":"2019-02-20T16:59:08","modified_gmt":"2019-02-20T22:59:08","slug":"restauracion-y-conservacion-del-patrimonio-cultural-en-riesgo-por-recorte-de-presupuesto","status":"publish","type":"post","link":"http:\/\/www.grieta.org.mx\/index.php\/2019\/02\/18\/restauracion-y-conservacion-del-patrimonio-cultural-en-riesgo-por-recorte-de-presupuesto\/","title":{"rendered":"Restauraci\u00f3n y conservaci\u00f3n del patrimonio cultural, en riesgo por recorte de presupuesto"},"content":{"rendered":"<p><img loading=\"lazy\" decoding=\"async\" data-attachment-id=\"29284\" data-permalink=\"http:\/\/www.grieta.org.mx\/index.php\/2019\/02\/18\/restauracion-y-conservacion-del-patrimonio-cultural-en-riesgo-por-recorte-de-presupuesto\/inah-restauracion-960x500\/\" data-orig-file=\"http:\/\/www.grieta.org.mx\/wp-content\/uploads\/2019\/02\/inah-restauracion-960x500.jpg\" data-orig-size=\"960,500\" data-comments-opened=\"0\" data-image-meta=\"{&quot;aperture&quot;:&quot;0&quot;,&quot;credit&quot;:&quot;&quot;,&quot;camera&quot;:&quot;&quot;,&quot;caption&quot;:&quot;&quot;,&quot;created_timestamp&quot;:&quot;0&quot;,&quot;copyright&quot;:&quot;&quot;,&quot;focal_length&quot;:&quot;0&quot;,&quot;iso&quot;:&quot;0&quot;,&quot;shutter_speed&quot;:&quot;0&quot;,&quot;title&quot;:&quot;&quot;,&quot;orientation&quot;:&quot;0&quot;}\" data-image-title=\"inah-restauracion-960&amp;#215;500\" data-image-description=\"\" data-image-caption=\"\" data-medium-file=\"http:\/\/www.grieta.org.mx\/wp-content\/uploads\/2019\/02\/inah-restauracion-960x500-300x156.jpg\" data-large-file=\"http:\/\/www.grieta.org.mx\/wp-content\/uploads\/2019\/02\/inah-restauracion-960x500.jpg\" src=\"http:\/\/www.grieta.org.mx\/wp-content\/uploads\/2019\/02\/inah-restauracion-960x500.jpg\" alt=\"\" width=\"760\" height=\"500\" class=\"aligncenter size-full wp-image-29284\" \/><\/p>\n<p>Claudia Altamirano\/Animal Pol\u00edtico<\/p>\n<blockquote><p>Empleados eventuales del INAH esperan el fin de febrero para saber si seguir\u00e1n teniendo empleo o no, debido al recorte en el presupuesto asignado para este a\u00f1o. Entre otras labores, ellos llevan a cabo la restauraci\u00f3n tras los sismos de 2017.<\/p><\/blockquote>\n<p>Los terremotos de septiembre de 2017 no s\u00f3lo cobraron vidas humanas y derrumbaron edificios: tambi\u00e9n dejaron numerosos da\u00f1os al patrimonio cultural, principalmente en inmuebles y esculturas. Para reparar adecuadamente estos da\u00f1os, el Instituto Nacional de Antropolog\u00eda e Historia (INAH) cuenta con personal especializado que hoy, sin embargo, corre el riesgo de ser despedido.<\/p>\n<p>El nuevo gobierno federal a cargo de Andr\u00e9s Manuel L\u00f3pez Obrador decidi\u00f3 recortar los recursos destinados al sector cultural en su Presupuesto de Egresos de la Federaci\u00f3n (PEF) 2019, as\u00ed como el gasto en la administraci\u00f3n p\u00fablica, como parte de su pol\u00edtica de austeridad gubernamental. Con esta bandera, inici\u00f3 un proceso de eliminaci\u00f3n de plazas presuntamente innecesarias, con lo que cientos de bur\u00f3cratas se han quedado sin empleo.<\/p>\n<p>Este recorte ha alcanzado tambi\u00e9n a los profesionistas del INAH, que est\u00e1n padeciendo lo que consideran un \u201cdespido a destajo\u201d: el cese masivo de los contratos de cientos de trabajadores eventuales sin una revisi\u00f3n de sus funciones, aunque estas son indispensables no s\u00f3lo para la restauraci\u00f3n despu\u00e9s de los sismos, sino para la conservaci\u00f3n del patrimonio.<\/p>\n<p>\u201cNos dijeron que habr\u00e1 un despido de 20%, y que despu\u00e9s se va a poner m\u00e1s dif\u00edcil. Este recorte s\u00ed afecta sustancialmente las actividades del Instituto\u201d, denunciaron trabajadoras de la Coordinaci\u00f3n Nacional de Conservaci\u00f3n del Patrimonio Cultural del INAH, entrevistadas por Animal Pol\u00edtico.<\/p>\n<p>Si bien las labores de rescate y conservaci\u00f3n tambi\u00e9n son realizadas por el personal de base del Instituto, este es insuficiente por el tipo y la cantidad de trabajo, explic\u00f3 Juan Manuel Hern\u00e1ndez, secretario general del Sindicato Nacional Democr\u00e1tico de Trabajadores de la Secretar\u00eda de Cultura, dependencia a la que pertenece el INAH.<\/p>\n<p>Los terremotos da\u00f1aron m\u00e1s de dos mil 300 monumentos arqueol\u00f3gicos y a la fecha s\u00f3lo han sido restaurados 700, puntualiz\u00f3 Hern\u00e1ndez. Para el resto, dijo, se requiere a corto, mediano y largo plazo un proyecto de mantenimiento, que no ser\u00e1 posible sin los trabajadores eventuales que est\u00e1n en riesgo de perder su empleo.<\/p>\n<p>El presupuesto 2019 que la Secretar\u00eda de Hacienda asign\u00f3 a los trabajadores eventuales del INAH es de 53 millones 31 mil 439 pesos, 10 millones menos que en 2018, cuando se les asignaron 63 millones 118 mil 951 pesos. Y de acuerdo con el secretario general del sindicato, en todo el Instituto s\u00f3lo 40% de los 10 mil trabajadores son de base: el resto est\u00e1 compuesto de eventuales, personal de confianza y otras modalidades de contrataci\u00f3n, como el cap\u00edtulo 3000 del Presupuesto federal, relativo a Servicios.<\/p>\n<p>El recorte para los eventuales, sin embargo, contrasta con el incremento de poco m\u00e1s de 70 millones de pesos que recibi\u00f3 el INAH en el presente a\u00f1o comparado con el presupuesto anterior. En este 2019, el INAH recibir\u00e1 3 mil 739 millones 756 mil 181 pesos y en 2018 recibi\u00f3 3 mil 668 millones 582 mil 423 pesos.<\/p>\n<p>De acuerdo con las trabajadoras \u2013que solicitaron el anonimato- tan solo en la Coordinaci\u00f3n el 65% de los 222 empleados son eventuales o est\u00e1n contratados bajo el cap\u00edtulo 3000. \u201cSi no contamos con el apoyo de los compa\u00f1eros eventuales y de cap\u00edtulo 3000, ser\u00eda imposible realizar todas las tareas que hacemos a nivel nacional\u201d, sentenci\u00f3 una restauradora que s\u00ed cuenta con base.<\/p>\n<p>Los que est\u00e1n contratados bajo la modalidad de Cap\u00edtulo 3000 tambi\u00e9n sufrieron un recorte en el PEF 2019: se les asignaron 38 millones 383 mil 418 pesos, cuatro millones menos que su presupuesto 2018, que fue de 42 millones 756 mil 815 pesos. Con la decisi\u00f3n del presidente L\u00f3pez Obrador de recortar las plazas no basificadas, est\u00e1n en riesgo de despido mil 700 trabajadores que est\u00e1n bajo el cap\u00edtulo 3000, as\u00ed como maestros de la Escuela Nacional de Conservaci\u00f3n, Restauraci\u00f3n y Museograf\u00eda (ENCRyM) que tampoco han recibido contrato ni pago por lo que han trabajado durante el presente a\u00f1o, puntualiz\u00f3 el secretario general del sindicato.<\/p>\n<p>\u201cEstamos en la incertidumbre porque acaban de dar contratos de dos meses que terminan en febrero, en marzo qui\u00e9n sabe qu\u00e9 va a pasar. Adem\u00e1s se pidi\u00f3 tambi\u00e9n por Hacienda que el cap\u00edtulo 3000 desapareciera\u201d, relat\u00f3 una de las restauradoras. A principios de febrero sus empleadores directos pidieron a 17 de los trabajadores por cap\u00edtulo 3000 que ya no se presentaran porque no habr\u00eda contratos; unos d\u00edas despu\u00e9s los llamaron de nuevo y le dieron contratos anuales a algunos, pero no a todos, agreg\u00f3 una de las 17 afectadas iniciales. \u201cTodo es incierto, nadie sabe qu\u00e9 va a pasar\u201d, dijo a este medio.<\/p>\n<div data-url=\"https:\/\/issuu.com\/pajaropolitico\/docs\/carta_coordinaci_n\" style=\"width: 1170px; height: 757px;\" class=\"issuuembed\"><\/div>\n<p><script type=\"text\/javascript\" src=\"\/\/e.issuu.com\/embed.js\" async=\"true\"><\/script><\/p>\n<p>El recorte no s\u00f3lo afecta al INAH sino en general a la Secretar\u00eda de Cultura, a la que el Instituto pertenece desde finales de 2015. El presupuesto 2018 para trabajadores eventuales de la Secretar\u00eda fue de 178.1 millones de pesos y para 2019 se redujo a 149.7 millones.<\/p>\n<p>Animal Pol\u00edtico solicit\u00f3 a la secretar\u00eda de Cultura una postura respecto a la situaci\u00f3n de los trabajadores eventuales, pero no obtuvo respuesta.<\/p>\n<p>Su labor<br \/>\nLa Coordinaci\u00f3n de Conservaci\u00f3n y la Escuela Nacional han trabajado en varios proyectos de recuperaci\u00f3n importantes: en 2018 diagnosticaron un sitio con huellas de dinosaurio en Puebla; han realizado trabajos de conservaci\u00f3n a la escultura del Ni\u00f1opa y a las osamentas de los hermanos Aquiles, M\u00e1ximo y Carmen Serd\u00e1n, considerados los primeros m\u00e1rtires de la Revoluci\u00f3n Mexicana; restauraron las pinturas del retablo mayor del Templo de San Juan Bautista en Coixtlahuaca, Oaxaca; as\u00ed como el c\u00e9lebre monumento de El Caballito de Tols\u00e1, da\u00f1ado en 2013 por una intervenci\u00f3n inadecuada.<\/p>\n<p>Entre las recuperaciones del patrimonio cultural que han logrado tras los terremotos de 2017, una de las m\u00e1s importantes es la del Santiago de Iz\u00facar de Matamoros, una escultura monumental de pasta de ca\u00f1a que qued\u00f3 prensada al caer la c\u00fapula de la iglesia del mismo nombre. \u201cEs el santo patrono de la comunidad de Iz\u00facar, era su pieza m\u00e1s importante y atra\u00eda turismo por el culto que le rinden\u201d, explic\u00f3 una restauradora.<\/p>\n<p>Las trabajadoras del INAH detallaron los trabajos que llevaron a cabo tras los sismos en la Ciudad de M\u00e9xico, Hidalgo, Puebla, Morelos, Oaxaca, Chiapas, Tlaxcala y Guerrero, donde hay centros INAH pero el personal es tan escaso que se vieron rebasados por la emergencia, y solicitaron ayuda de la Coordinaci\u00f3n de Conservaci\u00f3n, que contaba con el personal eventual para cubrirlos.<\/p>\n<p>El riesgo<br \/>\nJustamente el Caballito de Tols\u00e1 es un ejemplo de la necesidad de que la restauraci\u00f3n y conservaci\u00f3n sea hecha por profesionales, subrayan las trabajadoras del INAH. \u201cNo s\u00e9 si tienes en la memoria ejemplos como lo que le pas\u00f3 al Ecce Homo, o al Caballito. Es el da\u00f1o que se le puede producir al patrimonio si lo hace alguien que no tenga conocimientos\u201d, dijeron respecto a la posibilidad de que sean despedidos todos los trabajadores eventuales y no haya personal suficiente para realizar esos trabajos especializados.<\/p>\n<p>Si el INAH conservara solamente a los trabajadores de base, como plantea el gobierno federal, la insuficiencia de recursos humanos dejar\u00eda sin custodia a las zonas arqueol\u00f3gicas y muchas tendr\u00edan que cerrar, pues no deben estar abiertas al p\u00fablico sin vigilancia, explicaron.<\/p>\n<p>Si la Secretar\u00eda resuelve la restauraci\u00f3n por los da\u00f1os de los sismos con subcontrataci\u00f3n de empresas, la Coordinaci\u00f3n de Conservaci\u00f3n no contar\u00eda con suficiente personal para supervisar las obras y, en caso de intervenciones inadecuadas, podr\u00eda derivar en m\u00e1s da\u00f1os.<\/p>\n<p>\u201cToda la gente que ha estado trabajando en restauraci\u00f3n por los sismos ya tiene una experiencia de qu\u00e9 ha pasado y c\u00f3mo articular lo que sigue, si los despiden y vuelven a contratar de cero, no vamos a cumplir ni siquiera la promesa de concluir esto para 2020. Se va a alargar como pas\u00f3 en el 85\u201d, dijo la restauradora en referencia a los da\u00f1os ocasionados por el terremoto de 1985 que nunca fueron subsanados.<\/p>\n<p>De hecho, seg\u00fan las expertas, muchos de los colapsos ocurridos durante los terremotos del 7 y el 19 de septiembre de 2017 se debieron a intervenciones previas realizadas por personal que, en lugar de restauraci\u00f3n integral, hac\u00eda reparaciones con materiales que no eran adecuados para soportar el peso, como el cemento.<\/p>\n<p>Las restauradoras aseguran que el titular de la Unidad de Administraci\u00f3n y Finanzas de la Secretar\u00eda de Cultura, Omar Monroy explic\u00f3 a los trabajadores que se iban a suspender los contratos de cap\u00edtulo 3000 de asesores; personal con altos salarios o con duplicidad de funciones identificada. Sin embargo, la restauradora basificada mostr\u00f3 a este medio un tabulador de los salarios de trabajadores de la Coordinaci\u00f3n y la Escuela, en el que ninguno supera los 16 mil pesos.<\/p>\n<p>Adem\u00e1s, dijeron, el tabulador est\u00e1 hecho para dependencias administrativas y no reconoce los trabajos espec\u00edficos que cada uno realiza: muchos restauradores aparecen como \u201canalistas\u201d, lo que los pone en grave riesgo de perder su empleo si se determina que son \u201cdemasiados analistas\u201d para esa dependencia.<\/p>\n<p>\u201cEst\u00e1n quitando el cap\u00edtulo 3000 a destajo, sea quien sea. Las nuevas autoridades entran en funci\u00f3n sin conocer realmente qu\u00e9 hacemos ni c\u00f3mo funcionan los institutos, nos juzgan a partir de una hoja donde viene un listado de puestos\u201d, denunciaron las trabajadoras.<\/p>\n<p>En la secretar\u00eda de Cultura existen 17 sindicatos, entre los cuales el mayoritario es el Sindicato Nacional Democr\u00e1tico de Trabajadores, con seis mil agremiados. Su secretario general asegura que aunque s\u00f3lo afilian a empleados de base, tambi\u00e9n apoyan a los eventuales y los contratados por cap\u00edtulo 3000, y est\u00e1n en contra del despido masivo de esos grupos.<\/p>\n<p>Juan Manuel Hern\u00e1ndez record\u00f3 que cuando fue creada la secretar\u00eda de Cultura, se public\u00f3 un decreto cuyos art\u00edculos tercer y cuarto transitorios establecen el respeto a los derechos y prestaciones de los trabajadores que se incorporaron a la nueva secretar\u00eda, provenientes de otras instancias, en este caso la secretar\u00eda de Educaci\u00f3n P\u00fablica (SEP) a la que pertenec\u00eda el INAH. \u201cEn este momento esos derechos se est\u00e1n violentando por cuestiones presupuestales\u201d, advirti\u00f3 el l\u00edder sindical.<\/p>\n<p><img loading=\"lazy\" decoding=\"async\" data-attachment-id=\"29285\" data-permalink=\"http:\/\/www.grieta.org.mx\/index.php\/2019\/02\/18\/restauracion-y-conservacion-del-patrimonio-cultural-en-riesgo-por-recorte-de-presupuesto\/transitorios-inah\/\" data-orig-file=\"http:\/\/www.grieta.org.mx\/wp-content\/uploads\/2019\/02\/Transitorios-INAH.jpg\" data-orig-size=\"1327,224\" data-comments-opened=\"0\" data-image-meta=\"{&quot;aperture&quot;:&quot;0&quot;,&quot;credit&quot;:&quot;&quot;,&quot;camera&quot;:&quot;&quot;,&quot;caption&quot;:&quot;&quot;,&quot;created_timestamp&quot;:&quot;0&quot;,&quot;copyright&quot;:&quot;&quot;,&quot;focal_length&quot;:&quot;0&quot;,&quot;iso&quot;:&quot;0&quot;,&quot;shutter_speed&quot;:&quot;0&quot;,&quot;title&quot;:&quot;&quot;,&quot;orientation&quot;:&quot;0&quot;}\" data-image-title=\"Transitorios-INAH\" data-image-description=\"\" data-image-caption=\"\" data-medium-file=\"http:\/\/www.grieta.org.mx\/wp-content\/uploads\/2019\/02\/Transitorios-INAH-300x51.jpg\" data-large-file=\"http:\/\/www.grieta.org.mx\/wp-content\/uploads\/2019\/02\/Transitorios-INAH-1024x173.jpg\" src=\"http:\/\/www.grieta.org.mx\/wp-content\/uploads\/2019\/02\/Transitorios-INAH-1024x173.jpg\" alt=\"\" width=\"1024\" height=\"173\" class=\"aligncenter size-large wp-image-29285\" srcset=\"http:\/\/www.grieta.org.mx\/wp-content\/uploads\/2019\/02\/Transitorios-INAH-1024x173.jpg 1024w, http:\/\/www.grieta.org.mx\/wp-content\/uploads\/2019\/02\/Transitorios-INAH-300x51.jpg 300w, http:\/\/www.grieta.org.mx\/wp-content\/uploads\/2019\/02\/Transitorios-INAH-768x130.jpg 768w, http:\/\/www.grieta.org.mx\/wp-content\/uploads\/2019\/02\/Transitorios-INAH.jpg 1327w\" sizes=\"auto, (max-width: 1024px) 100vw, 1024px\" \/><\/p>\n<p>\u201cLo que estamos planteando nosotros es que no haya ning\u00fan despido y que se haga un diagn\u00f3stico de todos los compa\u00f1eros para que podamos ver d\u00f3nde se requieren y d\u00f3nde no. No puede ser que m\u00e1s de mil 700 sean despedidos, sus funciones son sustantivas para el propio Instituto\u201d, indic\u00f3 Hern\u00e1ndez, y agreg\u00f3 que el total de los trabajadores de la Secretar\u00eda cuyos empleos corren riesgo son alrededor de tres mil.<\/p>\n<p>A\u00f1os de irregularidades<br \/>\nLas trabajadoras y el l\u00edder sindical entrevistados explicaron que los conflictos laborales al interior del INAH no son nuevos: s\u00f3lo llegaron a su punto m\u00e1s grave con los recortes anunciados en la presente administraci\u00f3n. Retrasos en los pagos, contratos temporales que impiden generar antig\u00fcedad a personal que lleva d\u00e9cadas trabajando; acuerdos que se firman sin saber cu\u00e1nto ni cu\u00e1ndo les pagar\u00e1n y falta de reconocimiento oficial de miles de empleos, han sido la realidad de estos trabajadores desde que el INAH pertenec\u00eda a la SEP.<\/p>\n<p>\u201cAl no permitir que nuestra estructura creciera como debi\u00f3 crecer, en la norma, donde se cumplan las condiciones generales de trabajo, donde si una persona trabaja m\u00e1s de seis meses o de un a\u00f1o le otorgues un contrato permanente, entonces han ido creciendo las instituciones en la irregularidad, como poner en contratos de servicios a gente que desempe\u00f1a labores sustantivas\u201d, lament\u00f3 la profesora de la Escuela Nacional de Conservaci\u00f3n.<\/p>\n<p>Agreg\u00f3 que aunque t\u00e9cnicamente no se trata de despidos sino que simplemente ya no se renuevan los contratos temporales, de facto es lo mismo pero sin una liquidaci\u00f3n, aun cuando muchos de ellos llevan d\u00e9cadas trabajando en la instituci\u00f3n.<\/p>\n<p>Entre los trabajadores que no est\u00e1n basificados, los que est\u00e1n bajo el cap\u00edtulo 3000 han sido los m\u00e1s vulnerables y fueron los primeros afectados por estos recortes. De acuerdo con estos testimonios, aunque ninguno tiene base, a los eventuales les pagan los d\u00edas 10 y 25 de cada mes, pero a los de cap\u00edtulo 3000 hasta que concluyen el trabajo. \u00c9stos emiten recibos de honorarios o facturas, por lo que se encargan de su propia situaci\u00f3n fiscal y, sin importar cu\u00e1nto tiempo han trabajado para el Instituto, su labor aparece como un \u201cservicio\u201d en el presupuesto.<\/p>\n<p>\u201cEs una simulaci\u00f3n: tienes que cumplir todas las obligaciones de un trabajador de n\u00f3mina pero con las caracter\u00edsticas de servicios, y no tienes prestaciones. Se est\u00e1 disfrazando una relaci\u00f3n laboral permanente como si fuera un trabajo por obra y tiempo determinado\u201d, acus\u00f3 una de las restauradoras.<\/p>\n<p>Muchos de esos contratos temporales, adem\u00e1s, se firmaban hasta haber concluido el trabajo, de manera que los trabajadores se enteraban cu\u00e1nto iban a ganar hasta que terminaban. En la Escuela, asegur\u00f3 la profesora, empezaron a entregar este mes los contratos de todo 2018.<\/p>\n<p>\u201cEn el Instituto hay un d\u00e9ficit de 600 millones de pesos que hace que desde hace a\u00f1os sea inoperante, no se han regularizado muchas cosas para que ya tengan presupuesto asignado y los recortes no afecten a las \u00e1reas sustantivas\u201d, detall\u00f3 Juan Manuel Hern\u00e1ndez.<\/p>\n<p>Las irregularidades laborales cometidas al interior del INAH no iniciaron con su incorporaci\u00f3n a la secretar\u00eda de Cultura, en todo caso se suman a las que ocurren en otras \u00e1reas de esa dependencia, como el Instituto Nacional de Bellas Artes (INBA), cuyos trabajadores tambi\u00e9n han protestado contra estas condiciones de trabajo.<\/p>\n<div class=\"fb-video\" data-allowfullscreen=\"true\" data-href=\"https:\/\/www.facebook.com\/NewsweekEspanol\/videos\/1931039283595694\/\" style=\"background-color: #fff; display: inline-block;\"><\/div>\n<p>\u201cNosotros somos la gente que quiere seguir construyendo el INAH y llevarlo por donde la cuarta transformaci\u00f3n quiera: si quiere normarlo, lo regulamos, pero que no nos dejen fuera. Y que no vulneren los derechos de sus trabajadores. Lo que hacemos tiene un impacto social mayor de lo que se cree, no s\u00f3lo se trabajan los objetos, se trabaja con comunidades, hacemos investigaci\u00f3n\u201d, concluyeron las restauradoras, que tambi\u00e9n han participado en diversas manifestaciones a las afueras de museos para visibilizar su problem\u00e1tica.<\/p>\n<p>Respuesta del INAH<br \/>\nTras la publicaci\u00f3n de esta nota el INAH envi\u00f3 a Animal Pol\u00edtico dos cartas sobre la situaci\u00f3n de sus trabajadores. Reproducimos \u00edntegras ambas respuestas.<\/p>\n<p>Presente<\/p>\n<p>En relaci\u00f3n con el reportaje publicado en Animal Politico del d\u00eda 18 de febrero de 2019, suscrito por Claudia Altamirano, con el titulo \u201cRestauraci\u00f3n y conservaci\u00f3n del patrimonio cultural, en riesgo por recorte de presupuesto\u201d, me permito hacer la siguiente aclaraci\u00f3n:<\/p>\n<p>Despu\u00e9s del sismo del 19 de septiembre del 2017, el INAH se moviliz\u00f3 para hacer frente a la emergencia:<\/p>\n<p>Se emitieron las Declaratorias de Emergencia correspondientes para cada estado. Ello permiti\u00f3 que el Patrimonio Cultural Edificado tuviera recursos disponibles del Fondo Nacional de Desastres (FONDEN) para 1,252 acciones por $5,775,690,838.00 para su restauraci\u00f3n. Este recurso se encuentra garantizado, en virtud que su origen no es presupuestal y se encuentra disponible para su aplicaci\u00f3n.<br \/>\nPor su parte, el Instituto Nacional de Antropolog\u00eda e Historia (INAH) cuenta con un seguro que cubre riesgos en el patrimonio arqueol\u00f3gico e hist\u00f3rico, que ampar\u00f3 los da\u00f1os causados por los sismos y de cuya p\u00f3liza se desprende que la Compa\u00f1\u00eda de Seguros indemnizar\u00e1 toda p\u00e9rdida o da\u00f1o que hayan sufrido los bienes muebles e inmuebles que est\u00e1n bajo el cuidado del Instituto. La responsabilidad m\u00e1xima de la Compa\u00f1\u00eda de Seguros se establece en $3,500,000,000.00 por evento.<br \/>\nPor otra parte el Gobierno Federal, en su Programa de Egresos para el ejercicio fiscal 2019, ha destinado $800,000,000.00 adicionales para cubrir da\u00f1os en aquellos inmuebles y muebles hist\u00f3ricos que no cuentan con recursos para su restauraci\u00f3n.<br \/>\nEstos recursos est\u00e1n disponibles, y para tener acceso a ellos, existen procesos que garantizan la transparencia y la certidumbre de su aplicaci\u00f3n.<br \/>\nEn el caso del Seguro y para mayor prontitud, el INAH opt\u00f3 por el esquema de pago en especie; es decir, el pago se efectuar\u00e1 directamente al contratista por la compa\u00f1\u00eda de seguros, siempre que cuente con un proyecto autorizado por el INAH y se apegue a los lineamientos , la supervisi\u00f3n y validaci\u00f3n de la obra por parte del Instituto.<br \/>\nEn el caso de FONDEN, la disposici\u00f3n y control de los recursos se rige y regir\u00e1 por lo establecido en la Ley de Obras Publicas y Servicios Relacionadas con las Mismas, as\u00ed como  la Ley de Adquisiciones, Arrendamientos y Servicios del Sector P\u00fablico.<br \/>\nPor la magnitud de los da\u00f1os, que abarcan 11 estados, el INAH instrument\u00f3 un Plan Maestro y un Programa de Restauraci\u00f3n para responder ante la tragedia, estableciendo metas puntuales a corto, mediano y largo plazos.<br \/>\nEl censo de los inmuebles del patrimonio cultural afectados asciende a 2340 y 13,385 bienes muebles asociados a ellos.<br \/>\nPor la complejidad que reviste la restauraci\u00f3n de los monumentos hist\u00f3ricos y sus bienes muebles asociados, la alta especialidad y el cuidado que requiere su intervenci\u00f3n, est\u00e1n convocadas todos los expertos en la materia, con la seguridad de que solo con su invaluable experiencia ser\u00e1 posible cumplir con el programa de restauraci\u00f3n.<br \/>\nA la fecha se han concluido cerca de 650 inmuebles y cotidianamente se suman mas templos, algunos reparados con la participaci\u00f3n generosa de las comunidades.<br \/>\nActualmente nos hemos impuesto la meta de concluir al 31 de marzo mas de 800 templos, meta que estamos seguros cumplir.<br \/>\nPor todo ello debo asegurarle que a 17 meses de los lamentables acontecimientos de los sismos de septiembre de 2017, el Programa de Reconstrucci\u00f3n de los Monumentos Hist\u00f3ricos y sus bienes muebles asociados que fueron da\u00f1ados por el sismo, no esta en riesgo, avanza con todo rigor y compromiso, y contar\u00e1 con los recursos necesarios para su instrumentaci\u00f3n.<\/p>\n<p>Atentamente<br \/>\nArq. Salvador Camarena Rosales.<\/p>\n<p>Director de Apoyo T\u00e9cnico de la CNMH y<\/p>\n<p>Coordinador Operativo de la Oficina Sismos<\/p>\n<p>***<\/p>\n<p><a href=\"https:\/\/www.animalpolitico.com\/2019\/02\/recortes-inah-presupuesto-restauracion-sismos\/?fbclid=IwAR1_R1jT4QmzgsXsVKSVBeifJ5AUaSXhHuLpI4yFbxl4nPP9GtgIsP-F8Js\">https:\/\/www.animalpolitico.com\/2019\/02\/recortes-inah-presupuesto-restauracion-sismos\/?fbclid=IwAR1_R1jT4QmzgsXsVKSVBeifJ5AUaSXhHuLpI4yFbxl4nPP9GtgIsP-F8Js<\/a><\/p>\n","protected":false},"excerpt":{"rendered":"<p>Claudia Altamirano\/Animal Pol\u00edtico Empleados eventuales del INAH esperan el fin de febrero para saber si seguir\u00e1n teniendo empleo o no, debido al recorte en el presupuesto asignado para este a\u00f1o. &hellip; <a href=\"http:\/\/www.grieta.org.mx\/index.php\/2019\/02\/18\/restauracion-y-conservacion-del-patrimonio-cultural-en-riesgo-por-recorte-de-presupuesto\/\" class=\"more-link\">Leer m\u00e1s<\/a><\/p>\n","protected":false},"author":2,"featured_media":29284,"comment_status":"closed","ping_status":"closed","sticky":false,"template":"","format":"standard","meta":{"ngg_post_thumbnail":0,"_jetpack_newsletter_access":"","_jetpack_dont_email_post_to_subs":false,"_jetpack_newsletter_tier_id":0,"_jetpack_memberships_contains_paywalled_content":false,"_jetpack_memberships_contains_paid_content":false,"footnotes":""},"categories":[80,14,1080,910,2,2119],"tags":[2120,1082,208],"class_list":["post-29283","post","type-post","status-publish","format-standard","has-post-thumbnail","hentry","category-cintillo","category-ciudad-de-mexico","category-conflictos-laborales-en-la-ciudad-de-mexico","category-explotacion-y-precariedad-laboral","category-noticias-nacionales","category-precarizacion-de-las-condiciones-laborales-en-la-ciudad-de-mexico","tag-capitulo-3000","tag-falta-de-pagos","tag-inah","entry"],"jetpack_featured_media_url":"http:\/\/www.grieta.org.mx\/wp-content\/uploads\/2019\/02\/inah-restauracion-960x500.jpg","jetpack_sharing_enabled":true,"jetpack_shortlink":"https:\/\/wp.me\/p7ZJR4-7Cj","jetpack_likes_enabled":false,"jetpack-related-posts":[{"id":51638,"url":"http:\/\/www.grieta.org.mx\/index.php\/2020\/07\/02\/conservadores-y-restauradores-protestan-por-recorte\/","url_meta":{"origin":29283,"position":0},"title":"Conservadores y restauradores protestan por recorte","author":"grieta","date":"2 julio, 2020","format":false,"excerpt":"Imagen tomada de: www.excelsior.com.mx Juan Carlos Talavera \/ Excelsior Acad\u00e9micos, alumnos y especialistas del ENCRyM alertaron que el recorte al INAH impedir\u00e1 su labor El recorte del 75% en gastos de operaci\u00f3n y servicios generales aplicado al Instituto Nacional de Antropolog\u00eda e Historia (INAH) afecta el funcionamiento de la Escuela\u2026","rel":"","context":"En &quot;CINTILLO&quot;","block_context":{"text":"CINTILLO","link":"http:\/\/www.grieta.org.mx\/index.php\/category\/cintillo\/"},"img":{"alt_text":"","src":"https:\/\/i0.wp.com\/www.grieta.org.mx\/wp-content\/uploads\/2020\/07\/Conservadores-y-restauradores-protestan-por-recorte-cdmx-jul.jpg?resize=350%2C200","width":350,"height":200,"srcset":"https:\/\/i0.wp.com\/www.grieta.org.mx\/wp-content\/uploads\/2020\/07\/Conservadores-y-restauradores-protestan-por-recorte-cdmx-jul.jpg?resize=350%2C200 1x, https:\/\/i0.wp.com\/www.grieta.org.mx\/wp-content\/uploads\/2020\/07\/Conservadores-y-restauradores-protestan-por-recorte-cdmx-jul.jpg?resize=525%2C300 1.5x"},"classes":[]},{"id":1705,"url":"http:\/\/www.grieta.org.mx\/index.php\/2015\/07\/10\/protestan-trabajadores-del-inah-para-exigir-mejoras-laborales\/","url_meta":{"origin":29283,"position":1},"title":"Protestan trabajadores del INAH para exigir mejoras laborales","author":"grieta","date":"10 julio, 2015","format":false,"excerpt":"Noticias. Benjam\u00edn M\u00e9ndez, Oaxaca.- Trabajadores sindicalizados del Instituto Nacional de Antropolog\u00eda e Historia (INAH) en Oaxaca pararon labores este d\u00eda para exigir mejores condiciones laborales y aumentos salariales. La protesta se realiza paralelamente en las delegaciones del INAH de todo el pa\u00eds. Entre las demandas de los trabajadores est\u00e1 la\u2026","rel":"","context":"En &quot;CINTILLO&quot;","block_context":{"text":"CINTILLO","link":"http:\/\/www.grieta.org.mx\/index.php\/category\/cintillo\/"},"img":{"alt_text":"","src":"https:\/\/i0.wp.com\/www.grieta.org.mx\/wp-content\/uploads\/2018\/03\/14524434_1106112876131411_958039263622046936_o.jpg?resize=350%2C200","width":350,"height":200,"srcset":"https:\/\/i0.wp.com\/www.grieta.org.mx\/wp-content\/uploads\/2018\/03\/14524434_1106112876131411_958039263622046936_o.jpg?resize=350%2C200 1x, https:\/\/i0.wp.com\/www.grieta.org.mx\/wp-content\/uploads\/2018\/03\/14524434_1106112876131411_958039263622046936_o.jpg?resize=525%2C300 1.5x, https:\/\/i0.wp.com\/www.grieta.org.mx\/wp-content\/uploads\/2018\/03\/14524434_1106112876131411_958039263622046936_o.jpg?resize=700%2C400 2x"},"classes":[]},{"id":68144,"url":"http:\/\/www.grieta.org.mx\/index.php\/2023\/10\/21\/error-desviar-presupuesto-del-inah-al-tren-maya-cortes-de-brasdefer\/","url_meta":{"origin":29283,"position":2},"title":"Error, desviar presupuesto del INAH al Tren Maya: Cort\u00e9s de Brasdefer","author":"grieta","date":"21 octubre, 2023","format":false,"excerpt":"Judith Amador Tello \/ Revista Proceso Ciudad de M\u00e9xico (Proceso).- Aunque el proyecto de presupuesto para el Sector Cultura de 2024 pareciera beneficiar ampliamente al Instituto Nacional de Antropolog\u00eda e Historia (INAH) --con un incremento del 61.20% con respecto a 2023--, el arque\u00f3logo Fernando Cort\u00e9s de Brasdefer considera un error\u2026","rel":"","context":"En &quot;Campeche&quot;","block_context":{"text":"Campeche","link":"http:\/\/www.grieta.org.mx\/index.php\/category\/noticias-nacionales\/campeche\/"},"img":{"alt_text":"","src":"https:\/\/i0.wp.com\/www.grieta.org.mx\/wp-content\/uploads\/2023\/11\/inah-e1700519165744.jpg?resize=350%2C200","width":350,"height":200,"srcset":"https:\/\/i0.wp.com\/www.grieta.org.mx\/wp-content\/uploads\/2023\/11\/inah-e1700519165744.jpg?resize=350%2C200 1x, https:\/\/i0.wp.com\/www.grieta.org.mx\/wp-content\/uploads\/2023\/11\/inah-e1700519165744.jpg?resize=525%2C300 1.5x, https:\/\/i0.wp.com\/www.grieta.org.mx\/wp-content\/uploads\/2023\/11\/inah-e1700519165744.jpg?resize=700%2C400 2x"},"classes":[]},{"id":67427,"url":"http:\/\/www.grieta.org.mx\/index.php\/2023\/08\/07\/defienden-a-arqueologo-censurado-por-el-inah\/","url_meta":{"origin":29283,"position":3},"title":"Defienden a arque\u00f3logo censurado por el INAH","author":"grieta","date":"7 agosto, 2023","format":false,"excerpt":"El Diario.Mx El investigador ha documentado y denunciado la destrucci\u00f3n que las obras del Tren Maya causan al patrimonio Ciudad de M\u00e9xico.- Investigadores del INAH y de centros acad\u00e9micos como la UNAM, la UAM y El Colegio de Michoac\u00e1n, entre otros, manifestaron su indignaci\u00f3n por la censura que ha ejercido\u2026","rel":"","context":"En &quot;CINTILLO&quot;","block_context":{"text":"CINTILLO","link":"http:\/\/www.grieta.org.mx\/index.php\/category\/cintillo\/"},"img":{"alt_text":"","src":"https:\/\/i0.wp.com\/www.grieta.org.mx\/wp-content\/uploads\/2023\/08\/Censura-e1691644941252.jpg?resize=350%2C200","width":350,"height":200,"srcset":"https:\/\/i0.wp.com\/www.grieta.org.mx\/wp-content\/uploads\/2023\/08\/Censura-e1691644941252.jpg?resize=350%2C200 1x, https:\/\/i0.wp.com\/www.grieta.org.mx\/wp-content\/uploads\/2023\/08\/Censura-e1691644941252.jpg?resize=525%2C300 1.5x, https:\/\/i0.wp.com\/www.grieta.org.mx\/wp-content\/uploads\/2023\/08\/Censura-e1691644941252.jpg?resize=700%2C400 2x"},"classes":[]},{"id":22484,"url":"http:\/\/www.grieta.org.mx\/index.php\/2018\/04\/04\/trabajadores-del-inah-denuncian-que-el-instituto-sigue-sin-pagarles\/","url_meta":{"origin":29283,"position":4},"title":"Trabajadores del INAH denuncian que el Instituto sigue sin pagarles","author":"grieta","date":"4 abril, 2018","format":false,"excerpt":"Abida Ventura Trabajadores del Instituto Nacional de Antropolog\u00eda e Historia (INAH) contratados mediante el cap\u00edtulo 3000 denuncian que siguen sin recibir su sueldo de los primeros tres meses de este a\u00f1o y lamentan que las autoridades de la dependencia no hayan regularizado la situaci\u00f3n desde el a\u00f1o pasado. \u201cSeg\u00fan la\u2026","rel":"","context":"En &quot;CINTILLO&quot;","block_context":{"text":"CINTILLO","link":"http:\/\/www.grieta.org.mx\/index.php\/category\/cintillo\/"},"img":{"alt_text":"","src":"https:\/\/i0.wp.com\/www.grieta.org.mx\/wp-content\/uploads\/2018\/04\/ya_pagame_inba.jpg?resize=350%2C200","width":350,"height":200,"srcset":"https:\/\/i0.wp.com\/www.grieta.org.mx\/wp-content\/uploads\/2018\/04\/ya_pagame_inba.jpg?resize=350%2C200 1x, https:\/\/i0.wp.com\/www.grieta.org.mx\/wp-content\/uploads\/2018\/04\/ya_pagame_inba.jpg?resize=525%2C300 1.5x"},"classes":[]},{"id":22396,"url":"http:\/\/www.grieta.org.mx\/index.php\/2018\/03\/31\/acusan-en-inah-abusos-laborales-ciudad-de-mexico\/","url_meta":{"origin":29283,"position":5},"title":"Acusan en INAH abusos laborales (Ciudad de M\u00e9xico)","author":"grieta","date":"31 marzo, 2018","format":false,"excerpt":"Francisco Morales V. (31 marzo 2018).- El INBA no es la \u00fanica instituci\u00f3n cultural del Pa\u00eds que mantiene a sus trabajadores Cap\u00edtulo 3000, aquellos contratados como prestadores de servicios, con retraso en sus sueldos, condiciones laborales precarias y sin estabilidad en el empleo. Tras la denuncia de los trabajadores de\u2026","rel":"","context":"En &quot;CINTILLO&quot;","block_context":{"text":"CINTILLO","link":"http:\/\/www.grieta.org.mx\/index.php\/category\/cintillo\/"},"img":{"alt_text":"","src":"https:\/\/i0.wp.com\/www.grieta.org.mx\/wp-content\/uploads\/2018\/03\/14524434_1106112876131411_958039263622046936_o.jpg?resize=350%2C200","width":350,"height":200,"srcset":"https:\/\/i0.wp.com\/www.grieta.org.mx\/wp-content\/uploads\/2018\/03\/14524434_1106112876131411_958039263622046936_o.jpg?resize=350%2C200 1x, https:\/\/i0.wp.com\/www.grieta.org.mx\/wp-content\/uploads\/2018\/03\/14524434_1106112876131411_958039263622046936_o.jpg?resize=525%2C300 1.5x, https:\/\/i0.wp.com\/www.grieta.org.mx\/wp-content\/uploads\/2018\/03\/14524434_1106112876131411_958039263622046936_o.jpg?resize=700%2C400 2x"},"classes":[]}],"_links":{"self":[{"href":"http:\/\/www.grieta.org.mx\/index.php\/wp-json\/wp\/v2\/posts\/29283","targetHints":{"allow":["GET"]}}],"collection":[{"href":"http:\/\/www.grieta.org.mx\/index.php\/wp-json\/wp\/v2\/posts"}],"about":[{"href":"http:\/\/www.grieta.org.mx\/index.php\/wp-json\/wp\/v2\/types\/post"}],"author":[{"embeddable":true,"href":"http:\/\/www.grieta.org.mx\/index.php\/wp-json\/wp\/v2\/users\/2"}],"replies":[{"embeddable":true,"href":"http:\/\/www.grieta.org.mx\/index.php\/wp-json\/wp\/v2\/comments?post=29283"}],"version-history":[{"count":1,"href":"http:\/\/www.grieta.org.mx\/index.php\/wp-json\/wp\/v2\/posts\/29283\/revisions"}],"predecessor-version":[{"id":29289,"href":"http:\/\/www.grieta.org.mx\/index.php\/wp-json\/wp\/v2\/posts\/29283\/revisions\/29289"}],"wp:featuredmedia":[{"embeddable":true,"href":"http:\/\/www.grieta.org.mx\/index.php\/wp-json\/wp\/v2\/media\/29284"}],"wp:attachment":[{"href":"http:\/\/www.grieta.org.mx\/index.php\/wp-json\/wp\/v2\/media?parent=29283"}],"wp:term":[{"taxonomy":"category","embeddable":true,"href":"http:\/\/www.grieta.org.mx\/index.php\/wp-json\/wp\/v2\/categories?post=29283"},{"taxonomy":"post_tag","embeddable":true,"href":"http:\/\/www.grieta.org.mx\/index.php\/wp-json\/wp\/v2\/tags?post=29283"}],"curies":[{"name":"wp","href":"https:\/\/api.w.org\/{rel}","templated":true}]}}