{"id":2923,"date":"2015-03-20T20:32:30","date_gmt":"2015-03-20T20:32:30","guid":{"rendered":"http:\/\/50.22.11.12\/~grietaor\/?p=2923"},"modified":"2016-03-13T20:34:29","modified_gmt":"2016-03-13T20:34:29","slug":"denuncian-ante-cdh-de-nuevo-laredo-cuarta-ejecucion-extrajudicial-en-5-dias","status":"publish","type":"post","link":"http:\/\/www.grieta.org.mx\/index.php\/2015\/03\/20\/denuncian-ante-cdh-de-nuevo-laredo-cuarta-ejecucion-extrajudicial-en-5-dias\/","title":{"rendered":"Denuncian ante CDH de Nuevo Laredo cuarta ejecuci\u00f3n extrajudicial en 5 d\u00edas"},"content":{"rendered":"<p>La Jornada<\/p>\n<p>Familiares de un adolescente de 15 a\u00f1os denunciaron ante el Comit\u00e9 de Derechos Humanos de Nuevo Laredo, la ejecuci\u00f3n extrajudicial del menor, a manos de personal de la Secretaria de Marina-Armada de M\u00e9xico; con este suman cuatro casos en cinco d\u00edas en esta frontera.<\/p>\n<p>Familiares del menor y de otros tres hombres, que han aparecido muertos despu\u00e9s de ser detenidos por elementos de la Marina, realizaron una manifestaci\u00f3n pac\u00edfica fuera de la Ciudad Deportiva, usada como campamento por la Semar.<\/p>\n<p>El cuerpo calcinado de Cristian Alejandro Monroy Herrera, de 15 a\u00f1os, fue encontrado en una brecha a la altura del kil\u00f3metro 22 de la carretera a Piedras Negras, el mi\u00e9rcoles por la tarde; dos d\u00edas despu\u00e9s de haber sido detenido por elementos de la Marina.<\/p>\n<p>Raymundo Ramos V\u00e1zquez, presidente del Comit\u00e9 de Derechos Humanos de Nuevo Laredo, se\u00f1al\u00f3 que de acuerdo a testigos y a familiares del menor, el pasado lunes a las 15:00 horas, Cristian Alejandro se encontraba jugando en un negocio de juegos de video en la colonia Uni\u00f3n del Recuerdo.<\/p>\n<p>El menor sali\u00f3 del lugar para dirigirse a jugar futbol a unos campos cercanos, pero fue interceptado en la calle por dos unidades de Marinos, que se lo llevaron hacia el poniente, con rumbo a la carretera a Piedras Negras.<\/p>\n<p>La familia del adolescente lo anduvo buscando en diferentes partes, incluyendo las instalaciones de la Ciudad Deportiva donde est\u00e1 el campamento de la Semar, con resultados negativos.<\/p>\n<p>El mi\u00e9rcoles por la noche, la madre del menor se present\u00f3 ante la Agencia del Ministerio P\u00fablico del Estado para denunciar la desaparici\u00f3n forzada y ah\u00ed les informaron que hab\u00edan encontrado el cuerpo, calcinado de un jovencito, cuyas ropas coincid\u00edan con las que tra\u00eda Cristian Alejandro.<\/p>\n<p>El jueves por la ma\u00f1ana, la madre del adolescente acudi\u00f3 a la funeraria donde por las ropas identific\u00f3 el cuerpo de su hijo, aunque a\u00fan falta una prueba de ADN para confirmar el parentesco. Como los restos est\u00e1n calcinados, no se aprecian las lesiones, se\u00f1alo Ramos V\u00e1zquez.<\/p>\n<p>\u201cUn acto de brutalidad\u201d<\/p>\n<p>Agreg\u00f3 que por la forma en que fue encontrado el cuerpo, boca abajo, se presume que pudieron pasar dos cosas \u201cque haya sido herido de bala y tambi\u00e9n que haya sido incinerado estando con vida y eso ser\u00eda un acto de brutalidad de nuestras fuerzas armadas, particularmente de la Marina\u201d.<\/p>\n<p>\u201cEstamos en una manifestaci\u00f3n pac\u00edfica, acompa\u00f1ante a familiares de cuatro personas que en \u00faltimos d\u00edas, han aparecido ejecutados en forma extrajudicial y que de acuerdo a testigos, se les atribuyen a la Secretaria de Marina\u201d, indico Ramos V\u00e1zquez, presidente de la ONG.<\/p>\n<p>Dijo que se trata de los casos de los j\u00f3venes, Neiser Camara Lindo, Adolfo Humberto Fierro Olivas, Oscar Ch\u00e1vez Arriaga y del menor Cristian Alejandro Monroy Herrera, de 15 a\u00f1os. En los cuatro casos, las v\u00edctimas fueron detenidas por personal de la Secretaria de Marina y d\u00edas despu\u00e9s aparecieron sin vida. Dos de ellos calcinados.<\/p>\n<p><a href=\"http:\/\/www.jornada.unam.mx\/ultimas\/2015\/03\/20\/acusan-a-semar-de-cuarta-ejecucion-extrajudicial-en-5-dias-en-nuevo-laredo-9752.html\" target=\"_blank\">www.jornada.unam.mx\/ultimas\/2015\/03\/20\/acusan-a-semar-de-cuarta-ejecucion-extrajudicial-en-5-dias-en-nuevo-laredo-9752.html<\/a><\/p>\n","protected":false},"excerpt":{"rendered":"<p>La Jornada Familiares de un adolescente de 15 a\u00f1os denunciaron ante el Comit\u00e9 de Derechos Humanos de Nuevo Laredo, la ejecuci\u00f3n extrajudicial del menor, a manos de personal de la &hellip; <a href=\"http:\/\/www.grieta.org.mx\/index.php\/2015\/03\/20\/denuncian-ante-cdh-de-nuevo-laredo-cuarta-ejecucion-extrajudicial-en-5-dias\/\" class=\"more-link\">Leer m\u00e1s<\/a><\/p>\n","protected":false},"author":2,"featured_media":21928,"comment_status":"closed","ping_status":"open","sticky":false,"template":"","format":"standard","meta":{"ngg_post_thumbnail":0,"_jetpack_newsletter_access":"","_jetpack_dont_email_post_to_subs":false,"_jetpack_newsletter_tier_id":0,"_jetpack_memberships_contains_paywalled_content":false,"_jetpack_memberships_contains_paid_content":false,"footnotes":""},"categories":[80,259],"tags":[],"class_list":["post-2923","post","type-post","status-publish","format-standard","has-post-thumbnail","hentry","category-cintillo","category-tamaulipas","entry"],"jetpack_featured_media_url":"http:\/\/www.grieta.org.mx\/wp-content\/uploads\/2018\/03\/14524434_1106112876131411_958039263622046936_o.jpg","jetpack_sharing_enabled":true,"jetpack_shortlink":"https:\/\/wp.me\/p7ZJR4-L9","jetpack_likes_enabled":false,"jetpack-related-posts":[{"id":2917,"url":"http:\/\/www.grieta.org.mx\/index.php\/2015\/03\/21\/se-manifiestan-contra-la-marina-en-nuevo-laredo\/","url_meta":{"origin":2923,"position":0},"title":"Se manifiestan contra la Marina en Nuevo Laredo","author":"grieta","date":"21 marzo, 2015","format":false,"excerpt":"Milenio Ricardo Hern\u00e1ndez Familiares de un menor y tres personas, que presuntamente fueron v\u00edctimas y perdieron la vida a manos de elementos de la Secretaria de Marina, realizaron ayer una manifestaci\u00f3n pac\u00edfica fuera de la Ciudad Deportiva, que es usada como campamento de la Armada de M\u00e9xico. En los cuatro\u2026","rel":"","context":"En &quot;CINTILLO&quot;","block_context":{"text":"CINTILLO","link":"http:\/\/www.grieta.org.mx\/index.php\/category\/cintillo\/"},"img":{"alt_text":"","src":"https:\/\/i0.wp.com\/www.grieta.org.mx\/wp-content\/uploads\/2018\/03\/14524434_1106112876131411_958039263622046936_o.jpg?resize=350%2C200","width":350,"height":200,"srcset":"https:\/\/i0.wp.com\/www.grieta.org.mx\/wp-content\/uploads\/2018\/03\/14524434_1106112876131411_958039263622046936_o.jpg?resize=350%2C200 1x, https:\/\/i0.wp.com\/www.grieta.org.mx\/wp-content\/uploads\/2018\/03\/14524434_1106112876131411_958039263622046936_o.jpg?resize=525%2C300 1.5x, https:\/\/i0.wp.com\/www.grieta.org.mx\/wp-content\/uploads\/2018\/03\/14524434_1106112876131411_958039263622046936_o.jpg?resize=700%2C400 2x"},"classes":[]},{"id":2539,"url":"http:\/\/www.grieta.org.mx\/index.php\/2015\/11\/12\/violaciones-a-los-derechos-humanos-en-tamaulipas-por-parte-del-ejercitomarina\/","url_meta":{"origin":2923,"position":1},"title":"Violaciones a los derechos humanos en Tamaulipas por parte del Ej\u00e9rcito\/Marina","author":"grieta","date":"12 noviembre, 2015","format":false,"excerpt":"12\/11\/15. Marina tom\u00f3 complejo deportivo en Tamaulipas donde torturaba a hombres, mujeres, ni\u00f1os y adolescentesRevoluci\u00f3n tres punto cero 22\/08\/15. Marina amenaza a defensores de DD.HH. del Comit\u00e9 de Nuevo Laredo por denunciarlos y exhibir sus cr\u00edmenesRevoluci\u00f3n tres punto cero 13\/10\/15. Ej\u00e9rcito dispara por la espalda y mata a joven desarmado\u2026","rel":"","context":"En &quot;Tamaulipas&quot;","block_context":{"text":"Tamaulipas","link":"http:\/\/www.grieta.org.mx\/index.php\/category\/noticias-nacionales\/tamaulipas\/"},"img":{"alt_text":"","src":"https:\/\/i0.wp.com\/www.grieta.org.mx\/wp-content\/uploads\/2018\/03\/14524434_1106112876131411_958039263622046936_o.jpg?resize=350%2C200","width":350,"height":200,"srcset":"https:\/\/i0.wp.com\/www.grieta.org.mx\/wp-content\/uploads\/2018\/03\/14524434_1106112876131411_958039263622046936_o.jpg?resize=350%2C200 1x, https:\/\/i0.wp.com\/www.grieta.org.mx\/wp-content\/uploads\/2018\/03\/14524434_1106112876131411_958039263622046936_o.jpg?resize=525%2C300 1.5x, https:\/\/i0.wp.com\/www.grieta.org.mx\/wp-content\/uploads\/2018\/03\/14524434_1106112876131411_958039263622046936_o.jpg?resize=700%2C400 2x"},"classes":[]},{"id":63453,"url":"http:\/\/www.grieta.org.mx\/index.php\/2022\/02\/13\/marina-reserva-las-ordenes-que-recibieron-sus-elementos-acusados-de-desapariciones-en-nuevo-laredo\/","url_meta":{"origin":2923,"position":2},"title":"Marina reserva las \u00f3rdenes que recibieron sus elementos acusados de desapariciones en Nuevo Laredo","author":"grieta","date":"13 febrero, 2022","format":false,"excerpt":"Alberto Pradilla\/Animal Pol\u00edtico 13 febrero 2022 La Secretar\u00eda de Marina quiere reservar la informaci\u00f3n sobre dos operativos clave para entender las desapariciones perpetradas presuntamente por elementos navales entre febrero y junio de 2018. Se trata de los operativos Laguna 2018 y Refuerzo Laguna 2018, \u2212que seg\u00fan informaci\u00f3n contenida en diversas\u2026","rel":"","context":"En &quot;CINTILLO&quot;","block_context":{"text":"CINTILLO","link":"http:\/\/www.grieta.org.mx\/index.php\/category\/cintillo\/"},"img":{"alt_text":"","src":"https:\/\/i0.wp.com\/www.grieta.org.mx\/wp-content\/uploads\/2022\/02\/semar.jpeg?resize=350%2C200","width":350,"height":200,"srcset":"https:\/\/i0.wp.com\/www.grieta.org.mx\/wp-content\/uploads\/2022\/02\/semar.jpeg?resize=350%2C200 1x, https:\/\/i0.wp.com\/www.grieta.org.mx\/wp-content\/uploads\/2022\/02\/semar.jpeg?resize=525%2C300 1.5x, https:\/\/i0.wp.com\/www.grieta.org.mx\/wp-content\/uploads\/2022\/02\/semar.jpeg?resize=700%2C400 2x, https:\/\/i0.wp.com\/www.grieta.org.mx\/wp-content\/uploads\/2022\/02\/semar.jpeg?resize=1050%2C600 3x"},"classes":[]},{"id":58787,"url":"http:\/\/www.grieta.org.mx\/index.php\/2021\/04\/14\/en-nuevo-laredo-tamaulipas-cada-semana-desaparecian-personas\/","url_meta":{"origin":2923,"position":3},"title":"En Nuevo Laredo, Tamaulipas, &#8216;cada semana desaparec\u00edan personas&#8217;","author":"grieta","date":"14 abril, 2021","format":false,"excerpt":"Redacci\u00f3n\/Aristegui Noticias 14 abril 2021 Cuestionan error de la Marina en comunicado sobre sus 30 elementos detenidos por desapariciones en Nuevo Laredo. La Fiscal\u00eda General de la Rep\u00fablica ejecut\u00f3 las \u00f3rdenes de aprehensi\u00f3n contra los marinos, lo que est\u00e1 relacionado con los hechos ocurridos en 2018 en Nuevo Laredo, Tamaulipas.\u2026","rel":"","context":"En &quot;CINTILLO&quot;","block_context":{"text":"CINTILLO","link":"http:\/\/www.grieta.org.mx\/index.php\/category\/cintillo\/"},"img":{"alt_text":"","src":"https:\/\/i0.wp.com\/www.grieta.org.mx\/wp-content\/uploads\/2021\/04\/marina.jpg?resize=350%2C200","width":350,"height":200,"srcset":"https:\/\/i0.wp.com\/www.grieta.org.mx\/wp-content\/uploads\/2021\/04\/marina.jpg?resize=350%2C200 1x, https:\/\/i0.wp.com\/www.grieta.org.mx\/wp-content\/uploads\/2021\/04\/marina.jpg?resize=525%2C300 1.5x, https:\/\/i0.wp.com\/www.grieta.org.mx\/wp-content\/uploads\/2021\/04\/marina.jpg?resize=700%2C400 2x, https:\/\/i0.wp.com\/www.grieta.org.mx\/wp-content\/uploads\/2021\/04\/marina.jpg?resize=1050%2C600 3x"},"classes":[]},{"id":52260,"url":"http:\/\/www.grieta.org.mx\/index.php\/2020\/07\/22\/cndh-acredita-responsabilidad-de-la-marina-en-la-desaparicion-de-27-personas-en-tamaulipas\/","url_meta":{"origin":2923,"position":4},"title":"CNDH acredita responsabilidad de la Marina en la desaparici\u00f3n de 27 personas en Tamaulipas","author":"grieta","date":"22 julio, 2020","format":false,"excerpt":"AFP\/Animal Pol\u00edtico 22 julio 2020 En 2018, elementos de la Marina detuvieron a 27 personas de forma arbitraria, 12 de ellas fueron encontradas muertas. Foto: Cuartoscuro La Secretar\u00eda de Marina Armada de M\u00e9xico (SEMAR) fue implicada en la desaparici\u00f3n de 27 personas en 2018 y se le pidi\u00f3 indemnizar a\u2026","rel":"","context":"En &quot;CINTILLO&quot;","block_context":{"text":"CINTILLO","link":"http:\/\/www.grieta.org.mx\/index.php\/category\/cintillo\/"},"img":{"alt_text":"","src":"https:\/\/i0.wp.com\/www.grieta.org.mx\/wp-content\/uploads\/2020\/08\/cuartoscuro_755037_digital-e1595420896238.jpeg?resize=350%2C200","width":350,"height":200,"srcset":"https:\/\/i0.wp.com\/www.grieta.org.mx\/wp-content\/uploads\/2020\/08\/cuartoscuro_755037_digital-e1595420896238.jpeg?resize=350%2C200 1x, https:\/\/i0.wp.com\/www.grieta.org.mx\/wp-content\/uploads\/2020\/08\/cuartoscuro_755037_digital-e1595420896238.jpeg?resize=525%2C300 1.5x, https:\/\/i0.wp.com\/www.grieta.org.mx\/wp-content\/uploads\/2020\/08\/cuartoscuro_755037_digital-e1595420896238.jpeg?resize=700%2C400 2x, https:\/\/i0.wp.com\/www.grieta.org.mx\/wp-content\/uploads\/2020\/08\/cuartoscuro_755037_digital-e1595420896238.jpeg?resize=1050%2C600 3x"},"classes":[]},{"id":45790,"url":"http:\/\/www.grieta.org.mx\/index.php\/2020\/03\/06\/dan-22-anos-de-prision-a-marinos-por-desaparicion-forzada\/","url_meta":{"origin":2923,"position":5},"title":"Dan 22 a\u00f1os de prisi\u00f3n a marinos por desaparici\u00f3n forzada","author":"grieta","date":"6 marzo, 2020","format":false,"excerpt":"Un capit\u00e1n y cuatro elementos de tropa fueron sentenciados luego de seis a\u00f1os de participar en la desaparici\u00f3n forzada de un joven, en Nuevo Le\u00f3n \u00a0 Texto: Redacci\u00f3n PIE DE P\u00c1GINA\/ Foto: Paulina Negrete \/ CUARTOSCURO Un Juez de Distrito sentenci\u00f3 a 22 a\u00f1os de prisi\u00f3n a un capit\u00e1n y\u2026","rel":"","context":"En &quot;CINTILLO&quot;","block_context":{"text":"CINTILLO","link":"http:\/\/www.grieta.org.mx\/index.php\/category\/cintillo\/"},"img":{"alt_text":"","src":"https:\/\/i0.wp.com\/www.grieta.org.mx\/wp-content\/uploads\/2020\/03\/Marina_armada.jpeg?resize=350%2C200","width":350,"height":200,"srcset":"https:\/\/i0.wp.com\/www.grieta.org.mx\/wp-content\/uploads\/2020\/03\/Marina_armada.jpeg?resize=350%2C200 1x, https:\/\/i0.wp.com\/www.grieta.org.mx\/wp-content\/uploads\/2020\/03\/Marina_armada.jpeg?resize=525%2C300 1.5x, https:\/\/i0.wp.com\/www.grieta.org.mx\/wp-content\/uploads\/2020\/03\/Marina_armada.jpeg?resize=700%2C400 2x, https:\/\/i0.wp.com\/www.grieta.org.mx\/wp-content\/uploads\/2020\/03\/Marina_armada.jpeg?resize=1050%2C600 3x"},"classes":[]}],"_links":{"self":[{"href":"http:\/\/www.grieta.org.mx\/index.php\/wp-json\/wp\/v2\/posts\/2923","targetHints":{"allow":["GET"]}}],"collection":[{"href":"http:\/\/www.grieta.org.mx\/index.php\/wp-json\/wp\/v2\/posts"}],"about":[{"href":"http:\/\/www.grieta.org.mx\/index.php\/wp-json\/wp\/v2\/types\/post"}],"author":[{"embeddable":true,"href":"http:\/\/www.grieta.org.mx\/index.php\/wp-json\/wp\/v2\/users\/2"}],"replies":[{"embeddable":true,"href":"http:\/\/www.grieta.org.mx\/index.php\/wp-json\/wp\/v2\/comments?post=2923"}],"version-history":[{"count":1,"href":"http:\/\/www.grieta.org.mx\/index.php\/wp-json\/wp\/v2\/posts\/2923\/revisions"}],"predecessor-version":[{"id":2924,"href":"http:\/\/www.grieta.org.mx\/index.php\/wp-json\/wp\/v2\/posts\/2923\/revisions\/2924"}],"wp:featuredmedia":[{"embeddable":true,"href":"http:\/\/www.grieta.org.mx\/index.php\/wp-json\/wp\/v2\/media\/21928"}],"wp:attachment":[{"href":"http:\/\/www.grieta.org.mx\/index.php\/wp-json\/wp\/v2\/media?parent=2923"}],"wp:term":[{"taxonomy":"category","embeddable":true,"href":"http:\/\/www.grieta.org.mx\/index.php\/wp-json\/wp\/v2\/categories?post=2923"},{"taxonomy":"post_tag","embeddable":true,"href":"http:\/\/www.grieta.org.mx\/index.php\/wp-json\/wp\/v2\/tags?post=2923"}],"curies":[{"name":"wp","href":"https:\/\/api.w.org\/{rel}","templated":true}]}}