{"id":29215,"date":"2019-02-18T23:46:23","date_gmt":"2019-02-19T05:46:23","guid":{"rendered":"http:\/\/www.grieta.org.mx\/?p=29215"},"modified":"2019-02-18T23:46:23","modified_gmt":"2019-02-19T05:46:23","slug":"paran-labores-trabajadoras-de-guarderia-en-matamoros-tamaulipas","status":"publish","type":"post","link":"http:\/\/www.grieta.org.mx\/index.php\/2019\/02\/18\/paran-labores-trabajadoras-de-guarderia-en-matamoros-tamaulipas\/","title":{"rendered":"Paran labores trabajadoras de guarder\u00eda en Matamoros (Tamaulipas)"},"content":{"rendered":"<p><img loading=\"lazy\" decoding=\"async\" data-attachment-id=\"29218\" data-permalink=\"http:\/\/www.grieta.org.mx\/index.php\/2019\/02\/18\/paran-labores-trabajadoras-de-guarderia-en-matamoros-tamaulipas\/paran-labores-trabajadoras-de-guarderia-en-tama-feb-2\/\" data-orig-file=\"http:\/\/www.grieta.org.mx\/wp-content\/uploads\/2019\/02\/Paran-labores-trabajadoras-de-guarder\u00eda-en-tama-feb-1.jpg\" data-orig-size=\"275,183\" data-comments-opened=\"0\" data-image-meta=\"{&quot;aperture&quot;:&quot;0&quot;,&quot;credit&quot;:&quot;&quot;,&quot;camera&quot;:&quot;&quot;,&quot;caption&quot;:&quot;&quot;,&quot;created_timestamp&quot;:&quot;0&quot;,&quot;copyright&quot;:&quot;&quot;,&quot;focal_length&quot;:&quot;0&quot;,&quot;iso&quot;:&quot;0&quot;,&quot;shutter_speed&quot;:&quot;0&quot;,&quot;title&quot;:&quot;&quot;,&quot;orientation&quot;:&quot;0&quot;}\" data-image-title=\"Paran labores trabajadoras de guarder\u00eda en tama feb\" data-image-description=\"\" data-image-caption=\"\" data-medium-file=\"http:\/\/www.grieta.org.mx\/wp-content\/uploads\/2019\/02\/Paran-labores-trabajadoras-de-guarder\u00eda-en-tama-feb-1.jpg\" data-large-file=\"http:\/\/www.grieta.org.mx\/wp-content\/uploads\/2019\/02\/Paran-labores-trabajadoras-de-guarder\u00eda-en-tama-feb-1.jpg\" class=\"aligncenter  wp-image-29218\" src=\"http:\/\/www.grieta.org.mx\/wp-content\/uploads\/2019\/02\/Paran-labores-trabajadoras-de-guarder\u00eda-en-tama-feb-1.jpg\" alt=\"\" width=\"341\" height=\"227\" \/><br \/>\n\u00c1ngel Arias \/ Hoy Tamaulipas<\/p>\n<blockquote><p>Debido a la falta de pago 25 trabajadoras pararon labores, aunque no impidieron el paso a la estancia infantil pues aseguran los padres necesitan el servicio<\/p><\/blockquote>\n<p>Matamoros, Tamaulipas. &#8211; Alrededor de 25 trabajadoras de la guarder\u00eda \u00c1ngeles del Universo pararon labores esta ma\u00f1ana por la falta del pago de su quincena.<\/p>\n<p>Diana Josefina Ram\u00edrez empleada de esta estancia infantil, manifest\u00f3 que son alrededor de 60 trabajadoras las que no recibieron su pago el 15 de febrero y por eso est\u00e1n manifest\u00e1ndose.<\/p>\n<p>Coment\u00f3 que no es la primera vez, el a\u00f1o pasado a esta misma fecha se registr\u00f3 el mismo problema, mismo del cual fueron notificadas en tiempo y forma, pero consideraron injusto que se les retrase su pago.<\/p>\n<p>No van a bloquear el acceso a la guarder\u00eda, ya que los padres de familia tienen necesidad y no se les puede causar este problema.<\/p>\n<p>Destac\u00f3 que normalmente se tienen alrededor de 350 menores, en esta ma\u00f1ana pese al paro de labores los padres de familia est\u00e1n trayendo a sus hijos bajo su propia responsabilidad.<\/p>\n<p><a href=\"http:\/\/www.hoytamaulipas.net\/notas\/372527\/Paran-labores-trabajadoras-de-guarderia-en-Matamoros.html\" target=\"_blank\" rel=\"noopener\">http:\/\/www.hoytamaulipas.net\/notas\/372527\/Paran-labores-trabajadoras-de-guarderia-en-Matamoros.html<\/a><\/p>\n","protected":false},"excerpt":{"rendered":"<p>\u00c1ngel Arias \/ Hoy Tamaulipas Debido a la falta de pago 25 trabajadoras pararon labores, aunque no impidieron el paso a la estancia infantil pues aseguran los padres necesitan el &hellip; <a href=\"http:\/\/www.grieta.org.mx\/index.php\/2019\/02\/18\/paran-labores-trabajadoras-de-guarderia-en-matamoros-tamaulipas\/\" class=\"more-link\">Leer m\u00e1s<\/a><\/p>\n","protected":false},"author":2,"featured_media":29218,"comment_status":"closed","ping_status":"closed","sticky":false,"template":"","format":"standard","meta":{"ngg_post_thumbnail":0,"_jetpack_newsletter_access":"","_jetpack_dont_email_post_to_subs":false,"_jetpack_newsletter_tier_id":0,"_jetpack_memberships_contains_paywalled_content":false,"_jetpack_memberships_contains_paid_content":false,"footnotes":""},"categories":[80,910,1137,2,259,33,83],"tags":[2134,1291,1082,2133,241,1290],"class_list":{"0":"post-29215","1":"post","2":"type-post","3":"status-publish","4":"format-standard","5":"has-post-thumbnail","6":"hentry","7":"category-cintillo","8":"category-explotacion-y-precariedad-laboral","9":"category-explotacion-y-precariedad-laboral-en-tamaulipas","10":"category-noticias-nacionales","11":"category-tamaulipas","13":"category-temas-nacionales","14":"tag-estancia-infantil","15":"tag-explotacion-laboral","16":"tag-falta-de-pagos","17":"tag-guarderia","18":"tag-paro","19":"tag-precariedad-laboral","20":"entry"},"jetpack_featured_media_url":"http:\/\/www.grieta.org.mx\/wp-content\/uploads\/2019\/02\/Paran-labores-trabajadoras-de-guarder\u00eda-en-tama-feb-1.jpg","jetpack_sharing_enabled":true,"jetpack_shortlink":"https:\/\/wp.me\/p7ZJR4-7Bd","jetpack_likes_enabled":false,"jetpack-related-posts":[{"id":29180,"url":"http:\/\/www.grieta.org.mx\/index.php\/2019\/02\/18\/coppel-matamoros-entra-en-paro-laboral-tamaulipas\/","url_meta":{"origin":29215,"position":0},"title":"Coppel Matamoros entra en paro laboral (Tamaulipas)","author":"grieta","date":"18 febrero, 2019","format":false,"excerpt":"V\u00edctor Alva \/ El Sol de Tampico Los inconformes que tienen a su cargo diversos departamentos, dieron a conocer que el incremento salarial debi\u00f3 reflejarse el pasado d\u00eda 15 de Febrero, sin embargo esto no ocurri\u00f3 Matamoros, Tam, (OEM\/Informex).- En demanda de un incremento salarial, trabajadores de la empresa departamental\u2026","rel":"","context":"En &quot;CINTILLO&quot;","block_context":{"text":"CINTILLO","link":"http:\/\/www.grieta.org.mx\/index.php\/category\/cintillo\/"},"img":{"alt_text":"","src":"https:\/\/i0.wp.com\/www.grieta.org.mx\/wp-content\/uploads\/2019\/02\/Coppel-Matamoros-entra-en-paro-laboral-tama-feb.png?resize=350%2C200","width":350,"height":200,"srcset":"https:\/\/i0.wp.com\/www.grieta.org.mx\/wp-content\/uploads\/2019\/02\/Coppel-Matamoros-entra-en-paro-laboral-tama-feb.png?resize=350%2C200 1x, https:\/\/i0.wp.com\/www.grieta.org.mx\/wp-content\/uploads\/2019\/02\/Coppel-Matamoros-entra-en-paro-laboral-tama-feb.png?resize=525%2C300 1.5x, https:\/\/i0.wp.com\/www.grieta.org.mx\/wp-content\/uploads\/2019\/02\/Coppel-Matamoros-entra-en-paro-laboral-tama-feb.png?resize=700%2C400 2x"},"classes":[]},{"id":28790,"url":"http:\/\/www.grieta.org.mx\/index.php\/2019\/02\/04\/empresa-refresquera-en-paro-ofrece-vacantes-en-matamoros-tamaulipas\/","url_meta":{"origin":29215,"position":1},"title":"Empresa refresquera en paro, ofrece vacantes en Matamoros (Tamaulipas)","author":"grieta","date":"4 febrero, 2019","format":false,"excerpt":"Isabel Rend\u00f3n \/ Hoy Tamaulipas Cabe mencionar que los trabajadores sindicalizados de la empresa comenzaron su paro de labores, luego de que se dio ya el emplazamiento formal de huelga Matamoros, Tamaulipas. - Un total de 500 trabajadores de la empresa refresquera Arcacontinental (Coca Cola) en esta frontera, permanece en\u2026","rel":"","context":"En &quot;CINTILLO&quot;","block_context":{"text":"CINTILLO","link":"http:\/\/www.grieta.org.mx\/index.php\/category\/cintillo\/"},"img":{"alt_text":"","src":"https:\/\/i0.wp.com\/www.grieta.org.mx\/wp-content\/uploads\/2019\/02\/Empresa-refresquera-en-paro-ofrece-vacantes-en-Matamoros-feb.jpg?resize=350%2C200","width":350,"height":200,"srcset":"https:\/\/i0.wp.com\/www.grieta.org.mx\/wp-content\/uploads\/2019\/02\/Empresa-refresquera-en-paro-ofrece-vacantes-en-Matamoros-feb.jpg?resize=350%2C200 1x, https:\/\/i0.wp.com\/www.grieta.org.mx\/wp-content\/uploads\/2019\/02\/Empresa-refresquera-en-paro-ofrece-vacantes-en-Matamoros-feb.jpg?resize=525%2C300 1.5x, https:\/\/i0.wp.com\/www.grieta.org.mx\/wp-content\/uploads\/2019\/02\/Empresa-refresquera-en-paro-ofrece-vacantes-en-Matamoros-feb.jpg?resize=700%2C400 2x"},"classes":[]},{"id":28422,"url":"http:\/\/www.grieta.org.mx\/index.php\/2019\/01\/18\/en-matamoros-obreros-presionan-a-companeros-para-que-abandonen-sus-areas-de-trabajo-tamaulipas\/","url_meta":{"origin":29215,"position":2},"title":"En Matamoros: Obreros presionan a compa\u00f1eros para que abandonen sus \u00e1reas de trabajo (Tamaulipas)","author":"grieta","date":"18 enero, 2019","format":false,"excerpt":"\u00c1ngel Arias \/ hoytamaulipas Recorren las maquiladoras para que los trabajadores se unan a \u201cla lucha obrera\u201d como ellos la han nombrado a seis d\u00edas de iniciarse el conflicto Matamoros, Tamaulipas.- En estos momentos obreros de diferentes maquiladoras que siguen inconformes y sin presentarse a laborar, iniciaron una marcha desde\u2026","rel":"","context":"En &quot;CINTILLO&quot;","block_context":{"text":"CINTILLO","link":"http:\/\/www.grieta.org.mx\/index.php\/category\/cintillo\/"},"img":{"alt_text":"","src":"https:\/\/i0.wp.com\/www.grieta.org.mx\/wp-content\/uploads\/2019\/01\/En-Matamoros-Obreros-presionan-a-companieros-para-que-abandonen-sus-areas-de-trabajo.jpg?resize=350%2C200","width":350,"height":200,"srcset":"https:\/\/i0.wp.com\/www.grieta.org.mx\/wp-content\/uploads\/2019\/01\/En-Matamoros-Obreros-presionan-a-companieros-para-que-abandonen-sus-areas-de-trabajo.jpg?resize=350%2C200 1x, https:\/\/i0.wp.com\/www.grieta.org.mx\/wp-content\/uploads\/2019\/01\/En-Matamoros-Obreros-presionan-a-companieros-para-que-abandonen-sus-areas-de-trabajo.jpg?resize=525%2C300 1.5x, https:\/\/i0.wp.com\/www.grieta.org.mx\/wp-content\/uploads\/2019\/01\/En-Matamoros-Obreros-presionan-a-companieros-para-que-abandonen-sus-areas-de-trabajo.jpg?resize=700%2C400 2x"},"classes":[]},{"id":28796,"url":"http:\/\/www.grieta.org.mx\/index.php\/2019\/02\/04\/siguen-en-paro-las-empresas-distribuidoras-de-matamoros-tamaulipas\/","url_meta":{"origin":29215,"position":3},"title":"Siguen en paro las empresas distribuidoras de Matamoros (Tamaulipas)","author":"grieta","date":"4 febrero, 2019","format":false,"excerpt":"\u00c1ngel Arias \/ Hoy Tamaulipas Obreros de las empresas Blanquita y Vakita dedicas a la distribuci\u00f3n de agua y leche respectivamente, contin\u00faan con el paro de labores para exigir mejoras salariales, esto ya ha tra\u00eddo consecuencias en el sector empresarial Matamoros, Tamaulipas. \u2013 Los paros laborales en las empresas distribuidoras\u2026","rel":"","context":"En &quot;CINTILLO&quot;","block_context":{"text":"CINTILLO","link":"http:\/\/www.grieta.org.mx\/index.php\/category\/cintillo\/"},"img":{"alt_text":"","src":"https:\/\/i0.wp.com\/www.grieta.org.mx\/wp-content\/uploads\/2019\/02\/Siguen-en-paro-las-empresas-distribuidoras-de-Matamoros-feb.jpg?resize=350%2C200","width":350,"height":200,"srcset":"https:\/\/i0.wp.com\/www.grieta.org.mx\/wp-content\/uploads\/2019\/02\/Siguen-en-paro-las-empresas-distribuidoras-de-Matamoros-feb.jpg?resize=350%2C200 1x, https:\/\/i0.wp.com\/www.grieta.org.mx\/wp-content\/uploads\/2019\/02\/Siguen-en-paro-las-empresas-distribuidoras-de-Matamoros-feb.jpg?resize=525%2C300 1.5x, https:\/\/i0.wp.com\/www.grieta.org.mx\/wp-content\/uploads\/2019\/02\/Siguen-en-paro-las-empresas-distribuidoras-de-Matamoros-feb.jpg?resize=700%2C400 2x"},"classes":[]},{"id":29815,"url":"http:\/\/www.grieta.org.mx\/index.php\/2019\/03\/01\/suman-4-mil-obreros-dados-de-baja-en-maquiladoras-de-matamoros-tamaulipas\/","url_meta":{"origin":29215,"position":4},"title":"Suman 4 mil obreros dados de baja en maquiladoras de Matamoros (Tamaulipas)","author":"grieta","date":"1 marzo, 2019","format":false,"excerpt":"Miguel Jim\u00e9nez \/ El Ma\u00f1ana Tres empresas se mantienen firmes en salir tras los \u00b4paros locos\u00b4 Matamoros, Tam. La Confederaci\u00f3n Patronal de la Rep\u00fablica Mexicana (Coparmex), confirm\u00f3 que ya son cuatro mil los obreros que han sido dados de baja en la industria maquiladora luego de las huelgas y \"paros\u2026","rel":"","context":"En &quot;CINTILLO&quot;","block_context":{"text":"CINTILLO","link":"http:\/\/www.grieta.org.mx\/index.php\/category\/cintillo\/"},"img":{"alt_text":"","src":"https:\/\/i0.wp.com\/www.grieta.org.mx\/wp-content\/uploads\/2019\/03\/Suman-4-mil-obreros-dados-de-baja-en-maquiladoras-de-Matamoros-tama-mzo.jpg?resize=350%2C200","width":350,"height":200},"classes":[]},{"id":28844,"url":"http:\/\/www.grieta.org.mx\/index.php\/2019\/02\/06\/se-unen-mas-empresas-a-la-huelga-en-matamoros-tamaulipas\/","url_meta":{"origin":29215,"position":5},"title":"Se unen m\u00e1s empresas a la huelga en Matamoros (Tamaulipas)","author":"grieta","date":"6 febrero, 2019","format":false,"excerpt":"Mauricio Zapata\/CNT\/ANTAM Cd. Victoria, Tam.- Al menos 14 empresas m\u00e1s emplazaron este martes a huelga en la ciudad de Matamoros, exigiendo los mismos planteamientos que obreros de maquiladoras hicieron. Se trata de Siptem, Adiente, Castlihg, Reinfro, Joyson, Sitmen, Fisher Dynamics, Avances Cient\u00edficos, Kasko, Kidde, Avant, Arkeme y VDO, cuyos empleados\u2026","rel":"","context":"En &quot;CINTILLO&quot;","block_context":{"text":"CINTILLO","link":"http:\/\/www.grieta.org.mx\/index.php\/category\/cintillo\/"},"img":{"alt_text":"","src":"https:\/\/i0.wp.com\/www.grieta.org.mx\/wp-content\/uploads\/2019\/02\/Se-unen-m%C3%A1s-empresas-a-la-huelga-en-Matamoros-tama-feb.jpg?resize=350%2C200","width":350,"height":200},"classes":[]}],"_links":{"self":[{"href":"http:\/\/www.grieta.org.mx\/index.php\/wp-json\/wp\/v2\/posts\/29215","targetHints":{"allow":["GET"]}}],"collection":[{"href":"http:\/\/www.grieta.org.mx\/index.php\/wp-json\/wp\/v2\/posts"}],"about":[{"href":"http:\/\/www.grieta.org.mx\/index.php\/wp-json\/wp\/v2\/types\/post"}],"author":[{"embeddable":true,"href":"http:\/\/www.grieta.org.mx\/index.php\/wp-json\/wp\/v2\/users\/2"}],"replies":[{"embeddable":true,"href":"http:\/\/www.grieta.org.mx\/index.php\/wp-json\/wp\/v2\/comments?post=29215"}],"version-history":[{"count":1,"href":"http:\/\/www.grieta.org.mx\/index.php\/wp-json\/wp\/v2\/posts\/29215\/revisions"}],"predecessor-version":[{"id":29219,"href":"http:\/\/www.grieta.org.mx\/index.php\/wp-json\/wp\/v2\/posts\/29215\/revisions\/29219"}],"wp:featuredmedia":[{"embeddable":true,"href":"http:\/\/www.grieta.org.mx\/index.php\/wp-json\/wp\/v2\/media\/29218"}],"wp:attachment":[{"href":"http:\/\/www.grieta.org.mx\/index.php\/wp-json\/wp\/v2\/media?parent=29215"}],"wp:term":[{"taxonomy":"category","embeddable":true,"href":"http:\/\/www.grieta.org.mx\/index.php\/wp-json\/wp\/v2\/categories?post=29215"},{"taxonomy":"post_tag","embeddable":true,"href":"http:\/\/www.grieta.org.mx\/index.php\/wp-json\/wp\/v2\/tags?post=29215"}],"curies":[{"name":"wp","href":"https:\/\/api.w.org\/{rel}","templated":true}]}}