{"id":2919,"date":"2015-05-18T20:28:47","date_gmt":"2015-05-18T20:28:47","guid":{"rendered":"http:\/\/50.22.11.12\/~grietaor\/?p=2919"},"modified":"2020-03-18T10:26:55","modified_gmt":"2020-03-18T16:26:55","slug":"ex-empleados-de-oceanografia-exigen-el-pago-de-sus-salarios-en-yucatan","status":"publish","type":"post","link":"http:\/\/www.grieta.org.mx\/index.php\/2015\/05\/18\/ex-empleados-de-oceanografia-exigen-el-pago-de-sus-salarios-en-yucatan\/","title":{"rendered":"Ex empleados de Oceanograf\u00eda exigen el pago de sus salarios en Yucat\u00e1n"},"content":{"rendered":"<p>De nueva cuenta ex obreros de la empresa Oceanograf\u00eda realizaron un plant\u00f3n frente a las oficinas de la empresa para exigir el pago de sus salarios y su liquidaci\u00f3n.<\/p>\n<p>Los ex empleados aseguran que el Servicio de Administraci\u00f3n y Enajenaci\u00f3n de Bienes (SAE) no est\u00e1 realizando los dep\u00f3sitos correspondientes alegando una serie de excusas como por ejemplo el de la veda electoral.<\/p>\n<p>\u201cNosotros tenemos hambre, tenemos familias que mantener y venimos de diferentes ciudades haciendo gastos innecesarios para que los del SAE nos den m\u00e1s largas y hacernos dar m\u00e1s vueltas\u201d, se\u00f1al\u00f3 Victor Manuel Casanova.<\/p>\n<p>Los manifestantes aseguran que han esperado cerca de un a\u00f1o para que les paguen y hasta el momento no hay quien solucione el asunto de sus pagos, por lo que han buscado otras medidas para hacer presi\u00f3n.<\/p>\n<p>Hace unos meses, un grupo de ex empleados de Oceanograf\u00eda bloquearon el puente Zacatal, quienes fueron desalojados violentamente por las fuerzas del orden del Gobierno estatal, acciones en las que tambi\u00e9n intervino la PGR.<\/p>\n<p>Ma\u00f1ana, m\u00e1s informaci\u00f3n en las diversas plataformas de Grupo Megamedia.- (Por BEATRIZ SOL\u00cdS)<br \/>\n<a href=\"http:\/\/yucatan.com.mx\/campeche\/politica-campeche\/ex-empleados-de-oceanografia-exigen-el-pago-de-sus-salarios\" target=\"_blank\" rel=\"noopener noreferrer\">yucatan.com.mx\/campeche\/politica-campeche\/ex-empleados-de-oceanografia-exigen-el-pago-de-sus-salarios#sthash.TrdHgbvn.dpuf<\/a><\/p>\n","protected":false},"excerpt":{"rendered":"<p>De nueva cuenta ex obreros de la empresa Oceanograf\u00eda realizaron un plant\u00f3n frente a las oficinas de la empresa para exigir el pago de sus salarios y su liquidaci\u00f3n. Los &hellip; <a href=\"http:\/\/www.grieta.org.mx\/index.php\/2015\/05\/18\/ex-empleados-de-oceanografia-exigen-el-pago-de-sus-salarios-en-yucatan\/\" class=\"more-link\">Leer m\u00e1s<\/a><\/p>\n","protected":false},"author":2,"featured_media":21928,"comment_status":"closed","ping_status":"open","sticky":false,"template":"","format":"standard","meta":{"ngg_post_thumbnail":0,"_jetpack_newsletter_access":"","_jetpack_dont_email_post_to_subs":false,"_jetpack_newsletter_tier_id":0,"_jetpack_memberships_contains_paywalled_content":false,"_jetpack_memberships_contains_paid_content":false,"footnotes":""},"categories":[11,123,80,1040,2,1312,153],"tags":[201,147],"class_list":{"0":"post-2919","1":"post","2":"type-post","3":"status-publish","4":"format-standard","5":"has-post-thumbnail","6":"hentry","7":"category-campeche","9":"category-cintillo","10":"category-conflictos-laborales-en-campeche","11":"category-noticias-nacionales","12":"category-oceanografia","13":"category-yucatan","14":"tag-salarios","15":"tag-trabajo","16":"entry"},"jetpack_featured_media_url":"http:\/\/www.grieta.org.mx\/wp-content\/uploads\/2018\/03\/14524434_1106112876131411_958039263622046936_o.jpg","jetpack_sharing_enabled":true,"jetpack_shortlink":"https:\/\/wp.me\/p7ZJR4-L5","jetpack_likes_enabled":false,"jetpack-related-posts":[{"id":2909,"url":"http:\/\/www.grieta.org.mx\/index.php\/2016\/08\/16\/trabajadores-de-la-empresa-oceanografia-exigen-su-liquidacion-en-yucatan\/","url_meta":{"origin":2919,"position":0},"title":"Trabajadores de la empresa \u201cOceanograf\u00eda\u201d exigen su liquidaci\u00f3n.","author":"grieta","date":"16 agosto, 2016","format":false,"excerpt":"16\/08\/16. Exobreros de naviera exigen cese de P\u00e9rez (Campeche)Tribuna 11\/08\/16. Afectados 4,500; no los liquid\u00f3 Oceanograf\u00eda (Campeche)Tribuna 25\/09\/15. Campeche: exigen trabajadores de Oceanograf\u00eda pago quincenal.La Jornada 18\/05\/15. Ex empleados de Oceanograf\u00eda exigen el pago de sus salarios en Yucat\u00e1n.El diario de Yucat\u00e1n 29\/01\/15. 32 detenidos en desalojo de ex empleados\u2026","rel":"","context":"En &quot;Campeche&quot;","block_context":{"text":"Campeche","link":"http:\/\/www.grieta.org.mx\/index.php\/category\/noticias-nacionales\/campeche\/"},"img":{"alt_text":"","src":"https:\/\/i0.wp.com\/www.grieta.org.mx\/wp-content\/uploads\/2018\/03\/14524434_1106112876131411_958039263622046936_o.jpg?resize=350%2C200","width":350,"height":200,"srcset":"https:\/\/i0.wp.com\/www.grieta.org.mx\/wp-content\/uploads\/2018\/03\/14524434_1106112876131411_958039263622046936_o.jpg?resize=350%2C200 1x, https:\/\/i0.wp.com\/www.grieta.org.mx\/wp-content\/uploads\/2018\/03\/14524434_1106112876131411_958039263622046936_o.jpg?resize=525%2C300 1.5x, https:\/\/i0.wp.com\/www.grieta.org.mx\/wp-content\/uploads\/2018\/03\/14524434_1106112876131411_958039263622046936_o.jpg?resize=700%2C400 2x"},"classes":[]},{"id":2925,"url":"http:\/\/www.grieta.org.mx\/index.php\/2015\/01\/29\/32-detenidos-en-desalojo-de-ex-empleados-de-oceanografia\/","url_meta":{"origin":2919,"position":1},"title":"32 detenidos en desalojo de ex empleados de Oceanograf\u00eda","author":"grieta","date":"29 enero, 2015","format":false,"excerpt":"29 de enero de 2015 \u2013 Cerca de 150 ex trabajadores de la empresa Oceanograf\u00eda protestaron el d\u00eda de ayer en Campeche con la exigencia de la liquidaci\u00f3n de sus salarios. Tras cerrar por cuatro horas el puente Carmen-Zacatal se provoc\u00f3 un congestionamiento vial de hasta 10 kil\u00f3metros. Alrededor de\u2026","rel":"","context":"En &quot;campeche&quot;","block_context":{"text":"campeche","link":"http:\/\/www.grieta.org.mx\/index.php\/category\/campeche\/"},"img":{"alt_text":"","src":"https:\/\/i0.wp.com\/www.grieta.org.mx\/wp-content\/uploads\/2018\/03\/14524434_1106112876131411_958039263622046936_o.jpg?resize=350%2C200","width":350,"height":200,"srcset":"https:\/\/i0.wp.com\/www.grieta.org.mx\/wp-content\/uploads\/2018\/03\/14524434_1106112876131411_958039263622046936_o.jpg?resize=350%2C200 1x, https:\/\/i0.wp.com\/www.grieta.org.mx\/wp-content\/uploads\/2018\/03\/14524434_1106112876131411_958039263622046936_o.jpg?resize=525%2C300 1.5x, https:\/\/i0.wp.com\/www.grieta.org.mx\/wp-content\/uploads\/2018\/03\/14524434_1106112876131411_958039263622046936_o.jpg?resize=700%2C400 2x"},"classes":[]},{"id":2910,"url":"http:\/\/www.grieta.org.mx\/index.php\/2015\/08\/25\/campeche-exigen-trabajadores-de-oceanografia-pago-quincenal\/","url_meta":{"origin":2919,"position":2},"title":"Campeche: exigen trabajadores de Oceanograf\u00eda pago quincenal","author":"grieta","date":"25 agosto, 2015","format":false,"excerpt":"Ciudad del Carmen, Camp. Unos 300 obreros en activo de Oceanograf\u00eda se sumaron este martes a medio centenar de ex trabajadores, que desde hace 100 d\u00edas se encuentran en plant\u00f3n frente a las oficinas de esa empresa para exigir el pago de sus liquidaciones, y bloquearon durante dos horas los\u2026","rel":"","context":"En &quot;campeche&quot;","block_context":{"text":"campeche","link":"http:\/\/www.grieta.org.mx\/index.php\/category\/campeche\/"},"img":{"alt_text":"","src":"https:\/\/i0.wp.com\/www.grieta.org.mx\/wp-content\/uploads\/2018\/03\/14524434_1106112876131411_958039263622046936_o.jpg?resize=350%2C200","width":350,"height":200,"srcset":"https:\/\/i0.wp.com\/www.grieta.org.mx\/wp-content\/uploads\/2018\/03\/14524434_1106112876131411_958039263622046936_o.jpg?resize=350%2C200 1x, https:\/\/i0.wp.com\/www.grieta.org.mx\/wp-content\/uploads\/2018\/03\/14524434_1106112876131411_958039263622046936_o.jpg?resize=525%2C300 1.5x, https:\/\/i0.wp.com\/www.grieta.org.mx\/wp-content\/uploads\/2018\/03\/14524434_1106112876131411_958039263622046936_o.jpg?resize=700%2C400 2x"},"classes":[]},{"id":28575,"url":"http:\/\/www.grieta.org.mx\/index.php\/2019\/01\/04\/siguen-los-acosos-y-despidos-laborales-en-oceanografia-campeche\/","url_meta":{"origin":2919,"position":3},"title":"Siguen los acosos y despidos laborales en Oceanograf\u00eda (Campeche)","author":"grieta","date":"4 enero, 2019","format":false,"excerpt":"Redacci\u00f3n\/Campeche Hoy CD DEL CARMEN. Contin\u00faan las denuncias en contra de la empresa petrolera Oceanograf\u00eda por abusos laborales, ahora 21 trabajadores activos fueron dados de baja como derechohabientes del Instituto Mexicano del Seguro Social (IMSS) sin previo aviso y a\u00fan les debe ocho meses de salario, pero Jorge Betancourt M\u00e9ndez\u2026","rel":"","context":"En &quot;Campeche&quot;","block_context":{"text":"Campeche","link":"http:\/\/www.grieta.org.mx\/index.php\/category\/noticias-nacionales\/campeche\/"},"img":{"alt_text":"","src":"https:\/\/i0.wp.com\/www.grieta.org.mx\/wp-content\/uploads\/2019\/01\/FOTO-1-6-640x427.jpg?resize=350%2C200","width":350,"height":200,"srcset":"https:\/\/i0.wp.com\/www.grieta.org.mx\/wp-content\/uploads\/2019\/01\/FOTO-1-6-640x427.jpg?resize=350%2C200 1x, https:\/\/i0.wp.com\/www.grieta.org.mx\/wp-content\/uploads\/2019\/01\/FOTO-1-6-640x427.jpg?resize=525%2C300 1.5x"},"classes":[]},{"id":2930,"url":"http:\/\/www.grieta.org.mx\/index.php\/2014\/03\/26\/fraude-en-oceanografia-salpica-a-yucatan\/","url_meta":{"origin":2919,"position":4},"title":"Fraude en Oceanograf\u00eda \u2018salpica\u2019 a Yucat\u00e1n","author":"grieta","date":"26 marzo, 2014","format":false,"excerpt":"M\u00c9RIDA, Yuc.- Tras dos meses de que se diera a conocer que la Secretar\u00eda de la Funci\u00f3n P\u00fablica (SFP) realizaba una investigaci\u00f3n contra la empresa naviera y de construcci\u00f3n mar\u00edtima Oceanograf\u00eda SA de CV por diversas irregularidades encontradas en Petr\u00f3leos Mexicanos (Pemex), ahora salen nuevas anomal\u00edas. Las investigaciones han arrojado\u2026","rel":"","context":"En &quot;campeche&quot;","block_context":{"text":"campeche","link":"http:\/\/www.grieta.org.mx\/index.php\/category\/campeche\/"},"img":{"alt_text":"","src":"https:\/\/i0.wp.com\/www.grieta.org.mx\/wp-content\/uploads\/2018\/03\/14524434_1106112876131411_958039263622046936_o.jpg?resize=350%2C200","width":350,"height":200,"srcset":"https:\/\/i0.wp.com\/www.grieta.org.mx\/wp-content\/uploads\/2018\/03\/14524434_1106112876131411_958039263622046936_o.jpg?resize=350%2C200 1x, https:\/\/i0.wp.com\/www.grieta.org.mx\/wp-content\/uploads\/2018\/03\/14524434_1106112876131411_958039263622046936_o.jpg?resize=525%2C300 1.5x, https:\/\/i0.wp.com\/www.grieta.org.mx\/wp-content\/uploads\/2018\/03\/14524434_1106112876131411_958039263622046936_o.jpg?resize=700%2C400 2x"},"classes":[]},{"id":23155,"url":"http:\/\/www.grieta.org.mx\/index.php\/2018\/05\/15\/protestan-extrabajadores-en-contra-de-yanez-osuna-campeche\/","url_meta":{"origin":2919,"position":5},"title":"Protestan extrabajadores en contra de Y\u00e1\u00f1ez Osuna (Campeche)","author":"grieta","date":"15 mayo, 2018","format":false,"excerpt":"Alrededor de 50 extrabajadores de Oceanograf\u00eda se manifestaron con mantas en plena calle 24 de la colonia Centro, para protestar en contra del empresario Amado Y\u00e1\u00f1ez Osuna, quien les niega el pago de sus liquidaciones y de Julio C\u00e9sar \u00c1valos, representante del Sindicato Secci\u00f3n 15 Pit\u00e1goras, quien pretende afiliarlos como\u2026","rel":"","context":"En &quot;Campeche&quot;","block_context":{"text":"Campeche","link":"http:\/\/www.grieta.org.mx\/index.php\/category\/noticias-nacionales\/campeche\/"},"img":{"alt_text":"","src":"https:\/\/i0.wp.com\/www.grieta.org.mx\/wp-content\/uploads\/2018\/05\/Oceanografiamayo18.png?resize=350%2C200","width":350,"height":200,"srcset":"https:\/\/i0.wp.com\/www.grieta.org.mx\/wp-content\/uploads\/2018\/05\/Oceanografiamayo18.png?resize=350%2C200 1x, https:\/\/i0.wp.com\/www.grieta.org.mx\/wp-content\/uploads\/2018\/05\/Oceanografiamayo18.png?resize=525%2C300 1.5x"},"classes":[]}],"_links":{"self":[{"href":"http:\/\/www.grieta.org.mx\/index.php\/wp-json\/wp\/v2\/posts\/2919","targetHints":{"allow":["GET"]}}],"collection":[{"href":"http:\/\/www.grieta.org.mx\/index.php\/wp-json\/wp\/v2\/posts"}],"about":[{"href":"http:\/\/www.grieta.org.mx\/index.php\/wp-json\/wp\/v2\/types\/post"}],"author":[{"embeddable":true,"href":"http:\/\/www.grieta.org.mx\/index.php\/wp-json\/wp\/v2\/users\/2"}],"replies":[{"embeddable":true,"href":"http:\/\/www.grieta.org.mx\/index.php\/wp-json\/wp\/v2\/comments?post=2919"}],"version-history":[{"count":1,"href":"http:\/\/www.grieta.org.mx\/index.php\/wp-json\/wp\/v2\/posts\/2919\/revisions"}],"predecessor-version":[{"id":46292,"href":"http:\/\/www.grieta.org.mx\/index.php\/wp-json\/wp\/v2\/posts\/2919\/revisions\/46292"}],"wp:featuredmedia":[{"embeddable":true,"href":"http:\/\/www.grieta.org.mx\/index.php\/wp-json\/wp\/v2\/media\/21928"}],"wp:attachment":[{"href":"http:\/\/www.grieta.org.mx\/index.php\/wp-json\/wp\/v2\/media?parent=2919"}],"wp:term":[{"taxonomy":"category","embeddable":true,"href":"http:\/\/www.grieta.org.mx\/index.php\/wp-json\/wp\/v2\/categories?post=2919"},{"taxonomy":"post_tag","embeddable":true,"href":"http:\/\/www.grieta.org.mx\/index.php\/wp-json\/wp\/v2\/tags?post=2919"}],"curies":[{"name":"wp","href":"https:\/\/api.w.org\/{rel}","templated":true}]}}