{"id":29183,"date":"2019-02-18T21:24:07","date_gmt":"2019-02-19T03:24:07","guid":{"rendered":"http:\/\/www.grieta.org.mx\/?p=29183"},"modified":"2019-02-18T21:24:07","modified_gmt":"2019-02-19T03:24:07","slug":"casi-600-migrantes-centroamericanos-localizados-en-el-ultimo-mes-en-tamaulipas","status":"publish","type":"post","link":"http:\/\/www.grieta.org.mx\/index.php\/2019\/02\/18\/casi-600-migrantes-centroamericanos-localizados-en-el-ultimo-mes-en-tamaulipas\/","title":{"rendered":"Casi 600 migrantes centroamericanos localizados en el \u00faltimo mes en Tamaulipas"},"content":{"rendered":"<p><img loading=\"lazy\" decoding=\"async\" data-attachment-id=\"29184\" data-permalink=\"http:\/\/www.grieta.org.mx\/index.php\/2019\/02\/18\/casi-600-migrantes-centroamericanos-localizados-en-el-ultimo-mes-en-tamaulipas\/casi-600-migrantes-centroamericanos-localizados-en-el-ultimo-mes-en-tamaulipas-feb\/\" data-orig-file=\"http:\/\/www.grieta.org.mx\/wp-content\/uploads\/2019\/02\/Casi-600-migrantes-centroamericanos-localizados-en-el-\u00faltimo-mes-en-Tamaulipas-feb.jpg\" data-orig-size=\"299,168\" data-comments-opened=\"0\" data-image-meta=\"{&quot;aperture&quot;:&quot;0&quot;,&quot;credit&quot;:&quot;&quot;,&quot;camera&quot;:&quot;&quot;,&quot;caption&quot;:&quot;&quot;,&quot;created_timestamp&quot;:&quot;0&quot;,&quot;copyright&quot;:&quot;&quot;,&quot;focal_length&quot;:&quot;0&quot;,&quot;iso&quot;:&quot;0&quot;,&quot;shutter_speed&quot;:&quot;0&quot;,&quot;title&quot;:&quot;&quot;,&quot;orientation&quot;:&quot;0&quot;}\" data-image-title=\"Casi 600 migrantes centroamericanos localizados en el \u00faltimo mes en Tamaulipas feb\" data-image-description=\"\" data-image-caption=\"\" data-medium-file=\"http:\/\/www.grieta.org.mx\/wp-content\/uploads\/2019\/02\/Casi-600-migrantes-centroamericanos-localizados-en-el-\u00faltimo-mes-en-Tamaulipas-feb.jpg\" data-large-file=\"http:\/\/www.grieta.org.mx\/wp-content\/uploads\/2019\/02\/Casi-600-migrantes-centroamericanos-localizados-en-el-\u00faltimo-mes-en-Tamaulipas-feb.jpg\" class=\"aligncenter  wp-image-29184\" src=\"http:\/\/www.grieta.org.mx\/wp-content\/uploads\/2019\/02\/Casi-600-migrantes-centroamericanos-localizados-en-el-\u00faltimo-mes-en-Tamaulipas-feb.jpg\" alt=\"\" width=\"416\" height=\"234\" \/><br \/>\nJacobo Garc\u00eda \/ El Pa\u00eds<\/p>\n<blockquote><p>Los \u00faltimos 45 fueron encontrados el domingo por la noche en una casa de seguridad en Matamoros<\/p><\/blockquote>\n<p>La crisis humanitaria que se vive al sur de M\u00e9xico se ha trasladado a la frontera con Estados Unidos. En el \u00faltimo mes casi 600 migrantes centroamericanos han sido localizados en Tamaulipas en condiciones de hacinamiento y desnutrici\u00f3n. En algunas ocasiones fueron hallados en el interior de camiones de carga y en otros retenidos en casas de seguridad en la ciudad de Matamoros.<\/p>\n<p>De todos ellos, apenas unos pocos son mexicanos y el resto son centroamericanos. Los \u00faltimos, son 45 migrantes originarios de Honduras, Guatemala y Nicaragua, as\u00ed como uno de Oaxaca que se encontraban en una casa de seguridad a la espera de la pasada que los condujera a Estados Unidos.<\/p>\n<p>La acci\u00f3n se llev\u00f3 a cabo la noche del domingo y fue ejecutada por \u201cla polic\u00eda estatal y federal quienes acudieron al lugar tras una llamada an\u00f3nima que dec\u00eda haber escuchado llantos y gritos pidiendo auxilio\u201d, se\u00f1al\u00f3 a EL PA\u00cdS Luis Alberto Rodr\u00edguez, portavoz del grupo de Coordinaci\u00f3n Tamaulipas que re\u00fane a todas los Gobiernos y el ej\u00e9rcito.<\/p>\n<p>Este \u00faltimo hallazgo se une a un fin de semana especialmente intenso que denota un importante aumento en el n\u00famero de personas que intentan llegar de forma ilegal a Estados Unidos.<\/p>\n<p>A ello contribuye la posibilidad de que Donald Trump ponga en marcha su anunciado muro y las condiciones de violencia que se viven en Guatemala, El Salvador y Honduras. 229 personas -un mexicano y el resto procedentes del norte de Centroam\u00e9rica &#8211; fueron localizados en seis casas de seguridad en Matamoros. Casi la mitad de ellos son menores de edad.<\/p>\n<p>Del total de migrantes rescatados 128 son guatemaltecos, 86 hondure\u00f1os, 11 salvadore\u00f1os, tres nicarag\u00fcenses y un mexicano. De ellos, 109 son menores de edad y 120 adultos, de los cuales 41 son mujeres.<\/p>\n<p>A la liberaci\u00f3n del domingo se suman otra del 25 de enero de 109 migrantes encontrados en un tr\u00e1iler y otros 198 hallados una semana despu\u00e9s en dos camiones similares. Todas estas operaciones han dejado un saldo de seis detenidos, probables responsables de un delito de tr\u00e1fico de personas.<\/p>\n<p>Varios de los centroamericanos indocumentados se\u00f1alaron que llegaron a Matamoros en tr\u00e1ileres, algunos de ellos dijeron haber pagado 4.000 d\u00f3lares para su traslado del sur de M\u00e9xico hasta la frontera. Los detenidos e indocumentados fueron puestos a disposici\u00f3n de la Procuradur\u00eda General de la Rep\u00fablica y el Instituto Nacional de Migraci\u00f3n, respectivamente, para las investigaciones y tr\u00e1mites administrativos correspondientes.<\/p>\n<p>La suma de todas las operaciones \u201cdan un resultado de 581 migrantes liberados\u201d, dijo Rodr\u00edguez quien describi\u00f3 como lamentable la situaci\u00f3n en la que se encontraban los migrantes. \u201cEstaban mal comidos, deshidratados, sin medicamentos\u201d, se\u00f1al\u00f3. Seg\u00fan el portavoz, el tr\u00e1fico de migrantes es una de las principales fuentes de ingresos de los grupos delictivos que operan en la zona.<\/p>\n<p><a href=\"https:\/\/elpais.com\/internacional\/2018\/02\/13\/mexico\/1518490847_563828.html\" target=\"_blank\" rel=\"noopener\">https:\/\/elpais.com\/internacional\/2018\/02\/13\/mexico\/1518490847_563828.html<\/a><\/p>\n","protected":false},"excerpt":{"rendered":"<p>Jacobo Garc\u00eda \/ El Pa\u00eds Los \u00faltimos 45 fueron encontrados el domingo por la noche en una casa de seguridad en Matamoros La crisis humanitaria que se vive al sur &hellip; <a href=\"http:\/\/www.grieta.org.mx\/index.php\/2019\/02\/18\/casi-600-migrantes-centroamericanos-localizados-en-el-ultimo-mes-en-tamaulipas\/\" class=\"more-link\">Leer m\u00e1s<\/a><\/p>\n","protected":false},"author":2,"featured_media":29184,"comment_status":"closed","ping_status":"closed","sticky":false,"template":"","format":"standard","meta":{"ngg_post_thumbnail":0,"_jetpack_newsletter_access":"","_jetpack_dont_email_post_to_subs":false,"_jetpack_newsletter_tier_id":0,"_jetpack_memberships_contains_paywalled_content":false,"_jetpack_memberships_contains_paid_content":false,"footnotes":""},"categories":[80,86,2124,2,33,259,83],"tags":[2127,2126,311,158,2128],"class_list":{"0":"post-29183","1":"post","2":"type-post","3":"status-publish","4":"format-standard","5":"has-post-thumbnail","6":"hentry","7":"category-cintillo","8":"category-migrantes","9":"category-migrantes-en-tamaulipas","10":"category-noticias-nacionales","11":"category-tamaulipas","13":"category-temas-nacionales","14":"tag-centroamerica","15":"tag-crisis-humanitaria","16":"tag-matamoros","17":"tag-migrantes","18":"tag-muro-fronterizo","19":"entry"},"jetpack_featured_media_url":"http:\/\/www.grieta.org.mx\/wp-content\/uploads\/2019\/02\/Casi-600-migrantes-centroamericanos-localizados-en-el-\u00faltimo-mes-en-Tamaulipas-feb.jpg","jetpack_sharing_enabled":true,"jetpack_shortlink":"https:\/\/wp.me\/p7ZJR4-7AH","jetpack_likes_enabled":false,"jetpack-related-posts":[{"id":34596,"url":"http:\/\/www.grieta.org.mx\/index.php\/2019\/06\/03\/deportan-1801-por-matamoros-tamaulipas\/","url_meta":{"origin":29183,"position":0},"title":"Deportan 1,801 por Matamoros (Tamaulipas)","author":"grieta","date":"3 junio, 2019","format":false,"excerpt":"Miguel Jim\u00e9nez \/ El Ma\u00f1ana La mayor\u00eda se va en cuanto los regresan Matamoros, Tam.- El director del Instituto Tamaulipeco del Migrante inform\u00f3 que durante mayo se deportaron a mil 801 connacionales por parte de las autoridades migratorias de los Estados Unidos. Enrique Maciel Cervantes se\u00f1al\u00f3 que todav\u00eda el viernes\u2026","rel":"","context":"En &quot;CINTILLO&quot;","block_context":{"text":"CINTILLO","link":"http:\/\/www.grieta.org.mx\/index.php\/category\/cintillo\/"},"img":{"alt_text":"","src":"https:\/\/i0.wp.com\/www.grieta.org.mx\/wp-content\/uploads\/2019\/06\/Deportan-1801-por-Matamoros-tama-jun.jpg?resize=350%2C200","width":350,"height":200,"srcset":"https:\/\/i0.wp.com\/www.grieta.org.mx\/wp-content\/uploads\/2019\/06\/Deportan-1801-por-Matamoros-tama-jun.jpg?resize=350%2C200 1x, https:\/\/i0.wp.com\/www.grieta.org.mx\/wp-content\/uploads\/2019\/06\/Deportan-1801-por-Matamoros-tama-jun.jpg?resize=525%2C300 1.5x"},"classes":[]},{"id":32906,"url":"http:\/\/www.grieta.org.mx\/index.php\/2019\/05\/03\/hijos-de-migrantes-centroamericanos-revientan-escuelas-primarias-de-reynosa-tamaulipas\/","url_meta":{"origin":29183,"position":1},"title":"Hijos de migrantes centroamericanos \u2018revientan\u2019 escuelas primarias de Reynosa (Tamaulipas)","author":"grieta","date":"3 mayo, 2019","format":false,"excerpt":"Lupita \u00c1lvarez \/ Gaceta Cd. Victoria, Tamaulipas.- La Secretar\u00eda de Educaci\u00f3n de Tamaulipas (SET) inform\u00f3 que las escuelas de Reynosa est\u00e1n saturadas no solo por hijos de migrantes centroamericanos sino tambi\u00e9n por los hijos de los trabajadores de Matamoros que perdieron sus empleos tras las huelgas en las empresas. El\u2026","rel":"","context":"En &quot;CINTILLO&quot;","block_context":{"text":"CINTILLO","link":"http:\/\/www.grieta.org.mx\/index.php\/category\/cintillo\/"},"img":{"alt_text":"","src":"https:\/\/i0.wp.com\/www.grieta.org.mx\/wp-content\/uploads\/2019\/05\/Hijos-de-migrantes-centroamericanos-%E2%80%98revientan%E2%80%99-escuelas-primarias-de-Reynosa-tama-may.jpg?resize=350%2C200","width":350,"height":200},"classes":[]},{"id":47767,"url":"http:\/\/www.grieta.org.mx\/index.php\/2020\/04\/10\/migrantes-estan-en-riesgo-en-frontera-de-tamaulipas\/","url_meta":{"origin":29183,"position":2},"title":"Migrantes est\u00e1n en riesgo en frontera de Tamaulipas","author":"grieta","date":"10 abril, 2020","format":false,"excerpt":"Jacqueline Ponce Le\u00f3n\/Conexi\u00f3n Migrante 10 abril 2020 El Instituto Nacional de Migraci\u00f3n est\u00e1 trasladando migrantes de las estaciones migratorias a ciudades fronterizas del sur y los abandona a su suerte. La Comisi\u00f3n Nacional de Derechos Humanos (CNDH) admiti\u00f3 que los derechos fundamentales de los migrantes varados en la frontera son\u2026","rel":"","context":"En &quot;CINTILLO&quot;","block_context":{"text":"CINTILLO","link":"http:\/\/www.grieta.org.mx\/index.php\/category\/cintillo\/"},"img":{"alt_text":"","src":"https:\/\/i0.wp.com\/www.grieta.org.mx\/wp-content\/uploads\/2020\/04\/Migrantes-en-fronteras-est%C3%A1n-en-riesgo-ante-emergencia-sanitaria.jpg?resize=350%2C200","width":350,"height":200,"srcset":"https:\/\/i0.wp.com\/www.grieta.org.mx\/wp-content\/uploads\/2020\/04\/Migrantes-en-fronteras-est%C3%A1n-en-riesgo-ante-emergencia-sanitaria.jpg?resize=350%2C200 1x, https:\/\/i0.wp.com\/www.grieta.org.mx\/wp-content\/uploads\/2020\/04\/Migrantes-en-fronteras-est%C3%A1n-en-riesgo-ante-emergencia-sanitaria.jpg?resize=525%2C300 1.5x, https:\/\/i0.wp.com\/www.grieta.org.mx\/wp-content\/uploads\/2020\/04\/Migrantes-en-fronteras-est%C3%A1n-en-riesgo-ante-emergencia-sanitaria.jpg?resize=700%2C400 2x, https:\/\/i0.wp.com\/www.grieta.org.mx\/wp-content\/uploads\/2020\/04\/Migrantes-en-fronteras-est%C3%A1n-en-riesgo-ante-emergencia-sanitaria.jpg?resize=1050%2C600 3x"},"classes":[]},{"id":51524,"url":"http:\/\/www.grieta.org.mx\/index.php\/2020\/07\/02\/varados-mas-de-600-inmigrantes-en-frontera-de-tamaulipas\/","url_meta":{"origin":29183,"position":3},"title":"Varados m\u00e1s de 600 inmigrantes en frontera de Tamaulipas","author":"grieta","date":"2 julio, 2020","format":false,"excerpt":"Mirna Hern\u00e1ndez\/El Sol de Tampico 2 julio 2020 Ante la decisi\u00f3n del gobierno de Guatemala de cerrar su frontera con M\u00e9xico M\u00e1s de 600 migrantes centroamericanos deportados de Estados Unidos, permanecen varados en Tamaulipas | Antonio Sosa | El Sol de Tampico M\u00e1s de 600 migrantes centroamericanos deportados de Estados\u2026","rel":"","context":"En &quot;CINTILLO&quot;","block_context":{"text":"CINTILLO","link":"http:\/\/www.grieta.org.mx\/index.php\/category\/cintillo\/"},"img":{"alt_text":"","src":"https:\/\/i0.wp.com\/www.grieta.org.mx\/wp-content\/uploads\/2020\/07\/WhatsApp-Image-2020-07-02-at-12.09.10.jpeg?resize=350%2C200","width":350,"height":200,"srcset":"https:\/\/i0.wp.com\/www.grieta.org.mx\/wp-content\/uploads\/2020\/07\/WhatsApp-Image-2020-07-02-at-12.09.10.jpeg?resize=350%2C200 1x, https:\/\/i0.wp.com\/www.grieta.org.mx\/wp-content\/uploads\/2020\/07\/WhatsApp-Image-2020-07-02-at-12.09.10.jpeg?resize=525%2C300 1.5x, https:\/\/i0.wp.com\/www.grieta.org.mx\/wp-content\/uploads\/2020\/07\/WhatsApp-Image-2020-07-02-at-12.09.10.jpeg?resize=700%2C400 2x"},"classes":[]},{"id":35880,"url":"http:\/\/www.grieta.org.mx\/index.php\/2019\/06\/26\/revisan-sus-documentos-a-migrantes-tamaulipas\/","url_meta":{"origin":29183,"position":4},"title":"Revisan sus documentos a migrantes (Tamaulipas)","author":"grieta","date":"26 junio, 2019","format":false,"excerpt":"APOYO. Personal del INM fue acompa\u00f1ado por elementos de la Guardia Nacional. Fotograf\u00eda: El Ma\u00f1ana Miguel Jim\u00e9nez \/ El Ma\u00f1ana Matamoros, Tam.- Personal del Instituto Nacional de Migraci\u00f3n, acompa\u00f1ados de elementos de la Guardia Nacional, encabezaron la revisi\u00f3n de los documentos a migrantes con la finalidad de corroborar su estancia\u2026","rel":"","context":"En &quot;CINTILLO&quot;","block_context":{"text":"CINTILLO","link":"http:\/\/www.grieta.org.mx\/index.php\/category\/cintillo\/"},"img":{"alt_text":"","src":"https:\/\/i0.wp.com\/www.grieta.org.mx\/wp-content\/uploads\/2019\/07\/Revisan-sus-documentos-a-migrantes-tama-jul.jpg?resize=350%2C200","width":350,"height":200,"srcset":"https:\/\/i0.wp.com\/www.grieta.org.mx\/wp-content\/uploads\/2019\/07\/Revisan-sus-documentos-a-migrantes-tama-jul.jpg?resize=350%2C200 1x, https:\/\/i0.wp.com\/www.grieta.org.mx\/wp-content\/uploads\/2019\/07\/Revisan-sus-documentos-a-migrantes-tama-jul.jpg?resize=525%2C300 1.5x"},"classes":[]},{"id":32879,"url":"http:\/\/www.grieta.org.mx\/index.php\/2019\/05\/02\/sin-cifras-reales-sobre-migrantes-tamaulipas\/","url_meta":{"origin":29183,"position":5},"title":"Sin cifras reales sobre migrantes (Tamaulipas)","author":"grieta","date":"2 mayo, 2019","format":false,"excerpt":"Miguel Jim\u00e9nez \/ El Ma\u00f1ana EN ESPERA. Arriba de mil solicitantes de asilo est\u00e1n en Matamoros, en albergues o en el bordo del r\u00edo Bravo. El encargado de la Casa del Migrante de Matamoros, Juan Antonio Sierra Vargas, asegur\u00f3 que ninguna agrupaci\u00f3n ni dependencia oficial tiene n\u00fameros reales de migrantes\u2026","rel":"","context":"En &quot;CINTILLO&quot;","block_context":{"text":"CINTILLO","link":"http:\/\/www.grieta.org.mx\/index.php\/category\/cintillo\/"},"img":{"alt_text":"","src":"https:\/\/i0.wp.com\/www.grieta.org.mx\/wp-content\/uploads\/2019\/05\/Sin-cifras-reales-sobre-migrantes-tama-may.jpg?resize=350%2C200","width":350,"height":200,"srcset":"https:\/\/i0.wp.com\/www.grieta.org.mx\/wp-content\/uploads\/2019\/05\/Sin-cifras-reales-sobre-migrantes-tama-may.jpg?resize=350%2C200 1x, https:\/\/i0.wp.com\/www.grieta.org.mx\/wp-content\/uploads\/2019\/05\/Sin-cifras-reales-sobre-migrantes-tama-may.jpg?resize=525%2C300 1.5x"},"classes":[]}],"_links":{"self":[{"href":"http:\/\/www.grieta.org.mx\/index.php\/wp-json\/wp\/v2\/posts\/29183","targetHints":{"allow":["GET"]}}],"collection":[{"href":"http:\/\/www.grieta.org.mx\/index.php\/wp-json\/wp\/v2\/posts"}],"about":[{"href":"http:\/\/www.grieta.org.mx\/index.php\/wp-json\/wp\/v2\/types\/post"}],"author":[{"embeddable":true,"href":"http:\/\/www.grieta.org.mx\/index.php\/wp-json\/wp\/v2\/users\/2"}],"replies":[{"embeddable":true,"href":"http:\/\/www.grieta.org.mx\/index.php\/wp-json\/wp\/v2\/comments?post=29183"}],"version-history":[{"count":1,"href":"http:\/\/www.grieta.org.mx\/index.php\/wp-json\/wp\/v2\/posts\/29183\/revisions"}],"predecessor-version":[{"id":29185,"href":"http:\/\/www.grieta.org.mx\/index.php\/wp-json\/wp\/v2\/posts\/29183\/revisions\/29185"}],"wp:featuredmedia":[{"embeddable":true,"href":"http:\/\/www.grieta.org.mx\/index.php\/wp-json\/wp\/v2\/media\/29184"}],"wp:attachment":[{"href":"http:\/\/www.grieta.org.mx\/index.php\/wp-json\/wp\/v2\/media?parent=29183"}],"wp:term":[{"taxonomy":"category","embeddable":true,"href":"http:\/\/www.grieta.org.mx\/index.php\/wp-json\/wp\/v2\/categories?post=29183"},{"taxonomy":"post_tag","embeddable":true,"href":"http:\/\/www.grieta.org.mx\/index.php\/wp-json\/wp\/v2\/tags?post=29183"}],"curies":[{"name":"wp","href":"https:\/\/api.w.org\/{rel}","templated":true}]}}