{"id":29180,"date":"2019-02-18T21:13:16","date_gmt":"2019-02-19T03:13:16","guid":{"rendered":"http:\/\/www.grieta.org.mx\/?p=29180"},"modified":"2019-02-18T21:13:16","modified_gmt":"2019-02-19T03:13:16","slug":"coppel-matamoros-entra-en-paro-laboral-tamaulipas","status":"publish","type":"post","link":"http:\/\/www.grieta.org.mx\/index.php\/2019\/02\/18\/coppel-matamoros-entra-en-paro-laboral-tamaulipas\/","title":{"rendered":"Coppel Matamoros entra en paro laboral (Tamaulipas)"},"content":{"rendered":"<p><img loading=\"lazy\" decoding=\"async\" data-attachment-id=\"29181\" data-permalink=\"http:\/\/www.grieta.org.mx\/index.php\/2019\/02\/18\/coppel-matamoros-entra-en-paro-laboral-tamaulipas\/coppel-matamoros-entra-en-paro-laboral-tama-feb\/\" data-orig-file=\"http:\/\/www.grieta.org.mx\/wp-content\/uploads\/2019\/02\/Coppel-Matamoros-entra-en-paro-laboral-tama-feb.png\" data-orig-size=\"768,479\" data-comments-opened=\"0\" data-image-meta=\"{&quot;aperture&quot;:&quot;0&quot;,&quot;credit&quot;:&quot;&quot;,&quot;camera&quot;:&quot;&quot;,&quot;caption&quot;:&quot;&quot;,&quot;created_timestamp&quot;:&quot;0&quot;,&quot;copyright&quot;:&quot;&quot;,&quot;focal_length&quot;:&quot;0&quot;,&quot;iso&quot;:&quot;0&quot;,&quot;shutter_speed&quot;:&quot;0&quot;,&quot;title&quot;:&quot;&quot;,&quot;orientation&quot;:&quot;0&quot;}\" data-image-title=\"Coppel Matamoros entra en paro laboral tama feb\" data-image-description=\"\" data-image-caption=\"\" data-medium-file=\"http:\/\/www.grieta.org.mx\/wp-content\/uploads\/2019\/02\/Coppel-Matamoros-entra-en-paro-laboral-tama-feb-300x187.png\" data-large-file=\"http:\/\/www.grieta.org.mx\/wp-content\/uploads\/2019\/02\/Coppel-Matamoros-entra-en-paro-laboral-tama-feb.png\" class=\"aligncenter  wp-image-29181\" src=\"http:\/\/www.grieta.org.mx\/wp-content\/uploads\/2019\/02\/Coppel-Matamoros-entra-en-paro-laboral-tama-feb-300x187.png\" alt=\"\" width=\"457\" height=\"285\" srcset=\"http:\/\/www.grieta.org.mx\/wp-content\/uploads\/2019\/02\/Coppel-Matamoros-entra-en-paro-laboral-tama-feb-300x187.png 300w, http:\/\/www.grieta.org.mx\/wp-content\/uploads\/2019\/02\/Coppel-Matamoros-entra-en-paro-laboral-tama-feb.png 768w\" sizes=\"auto, (max-width: 457px) 100vw, 457px\" \/><br \/>\nV\u00edctor Alva \/ El Sol de Tampico<\/p>\n<blockquote><p>Los inconformes que tienen a su cargo diversos departamentos, dieron a conocer que el incremento salarial debi\u00f3 reflejarse el pasado d\u00eda 15 de Febrero, sin embargo esto no ocurri\u00f3<\/p><\/blockquote>\n<p>Matamoros, Tam, (OEM\/Informex).- En demanda de un incremento salarial, trabajadores de la empresa departamental Coppel de esta ciudad paralizaron labores afirmando que esta acci\u00f3n obedece al incumplimiento por parte de la empresa al no otorgar el aumento en percepciones acordado hace semanas.<\/p>\n<p>La suspensi\u00f3n de actividades ocurri\u00f3 en la sucursal ubicada en la avenida Lauro Villar en esta poblaci\u00f3n manifest\u00e1ndose que se est\u00e1 exigiendo el once por ciento de incremento al salario que fue acordado en pl\u00e1ticas con la empresa en el mes de enero.<\/p>\n<p>Los inconformes que tienen a su cargo diversos departamentos, dieron a conocer que el incremento salarial debi\u00f3 reflejarse el pasado d\u00eda 15 de Febrero, sin embargo esto no ocurri\u00f3 por lo que despu\u00e9s de varias consultas se determin\u00f3 paralizar labores como medida de presi\u00f3n.<\/p>\n<p>En esta localidad la tienda Coppel tiene sucursales en las zonas conocidas como Real, Patio, Zona Centro y Avenida del Ni\u00f1o que hasta el momento laboran de manera normal sin embargo se espera que suspendan actividades para exigir el aumento salarial acordado.<\/p>\n<p><a href=\"https:\/\/www.elsoldetampico.com.mx\/local\/regional\/coppel-matamoros-entra-en-paro-laboral-3068758.html\" target=\"_blank\" rel=\"noopener\">https:\/\/www.elsoldetampico.com.mx\/local\/regional\/coppel-matamoros-entra-en-paro-laboral-3068758.html<\/a><\/p>\n","protected":false},"excerpt":{"rendered":"<p>V\u00edctor Alva \/ El Sol de Tampico Los inconformes que tienen a su cargo diversos departamentos, dieron a conocer que el incremento salarial debi\u00f3 reflejarse el pasado d\u00eda 15 de &hellip; <a href=\"http:\/\/www.grieta.org.mx\/index.php\/2019\/02\/18\/coppel-matamoros-entra-en-paro-laboral-tamaulipas\/\" class=\"more-link\">Leer m\u00e1s<\/a><\/p>\n","protected":false},"author":2,"featured_media":29181,"comment_status":"closed","ping_status":"closed","sticky":false,"template":"","format":"standard","meta":{"ngg_post_thumbnail":0,"_jetpack_newsletter_access":"","_jetpack_dont_email_post_to_subs":false,"_jetpack_newsletter_tier_id":0,"_jetpack_memberships_contains_paywalled_content":false,"_jetpack_memberships_contains_paid_content":false,"footnotes":""},"categories":[80,910,1137,2,259,33,83],"tags":[2125,2013,311,858,1290],"class_list":{"0":"post-29180","1":"post","2":"type-post","3":"status-publish","4":"format-standard","5":"has-post-thumbnail","6":"hentry","7":"category-cintillo","8":"category-explotacion-y-precariedad-laboral","9":"category-explotacion-y-precariedad-laboral-en-tamaulipas","10":"category-noticias-nacionales","11":"category-tamaulipas","13":"category-temas-nacionales","14":"tag-coppel","15":"tag-incremento-salarial","16":"tag-matamoros","17":"tag-paro-laboral","18":"tag-precariedad-laboral","19":"entry"},"jetpack_featured_media_url":"http:\/\/www.grieta.org.mx\/wp-content\/uploads\/2019\/02\/Coppel-Matamoros-entra-en-paro-laboral-tama-feb.png","jetpack_sharing_enabled":true,"jetpack_shortlink":"https:\/\/wp.me\/p7ZJR4-7AE","jetpack_likes_enabled":false,"jetpack-related-posts":[{"id":28796,"url":"http:\/\/www.grieta.org.mx\/index.php\/2019\/02\/04\/siguen-en-paro-las-empresas-distribuidoras-de-matamoros-tamaulipas\/","url_meta":{"origin":29180,"position":0},"title":"Siguen en paro las empresas distribuidoras de Matamoros (Tamaulipas)","author":"grieta","date":"4 febrero, 2019","format":false,"excerpt":"\u00c1ngel Arias \/ Hoy Tamaulipas Obreros de las empresas Blanquita y Vakita dedicas a la distribuci\u00f3n de agua y leche respectivamente, contin\u00faan con el paro de labores para exigir mejoras salariales, esto ya ha tra\u00eddo consecuencias en el sector empresarial Matamoros, Tamaulipas. \u2013 Los paros laborales en las empresas distribuidoras\u2026","rel":"","context":"En &quot;CINTILLO&quot;","block_context":{"text":"CINTILLO","link":"http:\/\/www.grieta.org.mx\/index.php\/category\/cintillo\/"},"img":{"alt_text":"","src":"https:\/\/i0.wp.com\/www.grieta.org.mx\/wp-content\/uploads\/2019\/02\/Siguen-en-paro-las-empresas-distribuidoras-de-Matamoros-feb.jpg?resize=350%2C200","width":350,"height":200,"srcset":"https:\/\/i0.wp.com\/www.grieta.org.mx\/wp-content\/uploads\/2019\/02\/Siguen-en-paro-las-empresas-distribuidoras-de-Matamoros-feb.jpg?resize=350%2C200 1x, https:\/\/i0.wp.com\/www.grieta.org.mx\/wp-content\/uploads\/2019\/02\/Siguen-en-paro-las-empresas-distribuidoras-de-Matamoros-feb.jpg?resize=525%2C300 1.5x, https:\/\/i0.wp.com\/www.grieta.org.mx\/wp-content\/uploads\/2019\/02\/Siguen-en-paro-las-empresas-distribuidoras-de-Matamoros-feb.jpg?resize=700%2C400 2x"},"classes":[]},{"id":29212,"url":"http:\/\/www.grieta.org.mx\/index.php\/2019\/02\/18\/desconocen-trabajadores-de-coca-cola-en-matamoros-si-estan-despedidos-o-no-tamaulipas\/","url_meta":{"origin":29180,"position":1},"title":"Desconocen trabajadores de Coca-Cola en Matamoros si est\u00e1n despedidos o no (Tamaulipas)","author":"grieta","date":"18 febrero, 2019","format":false,"excerpt":"\u00c1ngel Arias \/ Hoy Tamaulipas Pues nadie se los ha notificado, por lo que seguir\u00e1n buscando el incremento salarial, pese a que se dio a conocer por parte de los gerentes que hab\u00edan sido despedidos, dijo el l\u00edder del movimiento, Juan Luis Gayt\u00e1n Matamoros, Tamaulipas.- Al cumplirse cuatro d\u00edas de\u2026","rel":"","context":"En &quot;CINTILLO&quot;","block_context":{"text":"CINTILLO","link":"http:\/\/www.grieta.org.mx\/index.php\/category\/cintillo\/"},"img":{"alt_text":"","src":"https:\/\/i0.wp.com\/www.grieta.org.mx\/wp-content\/uploads\/2019\/02\/Desconocen-trabajadores-de-Coca-Cola-en-tama-feb.jpg?resize=350%2C200","width":350,"height":200,"srcset":"https:\/\/i0.wp.com\/www.grieta.org.mx\/wp-content\/uploads\/2019\/02\/Desconocen-trabajadores-de-Coca-Cola-en-tama-feb.jpg?resize=350%2C200 1x, https:\/\/i0.wp.com\/www.grieta.org.mx\/wp-content\/uploads\/2019\/02\/Desconocen-trabajadores-de-Coca-Cola-en-tama-feb.jpg?resize=525%2C300 1.5x, https:\/\/i0.wp.com\/www.grieta.org.mx\/wp-content\/uploads\/2019\/02\/Desconocen-trabajadores-de-Coca-Cola-en-tama-feb.jpg?resize=700%2C400 2x"},"classes":[]},{"id":29812,"url":"http:\/\/www.grieta.org.mx\/index.php\/2019\/03\/01\/obreros-de-matamoros-en-paro-lavan-carros-para-sobrevivir-tamaulipas\/","url_meta":{"origin":29180,"position":2},"title":"Obreros de Matamoros en paro lavan carros para sobrevivir (Tamaulipas)","author":"grieta","date":"1 marzo, 2019","format":false,"excerpt":"\u00c1ngel Arias \/ Hoy Tamaulipas En la empresa Castlight que se ubica en ciudad Industrial, los empleados de la misma decidieron ofrecer este servicio a cambio de 30 pesos por cada unidad Matamoros, Tamaulipas. - Los trabajadores de las empresas que se mantienen en paro en Matamoros, han tomado la\u2026","rel":"","context":"En &quot;CINTILLO&quot;","block_context":{"text":"CINTILLO","link":"http:\/\/www.grieta.org.mx\/index.php\/category\/cintillo\/"},"img":{"alt_text":"","src":"https:\/\/i0.wp.com\/www.grieta.org.mx\/wp-content\/uploads\/2019\/03\/Obreros-de-Matamoros-en-paro-lavan-carros-para-tama-mzo.jpg?resize=350%2C200","width":350,"height":200,"srcset":"https:\/\/i0.wp.com\/www.grieta.org.mx\/wp-content\/uploads\/2019\/03\/Obreros-de-Matamoros-en-paro-lavan-carros-para-tama-mzo.jpg?resize=350%2C200 1x, https:\/\/i0.wp.com\/www.grieta.org.mx\/wp-content\/uploads\/2019\/03\/Obreros-de-Matamoros-en-paro-lavan-carros-para-tama-mzo.jpg?resize=525%2C300 1.5x, https:\/\/i0.wp.com\/www.grieta.org.mx\/wp-content\/uploads\/2019\/03\/Obreros-de-Matamoros-en-paro-lavan-carros-para-tama-mzo.jpg?resize=700%2C400 2x"},"classes":[]},{"id":29804,"url":"http:\/\/www.grieta.org.mx\/index.php\/2019\/03\/01\/mineras-en-matamoros-se-van-a-huelga-piden-incremento-salarial-tamaulipas\/","url_meta":{"origin":29180,"position":3},"title":"Mineras en Matamoros se van a huelga; piden incremento salarial (Tamaulipas)","author":"grieta","date":"1 marzo, 2019","format":false,"excerpt":"Perla Res\u00e9ndez \/ El Financiero El sueldo que reciben los empleados del sector es mayor que el de otras empresas; sin embargo, dicen que por las huelgas en maquiladoras los sueldos est\u00e1n casi en los mismos niveles. MATAMOROS, Tam.-Alrededor de 400 trabajadores de Sider\u00fargica del Golfo (Sigosa) y Sistemas Estructurales\u2026","rel":"","context":"En &quot;CINTILLO&quot;","block_context":{"text":"CINTILLO","link":"http:\/\/www.grieta.org.mx\/index.php\/category\/cintillo\/"},"img":{"alt_text":"","src":"https:\/\/i0.wp.com\/www.grieta.org.mx\/wp-content\/uploads\/2019\/03\/Mineras-en-Matamoros-se-van-a-huelga-piden-incremento-salarial-tama-mzo.png?resize=350%2C200","width":350,"height":200,"srcset":"https:\/\/i0.wp.com\/www.grieta.org.mx\/wp-content\/uploads\/2019\/03\/Mineras-en-Matamoros-se-van-a-huelga-piden-incremento-salarial-tama-mzo.png?resize=350%2C200 1x, https:\/\/i0.wp.com\/www.grieta.org.mx\/wp-content\/uploads\/2019\/03\/Mineras-en-Matamoros-se-van-a-huelga-piden-incremento-salarial-tama-mzo.png?resize=525%2C300 1.5x, https:\/\/i0.wp.com\/www.grieta.org.mx\/wp-content\/uploads\/2019\/03\/Mineras-en-Matamoros-se-van-a-huelga-piden-incremento-salarial-tama-mzo.png?resize=700%2C400 2x, https:\/\/i0.wp.com\/www.grieta.org.mx\/wp-content\/uploads\/2019\/03\/Mineras-en-Matamoros-se-van-a-huelga-piden-incremento-salarial-tama-mzo.png?resize=1050%2C600 3x"},"classes":[]},{"id":29801,"url":"http:\/\/www.grieta.org.mx\/index.php\/2019\/03\/01\/operaciones-de-arca-continental-siguen-suspendidas-en-matamoros-por-huelga-tamaulipas\/","url_meta":{"origin":29180,"position":4},"title":"Operaciones de Arca Continental siguen suspendidas en Matamoros por huelga (Tamaulipas)","author":"grieta","date":"1 marzo, 2019","format":false,"excerpt":"Fernanda Celis \/ Forbes Desde el pasado 31 de enero, alrededor de 100 trabajadores de Bebidas Mundiales Planta Matamoros, filial de Arca Continental, realizaron un paro laboral para exigir un aumento de salario y un bono \u00fanico Las operaciones de Arca Continental, segunda embotelladora m\u00e1s importante de Coca- Cola en\u2026","rel":"","context":"En &quot;CINTILLO&quot;","block_context":{"text":"CINTILLO","link":"http:\/\/www.grieta.org.mx\/index.php\/category\/cintillo\/"},"img":{"alt_text":"","src":"https:\/\/i0.wp.com\/www.grieta.org.mx\/wp-content\/uploads\/2019\/03\/Operaciones-de-Arca-Continental-siguen-suspendidas-en-Matamoros-por-huelga-tama-mzo.jpg?resize=350%2C200","width":350,"height":200,"srcset":"https:\/\/i0.wp.com\/www.grieta.org.mx\/wp-content\/uploads\/2019\/03\/Operaciones-de-Arca-Continental-siguen-suspendidas-en-Matamoros-por-huelga-tama-mzo.jpg?resize=350%2C200 1x, https:\/\/i0.wp.com\/www.grieta.org.mx\/wp-content\/uploads\/2019\/03\/Operaciones-de-Arca-Continental-siguen-suspendidas-en-Matamoros-por-huelga-tama-mzo.jpg?resize=525%2C300 1.5x"},"classes":[]},{"id":28793,"url":"http:\/\/www.grieta.org.mx\/index.php\/2019\/02\/04\/siguen-afuera-de-empresas-obreros-de-matamoros-que-aun-no-firman-contrato-tamaulipas\/","url_meta":{"origin":29180,"position":5},"title":"Siguen afuera de empresas obreros de Matamoros que a\u00fan no firman contrato (Tamaulipas)","author":"grieta","date":"4 febrero, 2019","format":false,"excerpt":"\u00c1ngel Arias \/ Hoy Tamaulipas Se tratan de las compa\u00f1\u00edas Varel de M\u00e9xico, Victoreen de M\u00e9xico, Kearfott Precisiones, Glasmex y Candados Universales, las que hasta el momento no han llegado a un acuerdo con el sindicato Matamoros, Tamaulipas.- En algunas empresas de Matamoros a\u00fan se puede observar a algunos obreros\u2026","rel":"","context":"En &quot;CINTILLO&quot;","block_context":{"text":"CINTILLO","link":"http:\/\/www.grieta.org.mx\/index.php\/category\/cintillo\/"},"img":{"alt_text":"","src":"https:\/\/i0.wp.com\/www.grieta.org.mx\/wp-content\/uploads\/2019\/02\/Siguen-afuera-de-empresas-obreros-de-Matamoros-que-aun-no-firman-contrato-feb.jpg?resize=350%2C200","width":350,"height":200,"srcset":"https:\/\/i0.wp.com\/www.grieta.org.mx\/wp-content\/uploads\/2019\/02\/Siguen-afuera-de-empresas-obreros-de-Matamoros-que-aun-no-firman-contrato-feb.jpg?resize=350%2C200 1x, https:\/\/i0.wp.com\/www.grieta.org.mx\/wp-content\/uploads\/2019\/02\/Siguen-afuera-de-empresas-obreros-de-Matamoros-que-aun-no-firman-contrato-feb.jpg?resize=525%2C300 1.5x, https:\/\/i0.wp.com\/www.grieta.org.mx\/wp-content\/uploads\/2019\/02\/Siguen-afuera-de-empresas-obreros-de-Matamoros-que-aun-no-firman-contrato-feb.jpg?resize=700%2C400 2x"},"classes":[]}],"_links":{"self":[{"href":"http:\/\/www.grieta.org.mx\/index.php\/wp-json\/wp\/v2\/posts\/29180","targetHints":{"allow":["GET"]}}],"collection":[{"href":"http:\/\/www.grieta.org.mx\/index.php\/wp-json\/wp\/v2\/posts"}],"about":[{"href":"http:\/\/www.grieta.org.mx\/index.php\/wp-json\/wp\/v2\/types\/post"}],"author":[{"embeddable":true,"href":"http:\/\/www.grieta.org.mx\/index.php\/wp-json\/wp\/v2\/users\/2"}],"replies":[{"embeddable":true,"href":"http:\/\/www.grieta.org.mx\/index.php\/wp-json\/wp\/v2\/comments?post=29180"}],"version-history":[{"count":1,"href":"http:\/\/www.grieta.org.mx\/index.php\/wp-json\/wp\/v2\/posts\/29180\/revisions"}],"predecessor-version":[{"id":29182,"href":"http:\/\/www.grieta.org.mx\/index.php\/wp-json\/wp\/v2\/posts\/29180\/revisions\/29182"}],"wp:featuredmedia":[{"embeddable":true,"href":"http:\/\/www.grieta.org.mx\/index.php\/wp-json\/wp\/v2\/media\/29181"}],"wp:attachment":[{"href":"http:\/\/www.grieta.org.mx\/index.php\/wp-json\/wp\/v2\/media?parent=29180"}],"wp:term":[{"taxonomy":"category","embeddable":true,"href":"http:\/\/www.grieta.org.mx\/index.php\/wp-json\/wp\/v2\/categories?post=29180"},{"taxonomy":"post_tag","embeddable":true,"href":"http:\/\/www.grieta.org.mx\/index.php\/wp-json\/wp\/v2\/tags?post=29180"}],"curies":[{"name":"wp","href":"https:\/\/api.w.org\/{rel}","templated":true}]}}