{"id":2917,"date":"2015-03-21T20:24:30","date_gmt":"2015-03-21T20:24:30","guid":{"rendered":"http:\/\/50.22.11.12\/~grietaor\/?p=2917"},"modified":"2016-03-13T20:30:55","modified_gmt":"2016-03-13T20:30:55","slug":"se-manifiestan-contra-la-marina-en-nuevo-laredo","status":"publish","type":"post","link":"http:\/\/www.grieta.org.mx\/index.php\/2015\/03\/21\/se-manifiestan-contra-la-marina-en-nuevo-laredo\/","title":{"rendered":"Se manifiestan contra la Marina en Nuevo Laredo"},"content":{"rendered":"<p>Milenio<\/p>\n<p>Ricardo Hern\u00e1ndez<\/p>\n<p>Familiares de un menor y tres personas, que presuntamente fueron v\u00edctimas y perdieron la vida a manos de elementos de la Secretaria de Marina, realizaron ayer una manifestaci\u00f3n pac\u00edfica fuera de la Ciudad Deportiva, que es usada como campamento de la Armada de M\u00e9xico.<\/p>\n<p>En los cuatro casos, las v\u00edctimas fueron detenidas por el personal de Semar, y d\u00edas despu\u00e9s aparecieron sin vida, dos de ellos calcinados.<\/p>\n<p>Se trata de los j\u00f3venes Neiser C\u00e1mara Lindo, Adolfo Humberto Fierro Olivas, Oscar Ch\u00e1vez Arriaga y del menor Cristian Alejandro Monroy Herrera, de 15 a\u00f1os de edad, as\u00ed lo dio a conocer Raymundo Ramos V\u00e1zquez, presidente del Comit\u00e9 de Derechos Humanos de Nuevo Laredo.<\/p>\n<p>\u201cEstamos realizando una manifestaci\u00f3n pac\u00edfica en las instalaciones de la Ciudad Deportiva, acompa\u00f1ando a familiares de cuatro personas que en los \u00faltimos d\u00edas han aparecido (ejecutados) extrajudicialmente, y que de acuerdo a testigos y a los propios familiares se atribuye a elementos de la Secretaria de Marina\u201d.<\/p>\n<p>El presidente del Comit\u00e9 de DDHH en la ciudad fronteriza, dijo que el caso m\u00e1s reciente fue el de Cristian Alejandro Monroy Herrera, de 15 a\u00f1os, cuyo cuerpo calcinado fue encontrado en una brecha a la altura del kilometro 22 de la carretera a Piedras Negras, el pasado mi\u00e9rcoles por la tarde, dos d\u00edas despu\u00e9s de haber sido detenido por los elementos de la Marina.<\/p>\n<p>Ramos V\u00e1zquez, dijo que se tienen que realizar pruebas de ADN en los restos del menor, pero como est\u00e1n calcinados, no se aprecian las lesiones, presumi\u00f3 que pudieran haber sido herido de bala o incinerado estando vivo.<\/p>\n<p>\u201cPor la forma en que fue encontrado el cuerpo del menor, s\u00ed, y eso ser\u00eda un acto de brutalidad de nuestras fuerzas armadas, particularmente de la Marina\u201d.<\/p>\n<p>Casos del conocimiento de la ONU<br \/>\nDestac\u00f3 que los cuatro casos ya son conocidos por la Oficina del Alto Comisionado para los Derechos Humanos de la ONU, as\u00ed como la Comisi\u00f3n Nacional de Derechos Humanos quienes ya investigan los hechos en la ciudad fronteriza.<\/p>\n<p>\u201cEn estos momentos la CNDH tiene desplegado un equipo de investigadores en Nuevo Laredo para atender estos cuatro casos de ejecuci\u00f3n extrajudicial, se ha hablado con testigos, podemos informar que de acuerdo a las primeras investigaciones tanto Neiser y Adolfo presentan disparos en la sien derecha, este comportamiento violento de la Marina nos preocupa\u201d, mencion\u00f3 Raymundo Ramos V\u00e1zquez, presidente de laCDHNL.<\/p>\n<p>El grupo de manifestantes permaneci\u00f3 en el lugar por m\u00e1s de cuatro horas y media, portaban mensajes hacia el presidente de M\u00e9xico, Enrique Pe\u00f1a Nieto, donde le exig\u00edan atenci\u00f3n y castigo a los elementos de seguridad nacional.<\/p>\n<p><a href=\"http:\/\/www.milenio.com\/region\/nuevo_laredo_semar_calcinados_0_484751772.html\" target=\"_blank\">www.milenio.com\/region\/nuevo_laredo_semar_calcinados_0_484751772.html<\/a><\/p>\n","protected":false},"excerpt":{"rendered":"<p>Milenio Ricardo Hern\u00e1ndez Familiares de un menor y tres personas, que presuntamente fueron v\u00edctimas y perdieron la vida a manos de elementos de la Secretaria de Marina, realizaron ayer una &hellip; <a href=\"http:\/\/www.grieta.org.mx\/index.php\/2015\/03\/21\/se-manifiestan-contra-la-marina-en-nuevo-laredo\/\" class=\"more-link\">Leer m\u00e1s<\/a><\/p>\n","protected":false},"author":2,"featured_media":21928,"comment_status":"closed","ping_status":"open","sticky":false,"template":"","format":"standard","meta":{"ngg_post_thumbnail":0,"_jetpack_newsletter_access":"","_jetpack_dont_email_post_to_subs":false,"_jetpack_newsletter_tier_id":0,"_jetpack_memberships_contains_paywalled_content":false,"_jetpack_memberships_contains_paid_content":false,"footnotes":""},"categories":[80,259],"tags":[],"class_list":["post-2917","post","type-post","status-publish","format-standard","has-post-thumbnail","hentry","category-cintillo","category-tamaulipas","entry"],"jetpack_featured_media_url":"http:\/\/www.grieta.org.mx\/wp-content\/uploads\/2018\/03\/14524434_1106112876131411_958039263622046936_o.jpg","jetpack_sharing_enabled":true,"jetpack_shortlink":"https:\/\/wp.me\/p7ZJR4-L3","jetpack_likes_enabled":false,"jetpack-related-posts":[{"id":2923,"url":"http:\/\/www.grieta.org.mx\/index.php\/2015\/03\/20\/denuncian-ante-cdh-de-nuevo-laredo-cuarta-ejecucion-extrajudicial-en-5-dias\/","url_meta":{"origin":2917,"position":0},"title":"Denuncian ante CDH de Nuevo Laredo cuarta ejecuci\u00f3n extrajudicial en 5 d\u00edas","author":"grieta","date":"20 marzo, 2015","format":false,"excerpt":"La Jornada Familiares de un adolescente de 15 a\u00f1os denunciaron ante el Comit\u00e9 de Derechos Humanos de Nuevo Laredo, la ejecuci\u00f3n extrajudicial del menor, a manos de personal de la Secretaria de Marina-Armada de M\u00e9xico; con este suman cuatro casos en cinco d\u00edas en esta frontera. Familiares del menor y\u2026","rel":"","context":"En &quot;CINTILLO&quot;","block_context":{"text":"CINTILLO","link":"http:\/\/www.grieta.org.mx\/index.php\/category\/cintillo\/"},"img":{"alt_text":"","src":"https:\/\/i0.wp.com\/www.grieta.org.mx\/wp-content\/uploads\/2018\/03\/14524434_1106112876131411_958039263622046936_o.jpg?resize=350%2C200","width":350,"height":200,"srcset":"https:\/\/i0.wp.com\/www.grieta.org.mx\/wp-content\/uploads\/2018\/03\/14524434_1106112876131411_958039263622046936_o.jpg?resize=350%2C200 1x, https:\/\/i0.wp.com\/www.grieta.org.mx\/wp-content\/uploads\/2018\/03\/14524434_1106112876131411_958039263622046936_o.jpg?resize=525%2C300 1.5x, https:\/\/i0.wp.com\/www.grieta.org.mx\/wp-content\/uploads\/2018\/03\/14524434_1106112876131411_958039263622046936_o.jpg?resize=700%2C400 2x"},"classes":[]},{"id":52260,"url":"http:\/\/www.grieta.org.mx\/index.php\/2020\/07\/22\/cndh-acredita-responsabilidad-de-la-marina-en-la-desaparicion-de-27-personas-en-tamaulipas\/","url_meta":{"origin":2917,"position":1},"title":"CNDH acredita responsabilidad de la Marina en la desaparici\u00f3n de 27 personas en Tamaulipas","author":"grieta","date":"22 julio, 2020","format":false,"excerpt":"AFP\/Animal Pol\u00edtico 22 julio 2020 En 2018, elementos de la Marina detuvieron a 27 personas de forma arbitraria, 12 de ellas fueron encontradas muertas. Foto: Cuartoscuro La Secretar\u00eda de Marina Armada de M\u00e9xico (SEMAR) fue implicada en la desaparici\u00f3n de 27 personas en 2018 y se le pidi\u00f3 indemnizar a\u2026","rel":"","context":"En &quot;CINTILLO&quot;","block_context":{"text":"CINTILLO","link":"http:\/\/www.grieta.org.mx\/index.php\/category\/cintillo\/"},"img":{"alt_text":"","src":"https:\/\/i0.wp.com\/www.grieta.org.mx\/wp-content\/uploads\/2020\/08\/cuartoscuro_755037_digital-e1595420896238.jpeg?resize=350%2C200","width":350,"height":200,"srcset":"https:\/\/i0.wp.com\/www.grieta.org.mx\/wp-content\/uploads\/2020\/08\/cuartoscuro_755037_digital-e1595420896238.jpeg?resize=350%2C200 1x, https:\/\/i0.wp.com\/www.grieta.org.mx\/wp-content\/uploads\/2020\/08\/cuartoscuro_755037_digital-e1595420896238.jpeg?resize=525%2C300 1.5x, https:\/\/i0.wp.com\/www.grieta.org.mx\/wp-content\/uploads\/2020\/08\/cuartoscuro_755037_digital-e1595420896238.jpeg?resize=700%2C400 2x, https:\/\/i0.wp.com\/www.grieta.org.mx\/wp-content\/uploads\/2020\/08\/cuartoscuro_755037_digital-e1595420896238.jpeg?resize=1050%2C600 3x"},"classes":[]},{"id":27499,"url":"http:\/\/www.grieta.org.mx\/index.php\/2018\/08\/04\/desaparecen-a-10-marinos-en-tamaulipas-y-nuevo-leon\/","url_meta":{"origin":2917,"position":2},"title":"Desaparecen a 10 marinos en Tamaulipas y Nuevo Le\u00f3n","author":"grieta","date":"4 agosto, 2018","format":false,"excerpt":"Agencia Reforma Agencia Reforma. CIUDAD DE M\u00c9XICO .-Elementos de la Armada son responsables de la desaparici\u00f3n forzada de 10 personas, entre ellos dos menores de edad, en hechos registrados en Nuevo Le\u00f3n y Tamaulipas entre 2011 y 2014, concluy\u00f3 la Comisi\u00f3n Nacional de los Derechos Humanos. En la Recomendaci\u00f3n 11\/VG\/2018\u2026","rel":"","context":"En &quot;Abuso policiaco y tortura en Tamaulipas&quot;","block_context":{"text":"Abuso policiaco y tortura en Tamaulipas","link":"http:\/\/www.grieta.org.mx\/index.php\/category\/noticias-nacionales\/tamaulipas\/abuso-policiaco-y-tortura-en-tamaulipas\/"},"img":{"alt_text":"","src":"https:\/\/i0.wp.com\/www.grieta.org.mx\/wp-content\/uploads\/2018\/11\/direct.jpg?resize=350%2C200","width":350,"height":200,"srcset":"https:\/\/i0.wp.com\/www.grieta.org.mx\/wp-content\/uploads\/2018\/11\/direct.jpg?resize=350%2C200 1x, https:\/\/i0.wp.com\/www.grieta.org.mx\/wp-content\/uploads\/2018\/11\/direct.jpg?resize=525%2C300 1.5x"},"classes":[]},{"id":58787,"url":"http:\/\/www.grieta.org.mx\/index.php\/2021\/04\/14\/en-nuevo-laredo-tamaulipas-cada-semana-desaparecian-personas\/","url_meta":{"origin":2917,"position":3},"title":"En Nuevo Laredo, Tamaulipas, &#8216;cada semana desaparec\u00edan personas&#8217;","author":"grieta","date":"14 abril, 2021","format":false,"excerpt":"Redacci\u00f3n\/Aristegui Noticias 14 abril 2021 Cuestionan error de la Marina en comunicado sobre sus 30 elementos detenidos por desapariciones en Nuevo Laredo. La Fiscal\u00eda General de la Rep\u00fablica ejecut\u00f3 las \u00f3rdenes de aprehensi\u00f3n contra los marinos, lo que est\u00e1 relacionado con los hechos ocurridos en 2018 en Nuevo Laredo, Tamaulipas.\u2026","rel":"","context":"En &quot;CINTILLO&quot;","block_context":{"text":"CINTILLO","link":"http:\/\/www.grieta.org.mx\/index.php\/category\/cintillo\/"},"img":{"alt_text":"","src":"https:\/\/i0.wp.com\/www.grieta.org.mx\/wp-content\/uploads\/2021\/04\/marina.jpg?resize=350%2C200","width":350,"height":200,"srcset":"https:\/\/i0.wp.com\/www.grieta.org.mx\/wp-content\/uploads\/2021\/04\/marina.jpg?resize=350%2C200 1x, https:\/\/i0.wp.com\/www.grieta.org.mx\/wp-content\/uploads\/2021\/04\/marina.jpg?resize=525%2C300 1.5x, https:\/\/i0.wp.com\/www.grieta.org.mx\/wp-content\/uploads\/2021\/04\/marina.jpg?resize=700%2C400 2x, https:\/\/i0.wp.com\/www.grieta.org.mx\/wp-content\/uploads\/2021\/04\/marina.jpg?resize=1050%2C600 3x"},"classes":[]},{"id":61763,"url":"http:\/\/www.grieta.org.mx\/index.php\/2021\/09\/16\/fgr-investiga-cinco-ejecuciones-extrajudiciales-ocurridas-en-agosto-en-nuevo-laredo-tamaulipas\/","url_meta":{"origin":2917,"position":4},"title":"FGR investiga cinco ejecuciones extrajudiciales ocurridas en agosto en Nuevo Laredo (Tamaulipas)","author":"grieta","date":"16 septiembre, 2021","format":false,"excerpt":"Alberto Pradilla\/Animal Pol\u00edtico 16 septiembre 2021 La Fiscal\u00eda General de la Rep\u00fablica (FGR) tiene abierta una carpeta de investigaci\u00f3n por la presunta ejecuci\u00f3n extrajudicial de cinco personas el pasado 14 de agosto en la colonia Nueva Era de Nuevo Laredo, Tamaulipas. Familiares de las v\u00edctimas interpusieron denuncias tras ser informados\u2026","rel":"","context":"En &quot;CINTILLO&quot;","block_context":{"text":"CINTILLO","link":"http:\/\/www.grieta.org.mx\/index.php\/category\/cintillo\/"},"img":{"alt_text":"","src":"https:\/\/i0.wp.com\/www.grieta.org.mx\/wp-content\/uploads\/2021\/09\/ejercito.png?resize=350%2C200","width":350,"height":200,"srcset":"https:\/\/i0.wp.com\/www.grieta.org.mx\/wp-content\/uploads\/2021\/09\/ejercito.png?resize=350%2C200 1x, https:\/\/i0.wp.com\/www.grieta.org.mx\/wp-content\/uploads\/2021\/09\/ejercito.png?resize=525%2C300 1.5x, https:\/\/i0.wp.com\/www.grieta.org.mx\/wp-content\/uploads\/2021\/09\/ejercito.png?resize=700%2C400 2x"},"classes":[]},{"id":57922,"url":"http:\/\/www.grieta.org.mx\/index.php\/2021\/03\/24\/cdhnl-denuncia-nueva-ejecucion-arbitraria-a-manos-de-militares-en-nuevo-laredo-tamaulipas\/","url_meta":{"origin":2917,"position":5},"title":"CDHNL denuncia nueva ejecuci\u00f3n arbitraria a manos de militares en Nuevo Laredo (Tamaulipas)","author":"grieta","date":"24 marzo, 2021","format":false,"excerpt":"El Comit\u00e9 de Derechos Humanos de Nuevo Laredo (CDHNL) denunci\u00f3 una nueva ejecuci\u00f3n arbitraria atribuible a miembros de la Sedena, con lo que suman ocho v\u00edctimas de militares en la ciudad fronteriza en este sexenio. Gloria Leticia D\u00edaz\/ PROCESO CIUDAD DE M\u00c9XICO (apro).- El Comit\u00e9 de Derechos Humanos de Nuevo\u2026","rel":"","context":"En &quot;CINTILLO&quot;","block_context":{"text":"CINTILLO","link":"http:\/\/www.grieta.org.mx\/index.php\/category\/cintillo\/"},"img":{"alt_text":"","src":"https:\/\/i0.wp.com\/www.grieta.org.mx\/wp-content\/uploads\/2021\/03\/131103.jpg?resize=350%2C200","width":350,"height":200,"srcset":"https:\/\/i0.wp.com\/www.grieta.org.mx\/wp-content\/uploads\/2021\/03\/131103.jpg?resize=350%2C200 1x, https:\/\/i0.wp.com\/www.grieta.org.mx\/wp-content\/uploads\/2021\/03\/131103.jpg?resize=525%2C300 1.5x, https:\/\/i0.wp.com\/www.grieta.org.mx\/wp-content\/uploads\/2021\/03\/131103.jpg?resize=700%2C400 2x, https:\/\/i0.wp.com\/www.grieta.org.mx\/wp-content\/uploads\/2021\/03\/131103.jpg?resize=1050%2C600 3x"},"classes":[]}],"_links":{"self":[{"href":"http:\/\/www.grieta.org.mx\/index.php\/wp-json\/wp\/v2\/posts\/2917","targetHints":{"allow":["GET"]}}],"collection":[{"href":"http:\/\/www.grieta.org.mx\/index.php\/wp-json\/wp\/v2\/posts"}],"about":[{"href":"http:\/\/www.grieta.org.mx\/index.php\/wp-json\/wp\/v2\/types\/post"}],"author":[{"embeddable":true,"href":"http:\/\/www.grieta.org.mx\/index.php\/wp-json\/wp\/v2\/users\/2"}],"replies":[{"embeddable":true,"href":"http:\/\/www.grieta.org.mx\/index.php\/wp-json\/wp\/v2\/comments?post=2917"}],"version-history":[{"count":1,"href":"http:\/\/www.grieta.org.mx\/index.php\/wp-json\/wp\/v2\/posts\/2917\/revisions"}],"predecessor-version":[{"id":2920,"href":"http:\/\/www.grieta.org.mx\/index.php\/wp-json\/wp\/v2\/posts\/2917\/revisions\/2920"}],"wp:featuredmedia":[{"embeddable":true,"href":"http:\/\/www.grieta.org.mx\/index.php\/wp-json\/wp\/v2\/media\/21928"}],"wp:attachment":[{"href":"http:\/\/www.grieta.org.mx\/index.php\/wp-json\/wp\/v2\/media?parent=2917"}],"wp:term":[{"taxonomy":"category","embeddable":true,"href":"http:\/\/www.grieta.org.mx\/index.php\/wp-json\/wp\/v2\/categories?post=2917"},{"taxonomy":"post_tag","embeddable":true,"href":"http:\/\/www.grieta.org.mx\/index.php\/wp-json\/wp\/v2\/tags?post=2917"}],"curies":[{"name":"wp","href":"https:\/\/api.w.org\/{rel}","templated":true}]}}