{"id":29119,"date":"2019-02-11T12:42:22","date_gmt":"2019-02-11T18:42:22","guid":{"rendered":"http:\/\/www.grieta.org.mx\/?p=29119"},"modified":"2019-02-18T12:47:35","modified_gmt":"2019-02-18T18:47:35","slug":"eran-jefes-de-carrera-en-la-enah-y-ahora-capitulo-3000","status":"publish","type":"post","link":"http:\/\/www.grieta.org.mx\/index.php\/2019\/02\/11\/eran-jefes-de-carrera-en-la-enah-y-ahora-capitulo-3000\/","title":{"rendered":"Eran jefes de carrera en la ENAH y ahora, cap\u00edtulo 3000"},"content":{"rendered":"<p>Antonio D\u00edaz\/El Universal<\/p>\n<blockquote><p>El Instituto Nacional de Antropolog\u00eda e Historia inform\u00f3 a los titulares de varias licenciaturas y postgrados que ser\u00e1n contratados como servicios externos y por honorarios.<\/p><\/blockquote>\n<p>El Instituto Nacional de Antropolog\u00eda e Historia (INAH) podr\u00eda aumentar la precarizaci\u00f3n laboral de los siete jefes de carrera y seis jefes de posgrado de la Escuela Nacional de Antropolog\u00eda e Historia (ENAH), a quienes se les notific\u00f3 que ya no tendr\u00edan contrato de \u201chora, semana, mes\u201d, sino que pasar\u00edan a Cap\u00edtulo 3000.<\/p>\n<p>En la ENAH, el semestre pasado hubo un paro del cual derivaron varias mesas de trabajo, y una de ellas se llev\u00f3 a cabo el pasado cinco de febrero; \u00e9sta tuvo como tema central la forma de contrataci\u00f3n y el aumento que se les prometi\u00f3 a los profesores de asignatura. En esa reuni\u00f3n, autoridades del INAH informaron las medidas que hab\u00edan tomado para aumentar el sueldo.<\/p>\n<p>\u201cAutoridades del INAH dijeron que hab\u00edan prometido un aumento de 30% a los profesores de asignatura pero no ten\u00edan de d\u00f3nde sacarlo, por lo que los jefes de carrera y de posgrado ser\u00edamos contratados por Cap\u00edtulo 3000, es decir, servicios externos, por honorarios que implica darnos de alta en Hacienda de otra manera y sin prestaciones\u201d, explica en entrevista el jefe de la licenciatura en Arqueolog\u00eda, Luis Fernando Padilla.<\/p>\n<p>De acuerdo con lo relatado por Padilla, el secretario acad\u00e9mico de la ENAH, Alejandro Gonz\u00e1lez Villarruel, convoc\u00f3 a los 13 involucrados para comentarles que ya no continuar\u00edan con su forma de contrataci\u00f3n actual, algo que considera como ilegal, pues en diciembre firmaron un contrato que comprende el periodo enero-julio de 2019.<\/p>\n<p>\u201cNo pueden decidir as\u00ed, de forma arbitraria, porque el reglamento que rige a la ENAH estipula que los jefes de carrera y jefes de posgrado (\u00f3rganos de autoridad que laboran de manera subordinada), que realizamos actividades acad\u00e9mico-administrativas, tenemos obligaciones y derechos, es decir, actividades que no corresponden a las de trabajadores de servicios externos\u201d, explica Padilla.<\/p>\n<p>Cambios en el anuncio. Alejandro Gonz\u00e1lez Villarruel convoc\u00f3 de nueva cuenta a los jefes de carrera y jefes de posgrado para decirles que el INAH hab\u00eda decidido continuar con su contrato; sin embargo, tres jefes de carrera: Marcela Palma, de la licenciatura en Antropolog\u00eda F\u00edsica; Bismark Alfredo Hern\u00e1ndez, de Antropolog\u00eda Social, y Luis Fernando Padilla, de Arqueolog\u00eda, tendr\u00edan contratos eventuales. Los involucrados solicitaron informaci\u00f3n de por qu\u00e9 hab\u00eda un cambio en su forma de contrataci\u00f3n, y como respuesta, autoridades de la ENAH les dijeron que era por no contar con el grado de doctor, pese a que el reglamento no lo estipula.<\/p>\n<p>\u201cEl puesto que ejercemos es por elecci\u00f3n y la convocatoria no dice en ning\u00fan punto que debas tener el grado de doctor, s\u00f3lo t\u00edtulo de licenciatura. Tapar\u00e1n un hoyo y destapar\u00e1n otro, porque sigue en pie el aumento a profesores de asignatura, pero a los compactados nos dieron contrato por dos meses, cuando termine febrero no sabemos qu\u00e9 proceder\u00e1. Adem\u00e1s a algunos trabajadores de la ENAH les han pagado su sueldo de enero, dicen que probablemente paguen el 15, pero todo ha sido verbal, nada oficial ni por escrito\u201d, denuncia Padilla.<\/p>\n<p>Entre los afectados por falta de pago se encuentran algunos jefes de carrera y laboratoristas de licenciaturas, a pesar de ello, han decidido no cerrar las instalaciones de la ENAH, pero de llegar el 15 sin soluciones, emprender\u00e1n las acciones que consideren necesarias.<\/p>\n<p><a href=\"https:\/\/www.eluniversal.com.mx\/cultura\/eran-jefes-de-carrera-en-la-enah-y-ahora-capitulo-3000?fbclid=IwAR1B_0e6qBo0RC308aa6vzHwJaUZfs7-LXpqTThEkPPw64Jp2jcx3Yh6Wvk\">https:\/\/www.eluniversal.com.mx\/cultura\/eran-jefes-de-carrera-en-la-enah-y-ahora-capitulo-3000?fbclid=IwAR1B_0e6qBo0RC308aa6vzHwJaUZfs7-LXpqTThEkPPw64Jp2jcx3Yh6Wvk<\/a><\/p>\n","protected":false},"excerpt":{"rendered":"<p>Antonio D\u00edaz\/El Universal El Instituto Nacional de Antropolog\u00eda e Historia inform\u00f3 a los titulares de varias licenciaturas y postgrados que ser\u00e1n contratados como servicios externos y por honorarios. El Instituto &hellip; <a href=\"http:\/\/www.grieta.org.mx\/index.php\/2019\/02\/11\/eran-jefes-de-carrera-en-la-enah-y-ahora-capitulo-3000\/\" class=\"more-link\">Leer m\u00e1s<\/a><\/p>\n","protected":false},"author":2,"featured_media":21928,"comment_status":"closed","ping_status":"closed","sticky":false,"template":"","format":"standard","meta":{"ngg_post_thumbnail":0,"_jetpack_newsletter_access":"","_jetpack_dont_email_post_to_subs":false,"_jetpack_newsletter_tier_id":0,"_jetpack_memberships_contains_paywalled_content":false,"_jetpack_memberships_contains_paid_content":false,"footnotes":""},"categories":[80,14,910,2,2119],"tags":[2120,757,208],"class_list":["post-29119","post","type-post","status-publish","format-standard","has-post-thumbnail","hentry","category-cintillo","category-ciudad-de-mexico","category-explotacion-y-precariedad-laboral","category-noticias-nacionales","category-precarizacion-de-las-condiciones-laborales-en-la-ciudad-de-mexico","tag-capitulo-3000","tag-enah","tag-inah","entry"],"jetpack_featured_media_url":"http:\/\/www.grieta.org.mx\/wp-content\/uploads\/2018\/03\/14524434_1106112876131411_958039263622046936_o.jpg","jetpack_sharing_enabled":true,"jetpack_shortlink":"https:\/\/wp.me\/p7ZJR4-7zF","jetpack_likes_enabled":false,"jetpack-related-posts":[{"id":40133,"url":"http:\/\/www.grieta.org.mx\/index.php\/2019\/10\/10\/estudiantes-exigen-a-la-secretaria-de-cultura-mas-presupuesto-para-la-enah-ciudad-de-mexico\/","url_meta":{"origin":29119,"position":0},"title":"Estudiantes exigen a la Secretar\u00eda de Cultura m\u00e1s presupuesto para la ENAH (Ciudad de M\u00e9xico)","author":"grieta","date":"10 octubre, 2019","format":false,"excerpt":"Jordana Gonz\u00e1lez \/ Contral\u00ednea Estudiantes de la Escuela Nacional de Antropolog\u00eda e Historia (ENAH) realizaron una \u201ctoma\u201d simb\u00f3lica de la Secretar\u00eda de Cultura la tarde de este jueves, en exigencia de mejores condiciones laborales y estudiantiles, as\u00ed como la asignaci\u00f3n de mayor presupuesto para la instituci\u00f3n educativa. Asimismo, acusaron el\u2026","rel":"","context":"En &quot;CINTILLO&quot;","block_context":{"text":"CINTILLO","link":"http:\/\/www.grieta.org.mx\/index.php\/category\/cintillo\/"},"img":{"alt_text":"","src":"https:\/\/i0.wp.com\/www.grieta.org.mx\/wp-content\/uploads\/2019\/10\/Estudiantes-exigen-a-la-Secretar%C3%ADa-de-Cultura-m%C3%A1s-presupuesto-para-la-ENAH-oct-cdmx.jpg?resize=350%2C200","width":350,"height":200,"srcset":"https:\/\/i0.wp.com\/www.grieta.org.mx\/wp-content\/uploads\/2019\/10\/Estudiantes-exigen-a-la-Secretar%C3%ADa-de-Cultura-m%C3%A1s-presupuesto-para-la-ENAH-oct-cdmx.jpg?resize=350%2C200 1x, https:\/\/i0.wp.com\/www.grieta.org.mx\/wp-content\/uploads\/2019\/10\/Estudiantes-exigen-a-la-Secretar%C3%ADa-de-Cultura-m%C3%A1s-presupuesto-para-la-ENAH-oct-cdmx.jpg?resize=525%2C300 1.5x"},"classes":[]},{"id":22484,"url":"http:\/\/www.grieta.org.mx\/index.php\/2018\/04\/04\/trabajadores-del-inah-denuncian-que-el-instituto-sigue-sin-pagarles\/","url_meta":{"origin":29119,"position":1},"title":"Trabajadores del INAH denuncian que el Instituto sigue sin pagarles","author":"grieta","date":"4 abril, 2018","format":false,"excerpt":"Abida Ventura Trabajadores del Instituto Nacional de Antropolog\u00eda e Historia (INAH) contratados mediante el cap\u00edtulo 3000 denuncian que siguen sin recibir su sueldo de los primeros tres meses de este a\u00f1o y lamentan que las autoridades de la dependencia no hayan regularizado la situaci\u00f3n desde el a\u00f1o pasado. \u201cSeg\u00fan la\u2026","rel":"","context":"En &quot;CINTILLO&quot;","block_context":{"text":"CINTILLO","link":"http:\/\/www.grieta.org.mx\/index.php\/category\/cintillo\/"},"img":{"alt_text":"","src":"https:\/\/i0.wp.com\/www.grieta.org.mx\/wp-content\/uploads\/2018\/04\/ya_pagame_inba.jpg?resize=350%2C200","width":350,"height":200,"srcset":"https:\/\/i0.wp.com\/www.grieta.org.mx\/wp-content\/uploads\/2018\/04\/ya_pagame_inba.jpg?resize=350%2C200 1x, https:\/\/i0.wp.com\/www.grieta.org.mx\/wp-content\/uploads\/2018\/04\/ya_pagame_inba.jpg?resize=525%2C300 1.5x"},"classes":[]},{"id":26534,"url":"http:\/\/www.grieta.org.mx\/index.php\/2018\/09\/17\/tejer-comunidad-estudiantes-de-la-enah-en-paro-y-su-proceso-organizativo-cdmx\/","url_meta":{"origin":29119,"position":2},"title":"Tejer comunidad: estudiantes de la ENAH en paro y su proceso organizativo (CDMX)","author":"grieta","date":"17 septiembre, 2018","format":false,"excerpt":"Colectivo Grieta \/17 de septiembre 2018 El ataque del grupo porril contra la marcha de estudiantes de CCH Azcapotzalco frente a la Rector\u00eda de la Universidad Nacional Aut\u00f3noma de M\u00e9xico el pasado 3 de septiembre de 2018 deton\u00f3 una serie de movilizaciones y paros en m\u00e1s de 80 escuelas alrededor\u2026","rel":"","context":"En &quot;CINTILLO&quot;","block_context":{"text":"CINTILLO","link":"http:\/\/www.grieta.org.mx\/index.php\/category\/cintillo\/"},"img":{"alt_text":"","src":"https:\/\/i0.wp.com\/www.grieta.org.mx\/wp-content\/uploads\/2018\/09\/toma-enah.jpg?resize=350%2C200","width":350,"height":200,"srcset":"https:\/\/i0.wp.com\/www.grieta.org.mx\/wp-content\/uploads\/2018\/09\/toma-enah.jpg?resize=350%2C200 1x, https:\/\/i0.wp.com\/www.grieta.org.mx\/wp-content\/uploads\/2018\/09\/toma-enah.jpg?resize=525%2C300 1.5x, https:\/\/i0.wp.com\/www.grieta.org.mx\/wp-content\/uploads\/2018\/09\/toma-enah.jpg?resize=700%2C400 2x, https:\/\/i0.wp.com\/www.grieta.org.mx\/wp-content\/uploads\/2018\/09\/toma-enah.jpg?resize=1050%2C600 3x, https:\/\/i0.wp.com\/www.grieta.org.mx\/wp-content\/uploads\/2018\/09\/toma-enah.jpg?resize=1400%2C800 4x"},"classes":[]},{"id":67390,"url":"http:\/\/www.grieta.org.mx\/index.php\/2023\/08\/05\/academicos-y-antropologos-senalan-irregularidades-laborales-dentro-del-inah\/","url_meta":{"origin":29119,"position":3},"title":"Acad\u00e9micos y antrop\u00f3logos se\u00f1alan irregularidades laborales dentro del INAH","author":"grieta","date":"5 agosto, 2023","format":false,"excerpt":"Sugeyry Romina G\u00e1ndara \/ SinEmbargo Primera entrega. Trabajadores del Instituto Nacional de Antropolog\u00eda e Historia denunciaron problemas que afectan sus condiciones laborales, principalmente la precarizaci\u00f3n. Ciudad de M\u00e9xico, 5 de agosto (SinEmbargo). M\u00e9xico es un pa\u00eds que se ha caracterizado por su riqueza y patrimonio cultural, tan diverso a lo\u2026","rel":"","context":"En &quot;Baja California Sur&quot;","block_context":{"text":"Baja California Sur","link":"http:\/\/www.grieta.org.mx\/index.php\/category\/noticias-nacionales\/baja-california-sur\/"},"img":{"alt_text":"","src":"https:\/\/i0.wp.com\/www.grieta.org.mx\/wp-content\/uploads\/2023\/08\/inahDenuncian-scaled-e1691454401983.jpg?resize=350%2C200","width":350,"height":200,"srcset":"https:\/\/i0.wp.com\/www.grieta.org.mx\/wp-content\/uploads\/2023\/08\/inahDenuncian-scaled-e1691454401983.jpg?resize=350%2C200 1x, https:\/\/i0.wp.com\/www.grieta.org.mx\/wp-content\/uploads\/2023\/08\/inahDenuncian-scaled-e1691454401983.jpg?resize=525%2C300 1.5x, https:\/\/i0.wp.com\/www.grieta.org.mx\/wp-content\/uploads\/2023\/08\/inahDenuncian-scaled-e1691454401983.jpg?resize=700%2C400 2x"},"classes":[]},{"id":44313,"url":"http:\/\/www.grieta.org.mx\/index.php\/2020\/01\/24\/denuncia-estudiante-de-la-enah-tortura-en-estacion-migratoria-de-tabasco\/","url_meta":{"origin":29119,"position":4},"title":"Denuncia estudiante de la ENAH tortura en Estaci\u00f3n Migratoria de Tabasco","author":"grieta","date":"24 enero, 2020","format":false,"excerpt":"Entrevistada en exclusiva por esta casa editorial, Dulce Susana Jacobo Cruz narr\u00f3 lo que vivi\u00f3 desde el momento de ser asegurada por personal del INM; mencion\u00f3 \u201cles dieron choques el\u00e9ctricos a menores de edad\u201d Rub\u00e9n Concepci\u00f3n G\u00f3ngora\/ EL HERALDO DE TABASCO La joven estudiante de la escuela Nacional de Antropolog\u00eda\u2026","rel":"","context":"En &quot;CINTILLO&quot;","block_context":{"text":"CINTILLO","link":"http:\/\/www.grieta.org.mx\/index.php\/category\/cintillo\/"},"img":{"alt_text":"","src":"https:\/\/i0.wp.com\/www.grieta.org.mx\/wp-content\/uploads\/2018\/03\/14524434_1106112876131411_958039263622046936_o.jpg?resize=350%2C200","width":350,"height":200,"srcset":"https:\/\/i0.wp.com\/www.grieta.org.mx\/wp-content\/uploads\/2018\/03\/14524434_1106112876131411_958039263622046936_o.jpg?resize=350%2C200 1x, https:\/\/i0.wp.com\/www.grieta.org.mx\/wp-content\/uploads\/2018\/03\/14524434_1106112876131411_958039263622046936_o.jpg?resize=525%2C300 1.5x, https:\/\/i0.wp.com\/www.grieta.org.mx\/wp-content\/uploads\/2018\/03\/14524434_1106112876131411_958039263622046936_o.jpg?resize=700%2C400 2x"},"classes":[]},{"id":40146,"url":"http:\/\/www.grieta.org.mx\/index.php\/2019\/10\/11\/el-movimiento-vecinal-de-tlalpan-con-apoyo-de-la-asamblea-general-de-la-enah-bloqueo-periferico-sur-para-demandar-seguridad-cumplimiento-y-la-colocacion-inmediata-del-puente-para-la-carrasco-ciudad\/","url_meta":{"origin":29119,"position":5},"title":"El Movimiento Vecinal de Tlalpan con apoyo de la Asamblea General de la ENAH bloque\u00f3 Perif\u00e9rico sur para demandar seguridad, cumplimiento y la colocaci\u00f3n inmediata del puente para la Carrasco. (Ciudad de M\u00e9xico)","author":"grieta","date":"11 octubre, 2019","format":false,"excerpt":"Radio Zapote El Movimiento Vecinal de Tlalpan con apoyo de la Asamblea General de la ENAH, como fue aprobado por la comunidad en la ultima sesi\u00f3n, aplicaron un bloqueo del Perif\u00e9rico de lado sur para demandar seguridad, cumplimiento y la colocaci\u00f3n inmediata del puente para la Carrasco. Vecinos y estudiantes\u2026","rel":"","context":"En &quot;CINTILLO&quot;","block_context":{"text":"CINTILLO","link":"http:\/\/www.grieta.org.mx\/index.php\/category\/cintillo\/"},"img":{"alt_text":"","src":"https:\/\/i0.wp.com\/www.grieta.org.mx\/wp-content\/uploads\/2019\/10\/movimiento-tlalpan1-octcdmx.jpg?resize=350%2C200","width":350,"height":200,"srcset":"https:\/\/i0.wp.com\/www.grieta.org.mx\/wp-content\/uploads\/2019\/10\/movimiento-tlalpan1-octcdmx.jpg?resize=350%2C200 1x, https:\/\/i0.wp.com\/www.grieta.org.mx\/wp-content\/uploads\/2019\/10\/movimiento-tlalpan1-octcdmx.jpg?resize=525%2C300 1.5x, https:\/\/i0.wp.com\/www.grieta.org.mx\/wp-content\/uploads\/2019\/10\/movimiento-tlalpan1-octcdmx.jpg?resize=700%2C400 2x"},"classes":[]}],"_links":{"self":[{"href":"http:\/\/www.grieta.org.mx\/index.php\/wp-json\/wp\/v2\/posts\/29119","targetHints":{"allow":["GET"]}}],"collection":[{"href":"http:\/\/www.grieta.org.mx\/index.php\/wp-json\/wp\/v2\/posts"}],"about":[{"href":"http:\/\/www.grieta.org.mx\/index.php\/wp-json\/wp\/v2\/types\/post"}],"author":[{"embeddable":true,"href":"http:\/\/www.grieta.org.mx\/index.php\/wp-json\/wp\/v2\/users\/2"}],"replies":[{"embeddable":true,"href":"http:\/\/www.grieta.org.mx\/index.php\/wp-json\/wp\/v2\/comments?post=29119"}],"version-history":[{"count":1,"href":"http:\/\/www.grieta.org.mx\/index.php\/wp-json\/wp\/v2\/posts\/29119\/revisions"}],"predecessor-version":[{"id":29120,"href":"http:\/\/www.grieta.org.mx\/index.php\/wp-json\/wp\/v2\/posts\/29119\/revisions\/29120"}],"wp:featuredmedia":[{"embeddable":true,"href":"http:\/\/www.grieta.org.mx\/index.php\/wp-json\/wp\/v2\/media\/21928"}],"wp:attachment":[{"href":"http:\/\/www.grieta.org.mx\/index.php\/wp-json\/wp\/v2\/media?parent=29119"}],"wp:term":[{"taxonomy":"category","embeddable":true,"href":"http:\/\/www.grieta.org.mx\/index.php\/wp-json\/wp\/v2\/categories?post=29119"},{"taxonomy":"post_tag","embeddable":true,"href":"http:\/\/www.grieta.org.mx\/index.php\/wp-json\/wp\/v2\/tags?post=29119"}],"curies":[{"name":"wp","href":"https:\/\/api.w.org\/{rel}","templated":true}]}}