{"id":2910,"date":"2015-08-25T20:18:18","date_gmt":"2015-08-25T20:18:18","guid":{"rendered":"http:\/\/50.22.11.12\/~grietaor\/?p=2910"},"modified":"2016-03-13T20:28:04","modified_gmt":"2016-03-13T20:28:04","slug":"campeche-exigen-trabajadores-de-oceanografia-pago-quincenal","status":"publish","type":"post","link":"http:\/\/www.grieta.org.mx\/index.php\/2015\/08\/25\/campeche-exigen-trabajadores-de-oceanografia-pago-quincenal\/","title":{"rendered":"Campeche: exigen trabajadores de Oceanograf\u00eda pago quincenal"},"content":{"rendered":"<p>Ciudad del Carmen, Camp. Unos 300 obreros en activo de Oceanograf\u00eda se sumaron este martes a medio centenar de ex trabajadores, que desde hace 100 d\u00edas se encuentran en plant\u00f3n frente a las oficinas de esa empresa para exigir el pago de sus liquidaciones, y bloquearon durante dos horas los accesos al puerto pesquero Isla de Tris, antes Laguna Azul, de Ciudad del Carmen.<\/p>\n<p>De acuerdo con los manifestantes, en total son 800 obreros en activo que exigen el pago de tres quincenas atrasadas y los 3 mil que fueron despedidos exigen el pago de sus liquidaciones. El cierre parcial del puerto Isla de Tris en sus accesos 3 y 4 ocasion\u00f3 caos vial y problemas para ingresar a esa central mar\u00edtima, de donde se despacha diariamente a cientos de trabajadores que laboran en las plataformas de Pemex.<\/p>\n<p>\u201cDe aqu\u00ed no nos movemos\u201d, dec\u00edan los obreros, quienes ante el rumor de que llegar\u00edan polic\u00edas antimotines optaron por retirarse, aunque advirtieron que regresar\u00e1n a realizar protestas m\u00e1s severas si no pagan las tres quincenas atrasadas que les deben a los en activo.<\/p>\n<p>Se\u00f1alaron que los ejecutivos de Oceanograf\u00eda no dicen nada acerca de sus salarios y liquidaciones, permanecen callados e indiferentes y ya no tienen para el sustento de sus familias.<\/p>\n<p>Los manifestantes sacaron pancartas como: \u201dSAE, personal activo, te exigimos el sueldo de nuestras quincenas atrasadas\u201d, \u201cLic., Alfonso Maza Urueta, Administrador General de Oceanograf\u00eda, Su familia come, la de nosotros tambi\u00e9n\u201d, \u201cExigimos nuestra liquidaci\u00f3n\u201d, \u201cLic. Alfonso Maza Urueta, exigimos una respuesta del pago de nuestros sueldos atrasados\u201d.<\/p>\n<p>Ayer cumplieron 100 d\u00edas de plant\u00f3n frente a las oficinas de la empresa propiedad de Amado Y\u00e1\u00f1ez Osuna, y a la fecha, dijeron, nadie los atiende.<\/p>\n<p><a href=\"http:\/\/www.jornada.unam.mx\/ultimas\/2015\/08\/25\/campeche-exigen-trabajadores-de-oceanografia-pago-quincenal-720.html\" target=\"_blank\">www.jornada.unam.mx\/ultimas\/2015\/08\/25\/campeche-exigen-trabajadores-de-oceanografia-pago-quincenal-720.html<\/a><\/p>\n","protected":false},"excerpt":{"rendered":"<p>Ciudad del Carmen, Camp. Unos 300 obreros en activo de Oceanograf\u00eda se sumaron este martes a medio centenar de ex trabajadores, que desde hace 100 d\u00edas se encuentran en plant\u00f3n &hellip; <a href=\"http:\/\/www.grieta.org.mx\/index.php\/2015\/08\/25\/campeche-exigen-trabajadores-de-oceanografia-pago-quincenal\/\" class=\"more-link\">Leer m\u00e1s<\/a><\/p>\n","protected":false},"author":2,"featured_media":21928,"comment_status":"closed","ping_status":"open","sticky":false,"template":"","format":"standard","meta":{"ngg_post_thumbnail":0,"_jetpack_newsletter_access":"","_jetpack_dont_email_post_to_subs":false,"_jetpack_newsletter_tier_id":0,"_jetpack_memberships_contains_paywalled_content":false,"_jetpack_memberships_contains_paid_content":false,"footnotes":""},"categories":[123,80],"tags":[201,147],"class_list":["post-2910","post","type-post","status-publish","format-standard","has-post-thumbnail","hentry","category-campeche","category-cintillo","tag-salarios","tag-trabajo","entry"],"jetpack_featured_media_url":"http:\/\/www.grieta.org.mx\/wp-content\/uploads\/2018\/03\/14524434_1106112876131411_958039263622046936_o.jpg","jetpack_sharing_enabled":true,"jetpack_shortlink":"https:\/\/wp.me\/p7ZJR4-KW","jetpack_likes_enabled":false,"jetpack-related-posts":[{"id":19800,"url":"http:\/\/www.grieta.org.mx\/index.php\/2016\/08\/16\/exobreros-de-naviera-exigen-cese-de-perez-campeche\/","url_meta":{"origin":2910,"position":0},"title":"Exobreros de naviera exigen cese de P\u00e9rez   (Campeche)","author":"grieta","date":"16 agosto, 2016","format":false,"excerpt":"Alrededor de 10 extrabajadores de Oceanograf\u00eda se plantaron ayer en las instalaciones de la Secretar\u00eda de Trabajo y Previsi\u00f3n Social de Campeche (Stpscam), para exigir la destituci\u00f3n de la presidenta de la Junta Especial n\u00famero 1 de la Local de Conciliaci\u00f3n y Arbitraje de Ciudad del Carmen, Mar\u00eda del Carmen\u2026","rel":"","context":"En &quot;CINTILLO&quot;","block_context":{"text":"CINTILLO","link":"http:\/\/www.grieta.org.mx\/index.php\/category\/cintillo\/"},"img":{"alt_text":"","src":"https:\/\/i0.wp.com\/www.grieta.org.mx\/wp-content\/uploads\/2018\/03\/14524434_1106112876131411_958039263622046936_o.jpg?resize=350%2C200","width":350,"height":200,"srcset":"https:\/\/i0.wp.com\/www.grieta.org.mx\/wp-content\/uploads\/2018\/03\/14524434_1106112876131411_958039263622046936_o.jpg?resize=350%2C200 1x, https:\/\/i0.wp.com\/www.grieta.org.mx\/wp-content\/uploads\/2018\/03\/14524434_1106112876131411_958039263622046936_o.jpg?resize=525%2C300 1.5x, https:\/\/i0.wp.com\/www.grieta.org.mx\/wp-content\/uploads\/2018\/03\/14524434_1106112876131411_958039263622046936_o.jpg?resize=700%2C400 2x"},"classes":[]},{"id":2909,"url":"http:\/\/www.grieta.org.mx\/index.php\/2016\/08\/16\/trabajadores-de-la-empresa-oceanografia-exigen-su-liquidacion-en-yucatan\/","url_meta":{"origin":2910,"position":1},"title":"Trabajadores de la empresa \u201cOceanograf\u00eda\u201d exigen su liquidaci\u00f3n.","author":"grieta","date":"16 agosto, 2016","format":false,"excerpt":"16\/08\/16. Exobreros de naviera exigen cese de P\u00e9rez (Campeche)Tribuna 11\/08\/16. Afectados 4,500; no los liquid\u00f3 Oceanograf\u00eda (Campeche)Tribuna 25\/09\/15. Campeche: exigen trabajadores de Oceanograf\u00eda pago quincenal.La Jornada 18\/05\/15. Ex empleados de Oceanograf\u00eda exigen el pago de sus salarios en Yucat\u00e1n.El diario de Yucat\u00e1n 29\/01\/15. 32 detenidos en desalojo de ex empleados\u2026","rel":"","context":"En &quot;Campeche&quot;","block_context":{"text":"Campeche","link":"http:\/\/www.grieta.org.mx\/index.php\/category\/noticias-nacionales\/campeche\/"},"img":{"alt_text":"","src":"https:\/\/i0.wp.com\/www.grieta.org.mx\/wp-content\/uploads\/2018\/03\/14524434_1106112876131411_958039263622046936_o.jpg?resize=350%2C200","width":350,"height":200,"srcset":"https:\/\/i0.wp.com\/www.grieta.org.mx\/wp-content\/uploads\/2018\/03\/14524434_1106112876131411_958039263622046936_o.jpg?resize=350%2C200 1x, https:\/\/i0.wp.com\/www.grieta.org.mx\/wp-content\/uploads\/2018\/03\/14524434_1106112876131411_958039263622046936_o.jpg?resize=525%2C300 1.5x, https:\/\/i0.wp.com\/www.grieta.org.mx\/wp-content\/uploads\/2018\/03\/14524434_1106112876131411_958039263622046936_o.jpg?resize=700%2C400 2x"},"classes":[]},{"id":2919,"url":"http:\/\/www.grieta.org.mx\/index.php\/2015\/05\/18\/ex-empleados-de-oceanografia-exigen-el-pago-de-sus-salarios-en-yucatan\/","url_meta":{"origin":2910,"position":2},"title":"Ex empleados de Oceanograf\u00eda exigen el pago de sus salarios en Yucat\u00e1n","author":"grieta","date":"18 mayo, 2015","format":false,"excerpt":"De nueva cuenta ex obreros de la empresa Oceanograf\u00eda realizaron un plant\u00f3n frente a las oficinas de la empresa para exigir el pago de sus salarios y su liquidaci\u00f3n. Los ex empleados aseguran que el Servicio de Administraci\u00f3n y Enajenaci\u00f3n de Bienes (SAE) no est\u00e1 realizando los dep\u00f3sitos correspondientes alegando\u2026","rel":"","context":"En &quot;Campeche&quot;","block_context":{"text":"Campeche","link":"http:\/\/www.grieta.org.mx\/index.php\/category\/noticias-nacionales\/campeche\/"},"img":{"alt_text":"","src":"https:\/\/i0.wp.com\/www.grieta.org.mx\/wp-content\/uploads\/2018\/03\/14524434_1106112876131411_958039263622046936_o.jpg?resize=350%2C200","width":350,"height":200,"srcset":"https:\/\/i0.wp.com\/www.grieta.org.mx\/wp-content\/uploads\/2018\/03\/14524434_1106112876131411_958039263622046936_o.jpg?resize=350%2C200 1x, https:\/\/i0.wp.com\/www.grieta.org.mx\/wp-content\/uploads\/2018\/03\/14524434_1106112876131411_958039263622046936_o.jpg?resize=525%2C300 1.5x, https:\/\/i0.wp.com\/www.grieta.org.mx\/wp-content\/uploads\/2018\/03\/14524434_1106112876131411_958039263622046936_o.jpg?resize=700%2C400 2x"},"classes":[]},{"id":23155,"url":"http:\/\/www.grieta.org.mx\/index.php\/2018\/05\/15\/protestan-extrabajadores-en-contra-de-yanez-osuna-campeche\/","url_meta":{"origin":2910,"position":3},"title":"Protestan extrabajadores en contra de Y\u00e1\u00f1ez Osuna (Campeche)","author":"grieta","date":"15 mayo, 2018","format":false,"excerpt":"Alrededor de 50 extrabajadores de Oceanograf\u00eda se manifestaron con mantas en plena calle 24 de la colonia Centro, para protestar en contra del empresario Amado Y\u00e1\u00f1ez Osuna, quien les niega el pago de sus liquidaciones y de Julio C\u00e9sar \u00c1valos, representante del Sindicato Secci\u00f3n 15 Pit\u00e1goras, quien pretende afiliarlos como\u2026","rel":"","context":"En &quot;Campeche&quot;","block_context":{"text":"Campeche","link":"http:\/\/www.grieta.org.mx\/index.php\/category\/noticias-nacionales\/campeche\/"},"img":{"alt_text":"","src":"https:\/\/i0.wp.com\/www.grieta.org.mx\/wp-content\/uploads\/2018\/05\/Oceanografiamayo18.png?resize=350%2C200","width":350,"height":200,"srcset":"https:\/\/i0.wp.com\/www.grieta.org.mx\/wp-content\/uploads\/2018\/05\/Oceanografiamayo18.png?resize=350%2C200 1x, https:\/\/i0.wp.com\/www.grieta.org.mx\/wp-content\/uploads\/2018\/05\/Oceanografiamayo18.png?resize=525%2C300 1.5x"},"classes":[]},{"id":2925,"url":"http:\/\/www.grieta.org.mx\/index.php\/2015\/01\/29\/32-detenidos-en-desalojo-de-ex-empleados-de-oceanografia\/","url_meta":{"origin":2910,"position":4},"title":"32 detenidos en desalojo de ex empleados de Oceanograf\u00eda","author":"grieta","date":"29 enero, 2015","format":false,"excerpt":"29 de enero de 2015 \u2013 Cerca de 150 ex trabajadores de la empresa Oceanograf\u00eda protestaron el d\u00eda de ayer en Campeche con la exigencia de la liquidaci\u00f3n de sus salarios. Tras cerrar por cuatro horas el puente Carmen-Zacatal se provoc\u00f3 un congestionamiento vial de hasta 10 kil\u00f3metros. Alrededor de\u2026","rel":"","context":"En &quot;campeche&quot;","block_context":{"text":"campeche","link":"http:\/\/www.grieta.org.mx\/index.php\/category\/campeche\/"},"img":{"alt_text":"","src":"https:\/\/i0.wp.com\/www.grieta.org.mx\/wp-content\/uploads\/2018\/03\/14524434_1106112876131411_958039263622046936_o.jpg?resize=350%2C200","width":350,"height":200,"srcset":"https:\/\/i0.wp.com\/www.grieta.org.mx\/wp-content\/uploads\/2018\/03\/14524434_1106112876131411_958039263622046936_o.jpg?resize=350%2C200 1x, https:\/\/i0.wp.com\/www.grieta.org.mx\/wp-content\/uploads\/2018\/03\/14524434_1106112876131411_958039263622046936_o.jpg?resize=525%2C300 1.5x, https:\/\/i0.wp.com\/www.grieta.org.mx\/wp-content\/uploads\/2018\/03\/14524434_1106112876131411_958039263622046936_o.jpg?resize=700%2C400 2x"},"classes":[]},{"id":28575,"url":"http:\/\/www.grieta.org.mx\/index.php\/2019\/01\/04\/siguen-los-acosos-y-despidos-laborales-en-oceanografia-campeche\/","url_meta":{"origin":2910,"position":5},"title":"Siguen los acosos y despidos laborales en Oceanograf\u00eda (Campeche)","author":"grieta","date":"4 enero, 2019","format":false,"excerpt":"Redacci\u00f3n\/Campeche Hoy CD DEL CARMEN. Contin\u00faan las denuncias en contra de la empresa petrolera Oceanograf\u00eda por abusos laborales, ahora 21 trabajadores activos fueron dados de baja como derechohabientes del Instituto Mexicano del Seguro Social (IMSS) sin previo aviso y a\u00fan les debe ocho meses de salario, pero Jorge Betancourt M\u00e9ndez\u2026","rel":"","context":"En &quot;Campeche&quot;","block_context":{"text":"Campeche","link":"http:\/\/www.grieta.org.mx\/index.php\/category\/noticias-nacionales\/campeche\/"},"img":{"alt_text":"","src":"https:\/\/i0.wp.com\/www.grieta.org.mx\/wp-content\/uploads\/2019\/01\/FOTO-1-6-640x427.jpg?resize=350%2C200","width":350,"height":200,"srcset":"https:\/\/i0.wp.com\/www.grieta.org.mx\/wp-content\/uploads\/2019\/01\/FOTO-1-6-640x427.jpg?resize=350%2C200 1x, https:\/\/i0.wp.com\/www.grieta.org.mx\/wp-content\/uploads\/2019\/01\/FOTO-1-6-640x427.jpg?resize=525%2C300 1.5x"},"classes":[]}],"_links":{"self":[{"href":"http:\/\/www.grieta.org.mx\/index.php\/wp-json\/wp\/v2\/posts\/2910","targetHints":{"allow":["GET"]}}],"collection":[{"href":"http:\/\/www.grieta.org.mx\/index.php\/wp-json\/wp\/v2\/posts"}],"about":[{"href":"http:\/\/www.grieta.org.mx\/index.php\/wp-json\/wp\/v2\/types\/post"}],"author":[{"embeddable":true,"href":"http:\/\/www.grieta.org.mx\/index.php\/wp-json\/wp\/v2\/users\/2"}],"replies":[{"embeddable":true,"href":"http:\/\/www.grieta.org.mx\/index.php\/wp-json\/wp\/v2\/comments?post=2910"}],"version-history":[{"count":1,"href":"http:\/\/www.grieta.org.mx\/index.php\/wp-json\/wp\/v2\/posts\/2910\/revisions"}],"predecessor-version":[{"id":2918,"href":"http:\/\/www.grieta.org.mx\/index.php\/wp-json\/wp\/v2\/posts\/2910\/revisions\/2918"}],"wp:featuredmedia":[{"embeddable":true,"href":"http:\/\/www.grieta.org.mx\/index.php\/wp-json\/wp\/v2\/media\/21928"}],"wp:attachment":[{"href":"http:\/\/www.grieta.org.mx\/index.php\/wp-json\/wp\/v2\/media?parent=2910"}],"wp:term":[{"taxonomy":"category","embeddable":true,"href":"http:\/\/www.grieta.org.mx\/index.php\/wp-json\/wp\/v2\/categories?post=2910"},{"taxonomy":"post_tag","embeddable":true,"href":"http:\/\/www.grieta.org.mx\/index.php\/wp-json\/wp\/v2\/tags?post=2910"}],"curies":[{"name":"wp","href":"https:\/\/api.w.org\/{rel}","templated":true}]}}