{"id":29064,"date":"2019-02-11T14:25:04","date_gmt":"2019-02-11T20:25:04","guid":{"rendered":"http:\/\/www.grieta.org.mx\/?p=29064"},"modified":"2019-02-17T14:52:15","modified_gmt":"2019-02-17T20:52:15","slug":"comunidad-indigena-gana-amparo-contra-gasoducto-tuxpan-tula","status":"publish","type":"post","link":"http:\/\/www.grieta.org.mx\/index.php\/2019\/02\/11\/comunidad-indigena-gana-amparo-contra-gasoducto-tuxpan-tula\/","title":{"rendered":"Comunidad ind\u00edgena gana amparo contra gasoducto Tuxpan-Tula"},"content":{"rendered":"<p>Gabriela Hern\u00e1ndez \/ Proceso<\/p>\n<p><img loading=\"lazy\" decoding=\"async\" data-attachment-id=\"29065\" data-permalink=\"http:\/\/www.grieta.org.mx\/index.php\/2019\/02\/11\/comunidad-indigena-gana-amparo-contra-gasoducto-tuxpan-tula\/tux\/\" data-orig-file=\"http:\/\/www.grieta.org.mx\/wp-content\/uploads\/2019\/02\/tux.jpg\" data-orig-size=\"702,465\" data-comments-opened=\"0\" data-image-meta=\"{&quot;aperture&quot;:&quot;0&quot;,&quot;credit&quot;:&quot;&quot;,&quot;camera&quot;:&quot;&quot;,&quot;caption&quot;:&quot;&quot;,&quot;created_timestamp&quot;:&quot;0&quot;,&quot;copyright&quot;:&quot;&quot;,&quot;focal_length&quot;:&quot;0&quot;,&quot;iso&quot;:&quot;0&quot;,&quot;shutter_speed&quot;:&quot;0&quot;,&quot;title&quot;:&quot;&quot;,&quot;orientation&quot;:&quot;0&quot;}\" data-image-title=\"tux\" data-image-description=\"\" data-image-caption=\"\" data-medium-file=\"http:\/\/www.grieta.org.mx\/wp-content\/uploads\/2019\/02\/tux-300x199.jpg\" data-large-file=\"http:\/\/www.grieta.org.mx\/wp-content\/uploads\/2019\/02\/tux.jpg\" class=\"aligncenter size-full wp-image-29065\" src=\"http:\/\/www.grieta.org.mx\/wp-content\/uploads\/2019\/02\/tux.jpg\" alt=\"\" width=\"702\" height=\"465\" srcset=\"http:\/\/www.grieta.org.mx\/wp-content\/uploads\/2019\/02\/tux.jpg 702w, http:\/\/www.grieta.org.mx\/wp-content\/uploads\/2019\/02\/tux-300x199.jpg 300w\" sizes=\"auto, (max-width: 702px) 100vw, 702px\" \/><\/p>\n<blockquote><p>PUEBLA, Pue. (apro).- La comunidad de Cuautepec, perteneciente al municipio de Tlacuilotepec, gan\u00f3 un amparo contra la construcci\u00f3n del gasoducto Tuxpan-Tula.<\/p><\/blockquote>\n<p>La sentencia del juicio de amparo 1971\/2017, emitida por la juez Yolanda Vel\u00e1zquez Rebollo, refiere que el proyecto es susceptible de afectar el derecho colectivo a la tierra y territorio de las comunidades ind\u00edgenas de los estados de Veracruz, Puebla e Hidalgo.<br \/>\nDe acuerdo con un bolet\u00edn emitido por el Consejo Regional de Pueblos Originarios en Defensa del Territorio de Puebla e Hidalgo, la autoridad judicial concluy\u00f3 que es necesario realizar nuevamente la Evaluaci\u00f3n de Impacto Social, por considerar que se omiti\u00f3 valorar afectaciones que podr\u00eda tener el paso del ducto en comunidades ind\u00edgenas.<\/p>\n<p>El fallo del amparo tambi\u00e9n advierte que en la Resoluci\u00f3n de Evaluaci\u00f3n de Impacto Ambiental de fecha 9 de junio de 2016, emitida por la Direcci\u00f3n General de Impacto Social y Ocupaci\u00f3n Territorial de la Secretar\u00eda de Energ\u00eda (Sener), no se precisan de manera clara las afectaciones que el proyecto pudiera ocasionar. <\/p>\n<p>La juez recomienda identificar, caracterizar y valorar afectaciones que la Sener omiti\u00f3, como los impactos sociales asociados al uso de explosivos durante la etapa de construcci\u00f3n y la posibilidad de afectaci\u00f3n del patrimonio arqueol\u00f3gico hist\u00f3rico y comunitario, o por la deforestaci\u00f3n o remoci\u00f3n de vegetaci\u00f3n que tenga valor simb\u00f3lico o sea usado para pr\u00e1cticas alimentarias o de medicina tradicional.<\/p>\n<p>\u201cQueremos recordar que todas las irregularidades que se\u00f1ala la juez las hemos venido denunciando p\u00fablicamente, pues son muy claras al leer los documentos y permisos que tanto la empresa Transportadora de Gas Natural de la Huasteca (TGNH), filial de TransCanad\u00e1, as\u00ed como Sener y ASEA (Agencia de Seguridad, Energ\u00eda y Ambiente), otorgaron para la operaci\u00f3n de este proyecto\u201d, puntualiz\u00f3 la organizaci\u00f3n.<\/p>\n<p>Asimismo, asegur\u00f3 que la sentencia deja en claro que el proyecto est\u00e1 \u201clleno de irregularidades\u201d y que ha violado las garant\u00edas de los pueblos ind\u00edgenas afectados.<\/p>\n<p>\u201cCabe destacar que esta sentencia no s\u00f3lo beneficia a la comunidad de Cuautepec, beneficia a los pueblos originarios de los estados de Veracruz, Puebla e Hidalgo. La defensa social y legal continua actualmente. Tenemos otros dos amparos en los diferentes colegiados de distrito tanto del estado de Puebla como de Hidalgo\u201d, recalc\u00f3 el Consejo de Pueblos, luego de la resoluci\u00f3n del Juzgado Segundo de Distrito en Materia de Amparo Civil, Administrativa y de Trabajo y de Juicios Federales en el estado de Puebla.<\/p>\n<p>El gasoducto Tula-Tuxpan es construido por Transportadora de Gas Natural de la Huasteca, S. de R.L. de C.V. (\u201cTGNH\u201d) y atraviesa los estados de M\u00e9xico, Hidalgo, Puebla y Veracruz, con una inversi\u00f3n estimada en 458 millones de d\u00f3lares.<\/p>\n<p><a href=\"https:\/\/www.proceso.com.mx\/571364\/comunidad-indigena-gana-amparo-contra-gasoducto-tuxpan-tula\">https:\/\/www.proceso.com.mx\/571364\/comunidad-indigena-gana-amparo-contra-gasoducto-tuxpan-tula<\/a><\/p>\n","protected":false},"excerpt":{"rendered":"<p>Gabriela Hern\u00e1ndez \/ Proceso PUEBLA, Pue. (apro).- La comunidad de Cuautepec, perteneciente al municipio de Tlacuilotepec, gan\u00f3 un amparo contra la construcci\u00f3n del gasoducto Tuxpan-Tula. La sentencia del juicio de &hellip; <a href=\"http:\/\/www.grieta.org.mx\/index.php\/2019\/02\/11\/comunidad-indigena-gana-amparo-contra-gasoducto-tuxpan-tula\/\" class=\"more-link\">Leer m\u00e1s<\/a><\/p>\n","protected":false},"author":2,"featured_media":29065,"comment_status":"closed","ping_status":"closed","sticky":false,"template":"","format":"standard","meta":{"ngg_post_thumbnail":0,"_jetpack_newsletter_access":"","_jetpack_dont_email_post_to_subs":false,"_jetpack_newsletter_tier_id":0,"_jetpack_memberships_contains_paywalled_content":false,"_jetpack_memberships_contains_paid_content":false,"footnotes":""},"categories":[80,2043,19,1430,1429,1265,3,935,942,951,2,26,35],"tags":[384,350,461],"class_list":["post-29064","post","type-post","status-publish","format-standard","has-post-thumbnail","hentry","category-cintillo","category-gasoducto-tuxpan-tula-analisis","category-hidalgo","category-lucha-contra-el-gasoducto-tuxpan-tula-puebla-veracruz-hidalgo-hidalgo","category-lucha-contra-el-gasoducto-tuxpan-tula-puebla-veracruz-hidalgo","category-megaproyectos-de-hidrocarburos-en-puebla","category-megaproyectos","category-mp-hidalgo","category-mp-puebla","category-mp-veracruz","category-noticias-nacionales","category-puebla","category-veracruz","tag-amparo","tag-gasoducto","tag-resistencia","entry"],"jetpack_featured_media_url":"http:\/\/www.grieta.org.mx\/wp-content\/uploads\/2019\/02\/tux.jpg","jetpack_sharing_enabled":true,"jetpack_shortlink":"https:\/\/wp.me\/p7ZJR4-7yM","jetpack_likes_enabled":false,"jetpack-related-posts":[{"id":27751,"url":"http:\/\/www.grieta.org.mx\/index.php\/2018\/11\/18\/se-libra-sierra-norte-de-transcanada-suspende-gasoducto-puebla\/","url_meta":{"origin":29064,"position":0},"title":"Se libra Sierra Norte de TransCanada, suspende gasoducto (Puebla)","author":"grieta","date":"18 noviembre, 2018","format":false,"excerpt":"Municipios Puebla Por las mermas econ\u00f3micas que han generado las variaciones de las leyes de ingresos municipales y la resistencia de las comunidades inconformes con la construcci\u00f3n del gasoducto que impactar\u00eda en tres municipios de la Sierra Norte, la empresa TransCanada cancel\u00f3 la construcci\u00f3n del gasoducto Tuxpan-Tula, anunci\u00f3 esta semana.\u2026","rel":"","context":"En &quot;CINTILLO&quot;","block_context":{"text":"CINTILLO","link":"http:\/\/www.grieta.org.mx\/index.php\/category\/cintillo\/"},"img":{"alt_text":"","src":"https:\/\/i0.wp.com\/www.grieta.org.mx\/wp-content\/uploads\/2018\/11\/gasoducto_21.jpg?resize=350%2C200","width":350,"height":200,"srcset":"https:\/\/i0.wp.com\/www.grieta.org.mx\/wp-content\/uploads\/2018\/11\/gasoducto_21.jpg?resize=350%2C200 1x, https:\/\/i0.wp.com\/www.grieta.org.mx\/wp-content\/uploads\/2018\/11\/gasoducto_21.jpg?resize=525%2C300 1.5x, https:\/\/i0.wp.com\/www.grieta.org.mx\/wp-content\/uploads\/2018\/11\/gasoducto_21.jpg?resize=700%2C400 2x, https:\/\/i0.wp.com\/www.grieta.org.mx\/wp-content\/uploads\/2018\/11\/gasoducto_21.jpg?resize=1050%2C600 3x, https:\/\/i0.wp.com\/www.grieta.org.mx\/wp-content\/uploads\/2018\/11\/gasoducto_21.jpg?resize=1400%2C800 4x"},"classes":[]},{"id":38984,"url":"http:\/\/www.grieta.org.mx\/index.php\/2019\/09\/05\/gasoducto-tuxpan-tula-sigue-sin-un-futuro-definido-hidalgo-puebla-veracruz\/","url_meta":{"origin":29064,"position":1},"title":"Gasoducto Tuxpan-Tula sigue sin un futuro definido (Hidalgo, Puebla, Veracruz)","author":"Admin","date":"5 septiembre, 2019","format":false,"excerpt":"Aranzaz\u00fa Ayala Mart\u00ednez \/ Lado B El gasoducto Tuxpan-Tula es uno de los megaproyectos que s\u00ed se echar\u00e1n a andar de acuerdo con el anuncio del gobierno federal, pero los habitantes siguen en la incertidumbre de qu\u00e9 pasar\u00e1 exactamente. El 27 de agosto el presidente Andr\u00e9s Manuel L\u00f3pez Obrador anunci\u00f3\u2026","rel":"","context":"En &quot;26. Sierra Puebla&quot;","block_context":{"text":"26. Sierra Puebla","link":"http:\/\/www.grieta.org.mx\/index.php\/category\/espejos-de-la-resistencia\/26-sierra-puebla\/"},"img":{"alt_text":"","src":"https:\/\/i0.wp.com\/www.grieta.org.mx\/wp-content\/uploads\/2019\/09\/Transcanada-maqueta-725x483.jpg?resize=350%2C200","width":350,"height":200,"srcset":"https:\/\/i0.wp.com\/www.grieta.org.mx\/wp-content\/uploads\/2019\/09\/Transcanada-maqueta-725x483.jpg?resize=350%2C200 1x, https:\/\/i0.wp.com\/www.grieta.org.mx\/wp-content\/uploads\/2019\/09\/Transcanada-maqueta-725x483.jpg?resize=525%2C300 1.5x, https:\/\/i0.wp.com\/www.grieta.org.mx\/wp-content\/uploads\/2019\/09\/Transcanada-maqueta-725x483.jpg?resize=700%2C400 2x"},"classes":[]},{"id":38577,"url":"http:\/\/www.grieta.org.mx\/index.php\/2019\/08\/30\/piden-garantizar-derecho-de-consulta-en-comunidades-indigenas-ante-gasoductos-hidalgo\/","url_meta":{"origin":29064,"position":2},"title":"Piden garantizar derecho de consulta en comunidades ind\u00edgenas ante gasoductos (Hidalgo)","author":"Admin","date":"30 agosto, 2019","format":false,"excerpt":"Miriam Avil\u00e9s \/ AM El activista ambiental V\u00edctor Castillo P\u00e9rez, integrante del colectivo Ximh?i-Derechos Humanos para la Sierra Otom\u00ed-Tepehua, se\u00f1al\u00f3 que las transnacionales son las \u00fanicas que celebran el acuerdo entre la Comisi\u00f3n Federal de Electricidad (CFE) con la firma TransCanada para terminar la construcci\u00f3n del gasoducto Tuxpan-Tula. Lo anterior,\u2026","rel":"","context":"En &quot;CINTILLO&quot;","block_context":{"text":"CINTILLO","link":"http:\/\/www.grieta.org.mx\/index.php\/category\/cintillo\/"},"img":{"alt_text":"","src":"https:\/\/i0.wp.com\/www.grieta.org.mx\/wp-content\/uploads\/2019\/08\/Captura-de-pantalla-2019-08-31-19.40.49.png?resize=350%2C200","width":350,"height":200,"srcset":"https:\/\/i0.wp.com\/www.grieta.org.mx\/wp-content\/uploads\/2019\/08\/Captura-de-pantalla-2019-08-31-19.40.49.png?resize=350%2C200 1x, https:\/\/i0.wp.com\/www.grieta.org.mx\/wp-content\/uploads\/2019\/08\/Captura-de-pantalla-2019-08-31-19.40.49.png?resize=525%2C300 1.5x, https:\/\/i0.wp.com\/www.grieta.org.mx\/wp-content\/uploads\/2019\/08\/Captura-de-pantalla-2019-08-31-19.40.49.png?resize=700%2C400 2x"},"classes":[]},{"id":6967,"url":"http:\/\/www.grieta.org.mx\/index.php\/2015\/10\/15\/arranca-operaciones-en-2017-el-gasoducto-tuxpan-tula\/","url_meta":{"origin":29064,"position":3},"title":"Arranca operaciones en 2017 el gasoducto Tuxpan-Tula","author":"Admin","date":"15 octubre, 2015","format":false,"excerpt":"Ser\u00e1 en el a\u00f1o 2017 cuando entre en operaci\u00f3n el gasoducto Tuxpan-Tula, que atravesar\u00e1 el territorio de Veracruz, Puebla e Hidalgo, y para el cual el gobierno federal invertir\u00e1 400 millones de d\u00f3lares. El proyecto forma parte del Plan Quinquenal de Gasoductos 2015-2019 que prev\u00e9 la construcci\u00f3n y operaci\u00f3n de\u2026","rel":"","context":"En &quot;CINTILLO&quot;","block_context":{"text":"CINTILLO","link":"http:\/\/www.grieta.org.mx\/index.php\/category\/cintillo\/"},"img":{"alt_text":"","src":"https:\/\/i0.wp.com\/www.grieta.org.mx\/wp-content\/uploads\/2018\/03\/14524434_1106112876131411_958039263622046936_o.jpg?resize=350%2C200","width":350,"height":200,"srcset":"https:\/\/i0.wp.com\/www.grieta.org.mx\/wp-content\/uploads\/2018\/03\/14524434_1106112876131411_958039263622046936_o.jpg?resize=350%2C200 1x, https:\/\/i0.wp.com\/www.grieta.org.mx\/wp-content\/uploads\/2018\/03\/14524434_1106112876131411_958039263622046936_o.jpg?resize=525%2C300 1.5x, https:\/\/i0.wp.com\/www.grieta.org.mx\/wp-content\/uploads\/2018\/03\/14524434_1106112876131411_958039263622046936_o.jpg?resize=700%2C400 2x"},"classes":[]},{"id":28709,"url":"http:\/\/www.grieta.org.mx\/index.php\/2019\/01\/27\/el-gasoducto-tuxpan-tula-no-se-ha-cancelado-puebla-veracruz-hidalgo\/","url_meta":{"origin":29064,"position":4},"title":"El gasoducto Tuxpan-Tula no se ha cancelado (Puebla, Veracruz, Hidalgo)","author":"grieta","date":"27 enero, 2019","format":false,"excerpt":"Aranzaz\u00fa Ayala Mart\u00ednez \/ Lado B En noviembre del a\u00f1o pasado la empresa TransCanada anunci\u00f3 la suspensi\u00f3n de la pol\u00e9mica obra del gasoducto Tuxpan-Tula, la cual provoc\u00f3 rechazo de pobladores de los estados de Puebla e Hidalgo por su intromisi\u00f3n en las comunidades, amenazar a la biodiversidad y por una\u2026","rel":"","context":"En &quot;26. Sierra Puebla&quot;","block_context":{"text":"26. Sierra Puebla","link":"http:\/\/www.grieta.org.mx\/index.php\/category\/espejos-de-la-resistencia\/26-sierra-puebla\/"},"img":{"alt_text":"","src":"https:\/\/i0.wp.com\/www.grieta.org.mx\/wp-content\/uploads\/2019\/02\/Gasoducto-1-3.jpg?resize=350%2C200","width":350,"height":200,"srcset":"https:\/\/i0.wp.com\/www.grieta.org.mx\/wp-content\/uploads\/2019\/02\/Gasoducto-1-3.jpg?resize=350%2C200 1x, https:\/\/i0.wp.com\/www.grieta.org.mx\/wp-content\/uploads\/2019\/02\/Gasoducto-1-3.jpg?resize=525%2C300 1.5x, https:\/\/i0.wp.com\/www.grieta.org.mx\/wp-content\/uploads\/2019\/02\/Gasoducto-1-3.jpg?resize=700%2C400 2x"},"classes":[]},{"id":6958,"url":"http:\/\/www.grieta.org.mx\/index.php\/2015\/12\/01\/nuevo-gasoducto-tuxpan-tula-afectara-7-municipios-de-puebla\/","url_meta":{"origin":29064,"position":5},"title":"Nuevo gasoducto Tuxpan-Tula afectar\u00e1 7 municipios de Puebla","author":"Admin","date":"1 diciembre, 2015","format":false,"excerpt":"Leticia \u00c1nimas Vargas Se trata de Venustiano Carranza, Francisco Z. Mena, Jalpan, Tlaxco, Tlacuilotepec, Pahuatl\u00e1n y Honey Huauchinango, Pue.- M\u00e1s de 130 comunidades de Puebla, Hidalgo y Veracruz ser\u00e1n afectadas por la construcci\u00f3n del gasoducto Tuxpan-Tula que transportar\u00e1 886 millones de pies c\u00fabicos de gas diarios desde el sur de\u2026","rel":"","context":"En &quot;CINTILLO&quot;","block_context":{"text":"CINTILLO","link":"http:\/\/www.grieta.org.mx\/index.php\/category\/cintillo\/"},"img":{"alt_text":"","src":"https:\/\/i0.wp.com\/www.grieta.org.mx\/wp-content\/uploads\/2018\/03\/14524434_1106112876131411_958039263622046936_o.jpg?resize=350%2C200","width":350,"height":200,"srcset":"https:\/\/i0.wp.com\/www.grieta.org.mx\/wp-content\/uploads\/2018\/03\/14524434_1106112876131411_958039263622046936_o.jpg?resize=350%2C200 1x, https:\/\/i0.wp.com\/www.grieta.org.mx\/wp-content\/uploads\/2018\/03\/14524434_1106112876131411_958039263622046936_o.jpg?resize=525%2C300 1.5x, https:\/\/i0.wp.com\/www.grieta.org.mx\/wp-content\/uploads\/2018\/03\/14524434_1106112876131411_958039263622046936_o.jpg?resize=700%2C400 2x"},"classes":[]}],"_links":{"self":[{"href":"http:\/\/www.grieta.org.mx\/index.php\/wp-json\/wp\/v2\/posts\/29064","targetHints":{"allow":["GET"]}}],"collection":[{"href":"http:\/\/www.grieta.org.mx\/index.php\/wp-json\/wp\/v2\/posts"}],"about":[{"href":"http:\/\/www.grieta.org.mx\/index.php\/wp-json\/wp\/v2\/types\/post"}],"author":[{"embeddable":true,"href":"http:\/\/www.grieta.org.mx\/index.php\/wp-json\/wp\/v2\/users\/2"}],"replies":[{"embeddable":true,"href":"http:\/\/www.grieta.org.mx\/index.php\/wp-json\/wp\/v2\/comments?post=29064"}],"version-history":[{"count":1,"href":"http:\/\/www.grieta.org.mx\/index.php\/wp-json\/wp\/v2\/posts\/29064\/revisions"}],"predecessor-version":[{"id":29066,"href":"http:\/\/www.grieta.org.mx\/index.php\/wp-json\/wp\/v2\/posts\/29064\/revisions\/29066"}],"wp:featuredmedia":[{"embeddable":true,"href":"http:\/\/www.grieta.org.mx\/index.php\/wp-json\/wp\/v2\/media\/29065"}],"wp:attachment":[{"href":"http:\/\/www.grieta.org.mx\/index.php\/wp-json\/wp\/v2\/media?parent=29064"}],"wp:term":[{"taxonomy":"category","embeddable":true,"href":"http:\/\/www.grieta.org.mx\/index.php\/wp-json\/wp\/v2\/categories?post=29064"},{"taxonomy":"post_tag","embeddable":true,"href":"http:\/\/www.grieta.org.mx\/index.php\/wp-json\/wp\/v2\/tags?post=29064"}],"curies":[{"name":"wp","href":"https:\/\/api.w.org\/{rel}","templated":true}]}}