{"id":29046,"date":"2019-02-11T08:45:37","date_gmt":"2019-02-11T14:45:37","guid":{"rendered":"http:\/\/www.grieta.org.mx\/?p=29046"},"modified":"2019-02-17T09:38:47","modified_gmt":"2019-02-17T15:38:47","slug":"presa-milpillas-otro-proyecto-en-duda-expertos-y-pobladores-dicen-que-es-inviable-zacatecas","status":"publish","type":"post","link":"http:\/\/www.grieta.org.mx\/index.php\/2019\/02\/11\/presa-milpillas-otro-proyecto-en-duda-expertos-y-pobladores-dicen-que-es-inviable-zacatecas\/","title":{"rendered":"Presa Milpillas, otro proyecto en duda, expertos y pobladores dicen que es inviable (Zacatecas)"},"content":{"rendered":"<p><img loading=\"lazy\" decoding=\"async\" data-attachment-id=\"29047\" data-permalink=\"http:\/\/www.grieta.org.mx\/index.php\/2019\/02\/11\/presa-milpillas-otro-proyecto-en-duda-expertos-y-pobladores-dicen-que-es-inviable-zacatecas\/nedgto-111\/\" data-orig-file=\"http:\/\/www.grieta.org.mx\/wp-content\/uploads\/2019\/02\/nedgto-111.jpg\" data-orig-size=\"980,565\" data-comments-opened=\"0\" data-image-meta=\"{&quot;aperture&quot;:&quot;0&quot;,&quot;credit&quot;:&quot;&quot;,&quot;camera&quot;:&quot;&quot;,&quot;caption&quot;:&quot;&quot;,&quot;created_timestamp&quot;:&quot;0&quot;,&quot;copyright&quot;:&quot;&quot;,&quot;focal_length&quot;:&quot;0&quot;,&quot;iso&quot;:&quot;0&quot;,&quot;shutter_speed&quot;:&quot;0&quot;,&quot;title&quot;:&quot;&quot;,&quot;orientation&quot;:&quot;0&quot;}\" data-image-title=\"nedgto-111\" data-image-description=\"\" data-image-caption=\"\" data-medium-file=\"http:\/\/www.grieta.org.mx\/wp-content\/uploads\/2019\/02\/nedgto-111-300x173.jpg\" data-large-file=\"http:\/\/www.grieta.org.mx\/wp-content\/uploads\/2019\/02\/nedgto-111.jpg\" src=\"http:\/\/www.grieta.org.mx\/wp-content\/uploads\/2019\/02\/nedgto-111.jpg\" alt=\"\" width=\"980\" height=\"565\" class=\"aligncenter size-full wp-image-29047\" srcset=\"http:\/\/www.grieta.org.mx\/wp-content\/uploads\/2019\/02\/nedgto-111.jpg 980w, http:\/\/www.grieta.org.mx\/wp-content\/uploads\/2019\/02\/nedgto-111-300x173.jpg 300w, http:\/\/www.grieta.org.mx\/wp-content\/uploads\/2019\/02\/nedgto-111-768x443.jpg 768w, http:\/\/www.grieta.org.mx\/wp-content\/uploads\/2019\/02\/nedgto-111-867x500.jpg 867w\" sizes=\"auto, (max-width: 980px) 100vw, 980px\" \/><br \/>\nVanguardia MX.<\/p>\n<blockquote><p>Lo advierten investigadores nacionales y extranjeros de las escuelas de Estudios del Desarrollo y de Econom\u00eda, pertenecientes a la Universidad Aut\u00f3noma de Zacatecas (UAZ), as\u00ed como habitantes de la regi\u00f3n, despojar\u00eda de agua a decenas de comunidades rurales, beneficiando a mineras y a cervecera<\/p><\/blockquote>\n<p>Zacatecas, Zac. La construcci\u00f3n de la presa Milpillas y de un acueducto desde la sierra del municipio de Jim\u00e9nez del Te\u00fal hasta la zona metropolitana de esta capital no es un proyecto factible t\u00e9cnica, financiera ni socialmente, pues adem\u00e1s de despojar de agua a decenas de comunidades rurales ubicadas en los alrededores del r\u00edo Atenco, el costo anual del trasvase y bombeo del l\u00edquido a m\u00e1s de 160 kil\u00f3metros y casi 500 metros de altura superar\u00eda 350 millones de pesos.<\/p>\n<p>Advirtieron lo anterior investigadores nacionales y extranjeros de las escuelas de Estudios del Desarrollo y de Econom\u00eda, pertenecientes a la Universidad Aut\u00f3noma de Zacatecas (UAZ), as\u00ed como habitantes de la regi\u00f3n, durante el seminario La presa Milpillas y la crisis del agua en Zacatecas. El gobierno estatal ha pretendido edificar esa obra hidr\u00e1ulica desde 2015.<\/p>\n<p>Participaron adem\u00e1s especialistas del Observatorio de Conflictos Mineros del estado, la Red Mexicana de Afectados por la Miner\u00eda y del Movimiento en Defensa del Territorio del R\u00edo Atenco.<\/p>\n<p>De acuerdo con el estudio gubernamental de factibilidad, la presa ser\u00e1 construida sobre el r\u00edo Milpillas, a cinco kil\u00f3metros de la cabecera municipal de Jim\u00e9nez del Te\u00fal, al oeste de la capital de Zacatecas, cerca de la frontera con Durango. La altura de la cortina ser\u00e1 de 88 metros, su longitud de 100 metros y su capacidad de 60.58 millones de metros c\u00fabicos de agua.<\/p>\n<p>Asimismo, indic\u00f3 Darcy Teatreault, investigador de la UAZ, el acueducto tendr\u00eda un di\u00e1metro de 42 pulgadas y una extensi\u00f3n de 166 kil\u00f3metros para transportar el agua de la presa a la regi\u00f3n donde se conurban las cuatro principales ciudades de la entidad, y se deber\u00e1 bombear el agua de la presa Milpillas a una distancia vertical neta de 490 metros en su trayectoria a la capital del estado.<\/p>\n<p>Se calculan los costos energ\u00e9ticos asociados con este bombeo en 8.62 pesos por cada metro c\u00fabico. Si el acueducto mover\u00e1 41 millones de metros c\u00fabicos de agua al a\u00f1o hacia el centro del estado, entonces el costo anual promedio de operaci\u00f3n de la presa y del acueducto ser\u00e1 de 353.4 millones de pesos durante 50 a\u00f1os, sin contar costos de mantenimiento.<\/p>\n<p><img loading=\"lazy\" decoding=\"async\" data-attachment-id=\"29048\" data-permalink=\"http:\/\/www.grieta.org.mx\/index.php\/2019\/02\/11\/presa-milpillas-otro-proyecto-en-duda-expertos-y-pobladores-dicen-que-es-inviable-zacatecas\/dsds_0\/\" data-orig-file=\"http:\/\/www.grieta.org.mx\/wp-content\/uploads\/2019\/02\/dsds_0.jpg\" data-orig-size=\"980,653\" data-comments-opened=\"0\" data-image-meta=\"{&quot;aperture&quot;:&quot;0&quot;,&quot;credit&quot;:&quot;&quot;,&quot;camera&quot;:&quot;&quot;,&quot;caption&quot;:&quot;&quot;,&quot;created_timestamp&quot;:&quot;0&quot;,&quot;copyright&quot;:&quot;&quot;,&quot;focal_length&quot;:&quot;0&quot;,&quot;iso&quot;:&quot;0&quot;,&quot;shutter_speed&quot;:&quot;0&quot;,&quot;title&quot;:&quot;&quot;,&quot;orientation&quot;:&quot;0&quot;}\" data-image-title=\"dsds_0\" data-image-description=\"\" data-image-caption=\"\" data-medium-file=\"http:\/\/www.grieta.org.mx\/wp-content\/uploads\/2019\/02\/dsds_0-300x200.jpg\" data-large-file=\"http:\/\/www.grieta.org.mx\/wp-content\/uploads\/2019\/02\/dsds_0.jpg\" src=\"http:\/\/www.grieta.org.mx\/wp-content\/uploads\/2019\/02\/dsds_0.jpg\" alt=\"\" width=\"980\" height=\"653\" class=\"aligncenter size-full wp-image-29048\" srcset=\"http:\/\/www.grieta.org.mx\/wp-content\/uploads\/2019\/02\/dsds_0.jpg 980w, http:\/\/www.grieta.org.mx\/wp-content\/uploads\/2019\/02\/dsds_0-300x200.jpg 300w, http:\/\/www.grieta.org.mx\/wp-content\/uploads\/2019\/02\/dsds_0-768x512.jpg 768w, http:\/\/www.grieta.org.mx\/wp-content\/uploads\/2019\/02\/dsds_0-750x500.jpg 750w\" sizes=\"auto, (max-width: 980px) 100vw, 980px\" \/><\/p>\n<blockquote><p>En el trayecto estimado del acueducto, adem\u00e1s, hay al menos tres empresas mineras propiedad de Grupo Pe\u00f1oles y de Fresnillo PLC, que se beneficiar\u00edan con la presa Milpillas, pues podr\u00edan seguir sobrexplotando los acu\u00edferos de la regi\u00f3n sin la presi\u00f3n social por la falta de agua para las zonas urbanas.<\/p><\/blockquote>\n<p>Incluso, revel\u00f3 el acad\u00e9mico de origen canadiense, se sabe que la cervecer\u00eda Grupo Modelo est\u00e1 interesada en financiar en parte el proyecto hidr\u00e1ulico para beneficiarse del agua: Se espera que el financiamiento para el proyecto venga de los gobiernos federal y estatal, as\u00ed como del sector privado, incluso de Anheuser-Busch InBev.<\/p>\n<p>Efra\u00edn S\u00e1nchez, del ejido El Potrero, en Jim\u00e9nez del Te\u00fal, coment\u00f3 que la construcci\u00f3n es un capricho del gobierno, que quiere llenarse los bolsillos de dinero. No les importa lo que va a suceder, si la presa se construye, con toda la vida que hay en el cauce del r\u00edo, en cuyas orillas hay muchas comunidades que dependemos del agua para sembrar frijol, ma\u00edz, papa y fruta. Nosotros no estamos de acuerdo con esa megapresa, porque es la muerte.<\/p>\n<p>En su intervenci\u00f3n, el acad\u00e9mico Humberto M\u00e1rquez Covarrubias se\u00f1al\u00f3 que ahora se pretende argumentar que es necesaria la edificaci\u00f3n de una presa y un acueducto cuando hay suficientes evidencias de que no se han cuidado ni preservado las reservas de agua subterr\u00e1neas. Por lo contrario, se ha permitido que grandes trasnacionales sobrexploten los pozos.<\/p>\n<p>\u201cLas grandes mineras, as\u00ed como las cerveceras y las refresqueras, se han apropiado de los principales yacimientos acu\u00edferos. El criterio toral para la distribuci\u00f3n y el otorgamiento de las concesiones, m\u00e1s que el consumo humano, es una suerte de \u2018soberan\u00eda alimentaria corporativa\u2019\u201d, expuso.<\/p>\n<p>M\u00e1rquez Covarrubias afirm\u00f3 que Grupo Modelo \u2013establecido en el municipio de Calera, donde se encuentra el acu\u00edfero m\u00e1s explotado de Zacatecas, cuyo nivel disminuye un metro al a\u00f1o, en promedio, ha estado impulsando una reconversi\u00f3n productiva del campo, lo que ha llevado a campesinos de la regi\u00f3n a cultivar m\u00e1s de 52 mil hect\u00e1reas con cebada maltera para producir cerveza, en lugar de los cultivos tradicionales, ma\u00edz y frijol.<\/p>\n<p>Explic\u00f3 que es una pol\u00edtica de reconversi\u00f3n de cultivos que, con el respaldo del gobierno estatal, busca aprovisionarse de cebada maltera. De manera directa e indirecta, est\u00e1 reorientando los caudales de agua y las principales tierras de cultivo para la producci\u00f3n de cerveza de exportaci\u00f3n.<\/p>\n<p>De esta forma se produce un trasvase de agua de Zacatecas al extranjero, porque la mayor parte de la cerveza producida por Grupo Modelo es para exportaci\u00f3n a las principales ciudades de Europa, Estados Unidos y Asia.<br \/>\n<img loading=\"lazy\" decoding=\"async\" data-attachment-id=\"29049\" data-permalink=\"http:\/\/www.grieta.org.mx\/index.php\/2019\/02\/11\/presa-milpillas-otro-proyecto-en-duda-expertos-y-pobladores-dicen-que-es-inviable-zacatecas\/9aaaa\/\" data-orig-file=\"http:\/\/www.grieta.org.mx\/wp-content\/uploads\/2019\/02\/9aaaa.jpg\" data-orig-size=\"980,653\" data-comments-opened=\"0\" data-image-meta=\"{&quot;aperture&quot;:&quot;0&quot;,&quot;credit&quot;:&quot;&quot;,&quot;camera&quot;:&quot;&quot;,&quot;caption&quot;:&quot;&quot;,&quot;created_timestamp&quot;:&quot;0&quot;,&quot;copyright&quot;:&quot;&quot;,&quot;focal_length&quot;:&quot;0&quot;,&quot;iso&quot;:&quot;0&quot;,&quot;shutter_speed&quot;:&quot;0&quot;,&quot;title&quot;:&quot;&quot;,&quot;orientation&quot;:&quot;0&quot;}\" data-image-title=\"9aaaa\" data-image-description=\"\" data-image-caption=\"\" data-medium-file=\"http:\/\/www.grieta.org.mx\/wp-content\/uploads\/2019\/02\/9aaaa-300x200.jpg\" data-large-file=\"http:\/\/www.grieta.org.mx\/wp-content\/uploads\/2019\/02\/9aaaa.jpg\" src=\"http:\/\/www.grieta.org.mx\/wp-content\/uploads\/2019\/02\/9aaaa.jpg\" alt=\"\" width=\"980\" height=\"653\" class=\"aligncenter size-full wp-image-29049\" srcset=\"http:\/\/www.grieta.org.mx\/wp-content\/uploads\/2019\/02\/9aaaa.jpg 980w, http:\/\/www.grieta.org.mx\/wp-content\/uploads\/2019\/02\/9aaaa-300x200.jpg 300w, http:\/\/www.grieta.org.mx\/wp-content\/uploads\/2019\/02\/9aaaa-768x512.jpg 768w, http:\/\/www.grieta.org.mx\/wp-content\/uploads\/2019\/02\/9aaaa-750x500.jpg 750w\" sizes=\"auto, (max-width: 980px) 100vw, 980px\" \/><br \/>\n<strong>Cuestionan el argumento de suministro a ciudades<\/strong><br \/>\nLa investigadora estadunidense Cindy McCulligh habl\u00f3 que los acu\u00edferos de la regi\u00f3n centro de Zacatecas se encuentran sobrexplotados y no existen acciones efectivas para frenar o revertir esta tendencia.<\/p>\n<p>McCulligh mencion\u00f3 que Zacatecas es uno de los cinco estados del pa\u00eds con mayores d\u00e9ficit de agua subterr\u00e1nea, junto con Chihuahua, Guanajuato, Baja California y a la Ciudad de M\u00e9xico.<\/p>\n<p>La Comisi\u00f3n Nacional del Agua es la principal instancia involucrada en la corrupci\u00f3n en el manejo de aguas en el pa\u00eds, aunque no la \u00fanica; m\u00e1s bien es una corrupci\u00f3n institucionalizada, acus\u00f3 la experta.<\/p>\n<p>Por su parte, Darcy Teatreault cuestion\u00f3 los argumentos del gobierno de que el agua captada en la presa Milpillas \u2013cerca de 60 millones de metros c\u00fabicos\u2013 permitir\u00eda frenar el abatimiento de los acu\u00edferos en la zona conurbada de las ciudades de Fresnillo, Calera, Zacatecas y Guadalupe, donde viven m\u00e1s de 635 mil personas.<\/p>\n<p>Es una falacia. La justificaci\u00f3n del proyecto Milpillas se construye sobre arenas movedizas. No permitir\u00e1 que los acu\u00edferos de la regi\u00f3n centro del estado se recuperen de las altas tasas de sobrexplotaci\u00f3n.<\/p>\n<p><a href=\"https:\/\/vanguardia.com.mx\/articulo\/presa-milpillas-otro-proyecto-en-duda-expertos-y-pobladores-dicen-que-es-inviable\" rel=\"noopener\" target=\"_blank\">https:\/\/vanguardia.com.mx\/articulo\/presa-milpillas-otro-proyecto-en-duda-expertos-y-pobladores-dicen-que-es-inviable<\/a><\/p>\n","protected":false},"excerpt":{"rendered":"<p>Vanguardia MX. Lo advierten investigadores nacionales y extranjeros de las escuelas de Estudios del Desarrollo y de Econom\u00eda, pertenecientes a la Universidad Aut\u00f3noma de Zacatecas (UAZ), as\u00ed como habitantes de &hellip; <a href=\"http:\/\/www.grieta.org.mx\/index.php\/2019\/02\/11\/presa-milpillas-otro-proyecto-en-duda-expertos-y-pobladores-dicen-que-es-inviable-zacatecas\/\" class=\"more-link\">Leer m\u00e1s<\/a><\/p>\n","protected":false},"author":2,"featured_media":29047,"comment_status":"closed","ping_status":"closed","sticky":false,"template":"","format":"standard","meta":{"ngg_post_thumbnail":0,"_jetpack_newsletter_access":"","_jetpack_dont_email_post_to_subs":false,"_jetpack_newsletter_tier_id":0,"_jetpack_memberships_contains_paywalled_content":false,"_jetpack_memberships_contains_paid_content":false,"footnotes":""},"categories":[80,2,1107,76],"tags":[96,1014,155],"class_list":["post-29046","post","type-post","status-publish","format-standard","has-post-thumbnail","hentry","category-cintillo","category-noticias-nacionales","category-resistencia-contra-la-construccion-de-la-presa-milpillas","category-zacatecas","tag-megaproyectos","tag-presa-milpillas","tag-proyectos-hidricos","entry"],"jetpack_featured_media_url":"http:\/\/www.grieta.org.mx\/wp-content\/uploads\/2019\/02\/nedgto-111.jpg","jetpack_sharing_enabled":true,"jetpack_shortlink":"https:\/\/wp.me\/p7ZJR4-7yu","jetpack_likes_enabled":false,"jetpack-related-posts":[{"id":70975,"url":"http:\/\/www.grieta.org.mx\/index.php\/2025\/01\/30\/comunidades-de-zacatecas-denuncian-nuevas-presiones-para-imponer-la-presa-milpillas\/","url_meta":{"origin":29046,"position":0},"title":"Comunidades de Zacatecas denuncian nuevas presiones para imponer la Presa Milpillas","author":"grieta","date":"30 enero, 2025","format":false,"excerpt":"Organizaciones y pobladores del R\u00edo Atenco rechazan la reactivaci\u00f3n de la la Presa Milpillas, denuncian manipulaci\u00f3n y exigen respeto a su territorio. Por Mario Marlo \/ @Mariomarlo Zona Docs 30 de enero de 2025 Zacatecas, M\u00e9xico.- Las comunidades del R\u00edo Atenco, en Zacatecas, volvieron a encender las alertas ante la\u2026","rel":"","context":"En &quot;CINTILLO&quot;","block_context":{"text":"CINTILLO","link":"http:\/\/www.grieta.org.mx\/index.php\/category\/cintillo\/"},"img":{"alt_text":"","src":"https:\/\/i0.wp.com\/www.grieta.org.mx\/wp-content\/uploads\/2025\/02\/Teul-9-696x462-1.jpg?resize=350%2C200","width":350,"height":200,"srcset":"https:\/\/i0.wp.com\/www.grieta.org.mx\/wp-content\/uploads\/2025\/02\/Teul-9-696x462-1.jpg?resize=350%2C200 1x, https:\/\/i0.wp.com\/www.grieta.org.mx\/wp-content\/uploads\/2025\/02\/Teul-9-696x462-1.jpg?resize=525%2C300 1.5x"},"classes":[]},{"id":34681,"url":"http:\/\/www.grieta.org.mx\/index.php\/2019\/06\/12\/ong-y-pobladores-de-ocho-estados-respaldan-movimiento-contra-presa-milpillas-en-zacatecas\/","url_meta":{"origin":29046,"position":1},"title":"ONG y pobladores de ocho estados respaldan movimiento contra presa Milpillas en Zacatecas","author":"grieta","date":"12 junio, 2019","format":false,"excerpt":"Ver\u00f3nica Espinoza\/Proceso. ZACATECAS, Zac., (apro).- Representantes de pueblos y comunidades ind\u00edgenas y de organizaciones civiles defensoras del agua y territorio de ocho estados se reunieron el fin de semana en el ejido El Potrero del municipio de Jim\u00e9nez del Te\u00fal para respaldar la lucha del Movimiento en defensa del territorio\u2026","rel":"","context":"En &quot;CINTILLO&quot;","block_context":{"text":"CINTILLO","link":"http:\/\/www.grieta.org.mx\/index.php\/category\/cintillo\/"},"img":{"alt_text":"","src":"https:\/\/i0.wp.com\/www.grieta.org.mx\/wp-content\/uploads\/2019\/06\/EncuentroPueblosZac.jpg?resize=350%2C200","width":350,"height":200,"srcset":"https:\/\/i0.wp.com\/www.grieta.org.mx\/wp-content\/uploads\/2019\/06\/EncuentroPueblosZac.jpg?resize=350%2C200 1x, https:\/\/i0.wp.com\/www.grieta.org.mx\/wp-content\/uploads\/2019\/06\/EncuentroPueblosZac.jpg?resize=525%2C300 1.5x, https:\/\/i0.wp.com\/www.grieta.org.mx\/wp-content\/uploads\/2019\/06\/EncuentroPueblosZac.jpg?resize=700%2C400 2x"},"classes":[]},{"id":21843,"url":"http:\/\/www.grieta.org.mx\/index.php\/2015\/12\/06\/construccion-de-presa-milpillas-no-abate-el-problema-del-agua-zacatecas\/","url_meta":{"origin":29046,"position":2},"title":"Construcci\u00f3n de presa Milpillas no abate el problema del agua (Zacatecas)","author":"grieta","date":"6 diciembre, 2015","format":false,"excerpt":"Emilia Pesci\/NTR Zacatecas Zacatecas.- Existen \u201cincentivos perversos detr\u00e1s de los planes para construir la presa Milpillas en el municipio de Jim\u00e9nez del Te\u00fal\u201d, afirm\u00f3 Darcy Tretault, investigador de la Unidad Acad\u00e9mica de Estudios del Desarrollo de la Universidad Aut\u00f3noma de Zacatecas (UAZ). El acad\u00e9mico asever\u00f3 que las justificaciones del proyecto\u2026","rel":"","context":"En &quot;CINTILLO&quot;","block_context":{"text":"CINTILLO","link":"http:\/\/www.grieta.org.mx\/index.php\/category\/cintillo\/"},"img":{"alt_text":"","src":"https:\/\/i0.wp.com\/www.grieta.org.mx\/wp-content\/uploads\/2018\/03\/14524434_1106112876131411_958039263622046936_o.jpg?resize=350%2C200","width":350,"height":200,"srcset":"https:\/\/i0.wp.com\/www.grieta.org.mx\/wp-content\/uploads\/2018\/03\/14524434_1106112876131411_958039263622046936_o.jpg?resize=350%2C200 1x, https:\/\/i0.wp.com\/www.grieta.org.mx\/wp-content\/uploads\/2018\/03\/14524434_1106112876131411_958039263622046936_o.jpg?resize=525%2C300 1.5x, https:\/\/i0.wp.com\/www.grieta.org.mx\/wp-content\/uploads\/2018\/03\/14524434_1106112876131411_958039263622046936_o.jpg?resize=700%2C400 2x"},"classes":[]},{"id":32998,"url":"http:\/\/www.grieta.org.mx\/index.php\/2019\/04\/30\/la-rema-denuncia-criminalizacion-de-ejidatarias-zacatecanas-que-se-oponen-a-la-presa-milpillas\/","url_meta":{"origin":29046,"position":3},"title":"La Rema denuncia criminalizaci\u00f3n de ejidatarias zacatecanas que se oponen a la presa Milpillas","author":"grieta","date":"30 abril, 2019","format":false,"excerpt":"Redacci\u00f3n\/Proceso ZACATECAS, Zac., (apro).- La Red Mexicana de Afectados por la Miner\u00eda (REMA) y el Movimiento en Defensa del Territorio y Del R\u00edo Atenco, acusaron a las autoridades estatales de Zacatecas de criminalizar a las mujeres ejidatarias que luchan por no llevar a cabo la construcci\u00f3n de la Presa Milpillas,\u2026","rel":"","context":"En &quot;CINTILLO&quot;","block_context":{"text":"CINTILLO","link":"http:\/\/www.grieta.org.mx\/index.php\/category\/cintillo\/"},"img":{"alt_text":"","src":"https:\/\/i0.wp.com\/www.grieta.org.mx\/wp-content\/uploads\/2019\/05\/Atotonilco-1078x671.jpg?resize=350%2C200","width":350,"height":200,"srcset":"https:\/\/i0.wp.com\/www.grieta.org.mx\/wp-content\/uploads\/2019\/05\/Atotonilco-1078x671.jpg?resize=350%2C200 1x, https:\/\/i0.wp.com\/www.grieta.org.mx\/wp-content\/uploads\/2019\/05\/Atotonilco-1078x671.jpg?resize=525%2C300 1.5x, https:\/\/i0.wp.com\/www.grieta.org.mx\/wp-content\/uploads\/2019\/05\/Atotonilco-1078x671.jpg?resize=700%2C400 2x, https:\/\/i0.wp.com\/www.grieta.org.mx\/wp-content\/uploads\/2019\/05\/Atotonilco-1078x671.jpg?resize=1050%2C600 3x"},"classes":[]},{"id":32999,"url":"http:\/\/www.grieta.org.mx\/index.php\/2019\/04\/30\/por-oponerse-a-la-presa-milpillas-mujeres-son-acusadas-de-secuestro-zacatecas\/","url_meta":{"origin":29046,"position":4},"title":"Por oponerse a la Presa Milpillas mujeres son acusadas de secuestro (Zacatecas)","author":"grieta","date":"30 abril, 2019","format":false,"excerpt":"Redacci\u00f3n\/Somos el medio Mujeres del Ejido Atotonilco son acusadas de secuestro por el gobierno de Zacatecas, al oponerse a la construcci\u00f3n de la Presa Milpillas La Red Mexicana de Afectados por la Miner\u00eda (REMA), denunci\u00f3 mediante un comunicado, al gobierno de Zacatecas de pretender criminalizar a las mujeres que forman\u2026","rel":"","context":"En &quot;CINTILLO&quot;","block_context":{"text":"CINTILLO","link":"http:\/\/www.grieta.org.mx\/index.php\/category\/cintillo\/"},"img":{"alt_text":"","src":"https:\/\/i0.wp.com\/www.grieta.org.mx\/wp-content\/uploads\/2019\/05\/milpill.jpg?resize=350%2C200","width":350,"height":200,"srcset":"https:\/\/i0.wp.com\/www.grieta.org.mx\/wp-content\/uploads\/2019\/05\/milpill.jpg?resize=350%2C200 1x, https:\/\/i0.wp.com\/www.grieta.org.mx\/wp-content\/uploads\/2019\/05\/milpill.jpg?resize=525%2C300 1.5x"},"classes":[]},{"id":29621,"url":"http:\/\/www.grieta.org.mx\/index.php\/2019\/02\/23\/la-presa-milpillas-amenaza-la-propiedad-ejidal-en-zacatecas\/","url_meta":{"origin":29046,"position":5},"title":"La presa Milpillas amenaza la propiedad ejidal en Zacatecas","author":"grieta","date":"23 febrero, 2019","format":false,"excerpt":"GUADALUPE ESPINOZA SAUCEDA\/Contral\u00ednea. En el Foro sobre la presa Milpillas, organizado en la Facultad de Econom\u00eda de la Universidad Aut\u00f3noma de Zacatecas, durante los d\u00edas 6 y 7 de febrero de este a\u00f1o en la capital del estado de Zacatecas, participaron las comunidades afectadas por el proyecto hidr\u00e1ulico y su\u2026","rel":"","context":"En &quot;CINTILLO&quot;","block_context":{"text":"CINTILLO","link":"http:\/\/www.grieta.org.mx\/index.php\/category\/cintillo\/"},"img":{"alt_text":"","src":"https:\/\/i0.wp.com\/www.grieta.org.mx\/wp-content\/uploads\/2019\/02\/1-Edgar-Chavez-Cuartoscuro.jpg?resize=350%2C200","width":350,"height":200,"srcset":"https:\/\/i0.wp.com\/www.grieta.org.mx\/wp-content\/uploads\/2019\/02\/1-Edgar-Chavez-Cuartoscuro.jpg?resize=350%2C200 1x, https:\/\/i0.wp.com\/www.grieta.org.mx\/wp-content\/uploads\/2019\/02\/1-Edgar-Chavez-Cuartoscuro.jpg?resize=525%2C300 1.5x"},"classes":[]}],"_links":{"self":[{"href":"http:\/\/www.grieta.org.mx\/index.php\/wp-json\/wp\/v2\/posts\/29046","targetHints":{"allow":["GET"]}}],"collection":[{"href":"http:\/\/www.grieta.org.mx\/index.php\/wp-json\/wp\/v2\/posts"}],"about":[{"href":"http:\/\/www.grieta.org.mx\/index.php\/wp-json\/wp\/v2\/types\/post"}],"author":[{"embeddable":true,"href":"http:\/\/www.grieta.org.mx\/index.php\/wp-json\/wp\/v2\/users\/2"}],"replies":[{"embeddable":true,"href":"http:\/\/www.grieta.org.mx\/index.php\/wp-json\/wp\/v2\/comments?post=29046"}],"version-history":[{"count":1,"href":"http:\/\/www.grieta.org.mx\/index.php\/wp-json\/wp\/v2\/posts\/29046\/revisions"}],"predecessor-version":[{"id":29050,"href":"http:\/\/www.grieta.org.mx\/index.php\/wp-json\/wp\/v2\/posts\/29046\/revisions\/29050"}],"wp:featuredmedia":[{"embeddable":true,"href":"http:\/\/www.grieta.org.mx\/index.php\/wp-json\/wp\/v2\/media\/29047"}],"wp:attachment":[{"href":"http:\/\/www.grieta.org.mx\/index.php\/wp-json\/wp\/v2\/media?parent=29046"}],"wp:term":[{"taxonomy":"category","embeddable":true,"href":"http:\/\/www.grieta.org.mx\/index.php\/wp-json\/wp\/v2\/categories?post=29046"},{"taxonomy":"post_tag","embeddable":true,"href":"http:\/\/www.grieta.org.mx\/index.php\/wp-json\/wp\/v2\/tags?post=29046"}],"curies":[{"name":"wp","href":"https:\/\/api.w.org\/{rel}","templated":true}]}}