{"id":29005,"date":"2019-02-09T19:22:36","date_gmt":"2019-02-10T01:22:36","guid":{"rendered":"http:\/\/www.grieta.org.mx\/?p=29005"},"modified":"2019-02-14T19:35:27","modified_gmt":"2019-02-15T01:35:27","slug":"asesinan-al-periodista-jesus-ramos-rodriguez-en-tabasco","status":"publish","type":"post","link":"http:\/\/www.grieta.org.mx\/index.php\/2019\/02\/09\/asesinan-al-periodista-jesus-ramos-rodriguez-en-tabasco\/","title":{"rendered":"Asesinan al periodista Jes\u00fas Ramos Rodr\u00edguez en Tabasco"},"content":{"rendered":"<p><img loading=\"lazy\" decoding=\"async\" data-attachment-id=\"29006\" data-permalink=\"http:\/\/www.grieta.org.mx\/index.php\/2019\/02\/09\/asesinan-al-periodista-jesus-ramos-rodriguez-en-tabasco\/attachment\/2095995\/\" data-orig-file=\"http:\/\/www.grieta.org.mx\/wp-content\/uploads\/2019\/02\/2095995.jpg\" data-orig-size=\"664,498\" data-comments-opened=\"0\" data-image-meta=\"{&quot;aperture&quot;:&quot;0&quot;,&quot;credit&quot;:&quot;&quot;,&quot;camera&quot;:&quot;&quot;,&quot;caption&quot;:&quot;&quot;,&quot;created_timestamp&quot;:&quot;0&quot;,&quot;copyright&quot;:&quot;&quot;,&quot;focal_length&quot;:&quot;0&quot;,&quot;iso&quot;:&quot;0&quot;,&quot;shutter_speed&quot;:&quot;0&quot;,&quot;title&quot;:&quot;&quot;,&quot;orientation&quot;:&quot;0&quot;}\" data-image-title=\"2095995\" data-image-description=\"\" data-image-caption=\"\" data-medium-file=\"http:\/\/www.grieta.org.mx\/wp-content\/uploads\/2019\/02\/2095995-300x225.jpg\" data-large-file=\"http:\/\/www.grieta.org.mx\/wp-content\/uploads\/2019\/02\/2095995.jpg\" src=\"http:\/\/www.grieta.org.mx\/wp-content\/uploads\/2019\/02\/2095995-300x225.jpg\" alt=\"\" width=\"300\" height=\"225\" class=\"aligncenter size-medium wp-image-29006\" srcset=\"http:\/\/www.grieta.org.mx\/wp-content\/uploads\/2019\/02\/2095995-300x225.jpg 300w, http:\/\/www.grieta.org.mx\/wp-content\/uploads\/2019\/02\/2095995.jpg 664w\" sizes=\"auto, (max-width: 300px) 100vw, 300px\" \/><\/p>\n<p>Redacci\u00f3n\/ADN Pol\u00edtico<br \/>\nVillahermosa, TABASCO.- El periodista y locutor de radio Jes\u00fas &#8220;Chuch\u00edn&#8221; Ramos Rodr\u00edguez fue asesinado este s\u00e1bado en Tabasco, informaron fuentes oficiales.<\/p>\n<p>El crimen fue cometido por un hombre no identificado cuando el periodista estaba desayunando en un hotel del municipio de Emiliano Zapata, localidad en la frontera entre Tabasco y Chiapas.<\/p>\n<p>&#8220;Era un periodista de mucho prestigio con un programa de mucha tradici\u00f3n. Lamentamos mucho su p\u00e9rdida. Por otra parte, se est\u00e1n haciendo las indagaciones correspondientes&#8221;, indic\u00f3 este s\u00e1bado el gobernador Ad\u00e1n Augusto L\u00f3pez durante un evento p\u00fablico.<\/p>\n<p>Jes\u00fas Ramos Rodr\u00edguez era titular del programa radiof\u00f3nico &#8220;Nuestra regi\u00f3n hoy&#8221; que se emite en la estaci\u00f3n &#8220;Oye 99.9 de FM&#8221;.<\/p>\n<p>Testigos refieren que el comunicador lleg\u00f3 a desayunar a un restaurante con varios funcionarios cuando repentinamente fue atacado a balazos por un sujeto que descendi\u00f3 de un veh\u00edculo.<\/p>\n<p>El sujeto armado se dirigi\u00f3 directamente a Ramos Rodr\u00edguez y le dispar\u00f3 a quemarropa para luego darse a la fuga.<\/p>\n<p>El secretario de Gobierno de Tabasco, Marcos Rosendo Medina Filigrana, asegur\u00f3 que ya est\u00e1n investigando el caso y las dependencias de seguridad ya buscan a los responsables del crimen.<\/p>\n<p>&#8220;Es una situaci\u00f3n que lastima y duele&#8221;, asever\u00f3 a los medios.<\/p>\n<p>Recomendamos: Organizaci\u00f3n pide a AMLO esclarecer muertes de periodistas<\/p>\n<p>Las autoridades acordonaron la escena del crimen y la Fiscal\u00eda General del Estado realiza las investigaciones correspondientes.<\/p>\n<p>M\u00e9xico es considerado uno de los pa\u00edses m\u00e1s violentos para el ejercicio del periodismo.<\/p>\n<p>Durante el pasado sexenio del presidente Enrique Pe\u00f1a Nieto se produjeron 47 asesinatos de periodistas.<\/p>\n<p>En el mandato de Andr\u00e9s Manuel L\u00f3pez Obrador, que arranc\u00f3 el pasado 1 de diciembre, han sido asesinados, contando a este locutor de Tabasco, cuatro periodistas.<\/p>\n<p><a href=\"https:\/\/adnpolitico.com\/mexico\/2019\/02\/09\/asesinan-al-periodista-jesus-ramos-rodriguez-en-tabasco\" rel=\"noopener\" target=\"_blank\">https:\/\/adnpolitico.com\/mexico\/2019\/02\/09\/asesinan-al-periodista-jesus-ramos-rodriguez-en-tabasco<\/a><\/p>\n","protected":false},"excerpt":{"rendered":"<p>Redacci\u00f3n\/ADN Pol\u00edtico Villahermosa, TABASCO.- El periodista y locutor de radio Jes\u00fas &#8220;Chuch\u00edn&#8221; Ramos Rodr\u00edguez fue asesinado este s\u00e1bado en Tabasco, informaron fuentes oficiales. El crimen fue cometido por un hombre &hellip; <a href=\"http:\/\/www.grieta.org.mx\/index.php\/2019\/02\/09\/asesinan-al-periodista-jesus-ramos-rodriguez-en-tabasco\/\" class=\"more-link\">Leer m\u00e1s<\/a><\/p>\n","protected":false},"author":2,"featured_media":29006,"comment_status":"closed","ping_status":"closed","sticky":false,"template":"","format":"standard","meta":{"ngg_post_thumbnail":0,"_jetpack_newsletter_access":"","_jetpack_dont_email_post_to_subs":false,"_jetpack_newsletter_tier_id":0,"_jetpack_memberships_contains_paywalled_content":false,"_jetpack_memberships_contains_paid_content":false,"footnotes":""},"categories":[80,2,32,83,88,1263],"tags":[120],"class_list":["post-29005","post","type-post","status-publish","format-standard","has-post-thumbnail","hentry","category-cintillo","category-noticias-nacionales","category-tabasco","category-temas-nacionales","category-violencia-contra-periodistas","category-violencia-contra-periodistas-en-tabasco","tag-violencia-contra-periodistas","entry"],"jetpack_featured_media_url":"http:\/\/www.grieta.org.mx\/wp-content\/uploads\/2019\/02\/2095995.jpg","jetpack_sharing_enabled":true,"jetpack_shortlink":"https:\/\/wp.me\/p7ZJR4-7xP","jetpack_likes_enabled":false,"jetpack-related-posts":[{"id":6279,"url":"http:\/\/www.grieta.org.mx\/index.php\/2016\/02\/23\/violencia-contra-periodistas-en-tabasco\/","url_meta":{"origin":29005,"position":0},"title":"Violencia contra periodistas en Tabasco","author":"grieta","date":"23 febrero, 2016","format":false,"excerpt":"23\/02\/16. Asesinan a locutor de radio en TabascoVoces 11\/02\/16. La violencia en contra de periodistas sigue: un reportero de Tabasco es agredido en su casaSin Embargo 02\/10\/15. Tabasco, una zona del silencio m\u00e1s en M\u00e9xico por impunidad ante cr\u00edmenes contra periodistas: CDPP\u00e1gina 3 25\/09\/15. Se investigan muertes de periodistas en\u2026","rel":"","context":"En &quot;NOTICIAS NACIONALES&quot;","block_context":{"text":"NOTICIAS NACIONALES","link":"http:\/\/www.grieta.org.mx\/index.php\/category\/noticias-nacionales\/"},"img":{"alt_text":"","src":"https:\/\/i0.wp.com\/www.grieta.org.mx\/wp-content\/uploads\/2018\/03\/14524434_1106112876131411_958039263622046936_o.jpg?resize=350%2C200","width":350,"height":200,"srcset":"https:\/\/i0.wp.com\/www.grieta.org.mx\/wp-content\/uploads\/2018\/03\/14524434_1106112876131411_958039263622046936_o.jpg?resize=350%2C200 1x, https:\/\/i0.wp.com\/www.grieta.org.mx\/wp-content\/uploads\/2018\/03\/14524434_1106112876131411_958039263622046936_o.jpg?resize=525%2C300 1.5x, https:\/\/i0.wp.com\/www.grieta.org.mx\/wp-content\/uploads\/2018\/03\/14524434_1106112876131411_958039263622046936_o.jpg?resize=700%2C400 2x"},"classes":[]},{"id":23228,"url":"http:\/\/www.grieta.org.mx\/index.php\/2018\/05\/15\/ejecutan-al-periodista-juan-carlos-huerta-tabasco\/","url_meta":{"origin":29005,"position":1},"title":"Ejecutan al periodista Juan Carlos Huerta (Tabasco)","author":"grieta","date":"15 mayo, 2018","format":false,"excerpt":"Redacci\u00f3n\/Tabasco Hoy Una movilizaci\u00f3n polic\u00edaca en fraccionamiento Flor del Tr\u00f3pico se dio esta ma\u00f1ana por el asesinato del periodista Juan Carlos Huerta. De acuerdo a los primeros reportes, Juan Carlos Huerta iba saliendo del fraccionamiento en su veh\u00edculo, un BMW color gris placas WUB-9999, cuando sujetos que arribaron en una\u2026","rel":"","context":"En &quot;CINTILLO&quot;","block_context":{"text":"CINTILLO","link":"http:\/\/www.grieta.org.mx\/index.php\/category\/cintillo\/"},"img":{"alt_text":"","src":"https:\/\/i0.wp.com\/www.grieta.org.mx\/wp-content\/uploads\/2018\/05\/439683_grande_77f9Xd1w-1.jpg?resize=350%2C200","width":350,"height":200,"srcset":"https:\/\/i0.wp.com\/www.grieta.org.mx\/wp-content\/uploads\/2018\/05\/439683_grande_77f9Xd1w-1.jpg?resize=350%2C200 1x, https:\/\/i0.wp.com\/www.grieta.org.mx\/wp-content\/uploads\/2018\/05\/439683_grande_77f9Xd1w-1.jpg?resize=525%2C300 1.5x, https:\/\/i0.wp.com\/www.grieta.org.mx\/wp-content\/uploads\/2018\/05\/439683_grande_77f9Xd1w-1.jpg?resize=700%2C400 2x"},"classes":[]},{"id":70912,"url":"http:\/\/www.grieta.org.mx\/index.php\/2025\/01\/25\/hallan-sin-vida-a-periodista-y-catedratico-alejandro-gallegos-tabasco\/","url_meta":{"origin":29005,"position":2},"title":"Hallan sin vida a periodista y catedr\u00e1tico Alejandro Gallegos (Tabasco)","author":"grieta","date":"25 enero, 2025","format":false,"excerpt":"El Heraldo de Tabasco Alejandro Gallegos Le\u00f3n estaba desaparecido desde la tarde del viernes 24 de enero en el municipio de Centro Luego de ser reportado como desaparecido, este s\u00e1bado 25 de enero fue localizado sin vida el catedr\u00e1tico y periodista Alejandro Gallegos Le\u00f3n dentro de cultivos de ma\u00edz del\u2026","rel":"","context":"En &quot;CINTILLO&quot;","block_context":{"text":"CINTILLO","link":"http:\/\/www.grieta.org.mx\/index.php\/category\/cintillo\/"},"img":{"alt_text":"","src":"https:\/\/i0.wp.com\/www.grieta.org.mx\/wp-content\/uploads\/2025\/01\/Periodista-e1738109186795.jpg?resize=350%2C200","width":350,"height":200,"srcset":"https:\/\/i0.wp.com\/www.grieta.org.mx\/wp-content\/uploads\/2025\/01\/Periodista-e1738109186795.jpg?resize=350%2C200 1x, https:\/\/i0.wp.com\/www.grieta.org.mx\/wp-content\/uploads\/2025\/01\/Periodista-e1738109186795.jpg?resize=525%2C300 1.5x, https:\/\/i0.wp.com\/www.grieta.org.mx\/wp-content\/uploads\/2025\/01\/Periodista-e1738109186795.jpg?resize=700%2C400 2x"},"classes":[]},{"id":37155,"url":"http:\/\/www.grieta.org.mx\/index.php\/2019\/06\/12\/asesinada-la-periodista-norma-sarabia-en-el-estado-mexicano-de-tabasco\/","url_meta":{"origin":29005,"position":3},"title":"Asesinada la periodista Norma Sarabia en el Estado mexicano de Tabasco","author":"grieta","date":"12 junio, 2019","format":false,"excerpt":"V. U.\/El Pa\u00eds Sarabia, corresponsal del diario 'Tabasco hoy' en Huimanguillo, ha recibido varios disparos en la puerta de su casa M\u00e9xico suma ya seis periodistas asesinados en lo que va de 2019. La reportera Norma Sarabia ha fallecido este martes tras ser tiroteada en la puerta de su casa\u2026","rel":"","context":"En &quot;CINTILLO&quot;","block_context":{"text":"CINTILLO","link":"http:\/\/www.grieta.org.mx\/index.php\/category\/cintillo\/"},"img":{"alt_text":"","src":"https:\/\/i0.wp.com\/www.grieta.org.mx\/wp-content\/uploads\/2019\/07\/1560314858_853856_1560315974_noticia_normal_recorte1-e1564453213666.jpg?resize=350%2C200","width":350,"height":200,"srcset":"https:\/\/i0.wp.com\/www.grieta.org.mx\/wp-content\/uploads\/2019\/07\/1560314858_853856_1560315974_noticia_normal_recorte1-e1564453213666.jpg?resize=350%2C200 1x, https:\/\/i0.wp.com\/www.grieta.org.mx\/wp-content\/uploads\/2019\/07\/1560314858_853856_1560315974_noticia_normal_recorte1-e1564453213666.jpg?resize=525%2C300 1.5x, https:\/\/i0.wp.com\/www.grieta.org.mx\/wp-content\/uploads\/2019\/07\/1560314858_853856_1560315974_noticia_normal_recorte1-e1564453213666.jpg?resize=700%2C400 2x"},"classes":[]},{"id":23231,"url":"http:\/\/www.grieta.org.mx\/index.php\/2018\/05\/15\/otro-periodista-asesinado-ejecutan-a-juan-carlos-huerta-en-tabasco-2\/","url_meta":{"origin":29005,"position":4},"title":"OTRO PERIODISTA ASESINADO: EJECUTAN A JUAN CARLOS HUERTA EN TABASCO","author":"grieta","date":"15 mayo, 2018","format":false,"excerpt":"J. de Jes\u00fas Lemus, Reporte Indigo Apenas el pasado mes de diciembre este comunicador fue reconocido en su labor profesional por el Senado de la Rep\u00fablica, en donde recibi\u00f3 el Premio Nacional de Locuci\u00f3n 2017 en el g\u00e9nero de noticias, el que otorga la Asociaci\u00f3n Nacional de Locutores El periodista\u2026","rel":"","context":"En &quot;CINTILLO&quot;","block_context":{"text":"CINTILLO","link":"http:\/\/www.grieta.org.mx\/index.php\/category\/cintillo\/"},"img":{"alt_text":"","src":"https:\/\/i0.wp.com\/www.grieta.org.mx\/wp-content\/uploads\/2018\/05\/asesinan-al-periodista-juan-carlos-huerta-1024x598-1.jpg?resize=350%2C200","width":350,"height":200,"srcset":"https:\/\/i0.wp.com\/www.grieta.org.mx\/wp-content\/uploads\/2018\/05\/asesinan-al-periodista-juan-carlos-huerta-1024x598-1.jpg?resize=350%2C200 1x, https:\/\/i0.wp.com\/www.grieta.org.mx\/wp-content\/uploads\/2018\/05\/asesinan-al-periodista-juan-carlos-huerta-1024x598-1.jpg?resize=525%2C300 1.5x, https:\/\/i0.wp.com\/www.grieta.org.mx\/wp-content\/uploads\/2018\/05\/asesinan-al-periodista-juan-carlos-huerta-1024x598-1.jpg?resize=700%2C400 2x"},"classes":[]},{"id":30869,"url":"http:\/\/www.grieta.org.mx\/index.php\/2019\/03\/18\/comunicadores-de-sinaloa-protestan-por-asesinato-del-periodista-santiago-barroso-alfaro\/","url_meta":{"origin":29005,"position":5},"title":"Comunicadores de Sinaloa protestan por asesinato del periodista Santiago Barroso Alfaro","author":"grieta","date":"18 marzo, 2019","format":false,"excerpt":"FOTO: Javier Cabrera\/EL UNIVERSAL Durante la manifestaci\u00f3n recordaron los casos sin resolver de Javier Valdez C\u00e1rdenas, Humberto Mill\u00e1n Salazar, Rafael Mur\u00faa Manriquez y Jes\u00fas Ramos Rodr\u00edguez Javier Cabrera Mart\u00ednez\/EL UNIVERSAL Culiac\u00e1n.- Comunicadores de medios impresos, televisivos y electr\u00f3nicos protestaron en el exterior del atrio de catedral para que se esclarezca\u2026","rel":"","context":"En &quot;CINTILLO&quot;","block_context":{"text":"CINTILLO","link":"http:\/\/www.grieta.org.mx\/index.php\/category\/cintillo\/"},"img":{"alt_text":"","src":"https:\/\/i0.wp.com\/www.grieta.org.mx\/wp-content\/uploads\/2019\/03\/periodistas-culichis.jpg?resize=350%2C200","width":350,"height":200,"srcset":"https:\/\/i0.wp.com\/www.grieta.org.mx\/wp-content\/uploads\/2019\/03\/periodistas-culichis.jpg?resize=350%2C200 1x, https:\/\/i0.wp.com\/www.grieta.org.mx\/wp-content\/uploads\/2019\/03\/periodistas-culichis.jpg?resize=525%2C300 1.5x"},"classes":[]}],"_links":{"self":[{"href":"http:\/\/www.grieta.org.mx\/index.php\/wp-json\/wp\/v2\/posts\/29005","targetHints":{"allow":["GET"]}}],"collection":[{"href":"http:\/\/www.grieta.org.mx\/index.php\/wp-json\/wp\/v2\/posts"}],"about":[{"href":"http:\/\/www.grieta.org.mx\/index.php\/wp-json\/wp\/v2\/types\/post"}],"author":[{"embeddable":true,"href":"http:\/\/www.grieta.org.mx\/index.php\/wp-json\/wp\/v2\/users\/2"}],"replies":[{"embeddable":true,"href":"http:\/\/www.grieta.org.mx\/index.php\/wp-json\/wp\/v2\/comments?post=29005"}],"version-history":[{"count":1,"href":"http:\/\/www.grieta.org.mx\/index.php\/wp-json\/wp\/v2\/posts\/29005\/revisions"}],"predecessor-version":[{"id":29007,"href":"http:\/\/www.grieta.org.mx\/index.php\/wp-json\/wp\/v2\/posts\/29005\/revisions\/29007"}],"wp:featuredmedia":[{"embeddable":true,"href":"http:\/\/www.grieta.org.mx\/index.php\/wp-json\/wp\/v2\/media\/29006"}],"wp:attachment":[{"href":"http:\/\/www.grieta.org.mx\/index.php\/wp-json\/wp\/v2\/media?parent=29005"}],"wp:term":[{"taxonomy":"category","embeddable":true,"href":"http:\/\/www.grieta.org.mx\/index.php\/wp-json\/wp\/v2\/categories?post=29005"},{"taxonomy":"post_tag","embeddable":true,"href":"http:\/\/www.grieta.org.mx\/index.php\/wp-json\/wp\/v2\/tags?post=29005"}],"curies":[{"name":"wp","href":"https:\/\/api.w.org\/{rel}","templated":true}]}}