{"id":28990,"date":"2019-02-06T15:01:30","date_gmt":"2019-02-06T21:01:30","guid":{"rendered":"http:\/\/www.grieta.org.mx\/?p=28990"},"modified":"2019-02-14T15:14:21","modified_gmt":"2019-02-14T21:14:21","slug":"enrique-alfaro-esta-obligado-a-tolerar-el-escrutinio-publico-article-19-jalisco","status":"publish","type":"post","link":"http:\/\/www.grieta.org.mx\/index.php\/2019\/02\/06\/enrique-alfaro-esta-obligado-a-tolerar-el-escrutinio-publico-article-19-jalisco\/","title":{"rendered":"Enrique Alfaro est\u00e1 obligado a tolerar el escrutinio p\u00fablico: Article 19 (Jalisco)"},"content":{"rendered":"<p><img loading=\"lazy\" decoding=\"async\" data-attachment-id=\"28991\" data-permalink=\"http:\/\/www.grieta.org.mx\/index.php\/2019\/02\/06\/enrique-alfaro-esta-obligado-a-tolerar-el-escrutinio-publico-article-19-jalisco\/2019-02-06_07-02-58___1847\/\" data-orig-file=\"http:\/\/www.grieta.org.mx\/wp-content\/uploads\/2019\/02\/2019-02-06_07-02-58___1847.jpg\" data-orig-size=\"750,500\" data-comments-opened=\"0\" data-image-meta=\"{&quot;aperture&quot;:&quot;0&quot;,&quot;credit&quot;:&quot;&quot;,&quot;camera&quot;:&quot;&quot;,&quot;caption&quot;:&quot;&quot;,&quot;created_timestamp&quot;:&quot;0&quot;,&quot;copyright&quot;:&quot;&quot;,&quot;focal_length&quot;:&quot;0&quot;,&quot;iso&quot;:&quot;0&quot;,&quot;shutter_speed&quot;:&quot;0&quot;,&quot;title&quot;:&quot;&quot;,&quot;orientation&quot;:&quot;0&quot;}\" data-image-title=\"2019-02-06_07-02-58___1847\" data-image-description=\"\" data-image-caption=\"\" data-medium-file=\"http:\/\/www.grieta.org.mx\/wp-content\/uploads\/2019\/02\/2019-02-06_07-02-58___1847-300x200.jpg\" data-large-file=\"http:\/\/www.grieta.org.mx\/wp-content\/uploads\/2019\/02\/2019-02-06_07-02-58___1847.jpg\" src=\"http:\/\/www.grieta.org.mx\/wp-content\/uploads\/2019\/02\/2019-02-06_07-02-58___1847-300x200.jpg\" alt=\"\" width=\"300\" height=\"200\" class=\"aligncenter size-medium wp-image-28991\" srcset=\"http:\/\/www.grieta.org.mx\/wp-content\/uploads\/2019\/02\/2019-02-06_07-02-58___1847-300x200.jpg 300w, http:\/\/www.grieta.org.mx\/wp-content\/uploads\/2019\/02\/2019-02-06_07-02-58___1847.jpg 750w\" sizes=\"auto, (max-width: 300px) 100vw, 300px\" \/><br \/>\nRedacci\u00f3n\/NTR Guadalajara.<\/p>\n<p>Despu\u00e9s de que el gobernador Enrique Alfaro descalificara las notas de NTR Guadalajara y se negara a responder los cuestionamientos de dicho medio, Article 19 se pronunci\u00f3 y se\u00f1al\u00f3 que al ser una figura p\u00fablica y autoridad debe respetar, promover, proteger y garantizar el ejercicio de los derechos humanos y la libertad de expresi\u00f3n.<\/p>\n<p>\u201cLos gobiernos tienen una obligaci\u00f3n reforzada de contribuir a generar un clima de mayor tolerancia y respeto por las ideas ajenas, incluso cuando las mismas resulten ofensivas o mordaces\u201d, escribi\u00f3 en su posicionamiento.<\/p>\n<p>Adem\u00e1s, Article 19 exhort\u00f3 al gobernador de Jalisco, Enrique Alfaro, y a todas las autoridades del estado a cumplir con los est\u00e1ndares nacionales e internacionales en materia de libertad de expresi\u00f3n, por lo que le solicitan \u201cabstenerse de emitir expresiones estigmatizantes, as\u00ed como descalificaciones que ponen en mayor riesgo a las y los periodistas e inhiben el debate social sobre el ejercicio del poder p\u00fablico\u201d.<\/p>\n<p>El 30 de enero, NTR Guadalajara public\u00f3 una nota en la que cuestionaba la decisi\u00f3n de desaparecer el Instituto Jalisciense de las Mujeres, para convertirlo en una Secretar\u00eda del Gobierno, la cual se titula: Sin m\u00e1s recursos, apoyos a mujeres.<\/p>\n<p>El 31 de enero, el gobernador Enrique Alfaro se pronunci\u00f3 p\u00fablicamente en contra de NTR Guadalajara por la publicaci\u00f3n de dicha nota. En entrevista con Gonzalo Oliveros en la estaci\u00f3n de radio RMX, el gobernador dijo \u201cno voy a entrar en debate con los medios, y menos con esos medios, porque en el fondo de estas posiciones hay otras agendas; yo lo que le digo a quienes se dedican a desinformar y a decir mentiras flagrantes como la que me mencionas de este peri\u00f3dico, est\u00e1 bien, pueden decir lo que quieran, yo s\u00e9 realmente cu\u00e1l es la intenci\u00f3n, cu\u00e1l es el inter\u00e9s, pero para qu\u00e9 polemizar\u201d y a\u00f1adi\u00f3 que en el estado \u201cse respeta el derecho de todos a opinar\u201d, para despu\u00e9s concluir que \u201clo que te puedo decir en este caso es informaci\u00f3n totalmente falsa\u201d.<\/p>\n<p>El 1 de febrero, cuando una reportera de NTR Guadalajara cuestion\u00f3 al gobernador Enrique Alfaro sobre los motivos por los cuales se le retir\u00f3 un mill\u00f3n de pesos a la Alerta de G\u00e9nero, el mandatario estatal respondi\u00f3 \u201csiguiente pregunta; eso cont\u00e9stenselo ustedes solos; no les contesto a mentirosos\u201d. En el mismo acto, cuando fue cuestionado sobre la desaparici\u00f3n del Instituto Jalisciense de las Mujeres, el gobernador expres\u00f3 al mismo medio de comunicaci\u00f3n \u201cal medio que t\u00fa representas no les voy a contestar m\u00e1s\u201d, \u201cse acab\u00f3 el tema\u201d, \u201cporque no le contesto a mentirosos\u201d.<\/p>\n<p>Adem\u00e1s en 2017, cuando Enrique Alfaro era presidente municipal de Guadalajara se manifest\u00f3 en contra de algunos medios de comunicaci\u00f3n, refiriendo en aquella ocasi\u00f3n: \u201cYo quiero ver a todos esos que escriben tantas cosas de m\u00ed, al peri\u00f3dico Mural, al NTR, a La Cr\u00f3nica, todas esas basuras, que escriben cosas todos los d\u00edas, denigrando, ofendiendo, atacando. \u00bfQu\u00e9 han hecho aparte de criticar, de atacar, de ofender, de mentir? Eso es lo que hay que cambiar\u201d.<\/p>\n<p>Por este tipo de discurso, Article 19 recuerda que \u201caquellas expresiones estigmatizantes y descalificaciones en contra de medios de comunicaci\u00f3n o periodistas generan un clima que impide una deliberaci\u00f3n plural y robusta sobre los asuntos p\u00fablicos y adem\u00e1s, en un contexto de violencia como el que atraviesa M\u00e9xico, esas conductas incrementan la vulnerabilidad de las y los periodistas\u201d.<\/p>\n<p>EH <\/p>\n<p><a href=\"http:\/\/www.ntrguadalajara.com\/post.php?id_nota=118790\" rel=\"noopener\" target=\"_blank\">www.ntrguadalajara.com\/post.php?id_nota=118790<\/a><\/p>\n","protected":false},"excerpt":{"rendered":"<p>Redacci\u00f3n\/NTR Guadalajara. Despu\u00e9s de que el gobernador Enrique Alfaro descalificara las notas de NTR Guadalajara y se negara a responder los cuestionamientos de dicho medio, Article 19 se pronunci\u00f3 y &hellip; <a href=\"http:\/\/www.grieta.org.mx\/index.php\/2019\/02\/06\/enrique-alfaro-esta-obligado-a-tolerar-el-escrutinio-publico-article-19-jalisco\/\" class=\"more-link\">Leer m\u00e1s<\/a><\/p>\n","protected":false},"author":2,"featured_media":28991,"comment_status":"closed","ping_status":"closed","sticky":false,"template":"","format":"standard","meta":{"ngg_post_thumbnail":0,"_jetpack_newsletter_access":"","_jetpack_dont_email_post_to_subs":false,"_jetpack_newsletter_tier_id":0,"_jetpack_memberships_contains_paywalled_content":false,"_jetpack_memberships_contains_paid_content":false,"footnotes":""},"categories":[80,20,2,83,88,2108],"tags":[120],"class_list":["post-28990","post","type-post","status-publish","format-standard","has-post-thumbnail","hentry","category-cintillo","category-jalisco","category-noticias-nacionales","category-temas-nacionales","category-violencia-contra-periodistas","category-violencia-contra-periodistas-en-jalisco","tag-violencia-contra-periodistas","entry"],"jetpack_featured_media_url":"http:\/\/www.grieta.org.mx\/wp-content\/uploads\/2019\/02\/2019-02-06_07-02-58___1847.jpg","jetpack_sharing_enabled":true,"jetpack_shortlink":"https:\/\/wp.me\/p7ZJR4-7xA","jetpack_likes_enabled":false,"jetpack-related-posts":[{"id":62893,"url":"http:\/\/www.grieta.org.mx\/index.php\/2021\/12\/09\/cuestionarnoesatacar-periodistas-de-jalisco-exigen-un-alto-a-la-violencia-en-su-contra\/","url_meta":{"origin":28990,"position":0},"title":"#CuestionarNoEsAtacar: Periodistas de Jalisco exigen un alto a la violencia en su contra","author":"grieta","date":"9 diciembre, 2021","format":false,"excerpt":"Foto: Zona Docs Redacci\u00f3n \/ Zona Docs En solidaridad con la periodista, Roc\u00edo L\u00f3pez Fonseca,\u00a0una centena de periodistas, mediante la publicaci\u00f3n de un comunicado, solicitaron la intervenci\u00f3n de\u00a0Art\u00edculo 19, la Comisi\u00f3n Nacional de los Derechos Humanos (CNDH) y de la Relator\u00eda Especial para la Libertad de Expresi\u00f3n de la Comisi\u00f3n\u2026","rel":"","context":"En &quot;CINTILLO&quot;","block_context":{"text":"CINTILLO","link":"http:\/\/www.grieta.org.mx\/index.php\/category\/cintillo\/"},"img":{"alt_text":"","src":"https:\/\/i0.wp.com\/www.grieta.org.mx\/wp-content\/uploads\/2021\/12\/FGNAbKOVkAIp9aU-1068x801-1.jpeg?resize=350%2C200","width":350,"height":200,"srcset":"https:\/\/i0.wp.com\/www.grieta.org.mx\/wp-content\/uploads\/2021\/12\/FGNAbKOVkAIp9aU-1068x801-1.jpeg?resize=350%2C200 1x, https:\/\/i0.wp.com\/www.grieta.org.mx\/wp-content\/uploads\/2021\/12\/FGNAbKOVkAIp9aU-1068x801-1.jpeg?resize=525%2C300 1.5x, https:\/\/i0.wp.com\/www.grieta.org.mx\/wp-content\/uploads\/2021\/12\/FGNAbKOVkAIp9aU-1068x801-1.jpeg?resize=700%2C400 2x, https:\/\/i0.wp.com\/www.grieta.org.mx\/wp-content\/uploads\/2021\/12\/FGNAbKOVkAIp9aU-1068x801-1.jpeg?resize=1050%2C600 3x"},"classes":[]},{"id":57706,"url":"http:\/\/www.grieta.org.mx\/index.php\/2021\/03\/10\/denuncian-el-despido-de-reporteros-en-jalisco-por-presiones-de-enrique-alfaro-jalisco\/","url_meta":{"origin":28990,"position":1},"title":"Denuncian el despido de reporteros en Jalisco por presiones de Enrique Alfaro (Jalisco)","author":"grieta","date":"10 marzo, 2021","format":false,"excerpt":"Foto: Twitter Gloria Reza M. \/ Proceso GUADALAJARA, Jal. (apro).- Luego de que reporteros del noticiario radiof\u00f3nico MVS noticias Jalisco denunciaron que fueron despedidos por presi\u00f3n del gobierno del estado, la organizaci\u00f3n Art\u00edculo 19 exhort\u00f3 a Enrique Alfaro \u201ca tolerar el escrutinio p\u00fablico\u201d. Adem\u00e1s, exigi\u00f3 al mandatario estatal a reconocer\u2026","rel":"","context":"En &quot;CINTILLO&quot;","block_context":{"text":"CINTILLO","link":"http:\/\/www.grieta.org.mx\/index.php\/category\/cintillo\/"},"img":{"alt_text":"","src":"https:\/\/i0.wp.com\/www.grieta.org.mx\/wp-content\/uploads\/2021\/03\/f800x450-131517_182963_5129.jpg?resize=350%2C200","width":350,"height":200,"srcset":"https:\/\/i0.wp.com\/www.grieta.org.mx\/wp-content\/uploads\/2021\/03\/f800x450-131517_182963_5129.jpg?resize=350%2C200 1x, https:\/\/i0.wp.com\/www.grieta.org.mx\/wp-content\/uploads\/2021\/03\/f800x450-131517_182963_5129.jpg?resize=525%2C300 1.5x, https:\/\/i0.wp.com\/www.grieta.org.mx\/wp-content\/uploads\/2021\/03\/f800x450-131517_182963_5129.jpg?resize=700%2C400 2x"},"classes":[]},{"id":65298,"url":"http:\/\/www.grieta.org.mx\/index.php\/2022\/09\/20\/estudiantes-reclaman-por-feminicidios-de-jalisco\/","url_meta":{"origin":28990,"position":2},"title":"Estudiantes reclaman por feminicidios de Jalisco","author":"grieta","date":"20 septiembre, 2022","format":false,"excerpt":"Imagen: JAM Edgar Flores \/ El Diario NTR Alumnos, maestros y personal directivo de la Preparatoria 20 de la Universidad de Guadalajara (UdeG) protestaron ayer a las afueras de Casa Jalisco para exigir al gobernador del estado, Enrique Alfaro Ram\u00edrez, que atienda la ola de feminicidios que aqueja no s\u00f3lo\u2026","rel":"","context":"En &quot;CINTILLO&quot;","block_context":{"text":"CINTILLO","link":"http:\/\/www.grieta.org.mx\/index.php\/category\/cintillo\/"},"img":{"alt_text":"","src":"https:\/\/i0.wp.com\/www.grieta.org.mx\/wp-content\/uploads\/2022\/09\/2022-09-19_10-09-04___1410.jpg?resize=350%2C200","width":350,"height":200,"srcset":"https:\/\/i0.wp.com\/www.grieta.org.mx\/wp-content\/uploads\/2022\/09\/2022-09-19_10-09-04___1410.jpg?resize=350%2C200 1x, https:\/\/i0.wp.com\/www.grieta.org.mx\/wp-content\/uploads\/2022\/09\/2022-09-19_10-09-04___1410.jpg?resize=525%2C300 1.5x, https:\/\/i0.wp.com\/www.grieta.org.mx\/wp-content\/uploads\/2022\/09\/2022-09-19_10-09-04___1410.jpg?resize=700%2C400 2x"},"classes":[]},{"id":40966,"url":"http:\/\/www.grieta.org.mx\/index.php\/2019\/11\/01\/en-menos-de-un-mes-dos-periodicos-de-jalisco-despiden-a-mas-de-40-periodistas\/","url_meta":{"origin":28990,"position":3},"title":"En menos de un mes, dos peri\u00f3dicos de Jalisco despiden a m\u00e1s de 40 periodistas","author":"grieta","date":"1 noviembre, 2019","format":false,"excerpt":"Foto: ZonaDocs Sin ofrecer, hasta ahora, alg\u00fan tipo de explicaci\u00f3n p\u00fablica a sus lectores, los diarios\u00a0MURAL\u00a0y\u00a0NTR Guadalajara\u00a0han despedido recientemente a m\u00e1s de treinta trabajadores quienes en ambos medios realizaban labores de periodistas, fot\u00f3grafos, dise\u00f1adores y\/o editores. Ambos despidos significan un duro golpe al acceso a la informaci\u00f3n de la poblaci\u00f3n\u2026","rel":"","context":"En &quot;CINTILLO&quot;","block_context":{"text":"CINTILLO","link":"http:\/\/www.grieta.org.mx\/index.php\/category\/cintillo\/"},"img":{"alt_text":"","src":"https:\/\/i0.wp.com\/www.grieta.org.mx\/wp-content\/uploads\/2019\/11\/periodismo.png?resize=350%2C200","width":350,"height":200,"srcset":"https:\/\/i0.wp.com\/www.grieta.org.mx\/wp-content\/uploads\/2019\/11\/periodismo.png?resize=350%2C200 1x, https:\/\/i0.wp.com\/www.grieta.org.mx\/wp-content\/uploads\/2019\/11\/periodismo.png?resize=525%2C300 1.5x, https:\/\/i0.wp.com\/www.grieta.org.mx\/wp-content\/uploads\/2019\/11\/periodismo.png?resize=700%2C400 2x, https:\/\/i0.wp.com\/www.grieta.org.mx\/wp-content\/uploads\/2019\/11\/periodismo.png?resize=1050%2C600 3x"},"classes":[]},{"id":37355,"url":"http:\/\/www.grieta.org.mx\/index.php\/2019\/07\/28\/por-tercer-dia-consecutivo-en-guadalajara-se-manifiestan-contra-alfaro-represor-por-alza-al-transporte-publico-jalisco\/","url_meta":{"origin":28990,"position":4},"title":"Por tercer d\u00eda consecutivo en Guadalajara se manifiestan contra \u201cAlfaro represor\u201d por alza al transporte p\u00fablico (Jalisco)","author":"grieta","date":"28 julio, 2019","format":false,"excerpt":"Fotos: Zona Docs Mario Marlo \/ Zona Docs Por tercer d\u00eda consecutivo, en la ciudad de Guadalajara,\u00a0 se realizaron manifestaciones contra el Gobernador de Jalisco, Enrique Alfaro, despu\u00e9s de que diera a conocer el anunci\u00f3\u00a0de que el costo del pasaje en el transporte p\u00fablico \u00a0increment\u00f3 un 35.7%, de 7 a\u2026","rel":"","context":"En &quot;CINTILLO&quot;","block_context":{"text":"CINTILLO","link":"http:\/\/www.grieta.org.mx\/index.php\/category\/cintillo\/"},"img":{"alt_text":"","src":"https:\/\/i0.wp.com\/www.grieta.org.mx\/wp-content\/uploads\/2019\/08\/Tarifazo-GDL-6.jpg?resize=350%2C200","width":350,"height":200,"srcset":"https:\/\/i0.wp.com\/www.grieta.org.mx\/wp-content\/uploads\/2019\/08\/Tarifazo-GDL-6.jpg?resize=350%2C200 1x, https:\/\/i0.wp.com\/www.grieta.org.mx\/wp-content\/uploads\/2019\/08\/Tarifazo-GDL-6.jpg?resize=525%2C300 1.5x, https:\/\/i0.wp.com\/www.grieta.org.mx\/wp-content\/uploads\/2019\/08\/Tarifazo-GDL-6.jpg?resize=700%2C400 2x, https:\/\/i0.wp.com\/www.grieta.org.mx\/wp-content\/uploads\/2019\/08\/Tarifazo-GDL-6.jpg?resize=1050%2C600 3x"},"classes":[]},{"id":65049,"url":"http:\/\/www.grieta.org.mx\/index.php\/2022\/08\/31\/en-jalisco-mecanismos-de-proteccion-a-periodistas-existen-solo-en-el-papel\/","url_meta":{"origin":28990,"position":5},"title":"En Jalisco mecanismos de protecci\u00f3n a periodistas existen s\u00f3lo en el papel","author":"grieta","date":"31 agosto, 2022","format":false,"excerpt":"Imagen Jorge Alberto Mendoza Redacci\u00f3n \/ El Diario En M\u00e9xico, la protecci\u00f3n de los defensores y periodistas \u00fanicamente est\u00e1 en el papel, las comisiones encargadas no son homog\u00e9neas ni cuentan con presupuesto o personal capacitado. En Jalisco, durante la administraci\u00f3n de Jorge Arist\u00f3teles Sandoval se cre\u00f3 un consejo, nombr\u00f3 a\u2026","rel":"","context":"En &quot;CINTILLO&quot;","block_context":{"text":"CINTILLO","link":"http:\/\/www.grieta.org.mx\/index.php\/category\/cintillo\/"},"img":{"alt_text":"","src":"https:\/\/i0.wp.com\/www.grieta.org.mx\/wp-content\/uploads\/2022\/09\/2022-08-31_05-08-23___4264.jpg?resize=350%2C200","width":350,"height":200,"srcset":"https:\/\/i0.wp.com\/www.grieta.org.mx\/wp-content\/uploads\/2022\/09\/2022-08-31_05-08-23___4264.jpg?resize=350%2C200 1x, https:\/\/i0.wp.com\/www.grieta.org.mx\/wp-content\/uploads\/2022\/09\/2022-08-31_05-08-23___4264.jpg?resize=525%2C300 1.5x, https:\/\/i0.wp.com\/www.grieta.org.mx\/wp-content\/uploads\/2022\/09\/2022-08-31_05-08-23___4264.jpg?resize=700%2C400 2x"},"classes":[]}],"_links":{"self":[{"href":"http:\/\/www.grieta.org.mx\/index.php\/wp-json\/wp\/v2\/posts\/28990","targetHints":{"allow":["GET"]}}],"collection":[{"href":"http:\/\/www.grieta.org.mx\/index.php\/wp-json\/wp\/v2\/posts"}],"about":[{"href":"http:\/\/www.grieta.org.mx\/index.php\/wp-json\/wp\/v2\/types\/post"}],"author":[{"embeddable":true,"href":"http:\/\/www.grieta.org.mx\/index.php\/wp-json\/wp\/v2\/users\/2"}],"replies":[{"embeddable":true,"href":"http:\/\/www.grieta.org.mx\/index.php\/wp-json\/wp\/v2\/comments?post=28990"}],"version-history":[{"count":1,"href":"http:\/\/www.grieta.org.mx\/index.php\/wp-json\/wp\/v2\/posts\/28990\/revisions"}],"predecessor-version":[{"id":28992,"href":"http:\/\/www.grieta.org.mx\/index.php\/wp-json\/wp\/v2\/posts\/28990\/revisions\/28992"}],"wp:featuredmedia":[{"embeddable":true,"href":"http:\/\/www.grieta.org.mx\/index.php\/wp-json\/wp\/v2\/media\/28991"}],"wp:attachment":[{"href":"http:\/\/www.grieta.org.mx\/index.php\/wp-json\/wp\/v2\/media?parent=28990"}],"wp:term":[{"taxonomy":"category","embeddable":true,"href":"http:\/\/www.grieta.org.mx\/index.php\/wp-json\/wp\/v2\/categories?post=28990"},{"taxonomy":"post_tag","embeddable":true,"href":"http:\/\/www.grieta.org.mx\/index.php\/wp-json\/wp\/v2\/tags?post=28990"}],"curies":[{"name":"wp","href":"https:\/\/api.w.org\/{rel}","templated":true}]}}