{"id":28838,"date":"2019-02-06T22:29:02","date_gmt":"2019-02-07T04:29:02","guid":{"rendered":"http:\/\/www.grieta.org.mx\/?p=28838"},"modified":"2019-02-06T22:29:02","modified_gmt":"2019-02-07T04:29:02","slug":"ex-empleados-de-cna-buscan-restitucion-tamaulipas","status":"publish","type":"post","link":"http:\/\/www.grieta.org.mx\/index.php\/2019\/02\/06\/ex-empleados-de-cna-buscan-restitucion-tamaulipas\/","title":{"rendered":"Ex empleados de CNA buscan restituci\u00f3n (Tamaulipas)"},"content":{"rendered":"<p><img loading=\"lazy\" decoding=\"async\" data-attachment-id=\"28839\" data-permalink=\"http:\/\/www.grieta.org.mx\/index.php\/2019\/02\/06\/ex-empleados-de-cna-buscan-restitucion-tamaulipas\/ex-empleados-de-cna-buscan-restitucion-tama-feb\/\" data-orig-file=\"http:\/\/www.grieta.org.mx\/wp-content\/uploads\/2019\/02\/Ex-empleados-de-CNA-buscan-restituci\u00f3n-tama-feb.jpg\" data-orig-size=\"958,596\" data-comments-opened=\"0\" data-image-meta=\"{&quot;aperture&quot;:&quot;0&quot;,&quot;credit&quot;:&quot;&quot;,&quot;camera&quot;:&quot;&quot;,&quot;caption&quot;:&quot;&quot;,&quot;created_timestamp&quot;:&quot;0&quot;,&quot;copyright&quot;:&quot;&quot;,&quot;focal_length&quot;:&quot;0&quot;,&quot;iso&quot;:&quot;0&quot;,&quot;shutter_speed&quot;:&quot;0&quot;,&quot;title&quot;:&quot;&quot;,&quot;orientation&quot;:&quot;0&quot;}\" data-image-title=\"Ex empleados de CNA buscan restituci\u00f3n tama feb\" data-image-description=\"\" data-image-caption=\"\" data-medium-file=\"http:\/\/www.grieta.org.mx\/wp-content\/uploads\/2019\/02\/Ex-empleados-de-CNA-buscan-restituci\u00f3n-tama-feb-300x187.jpg\" data-large-file=\"http:\/\/www.grieta.org.mx\/wp-content\/uploads\/2019\/02\/Ex-empleados-de-CNA-buscan-restituci\u00f3n-tama-feb.jpg\" class=\"aligncenter  wp-image-28839\" src=\"http:\/\/www.grieta.org.mx\/wp-content\/uploads\/2019\/02\/Ex-empleados-de-CNA-buscan-restituci\u00f3n-tama-feb-300x187.jpg\" alt=\"\" width=\"343\" height=\"214\" srcset=\"http:\/\/www.grieta.org.mx\/wp-content\/uploads\/2019\/02\/Ex-empleados-de-CNA-buscan-restituci\u00f3n-tama-feb-300x187.jpg 300w, http:\/\/www.grieta.org.mx\/wp-content\/uploads\/2019\/02\/Ex-empleados-de-CNA-buscan-restituci\u00f3n-tama-feb-768x478.jpg 768w, http:\/\/www.grieta.org.mx\/wp-content\/uploads\/2019\/02\/Ex-empleados-de-CNA-buscan-restituci\u00f3n-tama-feb-804x500.jpg 804w, http:\/\/www.grieta.org.mx\/wp-content\/uploads\/2019\/02\/Ex-empleados-de-CNA-buscan-restituci\u00f3n-tama-feb.jpg 958w\" sizes=\"auto, (max-width: 343px) 100vw, 343px\" \/><br \/>\nReynaldo Guti\u00e9rrez \/ Milenio<\/p>\n<blockquote><p>Consideran que violaron sus derechos sin respetar la antig\u00fcedad de cada uno al ser de confianza, por lo que pugnan para reincorporarse a la dependencia federal.<\/p><\/blockquote>\n<p>Por despido injustificado, personal de la Conagua est\u00e1n pugnando por ser reincorporados, pues ten\u00edan m\u00e1s de 30 a\u00f1os laborando y que \u00fanicamente les pretenden pagar tres meses de sueldo como compensaci\u00f3n econ\u00f3mica, lo cual consideran es contra la ley.<\/p>\n<p>Luego de que un grupo de trabajadores dejara de prestar sus servicios a la Conagua mostraron su inconformidad, debido a que no reconocen los a\u00f1os en los que laboraron y adem\u00e1s les niegan su finiquito que por ley les corresponde.<\/p>\n<p>Argumentan que de la noche a la ma\u00f1ana les notificaron verbalmente que dejaban de laborar en la citada dependencia federal, pero no les han otorgado nada por escrito.<\/p>\n<p>\u201cNosotros nos ven\u00edamos desempe\u00f1ando como empleados de confianza, pero el pasado 31 de enero nos notificaron que a partir del d\u00eda primero de febrero deb\u00edamos presentar la renuncia, a cambio nos entregar\u00edan un cheque equivalente a tres meses de salario, lo cual consideramos injusto porque nosotros tenemos antig\u00fcedades que superan los treinta a\u00f1os y otros compa\u00f1eros apenas y alcanzan los cinco a\u00f1os de antig\u00fcedad; somos personal operativo, no ganamos esas grandes cantidades que el Presidente manifiesta que por esa raz\u00f3n nos est\u00e1n corriendo\u201d, manifest\u00f3 Carlos Alvarado Rodr\u00edguez.<\/p>\n<p>Piden un an\u00e1lisis<\/p>\n<p>Aseguran que en el organismo de Conagua, fueron separados obligadamente del cargo a partir del uno de febrero un total de 28 funcionarios, quienes solicitan que se haga un an\u00e1lisis a fondo para que se determine el personal que realmente percibe sueldos elevados.<\/p>\n<p>Y a pesar de que ya no pueden registrar su asistencia mediante huella dactilar en las oficinas donde laboraron por muchos a\u00f1os, debido a que ya fueron borrados, se\u00f1alan que continuaran acudiendo, por lo que han recurrido.<\/p>\n<p><a href=\"https:\/\/www.milenio.com\/politica\/comunidad\/ex-empleados-de-cna-buscan-restitucion\" target=\"_blank\" rel=\"noopener\">https:\/\/www.milenio.com\/politica\/comunidad\/ex-empleados-de-cna-buscan-restitucion<\/a><\/p>\n","protected":false},"excerpt":{"rendered":"<p>Reynaldo Guti\u00e9rrez \/ Milenio Consideran que violaron sus derechos sin respetar la antig\u00fcedad de cada uno al ser de confianza, por lo que pugnan para reincorporarse a la dependencia federal. &hellip; <a href=\"http:\/\/www.grieta.org.mx\/index.php\/2019\/02\/06\/ex-empleados-de-cna-buscan-restitucion-tamaulipas\/\" class=\"more-link\">Leer m\u00e1s<\/a><\/p>\n","protected":false},"author":2,"featured_media":28839,"comment_status":"closed","ping_status":"closed","sticky":false,"template":"","format":"standard","meta":{"ngg_post_thumbnail":0,"_jetpack_newsletter_access":"","_jetpack_dont_email_post_to_subs":false,"_jetpack_newsletter_tier_id":0,"_jetpack_memberships_contains_paywalled_content":false,"_jetpack_memberships_contains_paid_content":false,"footnotes":""},"categories":[80,910,1137,2,259,33,83],"tags":[888,163,2068,1291,1290],"class_list":{"0":"post-28838","1":"post","2":"type-post","3":"status-publish","4":"format-standard","5":"has-post-thumbnail","6":"hentry","7":"category-cintillo","8":"category-explotacion-y-precariedad-laboral","9":"category-explotacion-y-precariedad-laboral-en-tamaulipas","10":"category-noticias-nacionales","11":"category-tamaulipas","13":"category-temas-nacionales","14":"tag-conagua","15":"tag-despidos","16":"tag-empleados-confianza","17":"tag-explotacion-laboral","18":"tag-precariedad-laboral","19":"entry"},"jetpack_featured_media_url":"http:\/\/www.grieta.org.mx\/wp-content\/uploads\/2019\/02\/Ex-empleados-de-CNA-buscan-restituci\u00f3n-tama-feb.jpg","jetpack_sharing_enabled":true,"jetpack_shortlink":"https:\/\/wp.me\/p7ZJR4-7v8","jetpack_likes_enabled":false,"jetpack-related-posts":[{"id":28799,"url":"http:\/\/www.grieta.org.mx\/index.php\/2019\/02\/04\/corren-inesperadamente-a-trabajadores-de-la-conagua-tamaulipas\/","url_meta":{"origin":28838,"position":0},"title":"Corren inesperadamente a trabajadores de la Conagua (Tamaulipas)","author":"grieta","date":"4 febrero, 2019","format":false,"excerpt":"Jes\u00fas Alberto Garc\u00eda \/ Milenio Fueron despedidos varios empleados de la Comisi\u00f3n Nacional del Agua en seis municipios. Un grupo de 28 trabajadores de Tampico, Madero, Altamira, San Fernando, Ciudad Victoria y P\u00e1nuco, afirman que fueron despedidos este viernes 1 de febrero. De forma verbal se les inform\u00f3 su despido\u2026","rel":"","context":"En &quot;CINTILLO&quot;","block_context":{"text":"CINTILLO","link":"http:\/\/www.grieta.org.mx\/index.php\/category\/cintillo\/"},"img":{"alt_text":"","src":"https:\/\/i0.wp.com\/www.grieta.org.mx\/wp-content\/uploads\/2019\/02\/corren-inesperadamente-cona.jpg?resize=350%2C200","width":350,"height":200,"srcset":"https:\/\/i0.wp.com\/www.grieta.org.mx\/wp-content\/uploads\/2019\/02\/corren-inesperadamente-cona.jpg?resize=350%2C200 1x, https:\/\/i0.wp.com\/www.grieta.org.mx\/wp-content\/uploads\/2019\/02\/corren-inesperadamente-cona.jpg?resize=525%2C300 1.5x, https:\/\/i0.wp.com\/www.grieta.org.mx\/wp-content\/uploads\/2019\/02\/corren-inesperadamente-cona.jpg?resize=700%2C400 2x"},"classes":[]},{"id":28849,"url":"http:\/\/www.grieta.org.mx\/index.php\/2019\/02\/06\/despiden-a-empleados-de-smart-que-iniciaron-paro-laboral-tamaulipas\/","url_meta":{"origin":28838,"position":1},"title":"Despiden a empleados de Smart que iniciaron paro laboral (Tamaulipas)","author":"grieta","date":"6 febrero, 2019","format":false,"excerpt":"Marco Rodr\u00edguez \/ Hoy Tamaulipas Personal de Recursos Humanos les ofreci\u00f3 que regresaran a trabajar sin temor a tener problemas laborales con la empresa o el despido con el monto por a\u00f1os trabajados; la mayor\u00eda acept\u00f3 lo segundo Matamoros, Tamaulipas. - El departamento de Recursos Humanos del centro comercial Smart\u2026","rel":"","context":"En &quot;CINTILLO&quot;","block_context":{"text":"CINTILLO","link":"http:\/\/www.grieta.org.mx\/index.php\/category\/cintillo\/"},"img":{"alt_text":"","src":"https:\/\/i0.wp.com\/www.grieta.org.mx\/wp-content\/uploads\/2019\/02\/Despiden-a-empleados-de-Smart-que-iniciaron-paro-laboral-tama-feb.jpg?resize=350%2C200","width":350,"height":200,"srcset":"https:\/\/i0.wp.com\/www.grieta.org.mx\/wp-content\/uploads\/2019\/02\/Despiden-a-empleados-de-Smart-que-iniciaron-paro-laboral-tama-feb.jpg?resize=350%2C200 1x, https:\/\/i0.wp.com\/www.grieta.org.mx\/wp-content\/uploads\/2019\/02\/Despiden-a-empleados-de-Smart-que-iniciaron-paro-laboral-tama-feb.jpg?resize=525%2C300 1.5x, https:\/\/i0.wp.com\/www.grieta.org.mx\/wp-content\/uploads\/2019\/02\/Despiden-a-empleados-de-Smart-que-iniciaron-paro-laboral-tama-feb.jpg?resize=700%2C400 2x"},"classes":[]},{"id":28787,"url":"http:\/\/www.grieta.org.mx\/index.php\/2019\/02\/04\/protestan-empleados-de-la-jad-frente-a-alcaldia-de-matamoros-tamaulipas\/","url_meta":{"origin":28838,"position":2},"title":"Protestan empleados de la JAD frente a alcald\u00eda de Matamoros (Tamaulipas)","author":"grieta","date":"4 febrero, 2019","format":false,"excerpt":"Marco Esquivel \/ Hoy Tamaulipas El presidente Mario L\u00f3pez Hern\u00e1ndez los atendi\u00f3. Acusaban que hay acoso laboral, despidos injustificados, falta de uniformes y equipos de seguridad Matamoros, Tamaulipas.- Acoso laboral, despidos injustificados, falta de uniformes y equipos de seguridad, as\u00ed como retraso en la cobertura de cuotas de Infonavit, fueron\u2026","rel":"","context":"En &quot;CINTILLO&quot;","block_context":{"text":"CINTILLO","link":"http:\/\/www.grieta.org.mx\/index.php\/category\/cintillo\/"},"img":{"alt_text":"","src":"https:\/\/i0.wp.com\/www.grieta.org.mx\/wp-content\/uploads\/2019\/02\/Protestan-empleados-de-la-JAD-frente-a-alcaldia-de-Matamoros-feb.jpg?resize=350%2C200","width":350,"height":200,"srcset":"https:\/\/i0.wp.com\/www.grieta.org.mx\/wp-content\/uploads\/2019\/02\/Protestan-empleados-de-la-JAD-frente-a-alcaldia-de-Matamoros-feb.jpg?resize=350%2C200 1x, https:\/\/i0.wp.com\/www.grieta.org.mx\/wp-content\/uploads\/2019\/02\/Protestan-empleados-de-la-JAD-frente-a-alcaldia-de-Matamoros-feb.jpg?resize=525%2C300 1.5x, https:\/\/i0.wp.com\/www.grieta.org.mx\/wp-content\/uploads\/2019\/02\/Protestan-empleados-de-la-JAD-frente-a-alcaldia-de-Matamoros-feb.jpg?resize=700%2C400 2x"},"classes":[]},{"id":34055,"url":"http:\/\/www.grieta.org.mx\/index.php\/2019\/05\/24\/despido-de-empleados-causa-sobrecarga-de-trabajo-en-conafe-de-tamaulipas\/","url_meta":{"origin":28838,"position":3},"title":"Despido de empleados causa sobrecarga de trabajo en Conafe de Tamaulipas","author":"grieta","date":"24 mayo, 2019","format":false,"excerpt":"Lupita \u00c1lvarez \/ Gaceta Cd. Victoria, Tamaulipas.- El despido de 10 trabajadores de la delegaci\u00f3n del Consejo Nacional de Fomento Educativo (Conafe) en Tamaulipas est\u00e1 afectando el trabajo de ense\u00f1anza que los instructores imparten a los ni\u00f1os de las comunidades rurales del estado, indic\u00f3 Pedro Hugo Medina Salazar. El delegado\u2026","rel":"","context":"En &quot;CINTILLO&quot;","block_context":{"text":"CINTILLO","link":"http:\/\/www.grieta.org.mx\/index.php\/category\/cintillo\/"},"img":{"alt_text":"","src":"https:\/\/i0.wp.com\/www.grieta.org.mx\/wp-content\/uploads\/2019\/06\/Despido-de-empleados-causa-sobrecarga-de-trabajo-en-Conafe-de-Tamaulipas-jun-300x187.jpg?resize=350%2C200","width":350,"height":200,"srcset":"https:\/\/i0.wp.com\/www.grieta.org.mx\/wp-content\/uploads\/2019\/06\/Despido-de-empleados-causa-sobrecarga-de-trabajo-en-Conafe-de-Tamaulipas-jun-300x187.jpg?resize=350%2C200 1x, https:\/\/i0.wp.com\/www.grieta.org.mx\/wp-content\/uploads\/2019\/06\/Despido-de-empleados-causa-sobrecarga-de-trabajo-en-Conafe-de-Tamaulipas-jun-300x187.jpg?resize=525%2C300 1.5x"},"classes":[]},{"id":28860,"url":"http:\/\/www.grieta.org.mx\/index.php\/2019\/02\/06\/se-suman-empleados-de-chedraui-a-paros-en-matamoros-tamaulipas\/","url_meta":{"origin":28838,"position":4},"title":"Se suman empleados de Chedraui a paros en Matamoros (Tamaulipas)","author":"grieta","date":"6 febrero, 2019","format":false,"excerpt":"Antonio Sosa \/ El Sol de Tampico Se trata de la sucursal de Chedraui ubicada en la Avenida del Ni\u00f1o en esta fronteriza ciudad, cuyos trabajadores pertenecen al Sindicato de Casas de Comercio MATAMOROS, Tams.- Empleados de la tienda Chedraui se sumaron a los paros de labores que se han\u2026","rel":"","context":"En &quot;CINTILLO&quot;","block_context":{"text":"CINTILLO","link":"http:\/\/www.grieta.org.mx\/index.php\/category\/cintillo\/"},"img":{"alt_text":"","src":"https:\/\/i0.wp.com\/www.grieta.org.mx\/wp-content\/uploads\/2019\/02\/Se-suman-empleados-de-Chedraui-a-paros-en-Matamoros-tama-feb.jpeg?resize=350%2C200","width":350,"height":200,"srcset":"https:\/\/i0.wp.com\/www.grieta.org.mx\/wp-content\/uploads\/2019\/02\/Se-suman-empleados-de-Chedraui-a-paros-en-Matamoros-tama-feb.jpeg?resize=350%2C200 1x, https:\/\/i0.wp.com\/www.grieta.org.mx\/wp-content\/uploads\/2019\/02\/Se-suman-empleados-de-Chedraui-a-paros-en-Matamoros-tama-feb.jpeg?resize=525%2C300 1.5x, https:\/\/i0.wp.com\/www.grieta.org.mx\/wp-content\/uploads\/2019\/02\/Se-suman-empleados-de-Chedraui-a-paros-en-Matamoros-tama-feb.jpeg?resize=700%2C400 2x"},"classes":[]},{"id":31580,"url":"http:\/\/www.grieta.org.mx\/index.php\/2019\/03\/30\/playa-miramar-sin-salvavidas-se-ponen-en-huelga-tamaulipas\/","url_meta":{"origin":28838,"position":5},"title":"Playa Miramar sin salvavidas, se ponen en huelga (Tamaulipas)","author":"grieta","date":"30 marzo, 2019","format":false,"excerpt":"El Bravo Este s\u00e1bado no hubo salvavidas en Playa Miramar; los 11 que estaban laborando se fueron a paro laboral porque no les aumentaron el salario, argumentaron. Por la ma\u00f1ana a la torre seis, en donde estaban reunidos, lleg\u00f3 el director de Protecci\u00f3n Civil de esta ciudad. Los elementos se\u2026","rel":"","context":"En &quot;CINTILLO&quot;","block_context":{"text":"CINTILLO","link":"http:\/\/www.grieta.org.mx\/index.php\/category\/cintillo\/"},"img":{"alt_text":"","src":"https:\/\/i0.wp.com\/www.grieta.org.mx\/wp-content\/uploads\/2019\/04\/Playa-Miramar-sin-salvavidas-se-ponen-en-huelga-tama-abr.jpg?resize=350%2C200","width":350,"height":200,"srcset":"https:\/\/i0.wp.com\/www.grieta.org.mx\/wp-content\/uploads\/2019\/04\/Playa-Miramar-sin-salvavidas-se-ponen-en-huelga-tama-abr.jpg?resize=350%2C200 1x, https:\/\/i0.wp.com\/www.grieta.org.mx\/wp-content\/uploads\/2019\/04\/Playa-Miramar-sin-salvavidas-se-ponen-en-huelga-tama-abr.jpg?resize=525%2C300 1.5x"},"classes":[]}],"_links":{"self":[{"href":"http:\/\/www.grieta.org.mx\/index.php\/wp-json\/wp\/v2\/posts\/28838","targetHints":{"allow":["GET"]}}],"collection":[{"href":"http:\/\/www.grieta.org.mx\/index.php\/wp-json\/wp\/v2\/posts"}],"about":[{"href":"http:\/\/www.grieta.org.mx\/index.php\/wp-json\/wp\/v2\/types\/post"}],"author":[{"embeddable":true,"href":"http:\/\/www.grieta.org.mx\/index.php\/wp-json\/wp\/v2\/users\/2"}],"replies":[{"embeddable":true,"href":"http:\/\/www.grieta.org.mx\/index.php\/wp-json\/wp\/v2\/comments?post=28838"}],"version-history":[{"count":1,"href":"http:\/\/www.grieta.org.mx\/index.php\/wp-json\/wp\/v2\/posts\/28838\/revisions"}],"predecessor-version":[{"id":28840,"href":"http:\/\/www.grieta.org.mx\/index.php\/wp-json\/wp\/v2\/posts\/28838\/revisions\/28840"}],"wp:featuredmedia":[{"embeddable":true,"href":"http:\/\/www.grieta.org.mx\/index.php\/wp-json\/wp\/v2\/media\/28839"}],"wp:attachment":[{"href":"http:\/\/www.grieta.org.mx\/index.php\/wp-json\/wp\/v2\/media?parent=28838"}],"wp:term":[{"taxonomy":"category","embeddable":true,"href":"http:\/\/www.grieta.org.mx\/index.php\/wp-json\/wp\/v2\/categories?post=28838"},{"taxonomy":"post_tag","embeddable":true,"href":"http:\/\/www.grieta.org.mx\/index.php\/wp-json\/wp\/v2\/tags?post=28838"}],"curies":[{"name":"wp","href":"https:\/\/api.w.org\/{rel}","templated":true}]}}